{"id":45516,"date":"2026-02-12T17:40:17","date_gmt":"2026-02-12T17:40:17","guid":{"rendered":"https:\/\/fpvoleibol.pt\/fpv\/?p=45516"},"modified":"2026-02-16T18:39:57","modified_gmt":"2026-02-16T18:39:57","slug":"albufeira-recebe-finais-4-da-taca-de-portugal","status":"publish","type":"post","link":"https:\/\/fpvoleibol.pt\/fpv\/2026\/02\/12\/albufeira-recebe-finais-4-da-taca-de-portugal\/","title":{"rendered":"ALBUFEIRA RECEBE FINAIS 4 DA TA\u00c7A DE PORTUGAL"},"content":{"rendered":"<p><img loading=\"lazy\" decoding=\"async\" class=\"size-full wp-image-45517 aligncenter\" src=\"https:\/\/fpvoleibol.pt\/fpv\/wp-content\/uploads\/2026\/02\/tp2026_m_albufeira_d.jpg\" alt=\"\" width=\"960\" height=\"540\" srcset=\"https:\/\/fpvoleibol.pt\/fpv\/wp-content\/uploads\/2026\/02\/tp2026_m_albufeira_d.jpg 960w, https:\/\/fpvoleibol.pt\/fpv\/wp-content\/uploads\/2026\/02\/tp2026_m_albufeira_d-300x169.jpg 300w, https:\/\/fpvoleibol.pt\/fpv\/wp-content\/uploads\/2026\/02\/tp2026_m_albufeira_d-768x432.jpg 768w, https:\/\/fpvoleibol.pt\/fpv\/wp-content\/uploads\/2026\/02\/tp2026_m_albufeira_d-528x297.jpg 528w\" sizes=\"auto, (max-width: 960px) 100vw, 960px\" \/>As decis\u00f5es da Ta\u00e7a de Portugal de Voleibol j\u00e1 t\u00eam data e local marcados: os grandes vencedores dos trof\u00e9us de seniores femininos e masculinos ser\u00e3o coroados entre os dias 13 e 15 de mar\u00e7o, no <strong>Pavilh\u00e3o Desportivo de Albufeira<\/strong>. \u00c0 semelhan\u00e7a do que tem acontecido nos \u00faltimos anos, as duas competi\u00e7\u00f5es decorrer\u00e3o em simult\u00e2neo, transformando o recinto algarvio no cora\u00e7\u00e3o da modalidade num momento em que a cidade ostenta com orgulho o estatuto de Cidade Europeia do Desporto 2026.<\/p>\n<p>O trof\u00e9u feminino j\u00e1 tem um semi-finalista, o SC Braga, que afastou o campe\u00e3o SL Benfica. Os restantes jogos dos quartos-de-final completam-se com as rece\u00e7\u00f5es do Cast\u00ealo da Maia ao CF \u00abOs Belenenses\u00bb e do PV 2014\/Col\u00e9gio Efanor \u00e0 AA S. Mamede, no dia 14 de fevereiro, e com o cl\u00e1ssico entre FC Porto e Sporting CP no Drag\u00e3o Arena.<\/p>\n<p>No setor masculino, todos os jogos dos quartos-de-final est\u00e3o concentrados no dia 15 de fevereiro, destacando-se as partidas Sporting CP x SC Espinho, SL Benfica x Clube Kair\u00f3s, Vit\u00f3ria SC x AA S. Mamede e Leix\u00f5es SC x AA Espinho.<\/p>\n<p>A expetativa em torno destas decis\u00f5es subir\u00e1 de tom no dia 16 de fevereiro, data agendada para o sorteio das meias-finais, que ditar\u00e1 os confrontos diretos em Albufeira.<\/p>\n<p>A liga\u00e7\u00e3o de Albufeira ao voleibol em 2026 n\u00e3o se esgota na Ta\u00e7a de Portugal. A cidade foi tamb\u00e9m confirmada como a sede do Campeonato da Europa de Sub-22 Masculinos (#EuroVolleyU22M), que decorrer\u00e1 de 29 de junho a 4 de julho. Portugal, a jogar perante o seu p\u00fablico e sob a orienta\u00e7\u00e3o de Jo\u00e3o Franco, enfrentar\u00e1 um desafio de m\u00e1xima exig\u00eancia no Grupo I, medindo for\u00e7as com as sele\u00e7\u00f5es da Pol\u00f3nia, Israel e a surpreendente Ucr\u00e2nia, que garantiu o apuramento ao afastar a poderosa It\u00e1lia. Este ver\u00e3o de 2026 promete, assim, colocar Albufeira no mapa do voleibol jovem continental, coroando um ano de intensa atividade desportiva.<\/p>\n<p>Cidade Europeia do Desporto 2026, Albufeira prepara-se para viver alguns dos momentos mais vibrantes do calend\u00e1rio nacional e internacional de voleibol.<\/p>\n<p style=\"text-align: center;\"><span style=\"background-color: #000000; color: #ffffff;\"><img loading=\"lazy\" decoding=\"async\" class=\"size-full wp-image-45518 aligncenter\" src=\"https:\/\/fpvoleibol.pt\/fpv\/wp-content\/uploads\/2026\/02\/tp2026_f_albufeira_d.jpg\" alt=\"\" width=\"960\" height=\"540\" srcset=\"https:\/\/fpvoleibol.pt\/fpv\/wp-content\/uploads\/2026\/02\/tp2026_f_albufeira_d.jpg 960w, https:\/\/fpvoleibol.pt\/fpv\/wp-content\/uploads\/2026\/02\/tp2026_f_albufeira_d-300x169.jpg 300w, https:\/\/fpvoleibol.pt\/fpv\/wp-content\/uploads\/2026\/02\/tp2026_f_albufeira_d-768x432.jpg 768w, https:\/\/fpvoleibol.pt\/fpv\/wp-content\/uploads\/2026\/02\/tp2026_f_albufeira_d-528x297.jpg 528w\" sizes=\"auto, (max-width: 960px) 100vw, 960px\" \/>Ta\u00e7a de Portugal<\/span><\/p>\n<p style=\"text-align: center;\"><span style=\"text-decoration: underline;\"><strong>Femininos (1\/4 Final)<\/strong><\/span><\/p>\n<p><strong>11.02.2026<\/strong><br \/>\nSC Braga x SL Benfica, 3-1.<br \/>\n<span style=\"text-decoration: underline;\"><strong>14.02.2026<\/strong><\/span><br \/>\n<strong>15h00<\/strong> \u2013 Cast\u00ealo da Maia GC x CF \u00abOs Belenenses\u00bb, no Pav. C. Maia GC.<br \/>\n<strong>17h00<\/strong> \u2013 PV 2014\/Col\u00e9gio Efanor x AA S. Mamede, no Pav. Col\u00e9gio Efanor.<br \/>\n<span style=\"text-decoration: underline;\"><strong>15.02.2026<\/strong><\/span><br \/>\n<strong>16h00<\/strong> \u2013 FC Porto x Sporting CP, no Drag\u00e3o Arena.<\/p>\n<p style=\"text-align: center;\"><span style=\"text-decoration: underline;\"><strong>Masculinos (1\/4 Final)<\/strong><\/span><\/p>\n<p><span style=\"text-decoration: underline;\"><strong>15.02.2026<\/strong><\/span><br \/>\n<strong>15h00<\/strong> \u2013 Sporting CP x SC Espinho, no Pav. Jo\u00e3o Rocha.<br \/>\n<strong>16h00<\/strong> \u2013 SL Benfica x Clube Kair\u00f3s, no Pav. N.\u00ba 2 SL Benfica.<br \/>\n<strong>18h00<\/strong> \u2013 Vit\u00f3ria SC x AA S. Mamede, no Pav. Desp. Unid. Vimaranense.<br \/>\n<strong>20h00<\/strong> \u2013 Leix\u00f5es SC x AA Espinho, na Nave Il\u00eddio Ramos &#8211; CDC Matosinhos.<\/p>\n<p style=\"text-align: center;\">Mais informa\u00e7\u00f5es: <a href=\"https:\/\/fpvoleibol.pt\/fpv\/features\/resultado-sorteios\/\">Sorteios<\/a> \/<a href=\"https:\/\/www.portugalvoleibol.com\/classificacao\/\"> Jogos<\/a> \/ <a href=\"https:\/\/fpv-web.dataproject.com\/MainHome.aspx\">Live streaming<\/a><\/p>\n","protected":false},"excerpt":{"rendered":"<p>As decis\u00f5es da Ta\u00e7a de Portugal de Voleibol j\u00e1 t\u00eam data e local marcados: os grandes vencedores dos trof\u00e9us de seniores femininos e masculinos ser\u00e3o coroados entre os dias 13 [&hellip;]<\/p>\n","protected":false},"author":2,"featured_media":45519,"comment_status":"open","ping_status":"open","sticky":false,"template":"","format":"standard","meta":{"_monsterinsights_skip_tracking":false,"_monsterinsights_sitenote_active":false,"_monsterinsights_sitenote_note":"","_monsterinsights_sitenote_category":0,"footnotes":""},"categories":[8],"tags":[176,56],"class_list":{"0":"post-45516","1":"post","2":"type-post","3":"status-publish","4":"format-standard","5":"has-post-thumbnail","7":"category-voleibol","8":"tag-epoca-2025-2026","9":"tag-taca-de-portugal","10":"czr-hentry"},"aioseo_notices":[],"_links":{"self":[{"href":"https:\/\/fpvoleibol.pt\/fpv\/wp-json\/wp\/v2\/posts\/45516","targetHints":{"allow":["GET"]}}],"collection":[{"href":"https:\/\/fpvoleibol.pt\/fpv\/wp-json\/wp\/v2\/posts"}],"about":[{"href":"https:\/\/fpvoleibol.pt\/fpv\/wp-json\/wp\/v2\/types\/post"}],"author":[{"embeddable":true,"href":"https:\/\/fpvoleibol.pt\/fpv\/wp-json\/wp\/v2\/users\/2"}],"replies":[{"embeddable":true,"href":"https:\/\/fpvoleibol.pt\/fpv\/wp-json\/wp\/v2\/comments?post=45516"}],"version-history":[{"count":2,"href":"https:\/\/fpvoleibol.pt\/fpv\/wp-json\/wp\/v2\/posts\/45516\/revisions"}],"predecessor-version":[{"id":45521,"href":"https:\/\/fpvoleibol.pt\/fpv\/wp-json\/wp\/v2\/posts\/45516\/revisions\/45521"}],"wp:featuredmedia":[{"embeddable":true,"href":"https:\/\/fpvoleibol.pt\/fpv\/wp-json\/wp\/v2\/media\/45519"}],"wp:attachment":[{"href":"https:\/\/fpvoleibol.pt\/fpv\/wp-json\/wp\/v2\/media?parent=45516"}],"wp:term":[{"taxonomy":"category","embeddable":true,"href":"https:\/\/fpvoleibol.pt\/fpv\/wp-json\/wp\/v2\/categories?post=45516"},{"taxonomy":"post_tag","embeddable":true,"href":"https:\/\/fpvoleibol.pt\/fpv\/wp-json\/wp\/v2\/tags?post=45516"}],"curies":[{"name":"wp","href":"https:\/\/api.w.org\/{rel}","templated":true}]}}