{"id":45229,"date":"2026-01-27T16:03:09","date_gmt":"2026-01-27T16:03:09","guid":{"rendered":"https:\/\/fpvoleibol.pt\/fpv\/?p=45229"},"modified":"2026-01-27T16:03:09","modified_gmt":"2026-01-27T16:03:09","slug":"voleibol-soma-licoes-de-fair-play","status":"publish","type":"post","link":"https:\/\/fpvoleibol.pt\/fpv\/2026\/01\/27\/voleibol-soma-licoes-de-fair-play\/","title":{"rendered":"VOLEIBOL SOMA LI\u00c7\u00d5ES DE FAIR-PLAY"},"content":{"rendered":"<p><img loading=\"lazy\" decoding=\"async\" class=\"size-full wp-image-45232 aligncenter\" src=\"https:\/\/fpvoleibol.pt\/fpv\/wp-content\/uploads\/2026\/01\/cartao_branco_sub21m.jpg\" alt=\"\" width=\"960\" height=\"478\" srcset=\"https:\/\/fpvoleibol.pt\/fpv\/wp-content\/uploads\/2026\/01\/cartao_branco_sub21m.jpg 960w, https:\/\/fpvoleibol.pt\/fpv\/wp-content\/uploads\/2026\/01\/cartao_branco_sub21m-300x149.jpg 300w, https:\/\/fpvoleibol.pt\/fpv\/wp-content\/uploads\/2026\/01\/cartao_branco_sub21m-768x382.jpg 768w\" sizes=\"auto, (max-width: 960px) 100vw, 960px\" \/>O Voleibol continua a afirmar-se como um verdadeiro baluarte de \u00e9tica e desportivismo em Portugal, protagonizando epis\u00f3dios que transcendem a competi\u00e7\u00e3o e enaltecem os valores humanos. Em janeiro de 2026, os pavilh\u00f5es nacionais foram palco de gestos nobres que resultaram na exibi\u00e7\u00e3o de m\u00faltiplos cart\u00f5es brancos, confirmando a justeza do recente reconhecimento atribu\u00eddo \u00e0 Federa\u00e7\u00e3o Portuguesa de Voleibol.<\/p>\n<p>Um dos momentos de maior destaque ocorreu no passado dia 24 de janeiro, no Pavilh\u00e3o 2 do Est\u00e1dio da Luz, durante o encontro entre o SL Benfica e o SC Braga, a contar para o Campeonato Nacional de Juniores B1 Femininos. Numa partida intensa e renhida, que terminou com a vit\u00f3ria das encarnadas por 3-1, o resultado desportivo acabou por ficar em segundo plano perante uma demonstra\u00e7\u00e3o de solidariedade no quarto set. Com o marcador em 16-12 para a equipa da casa, a l\u00edbero do SL Benfica chocou violentamente com uma colega, lesionando-se numa perna. Perante os gritos de dor da advers\u00e1ria, a fisioterapeuta do SC Braga n\u00e3o hesitou: atravessou prontamente o campo para prestar aux\u00edlio imediato, aplicando gelo, despistando les\u00f5es graves e ajudando a atleta a sair do terreno de jogo. O \u00e1rbitro Pedro Matos (AVL), sensibilizado pela atitude, exibiu o cart\u00e3o branco \u00e0 profissional de sa\u00fade bracarense, sublinhando a beleza do gesto num momento de alta tens\u00e3o competitiva.<\/p>\n<p>Semanas antes, a 11 de janeiro, o duelo entre o Associa\u00e7\u00e3o dos Moradores de Santo Ant\u00f3nio dos Cavaleiros (AMSAC) e o ADF Loul\u00e9, referente \u00e0 1.\u00aa Fase (S\u00e9rie Sul B) do Campeonato Nacional de Sub-21 Masculinos, transformou-se numa aut\u00eantica <em>ode<\/em> \u00e0 honestidade. No Pavilh\u00e3o da Escola Secund\u00e1ria Jos\u00e9 Cardoso Pires, o \u00e1rbitro Paulo C\u00e9sar de Oliveira Veras teve a rara oportunidade de exibir tr\u00eas cart\u00f5es brancos no mesmo jogo, que terminou com a vit\u00f3ria dos algarvios por 3-0. Ainda no primeiro set, e em desvantagem no marcador, a treinadora do AMSAC alertou o \u00e1rbitro para uma infra\u00e7\u00e3o da sua pr\u00f3pria equipa \u2014 um jogador que pisou a linha dos 3 metros e estava encoberto \u2014, permitindo a revers\u00e3o do ponto a favor do advers\u00e1rio. A atitude exemplar repetiu-se no segundo set, quando o jogador n.\u00ba 1 do AMSAC assumiu espontaneamente um toque na bola num bloco, infra\u00e7\u00e3o que tinha passado despercebida a todos os intervenientes. J\u00e1 no terceiro set, foi a vez do treinador do ADF Loul\u00e9 retribuir o desportivismo: apesar de estar a perder no parcial, informou o \u00e1rbitro de uma invas\u00e3o da linha dos 3 metros por um dos seus atletas, corrigindo a decis\u00e3o oficial.<\/p>\n<p>Estes exemplos pr\u00e1ticos de integridade no terreno de jogo espelham o trabalho institucional que tem vindo a ser desenvolvido. N\u00e3o \u00e9 por acaso que a Federa\u00e7\u00e3o Portuguesa de Voleibol (FPV) foi novamente agraciada com o \u00abPr\u00e9mio Cart\u00e3o Branco \u2013 Entidades\u00bb pelo Instituto Portugu\u00eas do Desporto e Juventude (IPDJ), referente \u00e0 \u00e9poca 2024\/2025. A distin\u00e7\u00e3o, entregue numa cerim\u00f3nia recente, premeia as organiza\u00e7\u00f5es que mais se destacaram na promo\u00e7\u00e3o dos valores \u00e9ticos. Este \u00e9 um reconhecimento repetido para a FPV, que j\u00e1 havia vencido na mesma categoria na \u00e9poca 2022\/2023, cimentando o seu compromisso cont\u00ednuo com o fair-play, num p\u00f3dio partilhado este ano com a Federa\u00e7\u00e3o Portuguesa de T\u00e9nis.<\/p>\n<p>O Cart\u00e3o Branco, recurso pedag\u00f3gico pioneiro implementado pelo IPDJ desde 2015 no \u00e2mbito do Plano Nacional de \u00c9tica no Desporto, visa reconhecer condutas eticamente corretas, promovendo valores como o respeito, a inclus\u00e3o e a coopera\u00e7\u00e3o. Atualmente, a iniciativa abrange 34 modalidades e conta com 91 entidades aderentes.<\/p>\n<p style=\"text-align: center;\"><span style=\"background-color: #000000; color: #ffffff;\">Outros exemplos:<\/span><\/p>\n<p><strong>.\u00a0CN Sub-21 (JB1) Masculinos \u2013 Jogo n.\u00ba 666 \u2013 AA S. Mamede x Esmoriz GC, disputado a 4 de janeiro.<br \/>\n<\/strong>O atleta n. \u00ba 13 da AA S. Mamede, Jo\u00e3o J\u00fanior, viu-lhe ser atribu\u00eddo cart\u00e3o branco aos 22-17 do 2.\u00ba set.<\/p>\n<p><strong>. CN Sub-21 (JB) Femininos \u2013 1.\u00aa Fase \u2013 Norte A \u2013 Jogo n.\u00ba 1816 \u2013 Associa\u00e7\u00e3o Avense AA78 x GDC Gueif\u00e3es, disputado a 3 de janeiro.<br \/>\n<\/strong>A jogadora n.\u00ba 14 da Associa\u00e7\u00e3o Avense AA78, Maria Branco, recebeu o cart\u00e3o branco no segundo set.<br \/>\nA jogadora n.\u00ba 16 do GDC Gueif\u00e3es, Mafalda Medeiros, viu-lhe ser atribu\u00eddo cart\u00e3o branco no terceiro set.<\/p>\n<p><strong>. CN Sub-21 (JB) Masculinos \u2013 S\u00e9rie Norte \u2013 Jogo n.\u00ba 2028 \u2013 GDC Gueif\u00e3es x AA Coimbra, disputado a 18 de janeiro.<br \/>\n<\/strong><strong>\u00a0<\/strong>O jogador n.\u00ba 4 da AA Coimbra, Gon\u00e7alo Mendes, viu-lhe ser atribu\u00eddo cart\u00e3o branco aos 14-13 do 3.\u00ba set.<\/p>\n<p><strong>. CN Sub-21 (JB) Masculinos \u2013 S\u00e9rie Norte \u2013 Jogo n.\u00ba 2030 \u2013 Vit\u00f3ria SC x CA Madalena, disputado a 17 de janeiro.<br \/>\n<\/strong>No 2.\u00ba set, aos 3-2, o atleta n.\u00ba 5 do Vit\u00f3ria SC, Guilherme Romano, recebeu cart\u00e3o branco ap\u00f3s confirmar que \u201ca bola do lado do CA Madalena n\u00e3o chega a tocar no ch\u00e3o\u201d.<\/p>\n<p>O <a href=\"https:\/\/pned.ipdj.gov.pt\/caracterizacao\"><strong>Cart\u00e3o Branco<\/strong><\/a> \u00e9 um recurso pedag\u00f3gico pioneiro em Portugal implementado pelo IPDJ, no \u00e2mbito da interven\u00e7\u00e3o e prossecu\u00e7\u00e3o dos objetivos do Plano Nacional de \u00c9tica no Desporto.<\/p>\n<p style=\"text-align: center;\"><span style=\"text-align: center;\">Mais informa\u00e7\u00f5es <\/span><a style=\"text-align: center;\" href=\"https:\/\/pned.ipdj.gov.pt\/caracterizacao\">aqui<\/a><\/p>\n","protected":false},"excerpt":{"rendered":"<p>O Voleibol continua a afirmar-se como um verdadeiro baluarte de \u00e9tica e desportivismo em Portugal, protagonizando epis\u00f3dios que transcendem a competi\u00e7\u00e3o e enaltecem os valores humanos. Em janeiro de 2026, [&hellip;]<\/p>\n","protected":false},"author":2,"featured_media":10445,"comment_status":"open","ping_status":"open","sticky":false,"template":"","format":"standard","meta":{"_monsterinsights_skip_tracking":false,"_monsterinsights_sitenote_active":false,"_monsterinsights_sitenote_note":"","_monsterinsights_sitenote_category":0,"footnotes":""},"categories":[13,8],"tags":[183,176],"class_list":{"0":"post-45229","1":"post","2":"type-post","3":"status-publish","4":"format-standard","5":"has-post-thumbnail","7":"category-arbitragem","8":"category-voleibol","9":"tag-cartao-branco","10":"tag-epoca-2025-2026","11":"czr-hentry"},"aioseo_notices":[],"_links":{"self":[{"href":"https:\/\/fpvoleibol.pt\/fpv\/wp-json\/wp\/v2\/posts\/45229","targetHints":{"allow":["GET"]}}],"collection":[{"href":"https:\/\/fpvoleibol.pt\/fpv\/wp-json\/wp\/v2\/posts"}],"about":[{"href":"https:\/\/fpvoleibol.pt\/fpv\/wp-json\/wp\/v2\/types\/post"}],"author":[{"embeddable":true,"href":"https:\/\/fpvoleibol.pt\/fpv\/wp-json\/wp\/v2\/users\/2"}],"replies":[{"embeddable":true,"href":"https:\/\/fpvoleibol.pt\/fpv\/wp-json\/wp\/v2\/comments?post=45229"}],"version-history":[{"count":4,"href":"https:\/\/fpvoleibol.pt\/fpv\/wp-json\/wp\/v2\/posts\/45229\/revisions"}],"predecessor-version":[{"id":45235,"href":"https:\/\/fpvoleibol.pt\/fpv\/wp-json\/wp\/v2\/posts\/45229\/revisions\/45235"}],"wp:featuredmedia":[{"embeddable":true,"href":"https:\/\/fpvoleibol.pt\/fpv\/wp-json\/wp\/v2\/media\/10445"}],"wp:attachment":[{"href":"https:\/\/fpvoleibol.pt\/fpv\/wp-json\/wp\/v2\/media?parent=45229"}],"wp:term":[{"taxonomy":"category","embeddable":true,"href":"https:\/\/fpvoleibol.pt\/fpv\/wp-json\/wp\/v2\/categories?post=45229"},{"taxonomy":"post_tag","embeddable":true,"href":"https:\/\/fpvoleibol.pt\/fpv\/wp-json\/wp\/v2\/tags?post=45229"}],"curies":[{"name":"wp","href":"https:\/\/api.w.org\/{rel}","templated":true}]}}