{"id":45225,"date":"2026-01-27T12:52:29","date_gmt":"2026-01-27T12:52:29","guid":{"rendered":"https:\/\/fpvoleibol.pt\/fpv\/?p=45225"},"modified":"2026-01-27T12:52:29","modified_gmt":"2026-01-27T12:52:29","slug":"quarta-feira-decisiva-na-europa","status":"publish","type":"post","link":"https:\/\/fpvoleibol.pt\/fpv\/2026\/01\/27\/quarta-feira-decisiva-na-europa\/","title":{"rendered":"QUARTA-FEIRA DECISIVA NA EUROPA"},"content":{"rendered":"<p><img loading=\"lazy\" decoding=\"async\" class=\"size-full wp-image-44114 aligncenter\" src=\"https:\/\/fpvoleibol.pt\/fpv\/wp-content\/uploads\/2025\/11\/benfica_metal_d.jpg\" alt=\"\" width=\"960\" height=\"640\" srcset=\"https:\/\/fpvoleibol.pt\/fpv\/wp-content\/uploads\/2025\/11\/benfica_metal_d.jpg 960w, https:\/\/fpvoleibol.pt\/fpv\/wp-content\/uploads\/2025\/11\/benfica_metal_d-300x200.jpg 300w, https:\/\/fpvoleibol.pt\/fpv\/wp-content\/uploads\/2025\/11\/benfica_metal_d-768x512.jpg 768w\" sizes=\"auto, (max-width: 960px) 100vw, 960px\" \/>O Voleibol portugu\u00eas prepara-se para viver uma quarta-feira de fortes emo\u00e7\u00f5es nas competi\u00e7\u00f5es europeias, com o<strong> Sport Lisboa e Benfica<\/strong> e o<strong> Sporting Clube de Portuga<\/strong>l a enfrentarem desafios cruciais fora de portas. Enquanto as <em>\u00e1guias<\/em> procuram carimbar a passagem na Turquia para a pr\u00f3xima fase da CEV Challenge Cup, os <em>le\u00f5es<\/em> t\u00eam uma miss\u00e3o de elevado grau de dificuldade na Pol\u00f3nia, a contar para a Liga dos Campe\u00f5es, numa jornada europeia que se estende at\u00e9 quinta-feira com a equipa feminina encarnada.<\/p>\n<p>O Benfica entra em campo amanh\u00e3 pelas 14h00 para defrontar, na Turquia, o Altekma SK, na segunda m\u00e3o dos oitavos de final da CEV Challenge Cup masculina. Ap\u00f3s um triunfo \u00e9pico na Luz, onde viraram uma desvantagem de 0-2 para vencerem por 3-2, os encarnados partem em vantagem, mas conscientes das dificuldades.<br \/>\nEm declara\u00e7\u00f5es \u00e0 Benfica TV, o treinador <strong>Marcel Matz<\/strong> mostrou-se confiante na capacidade de resposta do grupo, salientando que a reviravolta na primeira m\u00e3o fortaleceu a equipa. O t\u00e9cnico brasileiro explicou aos meios oficiais do clube que, embora duas vit\u00f3rias garantam a passagem, a equipa est\u00e1 preparada para todos os cen\u00e1rios, incluindo a possibilidade de um <em>golden set<\/em> caso percam por 3-2. Matz garantiu que a estrat\u00e9gia passa por neutralizar o servi\u00e7o turco e destacou que o plantel oferece &#8220;<em>boas op\u00e7\u00f5es<\/em>&#8221; para qualquer eventualidade, prevendo um jogo aberto onde o Benfica tem todas as condi\u00e7\u00f5es para seguir em frente.<\/p>\n<p><img loading=\"lazy\" decoding=\"async\" class=\"size-full wp-image-44802 aligncenter\" src=\"https:\/\/fpvoleibol.pt\/fpv\/wp-content\/uploads\/2026\/01\/sportingxaluron_d2.jpg\" alt=\"\" width=\"960\" height=\"640\" srcset=\"https:\/\/fpvoleibol.pt\/fpv\/wp-content\/uploads\/2026\/01\/sportingxaluron_d2.jpg 960w, https:\/\/fpvoleibol.pt\/fpv\/wp-content\/uploads\/2026\/01\/sportingxaluron_d2-300x200.jpg 300w, https:\/\/fpvoleibol.pt\/fpv\/wp-content\/uploads\/2026\/01\/sportingxaluron_d2-768x512.jpg 768w\" sizes=\"auto, (max-width: 960px) 100vw, 960px\" \/>Tamb\u00e9m esta quarta-feira, mas para a elite da CEV Champions League, o Sporting CP tem um teste de fogo na Pol\u00f3nia, defrontando o Aluron CMC Warta Zawiercie \u00e0s 17h00.<br \/>\nO encontro, v\u00e1lido para a 4.\u00aa jornada do Grupo D, coloca os campe\u00f5es nacionais frente a frente com o atual l\u00edder do grupo, que conta nas suas fileiras com o distribuidor internacional portugu\u00eas Miguel Tavares Rodrigues.<br \/>\nEm declara\u00e7\u00f5es aos meios de comunica\u00e7\u00e3o do Sporting, o zona 4 <strong>Louren\u00e7o Martins<\/strong> assumiu a ambi\u00e7\u00e3o da equipa em surpreender, apesar de reconhecer a valia do advers\u00e1rio, que descreve como &#8220;<em>uma das melhores equipas do Mundo<\/em>&#8220;. O jogador leonino refor\u00e7ou que o objetivo passa por aproveitar as oportunidades e tentar pontuar, lembrando que o melhor terceiro classificado segue nas provas europeias. Louren\u00e7o Martins destacou ainda a import\u00e2ncia de travar o servi\u00e7o polaco e enalteceu a uni\u00e3o do grupo como fator decisivo para tentar contrariar o favoritismo do conjunto onde milita Miguel Tavares.<\/p>\n<p>A jornada europeia de amanh\u00e3 ser\u00e1 tamb\u00e9m palco de destaque para outros internacionais portugueses. Al\u00e9m de Miguel Tavares, que ter\u00e1 a <em>ingrata<\/em>\u00a0miss\u00e3o de defrontar os compatriotas do Sporting ap\u00f3s ter ajudado a sua equipa a vencer na Alemanha na ronda anterior, outros lusos entram em a\u00e7\u00e3o na Challenge Cup. O Lindemans Aalst, de Nuno Marques, recebe os est\u00f3nios do Bigbank Tartu com a vantagem de ter vencido a primeira m\u00e3o fora de portas. J\u00e1 na Rom\u00e9nia, perspetiva-se um duelo entre portugueses: o SCM Zalau, do central Filip Cveticanin (que tem estado em destaque no bloco no campeonato romeno), tentar\u00e1 inverter a derrota sofrida na primeira m\u00e3o frente aos su\u00ed\u00e7os do Volley Nafels, equipa onde atua Manuel Figueiredo, que esteve em evid\u00eancia no primeiro jogo com 16 pontos.<\/p>\n<p><img loading=\"lazy\" decoding=\"async\" class=\"size-full wp-image-44891 aligncenter\" src=\"https:\/\/fpvoleibol.pt\/fpv\/wp-content\/uploads\/2026\/01\/LC_slbenficaxnovara_d.jpg\" alt=\"\" width=\"960\" height=\"640\" srcset=\"https:\/\/fpvoleibol.pt\/fpv\/wp-content\/uploads\/2026\/01\/LC_slbenficaxnovara_d.jpg 960w, https:\/\/fpvoleibol.pt\/fpv\/wp-content\/uploads\/2026\/01\/LC_slbenficaxnovara_d-300x200.jpg 300w, https:\/\/fpvoleibol.pt\/fpv\/wp-content\/uploads\/2026\/01\/LC_slbenficaxnovara_d-768x512.jpg 768w\" sizes=\"auto, (max-width: 960px) 100vw, 960px\" \/>A semana europeia para as equipas lusas encerra na quinta-feira, com a equipa feminina do SL Benfica a entrar em campo para a Liga dos Campe\u00f5es. As encarnadas, que v\u00eam de um desaire na Pol\u00f3nia frente ao Budowlani Lodz que as atirou para o \u00faltimo lugar da Pool B, enfrentam uma miss\u00e3o espinhosa. Com o apuramento para a fase seguinte ou a repescagem para a Ta\u00e7a CEV substancialmente complicados, as <em>\u00e1guias<\/em>\u00a0ter\u00e3o pela frente o poderoso Fenerbah\u00e7e, l\u00edder do grupo, num jogo onde procurar\u00e3o contrariar o favoritismo turco e manter viva a honra na maior montra do Voleibol europeu.<\/p>\n<p style=\"text-align: center;\"><strong>Supervisores e \u00e1rbitros portugueses em ac\u00e7\u00e3o<br \/>\nnas competi\u00e7\u00f5es internacionais<\/strong><\/p>\n<p><strong>Teodemiro Carvalho<\/strong><br \/>\nSupervisor no Allianz Cloud Milano (It\u00e1lia) x Crvena Zvezda Beograd (S\u00e9rvia), dos oitavos-de-final da Challenge Cup &#8211; masculinos, no dia 27 de janeiro.<\/p>\n<p><strong>V\u00edtor Gon\u00e7alves<\/strong><br \/>\nKS Developres Rzeszow (Pol\u00f3nia) x SSC Palmberg Scherin (Alemanha), da Pool E da Liga dos Campe\u00f5es femininos, no dia 4 de fevereiro.<\/p>\n<p><strong>Ricardo Ferreira<br \/>\n<\/strong>Trentino Itas (It\u00e1lia) x Tours (Fran\u00e7a), da Pool A da Liga dos Campe\u00f5es masculinos, no dia 29 de janeiro.<br \/>\nVolley Haasrode Leuven (B\u00e9lgica) x Montpellier (Fran\u00e7a), da Pool E da Liga dos Campe\u00f5es masculinos, no dia 18 de fevereiro.<\/p>\n<p><strong>Pedro Pinto<\/strong><br \/>\nAnkara Zeren Spor Kul\u00fcb\u00fc (Turquia) x A. Carraro Prosecco DOC Conegliano (It\u00e1lia), da Pool D da Liga dos Campe\u00f5es femininos, no dia 27 de janeiro.<br \/>\nTours (Fran\u00e7a) x Ziraat Bankkart Ankara (Turquia), da Pool A da Liga dos Campe\u00f5es masculinos, no dia 11 de fevereiro.<\/p>\n<p><strong>Nuno Maia<\/strong><br \/>\nGalatatasaray Daikin Istanbul (Turquia) x Allianz MTV Stuttgart (Alemanha), dos Playoffs da Ta\u00e7a CEV femininos, no dia 27 de janeiro.<\/p>\n<p><strong>Jos\u00e9 Caramez<br \/>\n<\/strong>Viteos Neuchatel UC (Su\u00ed\u00e7a) x Volley Mulhouse Alsace (Fran\u00e7a), dos Playoffs da Ta\u00e7a CEV femininos, no dia 28 de janeiro.<br \/>\nPool C da 2.\u00aa Ronda de Qualifica\u00e7\u00e3o para o Campeonato de Sub-18 Femininos, em Espanha, de 27 a 29 de mar\u00e7o.<\/p>\n<p style=\"text-align: center;\"><strong>Voleibol de Praia<\/strong><\/p>\n<p><strong>Sandra Deveza<\/strong><br \/>\nBeach Pro Tour Challenge Bhubaneswar, na \u00cdndia, de 2 a 9 de mar\u00e7o.<\/p>\n<p style=\"text-align: center;\">Mais informa\u00e7\u00f5es em\u00a0<a href=\"http:\/\/www.cev.eu\/\">cev.eu<\/a><\/p>\n","protected":false},"excerpt":{"rendered":"<p>O Voleibol portugu\u00eas prepara-se para viver uma quarta-feira de fortes emo\u00e7\u00f5es nas competi\u00e7\u00f5es europeias, com o Sport Lisboa e Benfica e o Sporting Clube de Portugal a enfrentarem desafios cruciais [&hellip;]<\/p>\n","protected":false},"author":2,"featured_media":44113,"comment_status":"open","ping_status":"open","sticky":false,"template":"","format":"standard","meta":{"_monsterinsights_skip_tracking":false,"_monsterinsights_sitenote_active":false,"_monsterinsights_sitenote_note":"","_monsterinsights_sitenote_category":0,"footnotes":""},"categories":[13,8],"tags":[],"class_list":{"0":"post-45225","1":"post","2":"type-post","3":"status-publish","4":"format-standard","5":"has-post-thumbnail","7":"category-arbitragem","8":"category-voleibol","9":"czr-hentry"},"aioseo_notices":[],"_links":{"self":[{"href":"https:\/\/fpvoleibol.pt\/fpv\/wp-json\/wp\/v2\/posts\/45225","targetHints":{"allow":["GET"]}}],"collection":[{"href":"https:\/\/fpvoleibol.pt\/fpv\/wp-json\/wp\/v2\/posts"}],"about":[{"href":"https:\/\/fpvoleibol.pt\/fpv\/wp-json\/wp\/v2\/types\/post"}],"author":[{"embeddable":true,"href":"https:\/\/fpvoleibol.pt\/fpv\/wp-json\/wp\/v2\/users\/2"}],"replies":[{"embeddable":true,"href":"https:\/\/fpvoleibol.pt\/fpv\/wp-json\/wp\/v2\/comments?post=45225"}],"version-history":[{"count":3,"href":"https:\/\/fpvoleibol.pt\/fpv\/wp-json\/wp\/v2\/posts\/45225\/revisions"}],"predecessor-version":[{"id":45228,"href":"https:\/\/fpvoleibol.pt\/fpv\/wp-json\/wp\/v2\/posts\/45225\/revisions\/45228"}],"wp:featuredmedia":[{"embeddable":true,"href":"https:\/\/fpvoleibol.pt\/fpv\/wp-json\/wp\/v2\/media\/44113"}],"wp:attachment":[{"href":"https:\/\/fpvoleibol.pt\/fpv\/wp-json\/wp\/v2\/media?parent=45225"}],"wp:term":[{"taxonomy":"category","embeddable":true,"href":"https:\/\/fpvoleibol.pt\/fpv\/wp-json\/wp\/v2\/categories?post=45225"},{"taxonomy":"post_tag","embeddable":true,"href":"https:\/\/fpvoleibol.pt\/fpv\/wp-json\/wp\/v2\/tags?post=45225"}],"curies":[{"name":"wp","href":"https:\/\/api.w.org\/{rel}","templated":true}]}}