{"id":45202,"date":"2026-01-26T12:35:45","date_gmt":"2026-01-26T12:35:45","guid":{"rendered":"https:\/\/fpvoleibol.pt\/fpv\/?p=45202"},"modified":"2026-01-27T14:10:44","modified_gmt":"2026-01-27T14:10:44","slug":"europeu-sub-18-2-a-ronda-na-alemanha","status":"publish","type":"post","link":"https:\/\/fpvoleibol.pt\/fpv\/2026\/01\/26\/europeu-sub-18-2-a-ronda-na-alemanha\/","title":{"rendered":"EUROPEU SUB-18: 2.\u00aa RONDA NA ALEMANHA"},"content":{"rendered":"<p style=\"text-align: center;\"><span style=\"font-size: 12px;\"><strong><img loading=\"lazy\" decoding=\"async\" class=\"size-full wp-image-44954 aligncenter\" src=\"https:\/\/fpvoleibol.pt\/fpv\/wp-content\/uploads\/2026\/01\/Portugal_premiado.jpg\" alt=\"\" width=\"960\" height=\"640\" srcset=\"https:\/\/fpvoleibol.pt\/fpv\/wp-content\/uploads\/2026\/01\/Portugal_premiado.jpg 960w, https:\/\/fpvoleibol.pt\/fpv\/wp-content\/uploads\/2026\/01\/Portugal_premiado-300x200.jpg 300w, https:\/\/fpvoleibol.pt\/fpv\/wp-content\/uploads\/2026\/01\/Portugal_premiado-768x512.jpg 768w\" sizes=\"auto, (max-width: 960px) 100vw, 960px\" \/>Portugal enfrenta teste decisivo na Alemanha para o Europeu de Sub-18<\/strong><\/span><\/p>\n<p>Depois de organizar a fase zonal em Viana do Castelo, a Sele\u00e7\u00e3o Nacional de Sub-18 Masculinos j\u00e1 conhece o caminho que ter\u00e1 de percorrer para chegar ao Campeonato da Europa da CEV de 2026. A equipa das quinas viajar\u00e1 at\u00e9 \u00e0 Alemanha para a decisiva 2.\u00aa Ronda de Qualifica\u00e7\u00e3o, onde lutar\u00e1 por um dos bilhetes restantes para a Fase Final em It\u00e1lia.<\/p>\n<p>Portugal ficou inserido na <strong>Pool A<\/strong>, um grupo exigente que ser\u00e1 disputado em solo germ\u00e2nico. Para garantir o seu lugar na elite europeia, a forma\u00e7\u00e3o lusa ter\u00e1 de bater-se com a na\u00e7\u00e3o anfitri\u00e3, a Alemanha, bem como com a Su\u00e9cia e a Turquia. A fasquia est\u00e1 alta, uma vez que apenas os vencedores e os quatro melhores segundos classificados das cinco pools desta 2.\u00aa Ronda se juntar\u00e3o \u00e0s equipas j\u00e1 qualificadas em Porto San Giorgio e Cisterna di Latina, no pr\u00f3ximo m\u00eas de julho.<\/p>\n<p>A equipa chega a esta fase ap\u00f3s um competitivo torneio WEVZA disputado em casa, em Viana do Castelo. Embora a vizinha Espanha tenha garantido o apuramento direto com um percurso invicto \u2014 fechando a sua campanha com uma dram\u00e1tica vit\u00f3ria por 3-2 sobre a Fran\u00e7a \u2014, o torneio proporcionou uma experi\u00eancia vital para o coletivo portugu\u00eas. Um dos grandes pontos positivos da campanha caseira foi a presta\u00e7\u00e3o individual de <strong>Afonso Coelho<\/strong>; o atleta luso foi nomeado o Melhor L\u00edbero da <em>Dream Team<\/em> do torneio, provando que o plantel possui o talento necess\u00e1rio para competir ao mais alto n\u00edvel.<\/p>\n<p>O panorama da qualifica\u00e7\u00e3o alterou-se significativamente ap\u00f3s os resultados em Viana. A favorita Fran\u00e7a, que terminou em terceiro lugar ap\u00f3s uma surpreendente derrota contra a B\u00e9lgica, foi empurrada para a Pool E no Montenegro, enquanto os belgas rumam \u00e0 Let\u00f3nia para disputar a Pool D. Entretanto, o foco de Portugal mant\u00e9m-se exclusivamente na tarefa que tem pela frente na Alemanha.<\/p>\n<p style=\"text-align: center;\"><span style=\"text-decoration: underline;\"><strong><em><img loading=\"lazy\" decoding=\"async\" class=\"size-full wp-image-45204 aligncenter\" src=\"https:\/\/fpvoleibol.pt\/fpv\/wp-content\/uploads\/2026\/01\/Diogo_Rosa_002.jpg\" alt=\"\" width=\"960\" height=\"657\" srcset=\"https:\/\/fpvoleibol.pt\/fpv\/wp-content\/uploads\/2026\/01\/Diogo_Rosa_002.jpg 960w, https:\/\/fpvoleibol.pt\/fpv\/wp-content\/uploads\/2026\/01\/Diogo_Rosa_002-300x205.jpg 300w, https:\/\/fpvoleibol.pt\/fpv\/wp-content\/uploads\/2026\/01\/Diogo_Rosa_002-768x526.jpg 768w\" sizes=\"auto, (max-width: 960px) 100vw, 960px\" \/>Desforra<\/em> com a Alemanha<\/strong><\/span><\/p>\n<p>A Sele\u00e7\u00e3o Nacional de Sub-18 Masculinos prepara-se para disputar a Pool A da 2.\u00aa Ronda de Qualifica\u00e7\u00e3o para o Europeu em solo germ\u00e2nico, enfrentando um lote de advers\u00e1rios que o Selecionador Nacional, Diogo Rosa, classifica desde logo como <em>\u201cum grupo com equipas com alguma qualidade\u201d<\/em>. Pela frente, Portugal ter\u00e1 a anfitri\u00e3 Alemanha, a Su\u00e9cia e a Turquia, na luta por um apuramento reservado aos vencedores e aos quatro melhores segundos classificados, com o t\u00e9cnico a destacar o valor dos opositores, nomeadamente a Turquia (BVA), que <em>\u201cpelo seu historial recente naquilo que toca as sele\u00e7\u00f5es jovens, tem tido presen\u00e7as muito ass\u00edduas nas fases finais\u201d<\/em>, e a Su\u00e9cia (NEVZA), equipas que <em>\u201cacabaram por ter bons resultados\u201d<\/em> nas respetivas competi\u00e7\u00f5es regionais e que ser\u00e3o <em>\u201c\u00e0 partida equipas tamb\u00e9m elas competitivas\u201d<\/em>.<\/p>\n<p>O reencontro com a Alemanha merece destaque especial na an\u00e1lise de Diogo Rosa, recordando que, apesar de terem perdido <em>\u201ccom algumas dificuldades\u201d<\/em> num confronto recente, ficou a sensa\u00e7\u00e3o de que <em>\u201cpoder\u00edamos ter feito um pouco mais\u201d<\/em>, pelo que a equipa acredita que poder\u00e1 <em>\u201cter a nossa desforra e trazer um resultado mais positivo\u201d<\/em>.<br \/>\nOlhando para o futuro imediato, o Selecionador assume que a primeira fase de qualifica\u00e7\u00e3o funcionou como <em>\u201cum momento grande de aprendizagem\u201d<\/em> onde se percebeu a necessidade de <em>\u201cmexer em algumas quest\u00f5es dentro do nosso trabalho di\u00e1rio\u201d<\/em>, permitindo aos atletas conhecerem agora <em>\u201cum bocadinho melhor aquilo que vamos encontrar, o n\u00edvel internacional\u201d<\/em>.<br \/>\nCom a li\u00e7\u00e3o estudada, a ambi\u00e7\u00e3o do grupo mant\u00e9m-se intacta, querendo <em>\u201ccertamente, lutar por uma vaga\u201d<\/em> de acesso, pois o grande objetivo \u00e9 <em>\u201cgarantir a nossa presen\u00e7a no Campeonato da Europa, que \u00e9 para isso que temos vindo a trabalhar durante todo este tempo\u201d<\/em>.<\/p>\n<p>Com a Fase Final agendada de 7 a 18 de julho deste ano, o objetivo para esta gera\u00e7\u00e3o de jogadores nascidos em 2009 e anos posteriores \u00e9 claro. Portugal tem de garantir um dos dois primeiros lugares na Alemanha para carimbar o passaporte para It\u00e1lia e lutar pelo t\u00edtulo continental.<\/p>\n<p style=\"text-align: center;\"><span style=\"background-color: #000000; color: #ffffff;\">2.\u00aa RONDA<\/span><\/p>\n<p style=\"text-align: center;\"><strong><img loading=\"lazy\" decoding=\"async\" class=\"size-full wp-image-45209 aligncenter\" src=\"https:\/\/fpvoleibol.pt\/fpv\/wp-content\/uploads\/2026\/01\/U18M_POOLS_2ROUND_d.jpg\" alt=\"\" width=\"960\" height=\"468\" srcset=\"https:\/\/fpvoleibol.pt\/fpv\/wp-content\/uploads\/2026\/01\/U18M_POOLS_2ROUND_d.jpg 960w, https:\/\/fpvoleibol.pt\/fpv\/wp-content\/uploads\/2026\/01\/U18M_POOLS_2ROUND_d-300x146.jpg 300w, https:\/\/fpvoleibol.pt\/fpv\/wp-content\/uploads\/2026\/01\/U18M_POOLS_2ROUND_d-768x374.jpg 768w\" sizes=\"auto, (max-width: 960px) 100vw, 960px\" \/><span style=\"text-decoration: underline;\">It\u00e1lia acolhe a elite europeia<\/span><\/strong><\/p>\n<p>A Fase Final do Campeonato da Europa de Sub-18 masculinos de 2026 j\u00e1 tem palco e datas definidas. A luta pelo t\u00edtulo continental decorrer\u00e1 em solo italiano, dividindo-se entre as cidades de <strong>Porto San Giorgio<\/strong> e <strong>Cisterna di Latina<\/strong>, de <strong>7 a 18 de julho<\/strong>.<\/p>\n<p>A competi\u00e7\u00e3o reunir\u00e1 um total de <strong>16 sele\u00e7\u00f5es<\/strong>, sendo que quase metade do quadro competitivo j\u00e1 est\u00e1 preenchido. A <strong>It\u00e1lia<\/strong>, na qualidade de pa\u00eds organizador, tem entrada direta, juntando-se a ela os seis vencedores das fases zonais da 1.\u00aa Ronda de Qualifica\u00e7\u00e3o, que j\u00e1 carimbaram o passaporte para o ver\u00e3o italiano.<\/p>\n<p>O grupo de equipas j\u00e1 apuradas demonstra a diversidade do voleibol europeu: a <strong>Espanha<\/strong> (vencedora da WEVZA) junta-se \u00e0 <strong>Bulg\u00e1ria<\/strong> (BVA), <strong>Pol\u00f3nia<\/strong> (EEVZA), <strong>Eslov\u00e9nia<\/strong> (MEVZA), <strong>Finl\u00e2ndia<\/strong> (NEVZA) e \u00e0 <strong>Isl\u00e2ndia<\/strong> (SCA). As restantes vagas em aberto, necess\u00e1rias para completar o lote das 16 finalistas, ser\u00e3o disputadas na pr\u00f3xima etapa, apurando-se todos os vencedores e os segundos classificados das pools da 2.\u00aa Ronda de Qualifica\u00e7\u00e3o.<\/p>\n<p>Os treinos, que arrancam hoje, decorrer\u00e3o de segunda a quinta-feira, das 18h30 \u00e0s 21h30, no pavilh\u00e3o desportivo da Escola Secund\u00e1ria Carolina Michaelis, no Porto.<\/p>\n<p style=\"text-align: center;\"><span style=\"background-color: #000000; color: #ffffff;\">CONVOCADOS<\/span><\/p>\n<p style=\"text-align: center;\"><strong>AA Espinho<\/strong><br \/>\nAires Coelho<br \/>\nJo\u00e3o Ari S\u00e1<\/p>\n<p style=\"text-align: center;\"><strong>AA S. Mamede<\/strong><br \/>\nAfonso Coelho<\/p>\n<p style=\"text-align: center;\"><strong>Ala de Nun&#8217;\u00c1lvares de Gondomar<\/strong><br \/>\nGabriel Ribeiro<br \/>\nJo\u00e3o Carvalho<br \/>\nNuno Gon\u00e7alves<br \/>\nVasco Redondo<\/p>\n<p style=\"text-align: center;\"><strong>Cast\u00ealo da Maia GC<\/strong><br \/>\nDinis Oliveira<br \/>\nDuarte Teixeira<\/p>\n<p style=\"text-align: center;\"><strong>CD P\u00f3voa<\/strong><br \/>\nLu\u00eds Dias<\/p>\n<p style=\"text-align: center;\"><strong>Esmoriz GC<\/strong><br \/>\nJo\u00e3o Dami\u00e3o<br \/>\nSalvador Baptista<\/p>\n<p style=\"text-align: center;\"><strong>GDC Gueif\u00e3es<\/strong><br \/>\nMiguel Teixeira<\/p>\n<p style=\"text-align: center;\"><strong>Leix\u00f5es SC<\/strong><br \/>\nGuilherme Cruz<\/p>\n<p style=\"text-align: center;\"><strong>MG Volei Clube<\/strong><br \/>\nMiguel Mota<\/p>\n<p style=\"text-align: center;\"><strong>SC Espinho<\/strong><br \/>\nTom\u00e1s Gomes<\/p>\n<p style=\"text-align: center;\"><strong>SL Benfica<\/strong><br \/>\nErik Sales<\/p>\n<p style=\"text-align: center;\"><strong>Sporting CP<\/strong><br \/>\nBernardo Oliveira<\/p>\n<p><img loading=\"lazy\" decoding=\"async\" class=\"size-full wp-image-44955 aligncenter\" src=\"https:\/\/fpvoleibol.pt\/fpv\/wp-content\/uploads\/2026\/01\/DreamTeam_WEVZA2026.jpg\" alt=\"\" width=\"960\" height=\"640\" srcset=\"https:\/\/fpvoleibol.pt\/fpv\/wp-content\/uploads\/2026\/01\/DreamTeam_WEVZA2026.jpg 960w, https:\/\/fpvoleibol.pt\/fpv\/wp-content\/uploads\/2026\/01\/DreamTeam_WEVZA2026-300x200.jpg 300w, https:\/\/fpvoleibol.pt\/fpv\/wp-content\/uploads\/2026\/01\/DreamTeam_WEVZA2026-768x512.jpg 768w\" sizes=\"auto, (max-width: 960px) 100vw, 960px\" \/>O percurso da equipa das quinas na 1.\u00aa Ronda de Qualifica\u00e7\u00e3o (Torneio WEVZA), disputada no Centro Cultural de Viana do Castelo, foi marcado por momentos de grande supera\u00e7\u00e3o. A vit\u00f3ria por 3-2 frente aos Pa\u00edses Baixos foi o ponto alto de Portugal, que viu <strong>Afonso Coelho<\/strong> ser eleito o <strong>Melhor Libero do &#8220;Dream Team&#8221;<\/strong>.<\/p>\n<p style=\"text-align: center;\">Toda a informa\u00e7\u00e3o em <a href=\"https:\/\/fpvoleibol.pt\/fpv\/competicoes\/torneio-wevza-sub18\/\">fpvoleibol.pt\/fpv\/competicoes\/torneio-wevza-sub18\/<\/a><\/p>\n","protected":false},"excerpt":{"rendered":"<p>Portugal enfrenta teste decisivo na Alemanha para o Europeu de Sub-18 Depois de organizar a fase zonal em Viana do Castelo, a Sele\u00e7\u00e3o Nacional de Sub-18 Masculinos j\u00e1 conhece o [&hellip;]<\/p>\n","protected":false},"author":2,"featured_media":45205,"comment_status":"open","ping_status":"open","sticky":false,"template":"","format":"standard","meta":{"_monsterinsights_skip_tracking":false,"_monsterinsights_sitenote_active":false,"_monsterinsights_sitenote_note":"","_monsterinsights_sitenote_category":0,"footnotes":""},"categories":[13,8,31],"tags":[142],"class_list":{"0":"post-45202","1":"post","2":"type-post","3":"status-publish","4":"format-standard","5":"has-post-thumbnail","7":"category-arbitragem","8":"category-voleibol","9":"category-voleitv","10":"tag-europeu-de-sub-18-masculinos","11":"czr-hentry"},"aioseo_notices":[],"_links":{"self":[{"href":"https:\/\/fpvoleibol.pt\/fpv\/wp-json\/wp\/v2\/posts\/45202","targetHints":{"allow":["GET"]}}],"collection":[{"href":"https:\/\/fpvoleibol.pt\/fpv\/wp-json\/wp\/v2\/posts"}],"about":[{"href":"https:\/\/fpvoleibol.pt\/fpv\/wp-json\/wp\/v2\/types\/post"}],"author":[{"embeddable":true,"href":"https:\/\/fpvoleibol.pt\/fpv\/wp-json\/wp\/v2\/users\/2"}],"replies":[{"embeddable":true,"href":"https:\/\/fpvoleibol.pt\/fpv\/wp-json\/wp\/v2\/comments?post=45202"}],"version-history":[{"count":3,"href":"https:\/\/fpvoleibol.pt\/fpv\/wp-json\/wp\/v2\/posts\/45202\/revisions"}],"predecessor-version":[{"id":45210,"href":"https:\/\/fpvoleibol.pt\/fpv\/wp-json\/wp\/v2\/posts\/45202\/revisions\/45210"}],"wp:featuredmedia":[{"embeddable":true,"href":"https:\/\/fpvoleibol.pt\/fpv\/wp-json\/wp\/v2\/media\/45205"}],"wp:attachment":[{"href":"https:\/\/fpvoleibol.pt\/fpv\/wp-json\/wp\/v2\/media?parent=45202"}],"wp:term":[{"taxonomy":"category","embeddable":true,"href":"https:\/\/fpvoleibol.pt\/fpv\/wp-json\/wp\/v2\/categories?post=45202"},{"taxonomy":"post_tag","embeddable":true,"href":"https:\/\/fpvoleibol.pt\/fpv\/wp-json\/wp\/v2\/tags?post=45202"}],"curies":[{"name":"wp","href":"https:\/\/api.w.org\/{rel}","templated":true}]}}