{"id":44904,"date":"2026-01-09T17:55:45","date_gmt":"2026-01-09T17:55:45","guid":{"rendered":"https:\/\/fpvoleibol.pt\/fpv\/?p=44904"},"modified":"2026-01-10T11:56:46","modified_gmt":"2026-01-10T11:56:46","slug":"lutar-ate-ao-fim-no-europeu-de-sub-18-femininos","status":"publish","type":"post","link":"https:\/\/fpvoleibol.pt\/fpv\/2026\/01\/09\/lutar-ate-ao-fim-no-europeu-de-sub-18-femininos\/","title":{"rendered":"LUTAR AT\u00c9 AO FIM NO EUROPEU DE SUB-18 FEMININOS"},"content":{"rendered":"<p style=\"text-align: center;\"><img loading=\"lazy\" decoding=\"async\" class=\"size-full wp-image-44819 aligncenter\" src=\"https:\/\/fpvoleibol.pt\/fpv\/wp-content\/uploads\/2026\/01\/u18fem_portxital_0005_team.jpg\" alt=\"\" width=\"960\" height=\"639\" srcset=\"https:\/\/fpvoleibol.pt\/fpv\/wp-content\/uploads\/2026\/01\/u18fem_portxital_0005_team.jpg 960w, https:\/\/fpvoleibol.pt\/fpv\/wp-content\/uploads\/2026\/01\/u18fem_portxital_0005_team-300x200.jpg 300w, https:\/\/fpvoleibol.pt\/fpv\/wp-content\/uploads\/2026\/01\/u18fem_portxital_0005_team-768x511.jpg 768w\" sizes=\"auto, (max-width: 960px) 100vw, 960px\" \/><span style=\"font-size: 10px;\"><strong>Portugal lutou at\u00e9 ao limite mas caiu frente \u00e0 Espanha no apuramento para o Europeu<\/strong><\/span><\/p>\n<p>A<strong> Selec\u00e7\u00e3o Nacional de Sub-18 Femininos\u00a0<\/strong>perdeu hoje com a Espanha por 1-3 (21-25, 25-19, 23-25 e 30-32) no Torneio da WEVZA \u2013 <a href=\"https:\/\/www.cev.eu\/national-team\/age-group-championships\/u18w-2026\/zonal-1st-round\/#wevza\">1.\u00aa Ronda de Apuramento para o Campeonato da Europa<\/a> de 2026\u00a0 que termina amanh\u00e3 em Foggia, It\u00e1lia, e viu fugir a hip\u00f3tese de passar \u00e0 segunda fase de qualifica\u00e7\u00e3o para o Europeu.<\/p>\n<p>A equipa das quinas protagonizou uma exibi\u00e7\u00e3o de enorme entrega, discutindo o resultado at\u00e9 ao \u00faltimo f\u00f4lego, com parciais de 21-25, 25-19, 23-25 e 30-32.<\/p>\n<p>A equipa orientada por M\u00e1rio Martins entrou em campo determinada a lutar pelo seu primeiro triunfo. Ap\u00f3s ceder o primeiro set, Portugal respondeu com autoridade no segundo parcial, vencendo por 25-19 e restabelecendo a igualdade.<\/p>\n<p>O jogo seguiu pautado por um equil\u00edbrio constante, com as jovens lusas a liderarem o terceiro set por 21-20 antes da reviravolta espanhola. No quarto e decisivo parcial, a alma portuguesa veio ao de cima: Portugal recuperou de uma desvantagem de 18-21, for\u00e7ando um final de set dram\u00e1tico que apenas se decidiu com um ingl\u00f3rio 30-32 a favor das rivais ib\u00e9ricas.<\/p>\n<p>As portuguesas <strong>Raquel Gon\u00e7alves <\/strong>e <strong>Gabriela Lopes<\/strong>, respectivamente com 22 e 19 pontos, foram as melhores pontuadoras do jogo, enquanto Alba Vicente foi a espanhola mais concretizadora, com 17 pontos. Ver estat\u00edstica <a href=\"https:\/\/www-old.cev.eu\/Competition-Area\/MatchStatistics.aspx?ID=84719\">AQUI<\/a><\/p>\n<p data-path-to-node=\"0\"><strong>M\u00e1rio Martins<\/strong>, Seleccionador Nacional de Sub-18 femininos, fez um balan\u00e7o exaustivo da presta\u00e7\u00e3o portuguesa em Foggia, come\u00e7ando por reconhecer que <i data-path-to-node=\"0\" data-index-in-node=\"133\">\u201co n\u00edvel que encontr\u00e1mos aqui \u00e9 um n\u00edvel alt\u00edssimo\u201d<\/i>, marcado por equipas com uma <i data-path-to-node=\"0\" data-index-in-node=\"214\">\u201cdimens\u00e3o f\u00edsica enorme\u201d<\/i> e fundamentos de servi\u00e7o, ataque e bloco muito superiores. Segundo o t\u00e9cnico, esta realidade colocou as jogadoras portuguesas em constante dificuldade, <i data-path-to-node=\"0\" data-index-in-node=\"391\">\u201cnomeadamente as pancadas de servi\u00e7o e o alcance de ataque\u201d<\/i>, embora tenha observado, curiosamente, que a rece\u00e7\u00e3o de todas as equipas tem tido muitos problemas e est\u00e1 <i data-path-to-node=\"0\" data-index-in-node=\"557\">\u201cmuito abaixo dos outros fundamentos\u201d<\/i>, considerando ser <i data-path-to-node=\"0\" data-index-in-node=\"613\">\u201calgo a reflectir\u201d<\/i>.<\/p>\n<p data-path-to-node=\"1\">Apesar do contexto exigente, o treinador sublinhou que <i data-path-to-node=\"1\" data-index-in-node=\"55\">\u201cclaramente ao longo da prova o crescimento foi brutal\u201d<\/i>, enfatizando que a diferen\u00e7a entre o ponto de partida e o ponto de chegada \u00e9 muito grande. Recordou que a equipa entrou na prova a jogar logo contra a It\u00e1lia, num pavilh\u00e3o cheio e num ambiente ao qual nunca tinha sido exposta, admitindo mesmo que <i data-path-to-node=\"1\" data-index-in-node=\"358\">\u201cbasicamente n\u00f3s nem nos conhec\u00edamos a n\u00f3s pr\u00f3prios neste contexto\u201d<\/i> devido \u00e0 aus\u00eancia de competi\u00e7\u00e3o pr\u00e9via. No entanto, ap\u00f3s os primeiros dias em que foram postos \u00e0 prova, as atletas conseguiram adaptar-se e enquadrar a presta\u00e7\u00e3o <i data-path-to-node=\"1\" data-index-in-node=\"588\">\u201cde uma forma mais pr\u00f3xima do n\u00edvel dos advers\u00e1rios\u201d<\/i>, discutindo sets at\u00e9 \u00e0s vantagens contra sele\u00e7\u00f5es como a Alemanha e a Fran\u00e7a, demonstrando <i data-path-to-node=\"1\" data-index-in-node=\"732\">\u201cbons planos de jogo\u201d<\/i> e um entendimento t\u00e1ctico em evolu\u00e7\u00e3o.<\/p>\n<p data-path-to-node=\"2\">No encerramento da semana, frente \u00e0 Espanha, Portugal voltou a demonstrar competitividade, perdendo a hip\u00f3tese de disputar o quinto set num parcial de 32-30, num jogo em que a equipa esteve novamente muito bem. O Seleccionador lamentou, contudo, que ainda falte ao grupo <i data-path-to-node=\"2\" data-index-in-node=\"270\">\u201cser regular, ser consistente\u201d<\/i>, notando que n\u00e3o existe actualmente nenhum fundamento onde a equipa seja s\u00f3lida. Para o t\u00e9cnico, o caminho futuro passa por melhorar o servi\u00e7o e o primeiro toque, mas sobretudo por garantir <i data-path-to-node=\"2\" data-index-in-node=\"491\">\u201cmais momentos juntos, de mais tempo juntos, e, acima de tudo, de competir mais vezes a um n\u00edvel alto\u201d<\/i> para ajudar as atletas a crescer.<\/p>\n<p data-path-to-node=\"3\">Concluindo a sua an\u00e1lise, o Seleccionador destacou que, embora sinta tristeza por n\u00e3o terem alcan\u00e7ado a segunda fase \u2014 que seria um <i data-path-to-node=\"3\" data-index-in-node=\"131\">\u201cpasso important\u00edssimo para esta gera\u00e7\u00e3o\u201d<\/i> \u2014, a equipa t\u00e9cnica retira uma li\u00e7\u00e3o valiosa desta experi\u00eancia. Para o staff, a viv\u00eancia em It\u00e1lia permitiu trocar ideias com outras selec\u00e7\u00f5es numa <i data-path-to-node=\"3\" data-index-in-node=\"320\">\u201caprendizagem tem sido brutal\u201d<\/i> e constante. O t\u00e9cnico rematou afirmando que as jogadoras saem valorizadas por se terem entregue ao processo, terminando a competi\u00e7\u00e3o num ponto muito superior \u00e0quele em que come\u00e7aram.<\/p>\n<p>Na <a href=\"https:\/\/www.cev.eu\/national-team\/age-group-championships\/u18w-2026\/zonal-1st-round\/#wevza\">1.\u00aa Ronda de Apuramento para o Campeonato da Europa<\/a> de 2026, o objectivo principal \u00e9 o primeiro lugar, que carimba o passaporte directo para a fase final na Let\u00f3nia e Litu\u00e2nia, de 1 a 12 de Julho. Caso o apuramento directo n\u00e3o seja alcan\u00e7ado agora, algumas equipas ter\u00e3o nova oportunidade na 2.\u00aa Ronda, agendada para Mar\u00e7o.<\/p>\n<p style=\"text-align: center;\"><span style=\"background-color: #000000; color: #ffffff;\">CONVOCADAS<\/span><\/p>\n<p style=\"text-align: center;\"><span style=\"text-decoration: underline;\"><strong>Ala de Nun\u2019\u00c1lvares de Gondomar<\/strong><\/span><br \/>\nMatilde Soares<\/p>\n<p style=\"text-align: center;\"><span style=\"text-decoration: underline;\"><strong>Cast\u00ealo da Maia GC<\/strong><\/span><br \/>\nMatilde Costa e Silva<\/p>\n<p style=\"text-align: center;\"><span style=\"text-decoration: underline;\"><strong>Clube K<\/strong><\/span><br \/>\nMargarida Vaz<br \/>\nRaquel Gon\u00e7alves<\/p>\n<p style=\"text-align: center;\"><span style=\"text-decoration: underline;\"><strong>GD Estoril Praia<\/strong><\/span><br \/>\nCatarina Serrano<\/p>\n<p style=\"text-align: center;\"><span style=\"text-decoration: underline;\"><strong>Leix\u00f5es SC<\/strong><\/span><br \/>\nLaura Afanas<br \/>\nGabriela Lopes<br \/>\nMaria J\u00falia Cunha<\/p>\n<p style=\"text-align: center;\"><span style=\"text-decoration: underline;\"><strong>PV 2014\/Col\u00e9gio Efanor<\/strong><\/span><br \/>\nIn\u00eas Parreira<\/p>\n<p style=\"text-align: center;\"><span style=\"text-decoration: underline;\"><strong>SC Espinho<\/strong><\/span><br \/>\nEma Mello<\/p>\n<p style=\"text-align: center;\"><span style=\"text-decoration: underline;\"><strong>SL Benfica<\/strong><\/span><br \/>\nBeatriz Pereira<br \/>\nPriscila Santos<br \/>\nMatilde Eust\u00e1quio<\/p>\n<p style=\"text-align: center;\"><strong>Sporting CP<\/strong><br \/>\nMaria Gabriela Miranda<\/p>\n<p style=\"text-align: center;\"><span style=\"background-color: #000000; color: #ffffff;\">Equipa t\u00e9cnica<\/span><\/p>\n<p style=\"text-align: center;\"><strong>Team Manager<\/strong> \u2013 Jo\u00e3o Jos\u00e9<br \/>\n<strong>Treinador Principal<\/strong> \u2013 M\u00e1rio Martins<br \/>\n<strong>Treinadora Adjunta<\/strong> \u2013 Beatriz Santos<br \/>\n<strong>Fisioterapeuta<\/strong> \u2013 Tiago Trigueiros<br \/>\n<strong>\u00c1rbitra<\/strong> \u2013 Maria Ferreira<\/p>\n<p style=\"text-align: center;\"><span style=\"text-decoration: underline;\"><strong>Calend\u00e1rio: 1.\u00aa Ronda WEVZA (Foggia, It\u00e1lia)<\/strong><\/span><\/p>\n<table class=\" aligncenter\">\n<thead>\n<tr>\n<td><strong>Data<\/strong><\/td>\n<td><strong>Jogos da Pool B (hora em Portugal)<\/strong><\/td>\n<\/tr>\n<\/thead>\n<tbody>\n<tr>\n<td><strong>06\/01\/2026<\/strong><\/td>\n<td><strong>16:30:<\/strong> Alemanha vs Fran\u00e7a, 1-3 <strong>\/<\/strong> <strong>19:00:<\/strong> It\u00e1lia vs Portugal, 3-0<\/td>\n<\/tr>\n<tr>\n<td><strong>07\/01\/2026<\/strong><\/td>\n<td><strong>14:00:<\/strong> Alemanha vs Portugal, 3-0 <strong>\/<\/strong> <strong>19:00:<\/strong> It\u00e1lia vs Fran\u00e7a, 3-1<\/td>\n<\/tr>\n<tr>\n<td><strong>08\/01\/2026<\/strong><\/td>\n<td><strong>14:00:<\/strong> Fran\u00e7a vs Portugal, 3-0 <strong>\/<\/strong> <strong>19:00:<\/strong> It\u00e1lia vs Alemanha, 3-1<\/td>\n<\/tr>\n<tr>\n<td><strong>09\/01\/2026<\/strong><\/td>\n<td><strong>14:00:<\/strong> Espanha vs Portugal, 3-1<br \/>\n<strong>16:30:<\/strong> It\u00e1lia vs P. Baixos <strong>\/<\/strong> <strong>19:00:<\/strong> B\u00e9lgica vs Fran\u00e7a<\/td>\n<\/tr>\n<tr>\n<td><strong>10\/01\/2026<\/strong><\/td>\n<td><strong>14:00:<\/strong> Espanha vs Alemanha<br \/>\n<strong>16:30:<\/strong> Jogo 3.\u00ba e 4.\u00ba lugares<strong><br \/>\n<\/strong>\u00a0<strong>19:00:<\/strong> Final<\/td>\n<\/tr>\n<\/tbody>\n<\/table>\n<p style=\"text-align: center;\">Mais informa\u00e7\u00f5es: <a href=\"http:\/\/www.cev.eu\">www.cev.eu<\/a><\/p>\n","protected":false},"excerpt":{"rendered":"<p>Portugal lutou at\u00e9 ao limite mas caiu frente \u00e0 Espanha no apuramento para o Europeu A Selec\u00e7\u00e3o Nacional de Sub-18 Femininos\u00a0perdeu hoje com a Espanha por 1-3 (21-25, 25-19, 23-25 [&hellip;]<\/p>\n","protected":false},"author":2,"featured_media":44838,"comment_status":"open","ping_status":"open","sticky":false,"template":"","format":"standard","meta":{"_monsterinsights_skip_tracking":false,"_monsterinsights_sitenote_active":false,"_monsterinsights_sitenote_note":"","_monsterinsights_sitenote_category":0,"footnotes":""},"categories":[13,8],"tags":[188,50],"class_list":{"0":"post-44904","1":"post","2":"type-post","3":"status-publish","4":"format-standard","5":"has-post-thumbnail","7":"category-arbitragem","8":"category-voleibol","9":"tag-europeu-de-sub-18-femininos","10":"tag-wevza","11":"czr-hentry"},"aioseo_notices":[],"_links":{"self":[{"href":"https:\/\/fpvoleibol.pt\/fpv\/wp-json\/wp\/v2\/posts\/44904","targetHints":{"allow":["GET"]}}],"collection":[{"href":"https:\/\/fpvoleibol.pt\/fpv\/wp-json\/wp\/v2\/posts"}],"about":[{"href":"https:\/\/fpvoleibol.pt\/fpv\/wp-json\/wp\/v2\/types\/post"}],"author":[{"embeddable":true,"href":"https:\/\/fpvoleibol.pt\/fpv\/wp-json\/wp\/v2\/users\/2"}],"replies":[{"embeddable":true,"href":"https:\/\/fpvoleibol.pt\/fpv\/wp-json\/wp\/v2\/comments?post=44904"}],"version-history":[{"count":6,"href":"https:\/\/fpvoleibol.pt\/fpv\/wp-json\/wp\/v2\/posts\/44904\/revisions"}],"predecessor-version":[{"id":44910,"href":"https:\/\/fpvoleibol.pt\/fpv\/wp-json\/wp\/v2\/posts\/44904\/revisions\/44910"}],"wp:featuredmedia":[{"embeddable":true,"href":"https:\/\/fpvoleibol.pt\/fpv\/wp-json\/wp\/v2\/media\/44838"}],"wp:attachment":[{"href":"https:\/\/fpvoleibol.pt\/fpv\/wp-json\/wp\/v2\/media?parent=44904"}],"wp:term":[{"taxonomy":"category","embeddable":true,"href":"https:\/\/fpvoleibol.pt\/fpv\/wp-json\/wp\/v2\/categories?post=44904"},{"taxonomy":"post_tag","embeddable":true,"href":"https:\/\/fpvoleibol.pt\/fpv\/wp-json\/wp\/v2\/tags?post=44904"}],"curies":[{"name":"wp","href":"https:\/\/api.w.org\/{rel}","templated":true}]}}