{"id":44823,"date":"2026-01-07T22:50:06","date_gmt":"2026-01-07T22:50:06","guid":{"rendered":"https:\/\/fpvoleibol.pt\/fpv\/?p=44823"},"modified":"2026-01-12T10:27:38","modified_gmt":"2026-01-12T10:27:38","slug":"europeu-sub-18-portugueses-com-vitoria-epica","status":"publish","type":"post","link":"https:\/\/fpvoleibol.pt\/fpv\/2026\/01\/07\/europeu-sub-18-portugueses-com-vitoria-epica\/","title":{"rendered":"EUROPEU SUB-18: PORTUGUESES COM VIT\u00d3RIA \u00c9PICA"},"content":{"rendered":"<p><img loading=\"lazy\" decoding=\"async\" class=\"size-full wp-image-44854 aligncenter\" src=\"https:\/\/fpvoleibol.pt\/fpv\/wp-content\/uploads\/2026\/01\/portugal_vit_wevza_d.jpg\" alt=\"\" width=\"960\" height=\"640\" srcset=\"https:\/\/fpvoleibol.pt\/fpv\/wp-content\/uploads\/2026\/01\/portugal_vit_wevza_d.jpg 960w, https:\/\/fpvoleibol.pt\/fpv\/wp-content\/uploads\/2026\/01\/portugal_vit_wevza_d-300x200.jpg 300w, https:\/\/fpvoleibol.pt\/fpv\/wp-content\/uploads\/2026\/01\/portugal_vit_wevza_d-768x512.jpg 768w\" sizes=\"auto, (max-width: 960px) 100vw, 960px\" \/>O segundo dia de competi\u00e7\u00e3o da 1.\u00aa Ronda de Apuramento para o Campeonato da Europa de Sub-18 masculinos, disputada num Torneio da da WEVZA (Western European Volleyball Zonal Association) no Centro Cultural de Viana do Castelo, consagrou as selec\u00e7\u00f5es da Fran\u00e7a e da Espanha como as \u00fanicas ainda invictas&#8230; Uma delas, a aparentemente mais forte, defronta amanh\u00e3 (20h00) Portugal, que hoje conseguiu a sua primeira vit\u00f3ria (3-2) diante das altas torres neerlandesas. Uma vit\u00f3ria arrancada a ferros mas igualmente uma excelente prenda de anivers\u00e1rio para o Seleccionador Nacional, Diogo Rosa.<\/p>\n<p style=\"text-align: center;\"><a href=\"https:\/\/www-old.cev.eu\/Competition-Area\/MatchStatistics.aspx?ID=84747\"><span style=\"font-size: 16px;\">Pa\u00edses Baixos x Portugal, 2-3 (25-19, 23-25, 21-25, 25-18 e 12-15)<\/span><\/a><\/p>\n<p>Os neerlandeses come\u00e7aram melhor, com Johannes De Heij a conseguir aumentar a vantagem da sua equipa com um servi\u00e7o directo (6-3). Portugal respondeu \u00e0 altura, ficando \u00e0 dist\u00e2ncia de um mero ponto, com um \u00e1s de Aires Coelho e um bloco de Bernardo Oliveira (8-7).<br \/>\nMas os neerlandeses continuaram a mandar na zona da rede, onde Jayson Hansen somava pontos (11-8) e Portugal continuava a desperdi\u00e7\u00e1-los (15-11).<br \/>\nOs portugueses n\u00e3o conseguiam esconder o nervosismo e cometiam v\u00e1rios erros no ataque e disso se aproveitavam os neerlandeses para somarem pontos (21-15), com um servi\u00e7o directo. Na \u00e2nsia de recuperar terreno, Portugal arriscava no servi\u00e7o e seria com um erro neste fundamento que os Pa\u00edses Baixos chegariam \u00e0 vit\u00f3ria por 25-19.<br \/>\nNo segundo set, e ap\u00f3s um in\u00edcio equilibrado, Portugal conseguiu afastar-se um pouco com pontos de ataque rubricados por Erik Sales e Miguel Mota (6-3).<br \/>\nUm ataque de Aires Coelho manteve a vantagem (9-6). E um bloco do capit\u00e3o Vasco Redondo aumentou-a (11-6). Portugal atravessava o seu melhor per\u00edodo e era importante manter a consist\u00eancia que havia faltado at\u00e9 ent\u00e3o (13-7).<br \/>\nA confian\u00e7a dos neerlandeses ficou abalada e os erros come\u00e7aram a suceder-se (15-8, 18-10). Embora tardia, a reac\u00e7\u00e3o da equipa orientada por Arne Hendriks acabou por surgir, com a obten\u00e7\u00e3o de seis pontos consecutivos (18-16).<br \/>\nUm servi\u00e7o directo de Billy Suter levou os adeptos neerlandeses ao rubro (22-20). E ainda mais quando Sten Kooistra conseguiu um bloco (23-22). Miguel Mota e Gabriel Ribeiro selaram <em>finalmente<\/em> o primeiro triunfo de Portugal: 25-23.<br \/>\nNo terceiro set, dois ataques de Joa Valkema colocaram os Pa\u00edses Baixos na frente (2-0). Um ataque de segunda linha de Jayson Hansen aumentou o pec\u00falio (8-5).<br \/>\nPortugal foi atr\u00e1s do preju\u00edzo, mas acabaria por conseguir a igualdade num ataque de Miguel Mota e a lideran\u00e7a num bloco de Gabriel Ribeiro (10-10).<br \/>\nQuando Portugal chegou aos 15-12, o t\u00e9cnico Arne Hendriks viu-se obrigado a pedir um desconto de tempo para redefinir a estrat\u00e9gia neerlandesa. E a <em>laranja mec\u00e2nica<\/em> aproximou-se ainda mais (17-16).<br \/>\nBernardo Oliveira voltou a distanciar os portugueses, mas os Pa\u00edses Baixos lograram mesmo atingir a igualdade com um erro no ataque dos portugueses (19-19).<br \/>\nMas os portugueses n\u00e3o eram os \u00fanicos a sentir a press\u00e3o e dois erros no ataque cometidos pelos Pa\u00edses Baixos (22-20) funcionaram como um bal\u00e3o de oxig\u00e9nio para a turma das quinas, que conseguiu selar novo triunfo: 25-21.<br \/>\nPortugal come\u00e7ou melhor o quarto set (3-0), mas os Pa\u00edses Baixos n\u00e3o o deixaram distanciar-se mais (4-4), passando para a lideran\u00e7a pouco depois (7-6).<br \/>\nO equil\u00edbrio pontual manteve-se at\u00e9 aos 13 pontos. Depois, os neerlandeses encetaram uma fuga (16-13), comandados no ataque (18-14) e no bloco (20-15) por Jayson Hansen.<br \/>\nPortugal reagiu por interm\u00e9dio de Nuno Gon\u00e7alves e de Gabriel Ribeiro (20-17), mas os neerlandeses n\u00e3o deixaram fugir o triunfo que lhes dava a igualdade no jogo: 25-18.<br \/>\nNo quinto e decisivo set, Os Pa\u00edses Baixos come\u00e7aram por liderar; Portugal alcan\u00e7ou a igualdade (4-4), mas perdeu-a logo de seguida, com os neerlandeses a somarem tr\u00eas pontos sem resposta.<br \/>\nNova reac\u00e7\u00e3o e mais uma situa\u00e7\u00e3o de igualdade com um servi\u00e7o directo de Erik Sales (7-7). A lideran\u00e7a de Portugal estendeu-se aos 11-7, com um ataque de Nuno Gon\u00e7alves e um bloco individual. Aires Coelho fez o 12-8 e levou o p\u00fablico ao rubro.<br \/>\nMas os neerlandeses n\u00e3o deitaram a toalha ao ch\u00e3o, sobretudo Jayson Hansen (12-11). Portugal respondeu \u00e0 altura com Nuno Gon\u00e7alves (13-11), mas o a incerteza quanto ao desfecho do jogo pairava bem alto. Dois blocos consecutivos de Gabriel Ribeiro dissiparam as d\u00favidas e Poertugal rubricou a primeira vit\u00f3ria no Torneio WEVZA: 15-12.<\/p>\n<p><strong>Jayson Hansen <\/strong>e<strong> Erik Sales<\/strong>, respectivamente com 23 e 21 pontos, foram os melhores pontuadores dos Pa\u00edses Baixos e de Portugal. Ver estat\u00edstica <a href=\"https:\/\/www-old.cev.eu\/Competition-Area\/MatchStatistics.aspx?ID=84747\">AQUI<\/a><\/p>\n<p><span style=\"font-size: 16px;\"><strong>Diogo Rosa<\/strong>, treinador de Portugal:<br \/>\n&#8220;<em>Foi uma vit\u00f3ria arrancada a ferros mas extremamente importante, pois foi um dia em que conseguimos mostrar que temos argumentos para disputarmos estes jogos, com selec\u00e7\u00f5es deste n\u00edvel, e lutar para ganhar. Foi um dia de crescimento, que \u00e9 muito importante, sobretudo para enfrentar os pr\u00f3ximos dias. Amanh\u00e3, o jogo \u00e9 com a Fran\u00e7a, um advers\u00e1rio muito dif\u00edcil, que j\u00e1 mostrou nestes dois dias o n\u00edvel alto que consegue apresentar. A vit\u00f3ria de hoje traz-nos confian\u00e7a e vamos continuar a trabalhar como fizemos at\u00e9 agora e tentar disputar o resultado em todos os jogos<\/em>.&#8221;\u00a0<\/span><\/p>\n<p style=\"text-align: center;\"><img loading=\"lazy\" decoding=\"async\" class=\"size-full wp-image-44844 aligncenter\" src=\"https:\/\/fpvoleibol.pt\/fpv\/wp-content\/uploads\/2026\/01\/francaxale.jpg\" alt=\"\" width=\"960\" height=\"640\" srcset=\"https:\/\/fpvoleibol.pt\/fpv\/wp-content\/uploads\/2026\/01\/francaxale.jpg 960w, https:\/\/fpvoleibol.pt\/fpv\/wp-content\/uploads\/2026\/01\/francaxale-300x200.jpg 300w, https:\/\/fpvoleibol.pt\/fpv\/wp-content\/uploads\/2026\/01\/francaxale-768x512.jpg 768w\" sizes=\"auto, (max-width: 960px) 100vw, 960px\" \/><span style=\"text-decoration: underline;\"><span style=\"font-size: 10px;\"><strong>E v\u00e3o duas vit\u00f3rias consecutivas!<\/strong><\/span><\/span><br \/>\n<a href=\"https:\/\/www-old.cev.eu\/Competition-Area\/MatchStatistics.aspx?ID=84745\"><strong><span style=\"font-size: 16px;\">Fran\u00e7a x Alemanha, 3-0 (25-14, 25-21 e 25-20)<\/span><\/strong><\/a><\/p>\n<p><span style=\"font-size: 16px;\">A Fran\u00e7a come\u00e7ou muito bem o pr\u00e9lio com a Alemanha (4-0), com destaque para o servi\u00e7o directo de Yanis Marion e o bloco de Nathan Gabillard. Outro bloco, este do capit\u00e3o Matteo Mrozek, manteve a diferen\u00e7a (6-2).<br \/>\nOs germ\u00e2nicos reduziram para a diferen\u00e7a m\u00ednima ap\u00f3s uma jogada bem gizada e culminada por Maxim Mandic e, seguidamente, atrav\u00e9s de um servi\u00e7o directo de Luk Hansen e de um erro no ataque dos franceses (13-12).<br \/>\nEste ponto teve o cond\u00e3o de alertar os gauleses para o perigo que estavam a correr devido a alguns momentos de desconcentra\u00e7\u00e3o e a equipa orientada por Paul Cooper voltou a exibir a sua supremacia, com Nathan Gabillard a aumentar a contagem com um servi\u00e7o directo (19-12). Pouco depois o zona 4 fez a mesma <em>gracinha<\/em>, sentenciando o destino do set\u00a0 (22-12). Coube a Agrone Galante fixar o triunfo em 25-14 com um servi\u00e7o directo.<br \/>\n<\/span>A Alemanha entrou bem mais determinada no segundo set, com o capit\u00e3o Jascha Grafe a fazer o 4-0 com um servi\u00e7o directo.<br \/>\nOs tricolores alcan\u00e7aram a igualdade (8-8) com um ataque do inevit\u00e1vel Yanis Marion e passaram para a frente com um <em>amorti<\/em> de <span style=\"font-size: 16px;\">Nathan Gabillard (11-10).<br \/>\n<img loading=\"lazy\" decoding=\"async\" class=\" wp-image-44843 alignleft\" src=\"https:\/\/fpvoleibol.pt\/fpv\/wp-content\/uploads\/2026\/01\/francaxale2.jpg\" alt=\"\" width=\"369\" height=\"246\" srcset=\"https:\/\/fpvoleibol.pt\/fpv\/wp-content\/uploads\/2026\/01\/francaxale2.jpg 960w, https:\/\/fpvoleibol.pt\/fpv\/wp-content\/uploads\/2026\/01\/francaxale2-300x200.jpg 300w, https:\/\/fpvoleibol.pt\/fpv\/wp-content\/uploads\/2026\/01\/francaxale2-768x512.jpg 768w\" sizes=\"auto, (max-width: 369px) 100vw, 369px\" \/>Mas os alem\u00e3es queriam continuar a lutar <em>mano a mano<\/em> e mostravam-se resilientes (17-17). O <em>sprint<\/em> final dos gauleses come\u00e7ou com um <em>amorti<\/em> do seu capit\u00e3o (20-18). Kajus Kleiner ainda conseguiu reaproximar os germ\u00e2nicos (21-20), mas nada conseguiria impedir nova vit\u00f3ria dos franceses: 25-18, com um ataque do central Lilian Julien.<br \/>\nO terceiro parcial come\u00e7ou mal&#8230; com uma sucess\u00e3o de servi\u00e7os desperdi\u00e7ados pelas duas equipas, sobretudo pela germ\u00e2nica (8-7).<br \/>\nDois pontos no ataque rubricados por Matteo Mrozek distanciaram <em>finalmente<\/em> os franceses (10-7). Um servi\u00e7o de Lilian Julien aumentou a vantagem (14-10).<br \/>\nDois pontos de Kajus Kleiner, reaproximaram os alem\u00e3es, que, contudo, continuavam a mostrar-se muito perdul\u00e1rios no servi\u00e7o \u2013 registaram 20 erros neste fundamento \u2013, e os franceses aproveitaram para se afastar ainda mais (20-14) e terminar o jogo em beleza, com um um ataque ao centro de Martin Rospide: 25-20.<\/span><\/p>\n<p><strong><span style=\"font-size: 16px;\">Matteo Mrozek<\/span><\/strong><span style=\"font-size: 16px;\"> e <strong>Kajus Kleiner<\/strong>, respectivamente com 19 e 8 pontos, foram os melhores pontuadores da Fran\u00e7a e da Alemanha. Ver estat\u00edstica <a href=\"https:\/\/www-old.cev.eu\/Competition-Area\/MatchStatistics.aspx?ID=84745\">AQUI<\/a><\/span><\/p>\n<p style=\"text-align: center;\"><a href=\"https:\/\/www.cev.eu\/match-centres\/cev-u18-volleyball-european-championship-2026\/cev-u18-volleyball-european-championship-2026-men\/wm1-05-belgium-v-spain\/\"><span style=\"font-size: 16px;\"><strong><img loading=\"lazy\" decoding=\"async\" class=\"size-full wp-image-44850 aligncenter\" src=\"https:\/\/fpvoleibol.pt\/fpv\/wp-content\/uploads\/2026\/01\/Espanhavencebelgica.jpg\" alt=\"\" width=\"960\" height=\"640\" srcset=\"https:\/\/fpvoleibol.pt\/fpv\/wp-content\/uploads\/2026\/01\/Espanhavencebelgica.jpg 960w, https:\/\/fpvoleibol.pt\/fpv\/wp-content\/uploads\/2026\/01\/Espanhavencebelgica-300x200.jpg 300w, https:\/\/fpvoleibol.pt\/fpv\/wp-content\/uploads\/2026\/01\/Espanhavencebelgica-768x512.jpg 768w\" sizes=\"auto, (max-width: 960px) 100vw, 960px\" \/>B\u00e9lgica x Espanha, 1-3 (21-25, 22-25, 25-16 e 20-25)<\/strong><\/span><\/a><\/p>\n<p>A Espanha entrou melhor (5-2), mas dois pontos (ataque e bloco) do capit\u00e3o belga, Joppe Rauwoens, aproximaram as equipas (5-4). Contudo, ap\u00f3s uma sucess\u00e3o de erros, os belgas come\u00e7aram a ficar para tr\u00e1s no marcador (10-6).<br \/>\nInconformado com a situa\u00e7\u00e3o, Viktor Van Esbroeck fez dois swervi\u00e7os directos e igualou, para logo de seguida um bloco de Jannes Strobbe guindar a B\u00e9lgica \u00e0 lideran\u00e7a (13-11).<br \/>\nAt\u00e9 \u00e0 entrada para a recta final do set, o jogo continuou a ser pautado pelo equil\u00edbrio, embora sempre com algum ascendente dos espanh\u00f3is, que acabariam por selar o triunfo com tr\u00eas pontos do seu <em>artilheiro de servi\u00e7o<\/em>, Roger Monzo: 25-21.<br \/>\nA Espanha reentrou em campo apostada em vencer como mais rapidez o segundo set. Construiu uma pequena vantagem (9-5) e, aproveitando os sucessivos erros no servi\u00e7o cometidos pelo seu advers\u00e1rio, afastou-se ainda mais (14-9).<br \/>\nPressionada, a B\u00e9lgica acabou por se revelar mais eficaz e somou preciosos pontos no bloco e servi\u00e7o, obrigando o t\u00e9cnico colombiano Fredison Mosquera a reunir com os seus pupilos espanh\u00f3is, o que n\u00e3o impediu os belgas de chegarem \u00e0 igualdade aos 15 pontos. E passarem para lideran\u00e7a pouco depois (18-17).<br \/>\nPor\u00e9m. acabaria por ser sol de pouca dura, j\u00e1 que <em>nuestros hermanitos<\/em> assumiram as r\u00e9deas do jogo (20-18) e rubricaram novo triunfo com um ataque de Alejandro Hernandez: 25-22.<br \/>\nOs belgas entraram bem neste set decisivo. Eficazes no bloco e aproveitando os erros do ataque espanhol cedo ganharam vantagem (5-0).<br \/>\nA B\u00e9lgica aumentou a dist\u00e2ncia com um bloco (9-3), sendo que cinco pontos tinham origem em erros dos espanh\u00f3is. Isso n\u00e3o invalidava o bom momento dos pupilos de Dries Meurisse, que continuaram a dominar as opera\u00e7\u00f5es, sobretudo as protagonizadas junto da rede, onde pontificava Jannes Strobbe\u00a0 (14-6, 17-7).<br \/>\nEmbora a Espanha tenha feito algumas altera\u00e7\u00f5es que visivelmente a enfraqueceram, a verdade \u00e9 que levou uma aut\u00eantica li\u00e7\u00e3o neste parcial, totalmente dominado pela B\u00e9lgica: 25-16, fixado com um erro dos espanh\u00f3is.<br \/>\nAp\u00f3s um in\u00edcio marcado pelo equil\u00edbrio (5-5, 10-10), com predomin\u00e2ncia para as jogadas de ataque, onde eram somados mais pontos, a Espanha logrou distanciar-se um pouco (13-10). E ainda mais ap\u00f3s um ataque de Aleix Bernia (17-11).<br \/>\nA vencer por 20-13, a Espanha viu o seu advers\u00e1rio galgar algum terreno (21-16) e tratou de selar a vit\u00f3ria antes que fosse trade demais: 25-20, com um ataque de Aleix Bernia.<\/p>\n<p><span style=\"font-size: 16px;\">O espanhol <strong>Roger Monzo<\/strong>, com 16 pontos, e os belgas <strong>Jannes Strobbe <\/strong>e<strong> Evan Dubru<\/strong>, ambos com 14, foram os melhores pontuadores das respectivas equipas. Ver a estat\u00edstica <a href=\"https:\/\/www-old.cev.eu\/Competition-Area\/MatchStatistics.aspx?ID=84746\">AQUI<\/a><\/span><\/p>\n<p style=\"text-align: center;\"><strong><span style=\"font-size: 16px;\">Viana do Castelo, uma cidade que respira Voleibol<\/span><\/strong><\/p>\n<p><span style=\"font-size: 16px;\">Organizada pela FPV em colabora\u00e7\u00e3o com o Munic\u00edpio vianense, a competi\u00e7\u00e3o \u00e9 um passo crucial no caminho para a fase final em It\u00e1lia, a disputar em Julho de 2026. O primeiro lugar no Torneio WEVZA garante o apuramento direto para a fase final. Caso n\u00e3o consigam apurar-se diretamente, as outras selec\u00e7\u00f5es ter\u00e3o nova oportunidade na 2.\u00aa Ronda, a realizar de 26 a 29 de Mar\u00e7o do pr\u00f3ximo ano.<\/span><\/p>\n<p><span style=\"font-size: 16px;\">A Selec\u00e7\u00e3o Portuguesa, orientada por Diogo Rosa, ter\u00e1 pela frente todo um conjunto de advers\u00e1rios de peso, defrontando sucessivamente as suas cong\u00e9neres da B\u00e9lgica, Pa\u00edses Baixos, Fran\u00e7a, Espanha e Alemanha.<\/span><\/p>\n<p><span style=\"font-size: 16px;\">A moderna infraestrutura desportiva onde se disputar\u00e3o os jogos \u00e9 um local com tradi\u00e7\u00e3o no Voleibol internacional. Acolheu, por exemplo, a Pool D de Qualifica\u00e7\u00e3o para o Campeonato da Europa de Sub-20 Masculinos em 2022, onde Portugal garantiu o apuramento invicto. O pavilh\u00e3o tem sido um local de elei\u00e7\u00e3o para a FPV, que a\u00ed organizou provas seniores como a European Golden League e European Silver League em 2022 e 2023, bem como torneios internacionais WEVZA de Sub-17 e Sub-16 femininos em anos anteriores. Al\u00e9m das sele\u00e7\u00f5es, o recinto recebe anualmente o Viana Volley Cup, um torneio de clubes e forma\u00e7\u00e3o que atrai centenas de atletas.<\/span><\/p>\n<p><span style=\"font-size: 16px;\"><strong>Pedidos de acredita\u00e7\u00e3o para jornalistas\/fot\u00f3grafos<\/strong> <a href=\"https:\/\/fpvoleibol.pt\/fpv\/competicoes\/imprensa\/\">AQUI<\/a> e toda a informa\u00e7\u00e3o em <a href=\"https:\/\/fpvoleibol.pt\/fpv\/competicoes\/torneio-wevza-sub18\/\">fpvoleibol.pt\/fpv\/competicoes\/torneio-wevza-sub18\/<\/a><\/span><\/p>\n<p style=\"text-align: center;\"><span style=\"font-size: 16px;\">Todos os jogos ser\u00e3o transmitidos em directo na <a href=\"https:\/\/www.youtube.com\/playlist?list=PLZj9Hth2JEaDhFcR1vkj_MFipfT0-4iB7\">Volei TV<\/a><\/span><\/p>\n<p style=\"text-align: center;\"><span style=\"background-color: #000000; color: #ffffff; font-size: 16px;\"><strong>Europeu 2026: 1.\u00aa Ronda &#8211; WEVZA<br \/>\n<\/strong>Jogos no <strong>Centro Cultural de Viana do Castelo<\/strong>.<\/span><\/p>\n<table class=\" aligncenter\">\n<thead>\n<tr>\n<td><span style=\"font-size: 16px;\"><strong>Data<\/strong><\/span><\/td>\n<td><span style=\"font-size: 16px;\"><strong>Jogos<\/strong><\/span><\/td>\n<\/tr>\n<\/thead>\n<tbody>\n<tr>\n<td><span style=\"font-size: 16px;\"><strong>06\/01\/2026<\/strong><\/span><\/td>\n<td><span style=\"font-size: 16px;\"><strong>15:00:<\/strong> Alemanha x Espanha, 0-3<\/span><br \/>\n<span style=\"font-size: 16px;\"><strong>17:30:<\/strong> Pa\u00edses Baixos x Fran\u00e7a, 1-3<\/span><br \/>\n<span style=\"font-size: 16px;\"><strong>20:00:<\/strong> Portugal x B\u00e9lgica, 0-3<\/span><\/td>\n<\/tr>\n<tr>\n<td><span style=\"font-size: 16px;\"><strong>07\/01\/2026<\/strong><\/span><\/td>\n<td><span style=\"font-size: 16px;\"><strong>15:00:<\/strong> Fran\u00e7a x Alemanha, 3-0<\/span><br \/>\n<span style=\"font-size: 16px;\"><strong>17:30:<\/strong> B\u00e9lgica x Espanha, 1-3<\/span><br \/>\n<span style=\"font-size: 16px;\"><strong>20:00:<\/strong> Pa\u00edses Baixos x Portugal, 2-3<\/span><\/td>\n<\/tr>\n<tr>\n<td><span style=\"font-size: 16px;\"><strong>08\/01\/2026<\/strong><\/span><\/td>\n<td><span style=\"font-size: 16px;\"><strong>15:00:<\/strong> B\u00e9lgica x Alemanha<\/span><br \/>\n<span style=\"font-size: 16px;\"><strong>17:30:<\/strong> Espanha x Pa\u00edses Baixos<\/span><br \/>\n<span style=\"font-size: 16px;\"><strong>20:00:<\/strong> Portugal x Fran\u00e7a<\/span><\/td>\n<\/tr>\n<tr>\n<td><span style=\"font-size: 16px;\"><strong>09\/01\/2026<\/strong><\/span><\/td>\n<td><span style=\"font-size: 16px;\"><strong>15:00:<\/strong> Fran\u00e7a x B\u00e9lgica<\/span><br \/>\n<span style=\"font-size: 16px;\"><strong>17:30:<\/strong> Alemanha x Pa\u00edses Baixos<\/span><br \/>\n<span style=\"font-size: 16px;\"><strong>20:00:<\/strong> Portugal x Espanha<\/span><\/td>\n<\/tr>\n<tr>\n<td><span style=\"font-size: 16px;\"><strong>10\/01\/2026<\/strong><\/span><\/td>\n<td><span style=\"font-size: 16px;\"><strong>15:00:<\/strong> Espanha x Fran\u00e7a<\/span><br \/>\n<span style=\"font-size: 16px;\"><strong>17:30:<\/strong> B\u00e9lgica x Pa\u00edses Baixos<\/span><br \/>\n<span style=\"font-size: 16px;\"><strong>20:00:<\/strong> Portugal x Alemanha<\/span><\/td>\n<\/tr>\n<\/tbody>\n<\/table>\n<p style=\"text-align: center;\"><span style=\"background-color: #000000; color: #000000; font-size: 16px;\"><u><span style=\"color: #ffffff;\">CONVOCADOS:<\/span><br \/>\n<\/u><\/span><br \/>\n<span style=\"text-decoration: underline; font-size: 16px;\"><strong>AA Espinho<\/strong><\/span><br \/>\n<span style=\"font-size: 16px;\">Aires Coelho<\/span><\/p>\n<p style=\"text-align: center;\"><span style=\"text-decoration: underline; font-size: 16px;\"><strong>AA S. Mamede<\/strong><\/span><br \/>\n<span style=\"font-size: 16px;\">Afonso Coelho<\/span><\/p>\n<p style=\"text-align: center;\"><span style=\"text-decoration: underline; font-size: 16px;\"><strong>Ala de Nun&#8217;\u00c1lvares de Gondomar<\/strong><\/span><br \/>\n<span style=\"font-size: 16px;\">Gabriel Ribeiro<\/span><br \/>\n<span style=\"font-size: 16px;\">Jo\u00e3o Carvalho<\/span><br \/>\n<span style=\"font-size: 16px;\">Nuno Gon\u00e7alves<\/span><br \/>\n<span style=\"font-size: 16px;\">Vasco Redondo<\/span><\/p>\n<p style=\"text-align: center;\"><span style=\"text-decoration: underline; font-size: 16px;\"><strong>Cast\u00ealo da Maia GC<\/strong><\/span><br \/>\n<span style=\"font-size: 16px;\">Duarte Teixeira<\/span><\/p>\n<p style=\"text-align: center;\"><span style=\"text-decoration: underline; font-size: 16px;\"><strong>CD P\u00f3voa<\/strong><\/span><br \/>\n<span style=\"font-size: 16px;\">Lu\u00eds Dias<\/span><\/p>\n<p style=\"text-align: center;\"><span style=\"text-decoration: underline; font-size: 16px;\"><strong>Esmoriz GC<\/strong><\/span><br \/>\n<span style=\"font-size: 16px;\">Jo\u00e3o Dami\u00e3o<\/span><\/p>\n<p style=\"text-align: center;\"><span style=\"text-decoration: underline; font-size: 16px;\"><strong>GDC Gueif\u00e3es<\/strong><\/span><br \/>\n<span style=\"font-size: 16px;\">Miguel Teixeira<\/span><\/p>\n<p style=\"text-align: center;\"><span style=\"text-decoration: underline; font-size: 16px;\"><strong>MG Volei Clube<\/strong><\/span><br \/>\n<span style=\"font-size: 16px;\">Miguel Mota<\/span><\/p>\n<p style=\"text-align: center;\"><span style=\"text-decoration: underline; font-size: 16px;\"><strong>SC Espinho<\/strong><\/span><br \/>\n<span style=\"font-size: 16px;\">Tom\u00e1s Gomes<\/span><\/p>\n<p style=\"text-align: center;\"><span style=\"text-decoration: underline; font-size: 16px;\"><strong>SL Benfica<\/strong><\/span><br \/>\n<span style=\"font-size: 16px;\">Erik Sales<\/span><\/p>\n<p style=\"text-align: center;\"><span style=\"text-decoration: underline; font-size: 16px;\"><strong>Sporting CP<\/strong><\/span><br \/>\n<span style=\"font-size: 16px;\">Bernardo Oliveira<\/span><\/p>\n<p style=\"text-align: center;\"><span style=\"background-color: #000000; color: #ffffff; font-size: 16px;\">Equipa t\u00e9cnica<\/span><\/p>\n<p style=\"text-align: center;\"><span style=\"font-size: 16px;\"><strong>Treinador principal<\/strong> \u2013 Diogo Rosa<\/span><br \/>\n<span style=\"font-size: 16px;\"><strong>Treinador Adjunto<\/strong> \u2013 Leandro Antunes<\/span><br \/>\n<span style=\"font-size: 16px;\"><strong>Scouter<\/strong> \u2013 Bruno Leite<\/span><br \/>\n<span style=\"font-size: 16px;\"><strong>Fisioterapeuta<\/strong> \u2013 Guilherme Aguiar<\/span><br \/>\n<span style=\"font-size: 16px;\"><span style=\"text-decoration: underline;\"><strong>\u00c1rbitros portugueses<\/strong><\/span>: Nuno Maia (AVB), Ricardo Ferreira (AVP) e Nuno Teixeira (AVB).<\/span><\/p>\n","protected":false},"excerpt":{"rendered":"<p>O segundo dia de competi\u00e7\u00e3o da 1.\u00aa Ronda de Apuramento para o Campeonato da Europa de Sub-18 masculinos, disputada num Torneio da da WEVZA (Western European Volleyball Zonal Association) no [&hellip;]<\/p>\n","protected":false},"author":2,"featured_media":44853,"comment_status":"open","ping_status":"open","sticky":false,"template":"","format":"standard","meta":{"_monsterinsights_skip_tracking":false,"_monsterinsights_sitenote_active":false,"_monsterinsights_sitenote_note":"","_monsterinsights_sitenote_category":0,"footnotes":""},"categories":[13,8,31],"tags":[142,50],"class_list":{"0":"post-44823","1":"post","2":"type-post","3":"status-publish","4":"format-standard","5":"has-post-thumbnail","7":"category-arbitragem","8":"category-voleibol","9":"category-voleitv","10":"tag-europeu-de-sub-18-masculinos","11":"tag-wevza","12":"czr-hentry"},"aioseo_notices":[],"_links":{"self":[{"href":"https:\/\/fpvoleibol.pt\/fpv\/wp-json\/wp\/v2\/posts\/44823","targetHints":{"allow":["GET"]}}],"collection":[{"href":"https:\/\/fpvoleibol.pt\/fpv\/wp-json\/wp\/v2\/posts"}],"about":[{"href":"https:\/\/fpvoleibol.pt\/fpv\/wp-json\/wp\/v2\/types\/post"}],"author":[{"embeddable":true,"href":"https:\/\/fpvoleibol.pt\/fpv\/wp-json\/wp\/v2\/users\/2"}],"replies":[{"embeddable":true,"href":"https:\/\/fpvoleibol.pt\/fpv\/wp-json\/wp\/v2\/comments?post=44823"}],"version-history":[{"count":18,"href":"https:\/\/fpvoleibol.pt\/fpv\/wp-json\/wp\/v2\/posts\/44823\/revisions"}],"predecessor-version":[{"id":44859,"href":"https:\/\/fpvoleibol.pt\/fpv\/wp-json\/wp\/v2\/posts\/44823\/revisions\/44859"}],"wp:featuredmedia":[{"embeddable":true,"href":"https:\/\/fpvoleibol.pt\/fpv\/wp-json\/wp\/v2\/media\/44853"}],"wp:attachment":[{"href":"https:\/\/fpvoleibol.pt\/fpv\/wp-json\/wp\/v2\/media?parent=44823"}],"wp:term":[{"taxonomy":"category","embeddable":true,"href":"https:\/\/fpvoleibol.pt\/fpv\/wp-json\/wp\/v2\/categories?post=44823"},{"taxonomy":"post_tag","embeddable":true,"href":"https:\/\/fpvoleibol.pt\/fpv\/wp-json\/wp\/v2\/tags?post=44823"}],"curies":[{"name":"wp","href":"https:\/\/api.w.org\/{rel}","templated":true}]}}