{"id":44411,"date":"2025-12-09T16:12:43","date_gmt":"2025-12-09T16:12:43","guid":{"rendered":"https:\/\/fpvoleibol.pt\/fpv\/?p=44411"},"modified":"2025-12-09T17:04:49","modified_gmt":"2025-12-09T17:04:49","slug":"portugueses-no-mundo-157","status":"publish","type":"post","link":"https:\/\/fpvoleibol.pt\/fpv\/2025\/12\/09\/portugueses-no-mundo-157\/","title":{"rendered":"PORTUGUESES NO MUNDO"},"content":{"rendered":"<p><img loading=\"lazy\" decoding=\"async\" class=\"size-full wp-image-44419 aligncenter\" src=\"https:\/\/fpvoleibol.pt\/fpv\/wp-content\/uploads\/2025\/12\/dreamteam_romenia_dez25.jpg\" alt=\"\" width=\"960\" height=\"852\" srcset=\"https:\/\/fpvoleibol.pt\/fpv\/wp-content\/uploads\/2025\/12\/dreamteam_romenia_dez25.jpg 960w, https:\/\/fpvoleibol.pt\/fpv\/wp-content\/uploads\/2025\/12\/dreamteam_romenia_dez25-300x266.jpg 300w, https:\/\/fpvoleibol.pt\/fpv\/wp-content\/uploads\/2025\/12\/dreamteam_romenia_dez25-768x682.jpg 768w\" sizes=\"auto, (max-width: 960px) 100vw, 960px\" \/>O SCM Zalau, de <strong>Filip Cveticanin<\/strong>, consolidou a lideran\u00e7a na <a href=\"https:\/\/frv-web.dataproject.com\/CompetitionHome.aspx?ID=65\">Divizia A1<\/a>, a I Divis\u00e3o Romena, ao receber e vencer, pela margem m\u00e1xima (<a href=\"https:\/\/frv-web.dataproject.com\/MatchStatistics.aspx?mID=3483&amp;ID=65&amp;CID=142&amp;PID=68&amp;type=LegList\">3-0: 25-23, 25-19 e 25-21<\/a>), o CSU Stiinta Politehnica Bucuresti. O central da Selec\u00e7\u00e3o Nacional contribuiu com 8 pontos (4 ataques e 4 blocos), <em>performance<\/em> que lhe permitiu integrar a equipa da jornada (<span style=\"font-size: 12px;\"><strong>Imagem: <\/strong><a href=\"https:\/\/frv-web.dataproject.com\/CompetitionHome.aspx?ID=65\"><strong>FRV<\/strong><\/a><\/span>).<br \/>\nNa 9.\u00aa jornada, agendada para o dia 13 de Dezembro, o Zalau visita o CS Unirea Dej, actual 9.\u00ba classificado.<br \/>\nNa Challenge Cup, o Zalau come\u00e7a a <a href=\"https:\/\/www.cev.eu\/match-centres\/2026-european-cups\/cev-volleyball-challenge-cup-2026-men\/chcm-67-budva-budva-v-scm-zalau\/\">defrontar hoje<\/a>, nos 16 avos-de-final, os montenegrinos do Budva Budva.<br \/>\n<strong>Filip Cveticanin <\/strong>\u00e9 o jogador que regista o n\u00famero mais elevado de<a href=\"https:\/\/frv-web.dataproject.com\/BestPlayerRankingComplete.aspx?ID=65&amp;rt=6\"> blocos<\/a> no campeonato romeno.<\/p>\n<p>Na Liga Polaca, o Aluron CMC Warta Zawiercie, de <strong>Miguel Tavares Rodrigues<\/strong>,\u00a0perdeu (<a href=\"https:\/\/www.plusliga.pl\/games\/action\/show\/id\/1104594.html#stats\">1-3: 26-28, 29-27, 26-28 e 18-25<\/a>) na desloca\u00e7\u00e3o ao recinto do PGE Giek SKRA Belchat\u00f3w, mas seguidamente venceu, pela diferen\u00e7a maior (<a href=\"https:\/\/www.plusliga.pl\/games\/action\/show\/id\/1104622.html#stats\">3-0: 25-14, 25-19 e 25-18<\/a>), na recep\u00e7\u00e3o ao Slepsk Malow Suwalki.<br \/>\nDevido \u00e0 participa\u00e7\u00e3o na <a href=\"https:\/\/championsleague.cev.eu\/en\/men\/\">CEV Champions League<\/a> e no <a href=\"https:\/\/en.volleyballworld.com\/volleyball\/competitions\/club-world-championship-men\/schedule\/#fromDate=2025-12-16\">Campeonato Mundial de Clubes<\/a> \u2013 a disputar de 16 a 21 de Dezembro em Bel\u00e9m, no Brasil \u2013, onde come\u00e7a por defrontar os brasileiros do V\u00f4lei Renata e Praia Clube e o Al-Rayyan, do Catar, o Zawiercie s\u00f3 volta a jogar para o campeonato no dia 3 de Janeiro, altura em que visitar\u00e1 o PGE Projekt Warszawa. Segue-se a desloca\u00e7\u00e3o ao recinto do Steam Hemarpol Politechnika Cz\u0119stochowa, no dia 4 de Fevereiro.<br \/>\nAmanh\u00e3, o <a href=\"https:\/\/championsleague.cev.eu\/en\/history\/2025\/men\/\">finalista da \u00faltima edi\u00e7\u00e3o<\/a> enfrenta o Asseco Resovia Rzesz\u00f3w, em mais um escaldante d\u00e9rbi polaco. Na Pool D da 4.\u00aa Ronda da <a href=\"https:\/\/championsleague.cev.eu\/en\/men\/\">CEV Champions League<\/a>, o Warta Zawiercie, que lidera a classifica\u00e7\u00e3o da <a href=\"https:\/\/www.plusliga.pl\/strona-glowna.html\">PlusLiga<\/a> (com mais dois jogos disputados do que o 2.\u00ba classificado), ainda ir\u00e1 defrontar o <strong>Sporting Clube de Portugal<\/strong>, campe\u00e3o portugu\u00eas em t\u00edtulo, e a equipa alem\u00e3 do SVG Luneburg. Ver not\u00edcia <a href=\"https:\/\/fpvoleibol.pt\/fpv\/2025\/12\/09\/sporting-estreia-para-a-historia\/\">aqui<\/a><\/p>\n<p>Na\u00a0<a href=\"https:\/\/lottovolleyleague.be\/nl\/\">Lotto Volley League<\/a>\u00a0(Liga Belga), o Lindemans Aalst, de <strong>Nuno Marques<\/strong>, venceu pela margem m\u00e1xima (<a href=\"https:\/\/lottovolleyleague.be\/nl\/klassement-liga-heren\">3-0: 25-20, 25-21 e 25-18<\/a>) na visita ao Thuismakers Brabo Antwerp VT, com o zona 4 da Selec\u00e7\u00e3o Nacional a contabilizou 12 pontos, todos no ataque, com uma efic\u00e1cia de 63 por cento.<br \/>\nNo dia 14 de Dezembro, e em jogo da 10.\u00aa jornada, o Aalst (5.\u00ba) visita o Volley Haasrode Leuven (3.\u00ba).<br \/>\nNos 16 avos-de-final da Challenge Cup, o Aalst venceu hoje, <span style=\"background-color: #ffffff;\">por <a href=\"https:\/\/www-old.cev.eu\/Competition-Area\/MatchStatistics.aspx?ID=82146\">3-0 (25-17, 25-22 e 25-23)<\/a><\/span>, o Khilasedichi Baku no Azerbaij\u00e3o, com 8 pontos rubricados pelo portugu\u00eas.<\/p>\n<p>No Jap\u00e3o, o Tokyo Great Bears, de <strong>Alexandre Ferreira<\/strong>, perdeu os dois jogos na visita ao Osaka Bluteon, equipa treinada pela antiga<em> estrela<\/em> finlandesa Tuomas Sammelvuo e l\u00edder do campeonato nip\u00f3nico. No primeiro (<a href=\"https:\/\/www.svleague.jp\/en\/form\/b\/33147\">1-3: 22-25, 25-23, 24-26 e 20-25<\/a>), o capit\u00e3o da Selec\u00e7\u00e3o Nacional cotou-se como o quarto melhor pontuador do jogo ao obter 11 pontos (10 ataques e 1 servi\u00e7o). No segundo, que o Osaka venceu por <a href=\"https:\/\/www.svleague.jp\/en\/form\/b\/33148\">3-2 (25-21, 19-25, 26-28, 28-26 e 15-11<\/a>), Alex voltou a ser o 4.\u00ba melhor pontuador ao registar 15 pontos (13 ataques e 2 servi\u00e7os).<br \/>\nNa pr\u00f3xima ronda, o Tokyo,\u00a0que ocupa actualmente o 6.\u00ba lugar na <a href=\"https:\/\/www.svleague.jp\/en\/sv_men\/match\/list\">SV.League<\/a>, visita nos dias 27 e 28 de Dezembro o VC Nagano Tridents (8.\u00ba).<\/p>\n<p>Em Fran\u00e7a, o SAEMS Tourcoing Volley-Ball Lille M\u00e9tropole, de <strong>Bruno Dias<\/strong>, venceu, consecutivamente, o Tours VB (<a href=\"https:\/\/www.lnv.fr\/pdf\/2025\/DataVolley\/Men\/MSL058-2026.pdf\">3-2: 16-25, 25-21, 25-17, 23-25 e 15-13<\/a>) \u2013 campe\u00e3o em t\u00edtulo e vencedor da Superta\u00e7a 2025, que tem nas suas fileiras o treinador portugu\u00eas David Sousa \u2013 e o Narbonne (<a href=\"https:\/\/www.lnv.fr\/pdf\/2025\/DataVolley\/Men\/MSL069-2026.pdf\">3-1: 25-19, 25-15, 25-27 e 29-27<\/a>), com 5 pontos (3 blocos e 2 ataques) da autoria do distribuidor lusitano.<br \/>\nNa 11.\u00aa jornada, o Tourcoing, que subiu ao 2.\u00ba lugar na classifica\u00e7\u00e3o da <a href=\"https:\/\/www.lnv.fr\/accueil\">Marmara SpikeLeague<\/a>, visita o Plessis-Robinson (4.\u00ba) no dia 13 de Dezembro.<br \/>\nNa Ta\u00e7a CEV, o Tourcoing visita, amanh\u00e3, os belgas do Greenyard Maaseik, na primeira m\u00e3o dos 16 avos-de-final.<br \/>\nPor seu turno, o Martigues VB, de <strong>Andr\u00e9 Pereira<\/strong>, refor\u00e7ou a lideran\u00e7a da <a href=\"https:\/\/www.lnv.fr\/competitions\/ligue-b-masculine\">Ligue B Masculine<\/a> ao triunfar (<a href=\"https:\/\/www.lnv.fr\/pdf\/2025\/DataVolley\/Men\/LBM047-2026.pdf\">3-0: 25-23, 25-17 e 25-21<\/a>) na visita ao Fr\u00e9jus. O zona 4 internacional, que \u00e9 3.\u00ba classificado na lista dos <a href=\"https:\/\/lnv-web.dataproject.com\/BestPlayerRankingComplete.aspx?ID=126&amp;rt=5\">melhores no servi\u00e7o<\/a>, registou 15 pontos (12 ataques e 3 servi\u00e7os).<br \/>\nNa 10.\u00aa ronda, a disputar no dia 12 de Dezembro, o Martigues, que folgou na ronda anterior, visita o Rennes (9.\u00ba).<\/p>\n<p>Em It\u00e1lia, o Volleyball Casalmaggiore, de <strong>J\u00falia Kavalenka<\/strong>, que ocupa a 9.\u00aa e \u00faltima posi\u00e7\u00e3o na S\u00e9rie A2 italiana (<a href=\"https:\/\/www.legavolleyfemminile.it\/\">Serie A2 Tigot\u00e0 Girone A<\/a>), perdeu pela diferen\u00e7a maior (<a href=\"https:\/\/www.legavolleyfemminile.it\/match-center\/747665\/\">0-3: 18-25, 19-25 e 23-25<\/a>) na visita ao Narconon Volley Melendugno. A oposta portuguesa foi a melhor pontuadora da sua equipa, tendo contabilizado 9 pontos, todos no ataque.<br \/>\nNa 12.\u00aa jornada, agendada para o dia 10 de Dezembro, visita o SMI Roma Volley (4.\u00ba).<\/p>\n<p>Na Alemanha, e ainda sem poder contar com o central portugu\u00eas, que se encontra lesionado, o Helios Grizzlys Giesen, de <strong>Miguel Sinfr\u00f3nio<\/strong>, perdeu em casa, por <a href=\"https:\/\/www.volleyball-bundesliga.de\/uploads\/80fc6dcf-5878-471d-be15-3646a73856f4\">0-3 (17-25, 24-26 e 18-25)<\/a> com o SVG Luneburg, equipa que ir\u00e1 receber o <span style=\"text-decoration: underline;\">Sporting Clube de Portugal<\/span> na primeira jornada da <a href=\"https:\/\/championsleague.cev.eu\/en\/men\/#4th-round\">Pool D<\/a> da Liga dos Campe\u00f5es, e seguidamente em Friburgo (<a href=\"https:\/\/www.volleyball-bundesliga.de\/uploads\/03fd5fab-6d09-4cb8-8e9d-63f1e3b79ea4\">1-3: 18-25, 27-25, 22-25 e 27-29<\/a>).<br \/>\nNo dia 12 de Dezembro, o Giesen, que caiu para o 6.\u00ba lugar na\u00a0<a href=\"https:\/\/www.volleyball-bundesliga.de\/cms\/home\/1_bundesliga_maenner\/statistik\/tabelle\/hauptrunde.xhtml\">1. Bundesliga Manner<\/a>, recebe o ASV Dachau (13.\u00ba).<\/p>\n<p><span style=\"text-decoration: underline;\">Atletas \/ t\u00e9cnicos que actuam no estrangeiro e\/ou com<b> *inscri\u00e7\u00e3o em 2025\/2026<\/b>:<\/span><\/p>\n<p><strong><span style=\"text-decoration: underline;\">Processo conclu\u00eddo<\/span><\/strong><\/p>\n<p><a href=\"https:\/\/tokyo-greatbears.com\/\">Tokyo Great Bears (Jap\u00e3o)<\/a> \u2013 Alexandre Ferreira<br \/>\n<a href=\"https:\/\/www.aluroncmc.pl\/\" target=\"_blank\" rel=\"noopener noreferrer\">Aluron Warta Zawiercie (Pol\u00f3nia)<\/a> \u2013 Miguel Tavares Rodrigues<br \/>\n<a href=\"https:\/\/tourcoing-volley.com\/\">SAEMS Tourcoing Volley-Ball Lille M\u00e9tropole (Fran\u00e7a)<\/a> \u2013 Bruno Dias<br \/>\n<a href=\"https:\/\/www.martiguesvolleyball.fr\/\">Martigues VB (Fran\u00e7a)<\/a> \u2013 Andr\u00e9 Pereira<br \/>\n<a href=\"https:\/\/www.lindemansaalst.be\/\">Lindemans Aalst (B\u00e9lgica<\/a>) \u2013 Nuno Marques<br \/>\n<a href=\"https:\/\/scmzalau.ro\/volei\/\">Sport Club Municipal Zalau (Rom\u00e9nia)<\/a>\u00a0\u2013 Filip Cveticanin<br \/>\n<a href=\"https:\/\/knackvolley.be\/knack-b-2\/\">Knack Volley Roeselare (B\u00e9lgica)<\/a> \u2013 Eduardo Brito<br \/>\n<a href=\"https:\/\/homeofgrizzlys.de\/\">Helios Grizzlys Giesen (Alemanha)<\/a>\u00a0\u2013 Miguel Sinfr\u00f3nio<br \/>\n<a href=\"https:\/\/www.volleyballcasalmaggiore.it\/\">Volleyball Casalmaggiore SSDRL (It\u00e1lia)<\/a> \u2013 J\u00falia Kavalenka<br \/>\n<a href=\"https:\/\/www.volleynaefels.ch\">Volley Nafels (Su\u00ed\u00e7a)<\/a> \u2013 Manuel Figueiredo<br \/>\n<a href=\"https:\/\/vbcgeneve.ch\/\">VBC Etoile-Gen\u00e8ve (Su\u00ed\u00e7a)<\/a> \u2013Filipe Sousa<br \/>\n<a style=\"color: #001b2e;\" href=\"https:\/\/okmaribor.si\/\">OK i-Vent Maribor (Eslov\u00e9nia)<\/a>\u00a0\u2013 Gustavo Cavalcanti<br \/>\n<a href=\"https:\/\/www.uvcgraz.at\/\">UVC Holding Graz (\u00c1ustria)<\/a> \u2013 Jos\u00e9 Jardim<br \/>\n<a href=\"https:\/\/www.volerolecannet.fr\/fr\/\">Volero Le Cannet (Fran\u00e7a)<\/a> \u2013 Nilda Hungulo Matuca<br \/>\n<a href=\"https:\/\/www.volleylugano.ch\/\">Volley Lugano (Su\u00ed\u00e7a)\u00a0<\/a>\u2013 Marta Hurst<br \/>\n<a href=\"https:\/\/ssovbc.ch\/\">VBC Servette Star-Onex (Su\u00ed\u00e7a)<\/a> \u2013 Arthur Galipeau<br \/>\n<a href=\"https:\/\/vbcgeneve.ch\/\">VBC Etoile-Gen\u00e8ve (Su\u00ed\u00e7a)<\/a> \u2013 Andr\u00e9 Mata<br \/>\n<a href=\"https:\/\/www.vopap.ch\/\">Volleyball Papiermuhle (Su\u00ed\u00e7a)<\/a> \u2013 Henrique Sousa<br \/>\n<a href=\"https:\/\/volley.sg\/\">STV Saint-Gallen (Su\u00ed\u00e7a)<\/a> \u2013 Dinis Braga da Cruz<br \/>\n<a href=\"https:\/\/volleyball.org.kw\/en\/\">Al-Yarmouk Sports Club (Kuwait)<\/a> \u2013 Jos\u00e9 Gomes<br \/>\n<a href=\"https:\/\/www.uspvolleyball.fr\/senior-feminine\/\">US Palaiseau (Fran\u00e7a)<\/a> \u2013 Sara Teodoro<br \/>\n<a href=\"https:\/\/www.facebook.com\/epinalgolbeyvolleyball\/\">Epinal Golbey VB (Fran\u00e7a)<\/a> \u2013 Andr\u00e9 Mata<br \/>\n<a href=\"https:\/\/evvsm.com\/newsite\/\">Volley Vernon Saint-Marcel (Fran\u00e7a)<\/a> \u2013 Ecaterina Ursu<br \/>\n<a href=\"https:\/\/www.cosf-sports.com\/page\/1546914-accueil\">Club Omnisports de Saint-Fons (Fran\u00e7a<\/a>) \u2013 Natalia Herasymiv<br \/>\n<a href=\"https:\/\/rvb-volleyball.sportsregions.fr\/\">Rieux-Villers-Brenouille Volley (Fran\u00e7a)<\/a> \u2013 Mafalda Baptista Martins<br \/>\n<a href=\"https:\/\/www.facebook.com\/polvolley\">Postillon Olympique Longjumellois (Fran\u00e7a)<\/a> \u2013 Beatriz Silva<br \/>\n<a href=\"https:\/\/www.fcschuettorf09.de\/\">FC Sch\u00fcttorf 09 (Alemanha)<\/a> \u2013 Jos\u00e9 Vinha<br \/>\n<a href=\"https:\/\/www.evv2000.de\/\">Erkelenzer Volleyball Verein (Alemanha)<\/a> \u2013 Lu\u00eds Gra\u00e7a<br \/>\n<a href=\"https:\/\/www.ftm-schwabing.org\/volleyball\/\">FTM Schwabing eV (Alemanha)<\/a> \u2013 Gon\u00e7alo Nuno Biltes<br \/>\n<a href=\"https:\/\/www.vfr-umkirch.de\/news\/volleyball\">VfR Umkirch 1923 (Alemanha)<\/a> \u2013 Mariana Guimar\u00e3es<br \/>\n<a href=\"https:\/\/www.vfr-umkirch.de\/news\/volleyball\">VfR Umkirch 1923 (Alemanha)<\/a> \u2013 Andreia Guimar\u00e3es<br \/>\n<a href=\"https:\/\/www.facebook.com\/oper.volleyb\/\">Neos Omilos Petosfairisis Rethymnou (Gr\u00e9cia)<\/a> \u2013 Beatriz Machado<br \/>\n<a href=\"https:\/\/www.facebook.com\/bunniesvolley\">Budapest Bunnies (Hungria)<\/a> \u2013 Liliana Almeida<br \/>\n<a href=\"https:\/\/www.littlegiantsvc.com\/\">Little Giants Volleyball Club (Inglaterra)<\/a> \u2013 Mia Lima<br \/>\n<a href=\"https:\/\/dartfordvolleyballclub.co.uk\/\">Dartford VB (Inglaterra)<\/a> \u2013 Mariana Santos<br \/>\n<a href=\"https:\/\/southamptonvolleyball.co.uk\/\">Southampton Volleyball Club (Inglaterra)<\/a> \u2013 Dina Grosu<br \/>\n<a href=\"https:\/\/southamptonvolleyball.co.uk\/\">Southampton Volleyball Club (Inglaterra)<\/a>\u00a0\u2013 Ema Sofia Carneiro<br \/>\n<a href=\"https:\/\/southamptonvolleyball.co.uk\/\">Southampton Volleyball Club (Inglaterra)<\/a>\u00a0\u2013 Maria Lima Antunes<br \/>\n<a href=\"https:\/\/southamptonvolleyball.co.uk\/\">Southampton Volleyball Club (Inglaterra)<\/a> \u2013 Iara Amaral<br \/>\n<a href=\"https:\/\/www.nottinghamrocketsvolleyball.co.uk\/\">Nottingham Rockets (Inglaterra)<\/a> \u2013 Vasco Liz\u00e1rio<br \/>\n<a href=\"https:\/\/www.volleyballengland.org\/competitions\/volleyball\">Cambridge ARU (Inglaterra)<\/a> &#8211; Nicoly Weiwanko<br \/>\n<a href=\"https:\/\/www.facebook.com\/stockportvolleyball\/\">Stockport VB (Inglaterra)<\/a> \u2013 Teresa Lima<br \/>\n<a href=\"https:\/\/www.facebook.com\/TeamSouthWales\/\">Team South Wales (Inglaterra)<\/a> \u2013 Jos\u00e9 Castro<br \/>\n<a href=\"https:\/\/spelthornevc.co.uk\/\">Spelthorne VC (Inglaterra)<\/a> \u2013 Jo\u00e3o Moreira<br \/>\n<a href=\"https:\/\/www.inter-volleyball.net\/\">Inter Volleyball Club (Inglaterra)<\/a> \u2013 Genoveva Lopes<br \/>\n<a href=\"https:\/\/www.dartfordvolleyballclub.co.uk\/\">Dartford Volleyball Club (Inglaterra)<\/a> \u2013 Mariana Cruz Santos<br \/>\n<a href=\"http:\/\/www.darkstarvolleyball.com\/our-teams\/male-player\/\">Darkstar Derbyshire (Inglaterra)<\/a> \u2013 Marcelo Goulart<br \/>\n<a href=\"https:\/\/rsrwalfer.lu\/\">RSR Walfer (Luxemburgo)<\/a> \u2013 Ashley Rose Fantazia<br \/>\n<a href=\"https:\/\/volleyball-echternach.lu\/\">VB Echternach (Luxemburgo)<\/a> \u2013 Daniel Amorim<br \/>\n<a href=\"https:\/\/volley-diekirch.lu\/\">CHEV Diekirch (Luxemburgo)<\/a> \u2013 D\u00e9bora Duarte<br \/>\n<a href=\"https:\/\/www.facebook.com\/VolleyClubBelair\/\">VC Belair (Luxemburgo)<\/a> \u2013 Carlos Castro<br \/>\n<a href=\"https:\/\/vcs.lu\/\">VC Strassen (Luxemburgo)<\/a> \u2013 Miguel Silva<br \/>\n<a href=\"https:\/\/lyngby-gladsaxe.dk\/default.aspx\">Lyngby-Gladsaxe Volley (Dinamarca)<\/a> \u2013\u00a0Luna Santos<br \/>\n<a href=\"https:\/\/lyngby-gladsaxe.dk\/default.aspx\">Lyngby-Gladsaxe Volley (Dinamarca)<\/a> \u2013 Matilde Cerqueira<\/p>\n<p>(&#8230;)<\/p>\n<p><span style=\"text-decoration: underline;\"><span class=\"auto-style7\"><strong>Treinadores\/Scouters<\/strong><\/span><\/span>:<br \/>\n<a href=\"https:\/\/www.facebook.com\/toursvolleyball\">Tours VB (Fran\u00e7a)<\/a> \u2013 David Sousa<br \/>\n<a href=\"https:\/\/www.volleymulhousealsace.fr\/equipe-pro\/composition\/\">Volley Mulhouse Alsace (Fran\u00e7a)<\/a> \u2013 Andr\u00e9 S\u00e1<br \/>\n<a href=\"https:\/\/praiaclube.org.br\/dentil-praia-clube\/\">Dentil Praia Clube (Brasil)<\/a> \u2013 Rui Moreira<br \/>\n<a href=\"https:\/\/volleyluzern.ch\/leistungssport\/damennl?b=1002373&amp;c=GD1000018&amp;s=djEtbTal9p4VVhMe131XEMJ_U9o1cNNfe0zxan71wdQHJDI=\">Volley Luzern (Su\u00ed\u00e7a)<\/a> \u2013 Filipe Carrasco Soares<br \/>\n<a style=\"color: #001b2e;\" href=\"https:\/\/www.volerolecannet.fr\/fr\/\">Volero Le Cannet (Fran\u00e7a)<\/a>\u00a0\u2013 H\u00e9lder Louren\u00e7o<br \/>\n<a href=\"https:\/\/www.facebook.com\/Cork-Volleyball-Academy-100484505416947\/\">Cork Volleyball Academy (Irlanda)<\/a> \u2013 Ant\u00f3nio Barros<br \/>\n<a style=\"color: #001b2e;\" href=\"http:\/\/bvc-volei.org\/site\/\">Barueri Volleyball Club (Brasil)<\/a>\u00a0\u2013 Bruno Leite<\/p>\n<p style=\"text-align: center;\"><strong>\u00c1rbitros portugueses em ac\u00e7\u00e3o<br \/>\nnas competi\u00e7\u00f5es internacionais<\/strong><\/p>\n<p><strong>V\u00edtor Gon\u00e7alves<\/strong><br \/>\nPGE Projekt Warszawa (Pol\u00f3nia) x Cucine Lube Civitanova (It\u00e1lia), da Pool D da Liga dos Campe\u00f5es masculinos, no dia 21 de Janeiro de 2026.<br \/>\nEczacibasi Istanbul (Turquia) x Numia Vero Volley Milano (It\u00e1lia), da Pool C da Liga dos Campe\u00f5es femininos, no dia 7 de Janeiro de 2026.<br \/>\nKS Developres Rzeszow (Pol\u00f3nia) x SSC Palmberg Scherin (Alemanha), da Pool E da Liga dos Campe\u00f5es femininos, no dia 4 de Fevereiro de 2026.<\/p>\n<p><strong>Ricardo Ferreira<br \/>\n<\/strong>Trentino Itas (It\u00e1lia) x Tours (Fran\u00e7a), da Pool A da Liga dos Campe\u00f5es masculinos, no dia 29 de Janeiro de 2026.<br \/>\nFenerbah\u00e7e Medicana Istanbul (Turquia) x Igor Gorgonzola Novara (It\u00e1lia), da Pool B da Liga dos Campe\u00f5es femininos, no 13 de Janeiro de 2026.<br \/>\nVolley Haasrode Leuven (B\u00e9lgica) x Montpellier (Fran\u00e7a), da Pool E da Liga dos Campe\u00f5es masculinos, no dia 18 de Fevereiro de 2026.<\/p>\n<p><strong>Raquel Portela<\/strong><br \/>\nGuaguas Las Palmas (Espanha) x VK Lvi Praha (Ch\u00e9quia), da Pool C da Liga dos Campe\u00f5es masculinos, no dia 21 de Janeiro de 2026.<\/p>\n<p><strong>Sofia Costa<\/strong><br \/>\nEmalsa Gran Canaria (Espanha) x OK Nebo Zapresic (Cro\u00e1cia), dos oitavos-de-final da Challenge Cup, no dia 8 de Janeiro de 2026.<\/p>\n<p><strong>Pedro Pinto<\/strong><br \/>\nGuaguas Las Palmas (Espanha) x Sir Sicoma Monini Perugia (It\u00e1lia), da Pool C da Liga dos Campe\u00f5es masculinos, no dia 7 de Janeiro de 2026.<br \/>\nAnkara Zeren Spor Kul\u00fcb\u00fc (Turquia) x A. Carraro Prosecco DOC Conegliano (It\u00e1lia), da Pool D da Liga dos Campe\u00f5es femininos, no dia 27 de Janeiro de 2026.<br \/>\nTours (Fran\u00e7a) x Ziraat Bankkart Ankara (Turquia), da Pool A da Liga dos Campe\u00f5es masculinos, no dia 11 de Fevereiro de 2026.<\/p>\n<p><strong>Nuno Teixeira<\/strong><br \/>\nTourcoing Lille M\u00e9tropole (Fran\u00e7a) x Equipa apurada na fase anterior, da Ta\u00e7a CEV masculinos \u2013 16 avos-de-final, no dia 6 de Janeiro de 2026.<\/p>\n<p><strong>Nuno Maia<\/strong><br \/>\nVolley Mulhouse Alsace (Fran\u00e7a) x MBH B\u00e9k\u00e9scsaba (Hungria) x dos oitavos-de-final da Ta\u00e7a CEV femininos, no dia 14 de Janeiro de 2026.<\/p>\n<p><strong>Jos\u00e9 Caramez<br \/>\n<\/strong>Vandoeuvre Nancy VB (Fran\u00e7a) x Reale Mutua Fenera Chieri&#8217;76 (It\u00e1lia), dos oitavos-de-final da Ta\u00e7a CEV femininos, no dia 7 de Janeiro de 2026.<br \/>\nOlympiakos Piraeus (Gr\u00e9cia) x Draisma Dynamo Apeldoorn (Pa\u00edses Baixos), dos 16 avos-de-final da Ta\u00e7a CEV masculinos, no dia 10 de Dezembro.<\/p>\n<p style=\"text-align: center;\">Mais informa\u00e7\u00f5es em\u00a0<a href=\"http:\/\/www.cev.eu\/\">cev.eu<\/a><\/p>\n","protected":false},"excerpt":{"rendered":"<p>O SCM Zalau, de Filip Cveticanin, consolidou a lideran\u00e7a na Divizia A1, a I Divis\u00e3o Romena, ao receber e vencer, pela margem m\u00e1xima (3-0: 25-23, 25-19 e 25-21), o CSU [&hellip;]<\/p>\n","protected":false},"author":2,"featured_media":44420,"comment_status":"open","ping_status":"open","sticky":false,"template":"","format":"standard","meta":{"_monsterinsights_skip_tracking":false,"_monsterinsights_sitenote_active":false,"_monsterinsights_sitenote_note":"","_monsterinsights_sitenote_category":0,"footnotes":""},"categories":[13,8],"tags":[],"class_list":{"0":"post-44411","1":"post","2":"type-post","3":"status-publish","4":"format-standard","5":"has-post-thumbnail","7":"category-arbitragem","8":"category-voleibol","9":"czr-hentry"},"aioseo_notices":[],"_links":{"self":[{"href":"https:\/\/fpvoleibol.pt\/fpv\/wp-json\/wp\/v2\/posts\/44411","targetHints":{"allow":["GET"]}}],"collection":[{"href":"https:\/\/fpvoleibol.pt\/fpv\/wp-json\/wp\/v2\/posts"}],"about":[{"href":"https:\/\/fpvoleibol.pt\/fpv\/wp-json\/wp\/v2\/types\/post"}],"author":[{"embeddable":true,"href":"https:\/\/fpvoleibol.pt\/fpv\/wp-json\/wp\/v2\/users\/2"}],"replies":[{"embeddable":true,"href":"https:\/\/fpvoleibol.pt\/fpv\/wp-json\/wp\/v2\/comments?post=44411"}],"version-history":[{"count":15,"href":"https:\/\/fpvoleibol.pt\/fpv\/wp-json\/wp\/v2\/posts\/44411\/revisions"}],"predecessor-version":[{"id":44435,"href":"https:\/\/fpvoleibol.pt\/fpv\/wp-json\/wp\/v2\/posts\/44411\/revisions\/44435"}],"wp:featuredmedia":[{"embeddable":true,"href":"https:\/\/fpvoleibol.pt\/fpv\/wp-json\/wp\/v2\/media\/44420"}],"wp:attachment":[{"href":"https:\/\/fpvoleibol.pt\/fpv\/wp-json\/wp\/v2\/media?parent=44411"}],"wp:term":[{"taxonomy":"category","embeddable":true,"href":"https:\/\/fpvoleibol.pt\/fpv\/wp-json\/wp\/v2\/categories?post=44411"},{"taxonomy":"post_tag","embeddable":true,"href":"https:\/\/fpvoleibol.pt\/fpv\/wp-json\/wp\/v2\/tags?post=44411"}],"curies":[{"name":"wp","href":"https:\/\/api.w.org\/{rel}","templated":true}]}}