{"id":44209,"date":"2025-11-26T14:00:35","date_gmt":"2025-11-26T14:00:35","guid":{"rendered":"https:\/\/fpvoleibol.pt\/fpv\/?p=44209"},"modified":"2025-11-26T15:04:34","modified_gmt":"2025-11-26T15:04:34","slug":"liga-solverde-pt-50","status":"publish","type":"post","link":"https:\/\/fpvoleibol.pt\/fpv\/2025\/11\/26\/liga-solverde-pt-50\/","title":{"rendered":"LIGA SOLVERDE.pt"},"content":{"rendered":"<p><img loading=\"lazy\" decoding=\"async\" class=\"size-full wp-image-28511 aligncenter\" src=\"https:\/\/fpvoleibol.pt\/fpv\/wp-content\/uploads\/2023\/10\/website_ligasolverde2_d.jpg\" alt=\"\" width=\"960\" height=\"542\" srcset=\"https:\/\/fpvoleibol.pt\/fpv\/wp-content\/uploads\/2023\/10\/website_ligasolverde2_d.jpg 960w, https:\/\/fpvoleibol.pt\/fpv\/wp-content\/uploads\/2023\/10\/website_ligasolverde2_d-300x169.jpg 300w, https:\/\/fpvoleibol.pt\/fpv\/wp-content\/uploads\/2023\/10\/website_ligasolverde2_d-768x434.jpg 768w, https:\/\/fpvoleibol.pt\/fpv\/wp-content\/uploads\/2023\/10\/website_ligasolverde2_d-528x297.jpg 528w\" sizes=\"auto, (max-width: 960px) 100vw, 960px\" \/>A 8.\u00aa jornada da 1.\u00aa Fase da <a href=\"https:\/\/fpv-web.dataproject.com\/CompetitionHome.aspx?ID=127\"><span style=\"text-decoration: underline;\"><strong>Liga Solverde.pt 2025\/2026<\/strong><\/span><\/a> tem motivos de sobra para ser seguida com especial interesse, pois poder\u00e1 provocar altera\u00e7\u00f5es nos lugares cimeiros. Assim, dois jogos sobressaem dos demais: o SL Benfica x Leix\u00f5es SC, que op\u00f5e as campe\u00e3s nacionais, actualmente no 4.\u00ba lugar, \u00e0s <em>sereias<\/em> de Matosinhos, vice-l\u00edderes e ainda invictas, e o PV 2014\/Col\u00e9gio Efanor (7.\u00ba) x FC Porto (1.\u00ba), que ser\u00e1 transmitido em directo na <a href=\"http:\/\/www.volei.tv\">Volei TV<\/a> e <span style=\"color: #ff0000;\">A Bola TV<\/span>.<br \/>\nAtentas a estes importantes embates v\u00e3o estar as <em>Guerreiras<\/em> bracarenses (5.\u00ba), que visitam as a\u00e7orianas do Clube K (8.\u00ba).<\/p>\n<p style=\"text-align: center;\"><span style=\"text-decoration: underline;\"><strong><img loading=\"lazy\" decoding=\"async\" class=\"size-full wp-image-44215 aligncenter\" src=\"https:\/\/fpvoleibol.pt\/fpv\/wp-content\/uploads\/2025\/11\/PVEfanorxFCP_2d.jpg\" alt=\"\" width=\"960\" height=\"540\" srcset=\"https:\/\/fpvoleibol.pt\/fpv\/wp-content\/uploads\/2025\/11\/PVEfanorxFCP_2d.jpg 960w, https:\/\/fpvoleibol.pt\/fpv\/wp-content\/uploads\/2025\/11\/PVEfanorxFCP_2d-300x169.jpg 300w, https:\/\/fpvoleibol.pt\/fpv\/wp-content\/uploads\/2025\/11\/PVEfanorxFCP_2d-768x432.jpg 768w, https:\/\/fpvoleibol.pt\/fpv\/wp-content\/uploads\/2025\/11\/PVEfanorxFCP_2d-528x297.jpg 528w\" sizes=\"auto, (max-width: 960px) 100vw, 960px\" \/>1.\u00aa Fase<\/strong><\/span><\/p>\n<p style=\"text-align: center;\"><span style=\"background-color: #000000; color: #ffffff;\"><span style=\"text-decoration: underline;\"><strong>8<\/strong>.\u00aa Jornada<\/span>*<\/span><\/p>\n<p><span style=\"text-decoration: underline;\"><strong>29.11.2025<\/strong><\/span><br \/>\n<strong>15h00<\/strong> \u2013 Clube Kair\u00f3s x SC Braga, no Compl. Desp. Laranjeiras.<br \/>\n<strong>16h00<\/strong> \u2013 CD Fi\u00e3es x Vit\u00f3ria SC, no Pav. Municipal de Fi\u00e3es.<br \/>\n<span style=\"text-decoration: underline;\"><strong>30.11.2025<\/strong><\/span><br \/>\n<strong>15h00<\/strong> \u2013 Sporting CP x Esmoriz GC, no Pav. Jo\u00e3o Rocha.<br \/>\n<strong>18h00<\/strong> \u2013 PV 2014\/Col\u00e9gio Efanor x FC Porto, no Pav. Col\u00e9gio Efanor \u2013 transmiss\u00e3o em directo na <a href=\"https:\/\/youtu.be\/Knfh7S3aDPQ\">Volei TV<\/a> e n&#8217;<span style=\"color: #ff0000;\">A Bola TV<\/span>.<br \/>\n<strong>16h00<\/strong> \u2013 Cast\u00ealo da Maia GC x AA S. Mamede, no Pav. C. Maia GC.<br \/>\n<strong>17h00<\/strong> \u2013 SL Benfica x Leix\u00f5es SC, no Pav. N.\u00ba 2 do Est\u00e1dio da Luz.<\/p>\n<p style=\"text-align: center;\"><span style=\"background-color: #000000; color: #ffffff;\">TODAS AS INFORMA\u00c7\u00d5ES<\/span><\/p>\n<p style=\"text-align: center;\"><strong>Resultados<\/strong>,<strong>\u00a0Live Streaming\u00a0<\/strong>e<strong>\u00a0Estat\u00edstica<\/strong> em <a href=\"https:\/\/fpv-web.dataproject.com\/CompetitionHome.aspx?ID=127\">https:\/\/fpv-web.dataproject.com\/CompetitionHome.aspx?ID=127<\/a><br \/>\n<strong>**Calend\u00e1rio\u00a0<\/strong>e<strong>\u00a0Classifica\u00e7\u00e3o<\/strong>\u00a0em\u00a0<a href=\"https:\/\/www.portugalvoleibol.com\/classificacao\/\">https:\/\/www.portugalvoleibol.com\/classificacao\/<\/a><br \/>\n<strong>\u00c1rbitros nomeados<\/strong>\u00a0(actualizado \u00e0 quinta-feira) em\u00a0<a href=\"https:\/\/fpvoleibol.pt\/fpv\/arbitragem\/nomeacoes\/\">https:\/\/fpvoleibol.pt\/fpv\/arbitragem\/nomeacoes\/<\/a><br \/>\n<strong>Regulamento de Seniores<\/strong>\u00a0<a href=\"https:\/\/www.fpvoleibol.pt\/regulamentos\/reg_esc_seniores_.pdf\">AQUI<\/a><br \/>\n<span style=\"font-size: 8pt;\"><strong>*Hor\u00e1rios poder\u00e3o sofrer altera\u00e7\u00f5es<\/strong><\/span><\/p>\n","protected":false},"excerpt":{"rendered":"<p>A 8.\u00aa jornada da 1.\u00aa Fase da Liga Solverde.pt 2025\/2026 tem motivos de sobra para ser seguida com especial interesse, pois poder\u00e1 provocar altera\u00e7\u00f5es nos lugares cimeiros. Assim, dois jogos [&hellip;]<\/p>\n","protected":false},"author":2,"featured_media":28213,"comment_status":"open","ping_status":"open","sticky":false,"template":"","format":"standard","meta":{"_monsterinsights_skip_tracking":false,"_monsterinsights_sitenote_active":false,"_monsterinsights_sitenote_note":"","_monsterinsights_sitenote_category":0,"footnotes":""},"categories":[13,8,31],"tags":[176,113],"class_list":{"0":"post-44209","1":"post","2":"type-post","3":"status-publish","4":"format-standard","5":"has-post-thumbnail","7":"category-arbitragem","8":"category-voleibol","9":"category-voleitv","10":"tag-epoca-2025-2026","11":"tag-liga-solverde-pt","12":"czr-hentry"},"aioseo_notices":[],"_links":{"self":[{"href":"https:\/\/fpvoleibol.pt\/fpv\/wp-json\/wp\/v2\/posts\/44209","targetHints":{"allow":["GET"]}}],"collection":[{"href":"https:\/\/fpvoleibol.pt\/fpv\/wp-json\/wp\/v2\/posts"}],"about":[{"href":"https:\/\/fpvoleibol.pt\/fpv\/wp-json\/wp\/v2\/types\/post"}],"author":[{"embeddable":true,"href":"https:\/\/fpvoleibol.pt\/fpv\/wp-json\/wp\/v2\/users\/2"}],"replies":[{"embeddable":true,"href":"https:\/\/fpvoleibol.pt\/fpv\/wp-json\/wp\/v2\/comments?post=44209"}],"version-history":[{"count":3,"href":"https:\/\/fpvoleibol.pt\/fpv\/wp-json\/wp\/v2\/posts\/44209\/revisions"}],"predecessor-version":[{"id":44217,"href":"https:\/\/fpvoleibol.pt\/fpv\/wp-json\/wp\/v2\/posts\/44209\/revisions\/44217"}],"wp:featuredmedia":[{"embeddable":true,"href":"https:\/\/fpvoleibol.pt\/fpv\/wp-json\/wp\/v2\/media\/28213"}],"wp:attachment":[{"href":"https:\/\/fpvoleibol.pt\/fpv\/wp-json\/wp\/v2\/media?parent=44209"}],"wp:term":[{"taxonomy":"category","embeddable":true,"href":"https:\/\/fpvoleibol.pt\/fpv\/wp-json\/wp\/v2\/categories?post=44209"},{"taxonomy":"post_tag","embeddable":true,"href":"https:\/\/fpvoleibol.pt\/fpv\/wp-json\/wp\/v2\/tags?post=44209"}],"curies":[{"name":"wp","href":"https:\/\/api.w.org\/{rel}","templated":true}]}}