{"id":44199,"date":"2025-11-25T17:55:45","date_gmt":"2025-11-25T17:55:45","guid":{"rendered":"https:\/\/fpvoleibol.pt\/fpv\/?p=44199"},"modified":"2025-11-25T17:55:45","modified_gmt":"2025-11-25T17:55:45","slug":"turcas-de-outro-nivel-na-liga-dos-campeoes","status":"publish","type":"post","link":"https:\/\/fpvoleibol.pt\/fpv\/2025\/11\/25\/turcas-de-outro-nivel-na-liga-dos-campeoes\/","title":{"rendered":"TURCAS DE OUTRO N\u00cdVEL NA LIGA DOS CAMPE\u00d5ES"},"content":{"rendered":"<p><img loading=\"lazy\" decoding=\"async\" class=\"size-full wp-image-44205 aligncenter\" src=\"https:\/\/fpvoleibol.pt\/fpv\/wp-content\/uploads\/2025\/11\/fenerx_SLBenfica_d.jpg\" alt=\"\" width=\"960\" height=\"640\" srcset=\"https:\/\/fpvoleibol.pt\/fpv\/wp-content\/uploads\/2025\/11\/fenerx_SLBenfica_d.jpg 960w, https:\/\/fpvoleibol.pt\/fpv\/wp-content\/uploads\/2025\/11\/fenerx_SLBenfica_d-300x200.jpg 300w, https:\/\/fpvoleibol.pt\/fpv\/wp-content\/uploads\/2025\/11\/fenerx_SLBenfica_d-768x512.jpg 768w\" sizes=\"auto, (max-width: 960px) 100vw, 960px\" \/>A equipa de seniores femininos do <strong>Sport Lisboa e Benfica<\/strong> enfrentou hoje o seu primeiro grande desafio na fase de grupos da <strong><a href=\"https:\/\/championsleague.cev.eu\/en\/women\/#4th-round\">Liga dos Campe\u00f5es<\/a><\/strong>: o <strong>Fenerbah\u00e7e Medicana Istanbul<\/strong>, equipa turca com grandes pergaminhos nas competi\u00e7\u00f5es internacionais.<\/p>\n<p>J\u00e1 se sabia que as <em>\u00e1guias<\/em> n\u00e3o iam ter a vida f\u00e1cil na Pool B da 4.\u00aa Ronda da <em>Champions<\/em>. Hoje, na Turquia, e mesmo sem utilizarem a credenciada Melissa Vargas, as locais mostraram que querem lutar pelo primeiro lugar no grupo e venceram pela margem m\u00e1xima (<a href=\"https:\/\/www-old.cev.eu\/Competition-Area\/MatchStatistics.aspx?ID=82560\">3-0: 25-18, 25-19 e 25-12<\/a>), apesar da boa r\u00e9plica das campe\u00e3s portuguesas.<br \/>\nA zona 4 russa <strong>Arina Federovtseva<\/strong>, de apenas 21 anos mas com 1.96 metros de altura, foi a melhor pontuadora, com 21 pontos, 6 dos quais conseguidos no servi\u00e7o, seguida da oposta norte-america Yaasmeen Bedart-Ghani (1.93 m), com 13 pontos, enquanto a z4 turca Cansu Cetin e a z4 brasileira Mayara silva, ambas com 10 pontos, foram as jogadoras do Benfica mais concretizadoras. Ver estat\u00edstica <a href=\"https:\/\/www-old.cev.eu\/Competition-Area\/MatchStatistics.aspx?ID=82560\">AQUI<\/a><\/p>\n<p>O pr\u00f3ximo jogo, agendado para 3 de Dezembro, em Lisboa, ser\u00e1 igualmente complicado.\u00a0\u00a0As actuais campe\u00e3s nacionais, que fazem a sua estreia na fase de grupos desta competi\u00e7\u00e3o, ir\u00e3o receber as polacas do <strong>PGE Budowlani Lodz<\/strong>, uma equipa que atingiu os quartos-de-final da competi\u00e7\u00e3o na \u00e9poca passada. Mais informa\u00e7\u00f5es <a href=\"https:\/\/www.cev.eu\/match-centres\/2026-european-cups\/cev-champions-league-volley-2026-women\/clvw-32-sport-lisboa-e-benfica-v-pge-budowlani-lodz\/\">AQUI<\/a><\/p>\n<p>A qualifica\u00e7\u00e3o para esta fase de grupos \u00e9 um marco in\u00e9dito na hist\u00f3ria recente do clube da Luz, somando-se a feitos anteriores como <span style=\"text-decoration: underline;\">a chegada aos quartos-de-final da antiga Ta\u00e7a dos Clubes Campe\u00f5es Europeus em 1968, e aos oitavos em 1970 e 1973.<\/span> Este feito hist\u00f3rico segue-se \u00e0 conquista do primeiro t\u00edtulo de campe\u00e3o nacional em 50 anos e a uma presta\u00e7\u00e3o promissora na Challenge Cup na \u00e9poca anterior, onde atingiu os quartos-de-final, perdendo para as eventuais vice-campe\u00e3s do Reale Mutua Fenera Chieri\u201976, de It\u00e1lia.<\/p>\n<p>Embora esta seja a sua primeira apari\u00e7\u00e3o desta equipa no mais alto n\u00edvel na Europa, na \u00e9poca passada as <em>encarnadas<\/em> mostraram sinais de grande progresso ao chegarem aos quartos-de-final da Challenge Cup,<\/p>\n<p><img loading=\"lazy\" decoding=\"async\" class=\" wp-image-44203 alignleft\" src=\"https:\/\/fpvoleibol.pt\/fpv\/wp-content\/uploads\/2025\/11\/cansu_cetin_home.jpg\" alt=\"\" width=\"441\" height=\"262\" srcset=\"https:\/\/fpvoleibol.pt\/fpv\/wp-content\/uploads\/2025\/11\/cansu_cetin_home.jpg 960w, https:\/\/fpvoleibol.pt\/fpv\/wp-content\/uploads\/2025\/11\/cansu_cetin_home-300x178.jpg 300w, https:\/\/fpvoleibol.pt\/fpv\/wp-content\/uploads\/2025\/11\/cansu_cetin_home-768x456.jpg 768w\" sizes=\"auto, (max-width: 441px) 100vw, 441px\" \/>O seu plantel inclui a turca <span style=\"text-decoration: underline;\">Cansu Cetin<\/span> \u2013 que venceu a <em>Champions League<\/em> com o VakifBank Istanbul em 2017 e para quem os jogos com o Fenerbah\u00e7e ser\u00e3o verdadeiramente especiais, uma vez que a atacante vestiu a camisola dos <em>Anjos Amarelos<\/em> otomanos de 2020 a 2024.<br \/>\nO seu actual treinador, o brasileiro <strong>Henrique Furtado<\/strong>, chegou \u00e0 final da Champions League masculina com os polacos do Jastrzeski Wegiel em 2022\/2023 e 2023\/2024 (vice-campe\u00e3o em ambas as campanhas) como treinador-adjunto. Como parte da equipa t\u00e9cnica dos brasileiros do Sada Cruzeiro, venceu o Campeonato Mundial de Clubes da FIVB em 2013 e 2015.<\/p>\n<p>Na Champions 2026, o Benfica superou as rondas de qualifica\u00e7\u00e3o, incluindo uma vit\u00f3ria no <em>Golden Set<\/em>, vincando o seu progresso. No entanto, o n\u00edvel dos advers\u00e1rios na Pool B \u00e9 o mais alto do Voleibol europeu. O grupo \u00e9 marcado pela rivalidade entre duas pot\u00eancias do Voleibol feminino: Turquia e It\u00e1lia.<\/p>\n<p>O <strong>Fenerbah\u00e7e Medicana Istanbul<\/strong>, campe\u00e3o em 2012, atingiu as eliminat\u00f3rias em 13 das suas 15 participa\u00e7\u00f5es. O plantel turco est\u00e1 recheado de estrelas, incluindo Alessia Orro, MVP do Campeonato do Mundo e m\u00faltiplas vezes campe\u00e3 internacional com a It\u00e1lia, e a atacante Melissa Vargas. O clube entra com a ambi\u00e7\u00e3o de estender a sua s\u00e9rie de 15 vit\u00f3rias consecutivas na fase de grupos.<\/p>\n<p>O <strong>Igor Gorgonzola Novara<\/strong>, que regressa \u00e0 competi\u00e7\u00e3o como detentor de um <em>wildcard (convite)<\/em>, \u00e9 outro antigo campe\u00e3o (2019) e tem estado em grande forma nas competi\u00e7\u00f5es europeias, vencendo a Challenge Cup em 2024 e a CEV Cup em 2025. A equipa italiana procura o feito in\u00e9dito de conquistar as tr\u00eas competi\u00e7\u00f5es continentais em tr\u00eas \u00e9pocas consecutivas e conta com jogadoras de alto n\u00edvel como a campe\u00e3 mundial Carlotta Cambi, sendo treinada pela lenda do Voleibol italiano Lorenzo Bernardi.<\/p>\n<p>A completar o grupo est\u00e1 o <strong>PGE Budowlani Lodz<\/strong>, da Pol\u00f3nia, uma equipa que chegou aos quartos-de-final na \u00e9poca passada, mas tem registos de derrotas pesadas contra o Fenerbah\u00e7e e o Novara em edi\u00e7\u00f5es anteriores.<\/p>\n<p style=\"text-align: center;\"><strong><img loading=\"lazy\" decoding=\"async\" class=\"size-full wp-image-44202 aligncenter\" src=\"https:\/\/fpvoleibol.pt\/fpv\/wp-content\/uploads\/2025\/11\/SLBenfica_LC_fest.jpg\" alt=\"\" width=\"960\" height=\"640\" srcset=\"https:\/\/fpvoleibol.pt\/fpv\/wp-content\/uploads\/2025\/11\/SLBenfica_LC_fest.jpg 960w, https:\/\/fpvoleibol.pt\/fpv\/wp-content\/uploads\/2025\/11\/SLBenfica_LC_fest-300x200.jpg 300w, https:\/\/fpvoleibol.pt\/fpv\/wp-content\/uploads\/2025\/11\/SLBenfica_LC_fest-768x512.jpg 768w\" sizes=\"auto, (max-width: 960px) 100vw, 960px\" \/>Supervisores e \u00e1rbitros portugueses em ac\u00e7\u00e3o<br \/>\nnas competi\u00e7\u00f5es internacionais<\/strong><\/p>\n<p><strong>Teodemiro Carvalho<\/strong><br \/>\nSupervisor CEV no jogo VBC Cheseaux (Su\u00ed\u00e7a) x CV Emalsa Gran Canaria (Espanha), dos 16 avos-de-final da Challenge Cup &#8211; femininos, no dia 26 de Novembro.<\/p>\n<p><strong>Arnaldo Rocha<\/strong><br \/>\nSupervisor CEV no jogo Charleroi Volley (B\u00e9lgica) x Olympiada Neapolis Nicosia (Chipre), dos 16 avos-de-final da Challenge Cup &#8211; femininos, no dia 3 de Dezembro.<\/p>\n<p><strong>Raquel Portela<\/strong><br \/>\n\u00c1rbitro de reserva no FC Porto x Galatasaray Istanbul (Turquia), dos 16 avos-de-final da Ta\u00e7a CEV &#8211; femininos, no dia 26 de Novembro.<br \/>\nAvarca de Menorca (Espanha) x Thy Istanbul (Turquia), dos 16 avos-de-final da Ta\u00e7a CEV &#8211; masculinos, no dia 3 de Dezembro.<\/p>\n<p><strong>V\u00edtor Gon\u00e7alves<\/strong><br \/>\nPGE Projekt Warszawa (Pol\u00f3nia) x Cucine Lube Civitanova (It\u00e1lia), da Pool D da Liga dos Campe\u00f5es masculinos, no dia 21 de Janeiro de 2026.<br \/>\nEczacibasi Istanbul (Turquia) x Numia Vero Volley Milano (It\u00e1lia), da Pool C da Liga dos Campe\u00f5es femininos, no dia 7 de Janeiro de 2026.<br \/>\nKS Developres Rzeszow (Pol\u00f3nia) x SSC Palmberg Scherin (Alemanha), da Pool E da Liga dos Campe\u00f5es femininos, no dia 4 de Fevereiro de 2026.<\/p>\n<p><strong>Ricardo Ferreira<br \/>\n<\/strong>Levallois Paris Saint-Cloud (Fran\u00e7a) x KS Developres Rzeszow (Pol\u00f3nia), da Pool D da Liga dos Campe\u00f5es femininos, no dia 4 de Dezembro.<br \/>\nTrentino Itas (It\u00e1lia) x Tours (Fran\u00e7a), da Pool A da Liga dos Campe\u00f5es masculinos, no dia 29 de Janeiro de 2026.<br \/>\nFenerbah\u00e7e Medicana Istanbul (Turquia) x Igor Gorgonzola Novara (It\u00e1lia), da Pool B da Liga dos Campe\u00f5es femininos, no 13 de Janeiro de 2026.<br \/>\nVolley Haasrode Leuven (B\u00e9lgica) x Montpellier (Fran\u00e7a), da Pool E da Liga dos Campe\u00f5es masculinos, no dia 18 de Fevereiro de 2026.<\/p>\n<p><strong>Pedro Pinto<\/strong><br \/>\nPGE Budowlani Lodz (Pol\u00f3nia) x Fenerbah\u00e7e Medicana Istanbul (Turquia), da Pool B da Liga dos Campe\u00f5es femininos, no dia 6 de Janeiro de 2026.<br \/>\nAnkara Zeren Spor Kul\u00fcb\u00fc (Turquia) x A. Carraro Prosecco DOC Conegliano (It\u00e1lia), da Pool D da Liga dos Campe\u00f5es femininos, no dia 27 de Janeiro de 2026.<br \/>\nTours (Fran\u00e7a) x Ziraat Bankkart Ankara (Turquia), da Pool A da Liga dos Campe\u00f5es masculinos, no dia 11 de Fevereiro de 2026.<\/p>\n<p><strong>Nuno Maia<\/strong><br \/>\n\u00c1rbitro de reserva no SL Benfica x PGE Budowlani (Pol\u00f3nia), da Pool B da Liga dos Campe\u00f5es &#8211; femininos, no dia 3 de Dezembro.<\/p>\n<p><strong>Nuno Teixeira<\/strong><br \/>\nMladost Zagreb (Cro\u00e1cia) x Equipa proveniente da Liga dos Campe\u00f5es, da Ta\u00e7a CEV femininos \u2013 16 avos-de-final, no dia 3 de Dezembro.<br \/>\nTourcoing Lille M\u00e9tropole (Fran\u00e7a) x Equipa apurada na fase anterior, da Ta\u00e7a CEV masculinos \u2013 16 avos-de-final, no dia 6 de Janeiro de 2026.<\/p>\n<p><strong>Jos\u00e9 Caramez<\/strong><br \/>\nEquipa proveniente da Liga dos Campe\u00f5es x Draisma Dynamo Apeldoorn (Pa\u00edses Baixos), da Ta\u00e7a CEV masculinos \u2013 16 avos-de-final, em data a definir.<\/p>\n<p style=\"text-align: center;\">Mais informa\u00e7\u00f5es em\u00a0<a href=\"http:\/\/www.cev.eu\/\">cev.eu<\/a><\/p>\n<p>&nbsp;<\/p>\n","protected":false},"excerpt":{"rendered":"<p>A equipa de seniores femininos do Sport Lisboa e Benfica enfrentou hoje o seu primeiro grande desafio na fase de grupos da Liga dos Campe\u00f5es: o Fenerbah\u00e7e Medicana Istanbul, equipa [&hellip;]<\/p>\n","protected":false},"author":2,"featured_media":44204,"comment_status":"open","ping_status":"open","sticky":false,"template":"","format":"standard","meta":{"_monsterinsights_skip_tracking":false,"_monsterinsights_sitenote_active":false,"_monsterinsights_sitenote_note":"","_monsterinsights_sitenote_category":0,"footnotes":""},"categories":[13,8],"tags":[176,32],"class_list":{"0":"post-44199","1":"post","2":"type-post","3":"status-publish","4":"format-standard","5":"has-post-thumbnail","7":"category-arbitragem","8":"category-voleibol","9":"tag-epoca-2025-2026","10":"tag-liga-dos-campeoes","11":"czr-hentry"},"aioseo_notices":[],"_links":{"self":[{"href":"https:\/\/fpvoleibol.pt\/fpv\/wp-json\/wp\/v2\/posts\/44199","targetHints":{"allow":["GET"]}}],"collection":[{"href":"https:\/\/fpvoleibol.pt\/fpv\/wp-json\/wp\/v2\/posts"}],"about":[{"href":"https:\/\/fpvoleibol.pt\/fpv\/wp-json\/wp\/v2\/types\/post"}],"author":[{"embeddable":true,"href":"https:\/\/fpvoleibol.pt\/fpv\/wp-json\/wp\/v2\/users\/2"}],"replies":[{"embeddable":true,"href":"https:\/\/fpvoleibol.pt\/fpv\/wp-json\/wp\/v2\/comments?post=44199"}],"version-history":[{"count":3,"href":"https:\/\/fpvoleibol.pt\/fpv\/wp-json\/wp\/v2\/posts\/44199\/revisions"}],"predecessor-version":[{"id":44206,"href":"https:\/\/fpvoleibol.pt\/fpv\/wp-json\/wp\/v2\/posts\/44199\/revisions\/44206"}],"wp:featuredmedia":[{"embeddable":true,"href":"https:\/\/fpvoleibol.pt\/fpv\/wp-json\/wp\/v2\/media\/44204"}],"wp:attachment":[{"href":"https:\/\/fpvoleibol.pt\/fpv\/wp-json\/wp\/v2\/media?parent=44199"}],"wp:term":[{"taxonomy":"category","embeddable":true,"href":"https:\/\/fpvoleibol.pt\/fpv\/wp-json\/wp\/v2\/categories?post=44199"},{"taxonomy":"post_tag","embeddable":true,"href":"https:\/\/fpvoleibol.pt\/fpv\/wp-json\/wp\/v2\/tags?post=44199"}],"curies":[{"name":"wp","href":"https:\/\/api.w.org\/{rel}","templated":true}]}}