{"id":44193,"date":"2025-11-25T11:22:38","date_gmt":"2025-11-25T11:22:38","guid":{"rendered":"https:\/\/fpvoleibol.pt\/fpv\/?p=44193"},"modified":"2025-11-25T11:22:38","modified_gmt":"2025-11-25T11:22:38","slug":"lusas-em-accao-na-taca-cev-e-challenge-cup","status":"publish","type":"post","link":"https:\/\/fpvoleibol.pt\/fpv\/2025\/11\/25\/lusas-em-accao-na-taca-cev-e-challenge-cup\/","title":{"rendered":"LUSAS EM AC\u00c7\u00c3O NA TA\u00c7A CEV E CHALLENGE CUP"},"content":{"rendered":"<p><img loading=\"lazy\" decoding=\"async\" class=\"size-full wp-image-43308 aligncenter\" src=\"https:\/\/fpvoleibol.pt\/fpv\/wp-content\/uploads\/2025\/10\/FCPorto_2025_2026_Fem_d.jpg\" alt=\"\" width=\"960\" height=\"600\" srcset=\"https:\/\/fpvoleibol.pt\/fpv\/wp-content\/uploads\/2025\/10\/FCPorto_2025_2026_Fem_d.jpg 960w, https:\/\/fpvoleibol.pt\/fpv\/wp-content\/uploads\/2025\/10\/FCPorto_2025_2026_Fem_d-300x188.jpg 300w, https:\/\/fpvoleibol.pt\/fpv\/wp-content\/uploads\/2025\/10\/FCPorto_2025_2026_Fem_d-768x480.jpg 768w\" sizes=\"auto, (max-width: 960px) 100vw, 960px\" \/>A equipa de seniores femininos do <strong>Futebol Clube do Porto<\/strong> estreia-se amanh\u00e3 na Ta\u00e7a CEV 2025\/2026 com uma recep\u00e7\u00e3o \u00e0s turcas do Galatasaray, na primeira m\u00e3o dos 16 avos-de-final.<\/p>\n<p>O jogo com o Galatasaray, um colosso europeu, come\u00e7a \u00e0s 20h00 (transmiss\u00e3o em directo no Porto Canal) e ser\u00e1 arbitrado pelo espanhol Alexis Fuentes Barrasa e pelo h\u00fangaro Zsolt Mezoffy. <strong>Raquel Portela <\/strong>ser\u00e1 a \u00e1rbitra de reserva. Ver mais informa\u00e7\u00f5es <a href=\"https:\/\/www.cev.eu\/match-centres\/2026-european-cups\/cev-volleyball-cup-2026-women\/ccw-19-fc-porto-v-galatasaray-istanbul\/\">AQUI<\/a><br \/>\nA 2.\u00aa m\u00e3o est\u00e1 agendada para o dia 3 de Dezembro na <em>atmosfera escaldante<\/em> da Turquia.<\/p>\n<p>Em declara\u00e7\u00f5es ao <span style=\"text-decoration: underline;\">Porto Canal<\/span>, a libero e capit\u00e3 do FC Porto, <strong>Joana Resende<\/strong>, mostrou-se motivada e ambiciosa no lan\u00e7amento do jogo da Ta\u00e7a CEV com o Galatasaray, ap\u00f3s a sequ\u00eancia de sete vit\u00f3rias consecutivas na Liga Solverde.pt.<\/p>\n<p>Joana Resende destacou o grande entusiasmo para a estreia europeia, afirmando que a equipa est\u00e1 <em>\u201cansiosa por defrontar uma das melhores equipas do mundo numa competi\u00e7\u00e3o europeia\u201d<\/em>.<br \/>\nA libero referiu que <em>\u201ca motiva\u00e7\u00e3o est\u00e1 l\u00e1 em cima, fruto do trabalho que temos vindo a desenvolver e dos resultados que temos alcan\u00e7ado\u201d<\/em>. No entanto, a equipa tem consci\u00eancia da qualidade do advers\u00e1rio, explicando que o Galatasaray \u00e9 <em>\u201cuma equipa de topo mundial\u201d<\/em>, que se encontra em 3.\u00ba lugar na Liga Turca, tendo perdido apenas para o Vakifbank e o Fenerbah\u00e7e.<\/p>\n<p>Apesar da dificuldade, a confian\u00e7a do FC Porto \u00e9 elevada:<br \/>\n<em>\u201cA nossa expectativa \u00e9 muito alta e queremos entrar para dar o nosso melhor e com a ambi\u00e7\u00e3o de ganhar o jogo. \u00c9 essa a mentalidade do FC Porto\u201d<\/em>.<br \/>\nA prepara\u00e7\u00e3o para o desafio de amanh\u00e3 come\u00e7ou na semana passada, sendo que o <em>\u201ctrabalho de v\u00eddeo tem sido fundamental\u201d<\/em> para estudar as v\u00e1rias op\u00e7\u00f5es e combina\u00e7\u00f5es do plantel turco, pois <em>\u201c\u00e9 diferente jogarmos contra o Galatasaray ou contra as equipas que estamos habituadas a defrontar durante a \u00e9poca\u201d<\/em>.<\/p>\n<p>Sobre o ambiente interno, a capit\u00e3 real\u00e7ou que as <em>\u201cdin\u00e2micas de grupo t\u00eam sido \u00f3ptimas, tanto dentro como fora do campo\u201d<\/em>, descrevendo o grupo como <em>\u201cuma equipa muito trabalhadora, competitiva, orientada para o trabalho e tamb\u00e9m h\u00e1 uma boa dose de divers\u00e3o\u201d<\/em>.<br \/>\nO crescimento da equipa <em>\u201ctem sido consequ\u00eancia desta din\u00e2mica e da qualidade que o plantel tem\u201d<\/em>.<\/p>\n<p>Por fim, Joana Resende fez um apelo aos adeptos, com o objetivo de <em>\u201cencher o Drag\u00e3o Arena em mais uma noite europeia\u201d<\/em>. A jogadora convocou os adeptos, que <em>\u201cest\u00e3o sempre connosco\u201d<\/em>, para jogar <em>\u201ccom a casa cheia num ambiente de jogo europeu &#8211; o ambiente que este Drag\u00e3o Arena merece\u201d<\/em>, frisando o desejo de <em>\u201cdar uma grande alegria aos adeptos e a n\u00f3s pr\u00f3prias\u201d<\/em>.<\/p>\n<p>Na \u00e9poca passada, as azuis e brancas come\u00e7aram por disputar a Liga dos Campe\u00f5es e acabaram por atingir os <a href=\"https:\/\/www.cev.eu\/club\/cev-volleyball-cup\/history\/2025\/women\/#competition\">quartos-de-final da Ta\u00e7a CEV<\/a> \u2013 5.\u00ba posto da tabela classificativa.<\/p>\n<p style=\"text-align: left;\"><img loading=\"lazy\" decoding=\"async\" class=\" wp-image-43507 alignleft\" src=\"https:\/\/fpvoleibol.pt\/fpv\/wp-content\/uploads\/2025\/10\/sportingcp_fem_2026.jpg\" alt=\"\" width=\"472\" height=\"315\" srcset=\"https:\/\/fpvoleibol.pt\/fpv\/wp-content\/uploads\/2025\/10\/sportingcp_fem_2026.jpg 960w, https:\/\/fpvoleibol.pt\/fpv\/wp-content\/uploads\/2025\/10\/sportingcp_fem_2026-300x200.jpg 300w, https:\/\/fpvoleibol.pt\/fpv\/wp-content\/uploads\/2025\/10\/sportingcp_fem_2026-768x513.jpg 768w\" sizes=\"auto, (max-width: 472px) 100vw, 472px\" \/>Ainda nos 16 avos-de-final da Ta\u00e7a CEV, o <strong>Sporting CP <\/strong>mede for\u00e7as com o Vandoeuvre Nancy (Fran\u00e7a), ex-equipa do portugu\u00eas Andr\u00e9 S\u00e1.<br \/>\nA 1.\u00aa m\u00e3o \u00e9 amanh\u00e3 em Fran\u00e7a, pelas 18h30 portuguesas (ver <a href=\"https:\/\/www.cev.eu\/match-centres\/2026-european-cups\/cev-volleyball-cup-2026-women\/ccw-13-vandoeuvre-nancy-vb-v-sporting-cp-lisboa\/\">informa\u00e7\u00f5es<\/a>), enquanto o jogo decisivo est\u00e1 agendado para as 19h30 do dia 3 de Dezembro (ver <a href=\"https:\/\/www.cev.eu\/match-centres\/2026-european-cups\/cev-volleyball-cup-2026-women\/ccw-14-sporting-cp-lisboa-v-vandoeuvre-nancy-vb\/\">informa\u00e7\u00f5es<\/a>) no Pavilh\u00e3o Jo\u00e3o Rocha.<\/p>\n<p>No lan\u00e7amento da eliminat\u00f3ria dos 16 avos-de-final da Ta\u00e7a CEV, onde o Sporting CP defronta a antiga equipa orientada pelo portugu\u00eas Andr\u00e9 S\u00e1, o treinador Rui Pedro Silva e a central Jady Gerotto fizeram declara\u00e7\u00f5es ao site oficial do clube.<\/p>\n<p><strong>Rui Pedro Silva<\/strong> considerou crucial a gest\u00e3o da equipa nos jogos anteriores, destacando que foi importante envolver todas as atletas para <em>\u201cestarem motivadas e terem volume de jogo\u201d<\/em>.<br \/>\nO t\u00e9cnico reconheceu a grande dificuldade que espera o Sporting na eliminat\u00f3ria europeia, descrevendo o embate com o Nancy como <em>\u201cuma eliminat\u00f3ria extremamente dif\u00edcil, uma equipa poderosa, mas que n\u00f3s Sporting vamos tentar honrar o s\u00edmbolo do clube e darmos o nosso melhor para termos uma boa vit\u00f3ria\u201d<\/em>.<\/p>\n<p>Por sua vez, a central Jady Gerotto falou sobre o bom momento que a equipa atravessa, ap\u00f3s a terceira vit\u00f3ria consecutiva por 3-0 na Liga Solverde.pt.<br \/>\nGerotto real\u00e7ou o trabalho do grupo, afirmando que <em>\u201ca equipa tem trabalhado muito bem estas semanas, estamos unidas, a equipa t\u00e9cnica tem ajudado muito, o trabalho est\u00e1 a ser muito bem feito e os resultados est\u00e3o a aparecer\u201d<\/em>.<br \/>\nA jogadora brasileira concluiu que a equipa est\u00e1 <em>\u201cna melhor fase para arrancar com o p\u00e9 direito na CEV Cup\u201d<\/em>, referindo-se \u00e0 prova europeia da modalidade.<\/p>\n<p style=\"text-align: center;\"><strong><img loading=\"lazy\" decoding=\"async\" class=\"wp-image-43508 alignright\" src=\"https:\/\/fpvoleibol.pt\/fpv\/wp-content\/uploads\/2025\/10\/scbraga_2026.jpg\" alt=\"\" width=\"471\" height=\"265\" srcset=\"https:\/\/fpvoleibol.pt\/fpv\/wp-content\/uploads\/2025\/10\/scbraga_2026.jpg 960w, https:\/\/fpvoleibol.pt\/fpv\/wp-content\/uploads\/2025\/10\/scbraga_2026-300x169.jpg 300w, https:\/\/fpvoleibol.pt\/fpv\/wp-content\/uploads\/2025\/10\/scbraga_2026-768x432.jpg 768w, https:\/\/fpvoleibol.pt\/fpv\/wp-content\/uploads\/2025\/10\/scbraga_2026-528x297.jpg 528w\" sizes=\"auto, (max-width: 471px) 100vw, 471px\" \/>Challenge Cup<\/strong><\/p>\n<p>A equipa de seniores femininos do <strong>Sporting Clube de Braga<\/strong>, vice-campe\u00e3 nacional, disputa a Challenge Cup.<br \/>\nNos 16 avos-de-final, as <em>Guerreiras do Minho<\/em> defrontam as espanholas do Ocisa Haro Rioja.<br \/>\nO encontro est\u00e1 agendado para as 19h00 (hora portuguesa), no Front\u00f3n El Ferial Haro, em Espanha. Ver mais informa\u00e7\u00f5es <a href=\"https:\/\/www.cev.eu\/match-centres\/2026-european-cups\/cev-volleyball-challenge-cup-2026-women\/chcw-51-ocisa-haro-rioja-v-sporting-clube-de-braga\/\">AQUI<\/a><br \/>\nAs bracarenses disputar\u00e3o a decisiva 2.\u00aa m\u00e3o em casa, a 3 de Dezembro (21h00).<\/p>\n<p>Em antevis\u00e3o \u00e0 estreia europeia do SC Braga na CEV Challenge Cup frente ao Haro Rioja, o t\u00e9cnico Jo\u00e3o Santos e a distribuidora Beatriz Rodrigues destacaram a import\u00e2ncia do momento e a ambi\u00e7\u00e3o da equipa, em declara\u00e7\u00f5es ao site oficial do clube minhoto.<\/p>\n<p><strong>Jo\u00e3o Santos<\/strong> sublinhou o significado especial deste marco:<br \/>\n<em>\u201cTem um significado bastante grande para n\u00f3s. Obviamente que, enquanto clube e grupo, queremos estar nos maiores palcos, quer nacionais, quer europeus\u201d<\/em>. Sobre o jogo, o treinador alertou para a dificuldade, reconhecendo que <em>\u201co principal desafio \u00e9 o nosso advers\u00e1rio, que \u00e9 uma excelente equipa, bastante mais rodada do que n\u00f3s nestas lides internacionais, uma equipa que est\u00e1 bem no campeonato, que tem excelentes atletas e que vai exigir o nosso melhor para conseguirmos vencer\u201d<\/em>.<br \/>\nQuanto \u00e0 prepara\u00e7\u00e3o, o t\u00e9cnico garantiu que a rotina tem sido mantida: <em>\u201cPrepar\u00e1mo-nos da mesma forma como preparamos todos os jogos. Vamos atr\u00e1s da an\u00e1lise do advers\u00e1rio, corrigimos os aspectos em que temos estado menos bem nos jogos anteriores, e tem sido assim sempre, e acredito que continuar\u00e1 a ser\u201d<\/em>.<br \/>\nPor fim, Jo\u00e3o Santos convocou os adeptos, salientando:<br \/>\n<em>\u201cContamos com o apoio deles, para estarem juntos neste momento t\u00e3o bonito para o nosso clube e para o nosso grupo, na nossa estreia numa competi\u00e7\u00e3o internacional. E, obviamente, eles t\u00eam de fazer parte e v\u00e3o ajudar-nos a passar esta eliminat\u00f3ria, que \u00e9 o nosso objectivo\u201d<\/em>.<\/p>\n<p><strong>Beatriz Rodrigues<\/strong> refor\u00e7ou a ideia de que a participa\u00e7\u00e3o na CEV Challenge Cup \u00e9 <em>\u201calgo muito importante para n\u00f3s porque pode trazer muita visibilidade para o grande clube que somos e para a equipa que estamos a construir todos os dias. E vai elevar o nosso n\u00edvel, permitindo que o possamos trazer tamb\u00e9m para o campeonato portugu\u00eas\u201d<\/em>.<br \/>\nA distribuidora admitiu que jogar fora ser\u00e1 novidade, mas assegurou que a equipa est\u00e1 preparada para <em>\u201ctodas as eventualidades\u201d<\/em>, focada em <em>\u201cconquistar uma vit\u00f3ria\u201d<\/em>.<br \/>\nA jogadora garante que os adeptos podem esperar <em>\u201cuma equipa muito aguerrida, que quer chegar, p\u00f4r em pr\u00e1tica aquilo que temos trabalhado e conquistar a vit\u00f3ria o mais r\u00e1pido poss\u00edvel. Portanto, o 3-0 seria o ideal. \u00c9 para isso que vamos trabalhar e \u00e9 nisso que temos vindo a trabalhar ao longo das semanas, n\u00e3o s\u00f3 para o campeonato, mas tamb\u00e9m para estes momentos em que temos de mostrar que o SC Braga \u00e9 um clube muito grande e que estamos a trabalhar muito bem para o afirmar\u201d<\/em>.<\/p>\n<p style=\"text-align: center;\"><span style=\"background-color: #000000; color: #ffffff;\">Jogos desta semana<\/span><\/p>\n<table style=\"width: 94.2502%;\">\n<thead>\n<tr>\n<td style=\"text-align: center; width: 20.0759%;\"><span style=\"background-color: #000000; color: #ffffff;\">Competi\u00e7\u00e3o<\/span><\/td>\n<td style=\"text-align: center; width: 12.7386%;\"><span style=\"background-color: #000000; color: #ffffff;\"><strong>Equipa<\/strong><\/span><\/td>\n<td style=\"text-align: center; width: 29.541%;\"><span style=\"background-color: #000000; color: #ffffff;\"><strong>Advers\u00e1rio<\/strong><\/span><\/td>\n<td style=\"text-align: center; width: 22.8381%;\"><span style=\"background-color: #000000; color: #ffffff;\"><strong>Data (1.\u00aa M\u00e3o)<\/strong><\/span><\/td>\n<td style=\"text-align: center; width: 52.9912%;\"><span style=\"background-color: #000000; color: #ffffff;\"><strong>Local<\/strong><\/span><\/td>\n<\/tr>\n<\/thead>\n<tbody>\n<tr>\n<td style=\"text-align: center; width: 20.0759%;\">Liga dos Campe\u00f5es (F)<\/td>\n<td style=\"text-align: center; width: 12.7386%;\">SL Benfica<\/td>\n<td style=\"text-align: center; width: 29.541%;\">Fenerbah\u00e7e Medicana Istanbul (TUR)<\/td>\n<td style=\"text-align: center; width: 22.8381%;\">25 de Novembro (19h00 locais)<\/td>\n<td style=\"text-align: center; width: 52.9912%;\">Turquia<\/td>\n<\/tr>\n<tr>\n<td style=\"text-align: center; width: 20.0759%;\">Ta\u00e7a CEV (F)<\/td>\n<td style=\"text-align: center; width: 12.7386%;\">Sporting CP<\/td>\n<td style=\"text-align: center; width: 29.541%;\">Vandoeuvre Nancy (FRA)<\/td>\n<td style=\"text-align: center; width: 22.8381%;\">26 de Novembro (19h30 locais)<\/td>\n<td style=\"text-align: center; width: 52.9912%;\">Fran\u00e7a<\/td>\n<\/tr>\n<tr>\n<td style=\"text-align: center; width: 20.0759%;\">Ta\u00e7a CEV (F)<\/td>\n<td style=\"text-align: center; width: 12.7386%;\">FC Porto<\/td>\n<td style=\"text-align: center; width: 29.541%;\">Galatasaray (TUR)<\/td>\n<td style=\"text-align: center; width: 22.8381%;\">26 de Novembro (20h00)<\/td>\n<td style=\"text-align: center; width: 52.9912%;\">Drag\u00e3o Arena (Casa)<\/td>\n<\/tr>\n<tr>\n<td style=\"text-align: center; width: 20.0759%;\">Challenge Cup (F)<\/td>\n<td style=\"text-align: center; width: 12.7386%;\">SC Braga<\/td>\n<td style=\"text-align: center; width: 29.541%;\">Ocisa Haro Rioja (ESP)<\/td>\n<td style=\"text-align: center; width: 22.8381%;\">26 de Novembro (20h00 locais)<\/td>\n<td style=\"text-align: center; width: 52.9912%;\">Espanha (Fora)<\/td>\n<\/tr>\n<\/tbody>\n<\/table>\n<p style=\"text-align: center;\"><strong>Supervisores e \u00e1rbitros portugueses em ac\u00e7\u00e3o<br \/>\nnas competi\u00e7\u00f5es internacionais<\/strong><\/p>\n<p><strong>Teodemiro Carvalho<\/strong><br \/>\nSupervisor CEV no jogo VBC Cheseaux (Su\u00ed\u00e7a) x CV Emalsa Gran Canaria (Espanha), dos 16 avos-de-final da Challenge Cup &#8211; femininos, no dia 26 de Novembro.<\/p>\n<p><strong>Arnaldo Rocha<\/strong><br \/>\nSupervisor CEV no jogo Charleroi Volley (B\u00e9lgica) x Olympiada Neapolis Nicosia (Chipre), dos 16 avos-de-final da Challenge Cup &#8211; femininos, no dia 3 de Dezembro.<\/p>\n<p><strong>Raquel Portela<\/strong><br \/>\n\u00c1rbitro de reserva no FC Porto x Galatasaray Istanbul (Turquia), dos 16 avos-de-final da Ta\u00e7a CEV &#8211; femininos, no dia 26 de Novembro.<br \/>\nAvarca de Menorca (Espanha) x Thy Istanbul (Turquia), dos 16 avos-de-final da Ta\u00e7a CEV &#8211; masculinos, no dia 3 de Dezembro.<\/p>\n<p><strong>V\u00edtor Gon\u00e7alves<\/strong><br \/>\nPGE Projekt Warszawa (Pol\u00f3nia) x Cucine Lube Civitanova (It\u00e1lia), da Pool D da Liga dos Campe\u00f5es masculinos, no dia 21 de Janeiro de 2026.<br \/>\nEczacibasi Istanbul (Turquia) x Numia Vero Volley Milano (It\u00e1lia), da Pool C da Liga dos Campe\u00f5es femininos, no dia 7 de Janeiro de 2026.<br \/>\nKS Developres Rzeszow (Pol\u00f3nia) x SSC Palmberg Scherin (Alemanha), da Pool E da Liga dos Campe\u00f5es femininos, no dia 4 de Fevereiro de 2026.<\/p>\n<p><strong>Ricardo Ferreira<br \/>\n<\/strong>Levallois Paris Saint-Cloud (Fran\u00e7a) x KS Developres Rzeszow (Pol\u00f3nia), da Pool D da Liga dos Campe\u00f5es femininos, no dia 4 de Dezembro.<br \/>\nTrentino Itas (It\u00e1lia) x Tours (Fran\u00e7a), da Pool A da Liga dos Campe\u00f5es masculinos, no dia 29 de Janeiro de 2026.<br \/>\nFenerbah\u00e7e Medicana Istanbul (Turquia) x Igor Gorgonzola Novara (It\u00e1lia), da Pool B da Liga dos Campe\u00f5es femininos, no 13 de Janeiro de 2026.<br \/>\nVolley Haasrode Leuven (B\u00e9lgica) x Montpellier (Fran\u00e7a), da Pool E da Liga dos Campe\u00f5es masculinos, no dia 18 de Fevereiro de 2026.<\/p>\n<p><strong>Pedro Pinto<\/strong><br \/>\nPGE Budowlani Lodz (Pol\u00f3nia) x Fenerbah\u00e7e Medicana Istanbul (Turquia), da Pool B da Liga dos Campe\u00f5es femininos, no dia 6 de Janeiro de 2026.<br \/>\nAnkara Zeren Spor Kul\u00fcb\u00fc (Turquia) x A. Carraro Prosecco DOC Conegliano (It\u00e1lia), da Pool D da Liga dos Campe\u00f5es femininos, no dia 27 de Janeiro de 2026.<br \/>\nTours (Fran\u00e7a) x Ziraat Bankkart Ankara (Turquia), da Pool A da Liga dos Campe\u00f5es masculinos, no dia 11 de Fevereiro de 2026.<\/p>\n<p><strong>Nuno Maia<\/strong><br \/>\n\u00c1rbitro de reserva no SL Benfica x PGE Budowlani (Pol\u00f3nia), da Pool B da Liga dos Campe\u00f5es &#8211; femininos, no dia 3 de Dezembro.<\/p>\n<p><strong>Nuno Teixeira<\/strong><br \/>\nMladost Zagreb (Cro\u00e1cia) x Equipa proveniente da Liga dos Campe\u00f5es, da Ta\u00e7a CEV femininos \u2013 16 avos-de-final, no dia 3 de Dezembro.<br \/>\nTourcoing Lille M\u00e9tropole (Fran\u00e7a) x Equipa apurada na fase anterior, da Ta\u00e7a CEV masculinos \u2013 16 avos-de-final, no dia 6 de Janeiro de 2026.<\/p>\n<p><strong>Jos\u00e9 Caramez<\/strong><br \/>\nEquipa proveniente da Liga dos Campe\u00f5es x Draisma Dynamo Apeldoorn (Pa\u00edses Baixos), da Ta\u00e7a CEV masculinos \u2013 16 avos-de-final, em data a definir.<\/p>\n<p style=\"text-align: center;\">Mais informa\u00e7\u00f5es em\u00a0<a href=\"http:\/\/www.cev.eu\/\">cev.eu<\/a><\/p>\n<p>&nbsp;<\/p>\n","protected":false},"excerpt":{"rendered":"<p>A equipa de seniores femininos do Futebol Clube do Porto estreia-se amanh\u00e3 na Ta\u00e7a CEV 2025\/2026 com uma recep\u00e7\u00e3o \u00e0s turcas do Galatasaray, na primeira m\u00e3o dos 16 avos-de-final. O [&hellip;]<\/p>\n","protected":false},"author":2,"featured_media":39249,"comment_status":"open","ping_status":"open","sticky":false,"template":"","format":"standard","meta":{"_monsterinsights_skip_tracking":false,"_monsterinsights_sitenote_active":false,"_monsterinsights_sitenote_note":"","_monsterinsights_sitenote_category":0,"footnotes":""},"categories":[13,8],"tags":[54,176,53],"class_list":{"0":"post-44193","1":"post","2":"type-post","3":"status-publish","4":"format-standard","5":"has-post-thumbnail","7":"category-arbitragem","8":"category-voleibol","9":"tag-challenge-cup","10":"tag-epoca-2025-2026","11":"tag-taca-cev","12":"czr-hentry"},"aioseo_notices":[],"_links":{"self":[{"href":"https:\/\/fpvoleibol.pt\/fpv\/wp-json\/wp\/v2\/posts\/44193","targetHints":{"allow":["GET"]}}],"collection":[{"href":"https:\/\/fpvoleibol.pt\/fpv\/wp-json\/wp\/v2\/posts"}],"about":[{"href":"https:\/\/fpvoleibol.pt\/fpv\/wp-json\/wp\/v2\/types\/post"}],"author":[{"embeddable":true,"href":"https:\/\/fpvoleibol.pt\/fpv\/wp-json\/wp\/v2\/users\/2"}],"replies":[{"embeddable":true,"href":"https:\/\/fpvoleibol.pt\/fpv\/wp-json\/wp\/v2\/comments?post=44193"}],"version-history":[{"count":4,"href":"https:\/\/fpvoleibol.pt\/fpv\/wp-json\/wp\/v2\/posts\/44193\/revisions"}],"predecessor-version":[{"id":44197,"href":"https:\/\/fpvoleibol.pt\/fpv\/wp-json\/wp\/v2\/posts\/44193\/revisions\/44197"}],"wp:featuredmedia":[{"embeddable":true,"href":"https:\/\/fpvoleibol.pt\/fpv\/wp-json\/wp\/v2\/media\/39249"}],"wp:attachment":[{"href":"https:\/\/fpvoleibol.pt\/fpv\/wp-json\/wp\/v2\/media?parent=44193"}],"wp:term":[{"taxonomy":"category","embeddable":true,"href":"https:\/\/fpvoleibol.pt\/fpv\/wp-json\/wp\/v2\/categories?post=44193"},{"taxonomy":"post_tag","embeddable":true,"href":"https:\/\/fpvoleibol.pt\/fpv\/wp-json\/wp\/v2\/tags?post=44193"}],"curies":[{"name":"wp","href":"https:\/\/api.w.org\/{rel}","templated":true}]}}