{"id":44171,"date":"2025-11-24T15:02:52","date_gmt":"2025-11-24T15:02:52","guid":{"rendered":"https:\/\/fpvoleibol.pt\/fpv\/?p=44171"},"modified":"2025-11-24T15:02:52","modified_gmt":"2025-11-24T15:02:52","slug":"portugueses-no-mundo-155","status":"publish","type":"post","link":"https:\/\/fpvoleibol.pt\/fpv\/2025\/11\/24\/portugueses-no-mundo-155\/","title":{"rendered":"PORTUGUESES NO MUNDO"},"content":{"rendered":"<p><img loading=\"lazy\" decoding=\"async\" class=\"size-full wp-image-44176 aligncenter\" src=\"https:\/\/fpvoleibol.pt\/fpv\/wp-content\/uploads\/2025\/11\/MTavaresR_fot_P._Sumara.jpg\" alt=\"\" width=\"960\" height=\"640\" srcset=\"https:\/\/fpvoleibol.pt\/fpv\/wp-content\/uploads\/2025\/11\/MTavaresR_fot_P._Sumara.jpg 960w, https:\/\/fpvoleibol.pt\/fpv\/wp-content\/uploads\/2025\/11\/MTavaresR_fot_P._Sumara-300x200.jpg 300w, https:\/\/fpvoleibol.pt\/fpv\/wp-content\/uploads\/2025\/11\/MTavaresR_fot_P._Sumara-768x512.jpg 768w\" sizes=\"auto, (max-width: 960px) 100vw, 960px\" \/>Na Liga Polaca, o Aluron CMC Warta Zawiercie, de <strong>Miguel Tavares Rodrigues<\/strong>, venceu, fora de portas e pela margem m\u00e1xima (<a href=\"https:\/\/www.plusliga.pl\/games\/action\/show\/id\/1104605.html#stats\">3-0: 25-17, 25-22 e 25-19<\/a>), o Asseco Resovia Rzesz\u00f3w e regressou <em>provisoriamente<\/em> \u00e0 lideran\u00e7a do campeonato, mas tem j\u00e1 amanh\u00e3 outro jogo complicado na <a href=\"https:\/\/www.plusliga.pl\/strona-glowna.html\">PlusLiga<\/a>, com o Barkom Kazany Lw\u00f3w (10.\u00ba).<span style=\"font-size: 12px;\"><strong> Foto: <a href=\"https:\/\/www.plusliga.pl\/strona-glowna.html\">PlusLiga<\/a><br \/>\n<\/strong><\/span>Frente ao Rzesz\u00f3w, equipa que conta j\u00e1 com sete t\u00edtulos de campe\u00e3o nacional e tr\u00eas Ta\u00e7as da Pol\u00f3nia, tendo conquistado a Ta\u00e7a CEV em 2024, o distribuidor da Selec\u00e7\u00e3o Nacional registou mais uma boa exibi\u00e7\u00e3o e aparece em destaque no<a href=\"https:\/\/www.plusliga.pl\/news,miguel-tavares-wszyscy-z-nas-sa-podekscytowani-gra-w-klubowych-mistrzostwach-swiata.html\"> site oficial da PlusLiga<\/a>.<br \/>\nRelativamente \u00e0 vit\u00f3ria expressiva contra o Asseco Resovia, Miguel Tavares Rodrigues admitiu que, embora a equipa tenha jogado muito bem, n\u00e3o sentiu que tivessem o <em>&#8220;controlo total da situa\u00e7\u00e3o no campo o tempo todo&#8221;<\/em>. No entanto, destacou que a equipa jogou uma <em>&#8220;partida muito boa na recep\u00e7\u00e3o, bem como no servi\u00e7o&#8221;.<br \/>\n<\/em>Para o distribuidor, a chave do sucesso esteve na excel\u00eancia dos <em>&#8220;elementos b\u00e1sicos&#8221;<\/em> do jogo, o que ajudou a <em>&#8220;construir uma vantagem de alguns pontos na fase inicial de cada set&#8221;<\/em>.<br \/>\nMiguel Tavares sublinhou ainda que a equipa tem a capacidade de encontrar <em>&#8220;solu\u00e7\u00f5es muito boas&#8221;<\/em> no ataque e real\u00e7ou a <em>&#8220;intelig\u00eancia no jogo com bolas altas&#8221;<\/em> como um dos seus maiores pontos fortes, o que considera ser uma grande ajuda para a equipa.<br \/>\nO jogador enfatizou que a Liga Polaca \u00e9 extremamente competitiva: <em>&#8220;Penso que, na PlusLiga em geral, n\u00e3o h\u00e1 jogos f\u00e1ceis, mas em todos h\u00e1 tr\u00eas pontos valiosos para conquistar&#8221;<\/em>. Por esta raz\u00e3o, trata todos os advers\u00e1rios com a mesma seriedade: <em>&#8220;O jogo contra o Asseco Resovia na \u00e9poca regular \u00e9 t\u00e3o importante para n\u00f3s quanto o jogo contra o Barkom Kazany Lw\u00f3w&#8221;<\/em>.<br \/>\nSegundo o portugu\u00eas, a liga est\u00e1 mais equilibrada do que nunca, com o n\u00edvel das equipas de maior or\u00e7amento a aproximar-se do das restantes, tornando <em>&#8220;cada vez mais dif\u00edcil obter uma vit\u00f3ria clara, como 3-0 ou 3-1&#8221;<\/em>. O resultado \u00e9 que, <em>&#8220;na maioria dos jogos, quando o jogo \u00e9 equilibrado e de alto n\u00edvel, chega-se ao tie-break&#8221;<\/em>.<br \/>\nO elevado n\u00famero de jogos devido \u00e0 participa\u00e7\u00e3o no Campeonato Mundial de Clubes tem um duplo impacto: <em>&#8220;Ajuda-nos a manter um bom ritmo de jogo, mas com todas estas viagens, n\u00e3o \u00e9 f\u00e1cil manter a forma e a sa\u00fade&#8221;<\/em>. O distribuidor confessou que os jogos recentes a cinco <em>sets<\/em> foram pesados e, por isso, valorizaram n\u00e3o ter de jogar o <em>tie-break<\/em> em Rzesz\u00f3w.<br \/>\nA sua filosofia \u00e9 a concentra\u00e7\u00e3o de aten\u00e7\u00f5es no momento presente<em>: &#8220;Tentamos abordar tudo isto com calma, concentrando-nos dia ap\u00f3s dia&#8221;<\/em>. Depois de lutar pela vit\u00f3ria, o foco muda para a <em>&#8220;regenera\u00e7\u00e3o&#8221;<\/em> e, ao voltar ao campo, o objectivo \u00e9<em> &#8220;o melhor treino poss\u00edvel e a melhoria di\u00e1ria do nosso jogo&#8221;<\/em>.<br \/>\nO <a href=\"https:\/\/en.volleyballworld.com\/volleyball\/competitions\/club-world-championship-men\/schedule\/#fromDate=2025-12-16\">Campeonato Mundial de Clubes<\/a> \u2013 a disputar de 16 a 21 de Dezembro em Bel\u00e9m, no Brasil \u2013\u00a0 \u00e9 um grande evento para o clube e para os atletas. Miguel Tavares confirmou que a equipa est\u00e1 cheia de entusiasmo: <em>&#8220;O Campeonato Mundial de Clubes \u00e9 um novo desafio para o clube e penso que para quase todos os jogadores. Estamos entusiasmados por jogar e com o que conseguiremos alcan\u00e7ar nessa competi\u00e7\u00e3o.&#8221;<br \/>\n<\/em>Em Dezembro, e para al\u00e9m do Mundial de Clubes, o Warta Zawiercie,\u00a0<a href=\"https:\/\/championsleague.cev.eu\/en\/history\/2025\/men\/\">finalista da \u00faltima edi\u00e7\u00e3o Liga dos Campe\u00f5es<\/a>, ir\u00e1 defrontar o <strong>Sporting Clube de Portugal<\/strong>, campe\u00e3o portugu\u00eas em t\u00edtulo, em jogos da Pool D da 4.\u00aa Ronda da <a href=\"https:\/\/championsleague.cev.eu\/en\/men\/\">CEV Champions League<\/a>, bem como a equipa alem\u00e3 do SVG Luneburg e&#8230; o Asseco Resovia Rzesz\u00f3w, em mais um escaldante d\u00e9rbi polaco.<\/p>\n<p>O SCM Zalau, de <strong>Filip Cveticanin<\/strong>, recebeu e venceu (<a href=\"https:\/\/frv-web.dataproject.com\/MatchStatistics.aspx?mID=3475&amp;ID=65&amp;CID=142&amp;PID=68&amp;type=LegList\">3-1: 25-22, 25-17, 20-25 e 26-24<\/a>) o CSM Corona Brasov\u00a0na <a href=\"https:\/\/frv-web.dataproject.com\/CompetitionHome.aspx?ID=65\">Divizia A1<\/a>, a I Divis\u00e3o Romena. O central da Selec\u00e7\u00e3o Nacional contribuiu com 8 pontos (6 ataques e 2 blocos).<br \/>\nNa 7.\u00aa jornada, agendada para o dia 29 de Novembro, o agora l\u00edder Zalau visita o SCMU Craiova, actual 2.\u00ba classificado mas com menos um jogo disputado.<br \/>\nNa Challenge Cup, o Zalau vai defrontar, nos 16 avos-de-final (10 de Dezembro) os montenegrinos do Budva Budva.<\/p>\n<p>Na B\u00e9lgica, o Lindemans Aalst, de\u00a0<strong>Nuno Marques<\/strong>, bateu-se bem na recep\u00e7\u00e3o ao Decospan Volley Team Menen, l\u00edder invicto da <a href=\"https:\/\/lottovolleyleague.be\/nl\/\">Lotto Volley League<\/a>, mas acabou por ser derrotado pela margem m\u00ednima (<a href=\"https:\/\/lottovolleyleague.be\/nl\/klassement-liga-heren\">2-3: 25-23, 25-20, 20-25, 20-25 e 8-15<\/a>). O zona 4 da Selec\u00e7\u00e3o Nacional contabilizou 8 pontos (2 ataques, 2 blocos e 2 servi\u00e7os).<br \/>\nNo dia 29 de Novembro, e em jogo da 8.\u00aa jornada, o Aalst (7.\u00ba) recebe o Waremme Volley (8.\u00ba).<br \/>\nNa Challenge Cup, o Aalst vai defrontar, nos 16 avos-de-final, os azeris do Khilasedichi Baku (9 de Dezembro).<\/p>\n<p>No Jap\u00e3o, o Tokyo Great Bears, de <strong>Alexandre Ferreira<\/strong>, registou uma jornada vitoriosa no fim-de-semana: no s\u00e1bado,\u00a0visitou o Hiroshima Thunders, tendo vencido por <a href=\"https:\/\/www.svleague.jp\/en\/form\/b\/33129\">3-2 (23-25, 29-27, 25-23, 16-25 e 15-10)<\/a>. No dia seguinte teve um triunfo bem mais calmo frente ao mesmo advers\u00e1rio: <a href=\"https:\/\/www.svleague.jp\/en\/form\/b\/33130\">3-1 (26-24, 25-23, 23-25 e 25-19).<\/a><br \/>\nNa pr\u00f3xima jornada\u00a0da fase regular da <a href=\"https:\/\/www.svleague.jp\/en\/sv_men\/match\/list\">SV.League<\/a>, a equipa do capit\u00e3o da Selec\u00e7\u00e3o Nacional, que subiu ao 6.\u00ba lugar, visita o Osaka Bluteon, equipa treinada pela antiga<em> estrela<\/em> finlandesa Tuomas Sammelvuo e l\u00edder do campeonato nip\u00f3nico.<\/p>\n<p>Em Fran\u00e7a, o SAEMS Tourcoing Volley-Ball Lille M\u00e9tropole, de <strong>Bruno Dias<\/strong>, recebeu e derrotou (<a href=\"https:\/\/www.lnv.fr\/pdf\/2025\/DataVolley\/Men\/MSL048-2026.pdf\">3-0: 24-19, 25-21 e 25-18<\/a>) o Ajaccio, antiga equipa de Carlos Silveira.<br \/>\nNa 8.\u00aa jornada, agendada para o dia 29 de Novembro, o Tourcoing, vice-l\u00edder da <a href=\"https:\/\/www.lnv.fr\/accueil\">Marmara SpikeLeague<\/a>, visita o Chaumont, antiga equipa de Andr\u00e9 Lopes, actualmente no 14.\u00ba e \u00faltimo lugar do campeonato.<br \/>\nNa Ta\u00e7a CEV, o Tourcoing visita os belgas do Greenyard Maaseik no dia 10 de Dezembro, na primeira m\u00e3o dos 16 avos-de-final.<br \/>\nNa <a href=\"https:\/\/www.lnv.fr\/competitions\/ligue-b-masculine\">Ligue B Masculine<\/a>, o Martigues VB, de <strong>Andr\u00e9 Pereira<\/strong>, recebeu e venceu (<a href=\"https:\/\/www.lnv.fr\/pdf\/2025\/DataVolley\/Men\/LBM032-2026.pdf\">3-0: 25-19. 26-24 e 26-24<\/a>) o Grand Nancy. O zona 4 internacional, que \u00e9 3.\u00ba classificado na lista dos <a href=\"https:\/\/lnv-web.dataproject.com\/BestPlayerRankingComplete.aspx?ID=126&amp;rt=5\">melhores no servi\u00e7o<\/a>, registou 9 pontos, todos no ataque.<br \/>\nNa 7.\u00aa ronda, o Martigues (2.\u00ba) visita o Cambrai (3.\u00ba) no dia 29 de Novembro.<\/p>\n<p>Em It\u00e1lia, o Volleyball Casalmaggiore, de <strong>J\u00falia Kavalenka<\/strong>, que ocupa a 9.\u00aa e \u00faltima posi\u00e7\u00e3o na S\u00e9rie A2 italiana (<a href=\"https:\/\/www.legavolleyfemminile.it\/\">Serie A2 Tigot\u00e0 Girone A<\/a>), perdeu <a href=\"https:\/\/www.legavolleyfemminile.it\/match-center\/747654\/\">1-3 (25-21, 23-25, 18-25 22-25)<\/a> no recinto do Gruppo Formula 3 Messina e <a href=\"https:\/\/www.legavolleyfemminile.it\/match-center\/747659\/statistiche\/\">0-3 (15-25, 16-25 e 20-25)<\/a> em casa com o CBL Costa Volpino.\u00a0No primeiro, a oposta portuguesa contabilizou 15 pontos (12 ataques e 3 blocos); no segundo, voltou a ser melhor pontuadora da sua equipa, com 8 pontos, todos no ataque.<br \/>\nNa 10.\u00aa jornada, primeira da 2.\u00aa volta, agendada para o dia 30 de Novembro, recebe o Itas Trentino (4.\u00ba).<\/p>\n<p>Na Alemanha, o Helios Grizzlys Giesen, de Miguel Sinfr\u00f3nio, saiu vitorioso (<a href=\"https:\/\/www.volleyball-bundesliga.de\/uploads\/e95115c8-132b-49bd-9414-8a1518c87ee1\">3-1: 25-21, 23-25, 25-17 e 25-15<\/a>) da desloca\u00e7\u00e3o ao recinto do SV Warnemunde, 15.\u00ba e \u00faltimo classificado na <a href=\"https:\/\/www.volleyball-bundesliga.de\/cms\/home\/1_bundesliga_maenner\/statistik\/tabelle\/hauptrunde.xhtml\">1. Bundesliga Manner<\/a>.\u00a0No dia 30 de Novembro, o Giesen, actualmente no 3.\u00ba lugar, recebe o Volleys Herrsching (10.\u00ba).<br \/>\nAinda sem poder contar com o central portugu\u00eas, que se encontra lesionado, o Giesen visitou os h\u00fangaros do M\u00e1v Foxconn Sz\u00e9kesfeh\u00e9rv\u00e1r, na segunda m\u00e3o dos 32 avos-de-final, e acabou por ser afastado da Ta\u00e7a CEV ao perder por <a href=\"https:\/\/www.cev.eu\/match-centres\/2026-european-cups\/cev-volleyball-cup-2026-men\/ccm-14-mav-foxconn-szekesfehervar-v-helios-grizzlys-giesen\/\">1-3 (21-25, 26-24, 23-25 e 20-25)<\/a>. Na primeira m\u00e3o, os alem\u00e3es tinham vencido por <a href=\"https:\/\/www-old.cev.eu\/Competition-Area\/MatchStatistics.aspx?ID=82023\">3-2 (20-25, 16-25, 25-22, 25-15 e 15-10)<\/a>.<\/p>\n<p><span style=\"text-decoration: underline;\">Atletas \/ t\u00e9cnicos que actuam no estrangeiro e\/ou com<b> *inscri\u00e7\u00e3o em 2025\/2026<\/b>:<\/span><\/p>\n<p><strong><span style=\"text-decoration: underline;\">Processo conclu\u00eddo<\/span><\/strong><\/p>\n<p><a href=\"https:\/\/tokyo-greatbears.com\/\">Tokyo Great Bears (Jap\u00e3o)<\/a> \u2013 Alexandre Ferreira<br \/>\n<a href=\"https:\/\/www.aluroncmc.pl\/\" target=\"_blank\" rel=\"noopener noreferrer\">Aluron Warta Zawiercie (Pol\u00f3nia)<\/a> \u2013 Miguel Tavares Rodrigues<br \/>\n<a href=\"https:\/\/tourcoing-volley.com\/\">SAEMS Tourcoing Volley-Ball Lille M\u00e9tropole (Fran\u00e7a)<\/a> \u2013 Bruno Dias<br \/>\n<a href=\"https:\/\/www.martiguesvolleyball.fr\/\">Martigues VB (Fran\u00e7a)<\/a> \u2013 Andr\u00e9 Pereira<br \/>\n<a href=\"https:\/\/www.lindemansaalst.be\/\">Lindemans Aalst (B\u00e9lgica<\/a>) \u2013 Nuno Marques<br \/>\n<a href=\"https:\/\/scmzalau.ro\/volei\/\">Sport Club Municipal Zalau (Rom\u00e9nia)<\/a>\u00a0\u2013 Filip Cveticanin<br \/>\n<a href=\"https:\/\/knackvolley.be\/knack-b-2\/\">Knack Volley Roeselare (B\u00e9lgica)<\/a> \u2013 Eduardo Brito<br \/>\n<a href=\"https:\/\/homeofgrizzlys.de\/\">Helios Grizzlys Giesen (Alemanha)<\/a>\u00a0\u2013 Miguel Sinfr\u00f3nio<br \/>\n<a href=\"https:\/\/www.volleyballcasalmaggiore.it\/\">Volleyball Casalmaggiore SSDRL (It\u00e1lia)<\/a> \u2013 J\u00falia Kavalenka<br \/>\n<a href=\"https:\/\/www.volleynaefels.ch\">Volley Nafels (Su\u00ed\u00e7a)<\/a> \u2013 Manuel Figueiredo<br \/>\n<a href=\"https:\/\/vbcgeneve.ch\/\">VBC Etoile-Gen\u00e8ve (Su\u00ed\u00e7a)<\/a> \u2013Filipe Sousa<br \/>\n<a style=\"color: #001b2e;\" href=\"https:\/\/okmaribor.si\/\">OK i-Vent Maribor (Eslov\u00e9nia)<\/a>\u00a0\u2013 Gustavo Cavalcanti<br \/>\n<a href=\"https:\/\/www.uvcgraz.at\/\">UVC Holding Graz (\u00c1ustria)<\/a> \u2013 Jos\u00e9 Jardim<br \/>\n<a href=\"https:\/\/www.volerolecannet.fr\/fr\/\">Volero Le Cannet (Fran\u00e7a)<\/a> \u2013 Nilda Hungulo Matuca<br \/>\n<a href=\"https:\/\/www.volleylugano.ch\/\">Volley Lugano (Su\u00ed\u00e7a)\u00a0<\/a>\u2013 Marta Hurst<br \/>\n<a href=\"https:\/\/ssovbc.ch\/\">VBC Servette Star-Onex (Su\u00ed\u00e7a)<\/a> \u2013 Arthur Galipeau<br \/>\n<a href=\"https:\/\/vbcgeneve.ch\/\">VBC Etoile-Gen\u00e8ve (Su\u00ed\u00e7a)<\/a> \u2013 Andr\u00e9 Mata<br \/>\n<a href=\"https:\/\/www.vopap.ch\/\">Volleyball Papiermuhle (Su\u00ed\u00e7a)<\/a> \u2013 Henrique Sousa<br \/>\n<a href=\"https:\/\/volley.sg\/\">STV Saint-Gallen (Su\u00ed\u00e7a)<\/a> \u2013 Dinis Braga da Cruz<br \/>\n<a href=\"https:\/\/volleyball.org.kw\/en\/\">Al-Yarmouk Sports Club (Kuwait)<\/a> \u2013 Jos\u00e9 Gomes<br \/>\n<a href=\"https:\/\/www.uspvolleyball.fr\/senior-feminine\/\">US Palaiseau (Fran\u00e7a)<\/a> \u2013 Sara Teodoro<br \/>\n<a href=\"https:\/\/www.facebook.com\/epinalgolbeyvolleyball\/\">Epinal Golbey VB (Fran\u00e7a)<\/a> \u2013 Andr\u00e9 Mata<br \/>\n<a href=\"https:\/\/evvsm.com\/newsite\/\">Volley Vernon Saint-Marcel (Fran\u00e7a)<\/a> \u2013 Ecaterina Ursu<br \/>\n<a href=\"https:\/\/www.cosf-sports.com\/page\/1546914-accueil\">Club Omnisports de Saint-Fons (Fran\u00e7a<\/a>) \u2013 Natalia Herasymiv<br \/>\n<a href=\"https:\/\/rvb-volleyball.sportsregions.fr\/\">Rieux-Villers-Brenouille Volley (Fran\u00e7a)<\/a> \u2013 Mafalda Baptista Martins<br \/>\n<a href=\"https:\/\/www.facebook.com\/polvolley\">Postillon Olympique Longjumellois (Fran\u00e7a)<\/a> \u2013 Beatriz Silva<br \/>\n<a href=\"https:\/\/www.fcschuettorf09.de\/\">FC Sch\u00fcttorf 09 (Alemanha)<\/a> \u2013 Jos\u00e9 Vinha<br \/>\n<a href=\"https:\/\/www.evv2000.de\/\">Erkelenzer Volleyball Verein (Alemanha)<\/a> \u2013 Lu\u00eds Gra\u00e7a<br \/>\n<a href=\"https:\/\/www.ftm-schwabing.org\/volleyball\/\">FTM Schwabing eV (Alemanha)<\/a> \u2013 Gon\u00e7alo Nuno Biltes<br \/>\n<a href=\"https:\/\/www.vfr-umkirch.de\/news\/volleyball\">VfR Umkirch 1923 (Alemanha)<\/a> \u2013 Mariana Guimar\u00e3es<br \/>\n<a href=\"https:\/\/www.vfr-umkirch.de\/news\/volleyball\">VfR Umkirch 1923 (Alemanha)<\/a> \u2013 Andreia Guimar\u00e3es<br \/>\n<a href=\"https:\/\/www.facebook.com\/oper.volleyb\/\">Neos Omilos Petosfairisis Rethymnou (Gr\u00e9cia)<\/a> \u2013 Beatriz Machado<br \/>\n<a href=\"https:\/\/www.facebook.com\/bunniesvolley\">Budapest Bunnies (Hungria)<\/a> \u2013 Liliana Almeida<br \/>\n<a href=\"https:\/\/dartfordvolleyballclub.co.uk\/\">Dartford VB (Inglaterra)<\/a> \u2013 Mariana Santos<br \/>\n<a href=\"https:\/\/southamptonvolleyball.co.uk\/\">Southampton Volleyball Club (Inglaterra)<\/a> \u2013 Dina Grosu<br \/>\n<a href=\"https:\/\/southamptonvolleyball.co.uk\/\">Southampton Volleyball Club (Inglaterra)<\/a>\u00a0\u2013 Ema Sofia Carneiro<br \/>\n<a href=\"https:\/\/southamptonvolleyball.co.uk\/\">Southampton Volleyball Club (Inglaterra)<\/a>\u00a0\u2013 Maria Lima Antunes<br \/>\n<a href=\"https:\/\/southamptonvolleyball.co.uk\/\">Southampton Volleyball Club (Inglaterra)<\/a> \u2013 Iara Amaral<br \/>\n<a href=\"https:\/\/www.nottinghamrocketsvolleyball.co.uk\/\">Nottingham Rockets (Inglaterra)<\/a> \u2013 Vasco Liz\u00e1rio<br \/>\n<a href=\"https:\/\/www.volleyballengland.org\/competitions\/volleyball\">Cambridge ARU (Inglaterra)<\/a> &#8211; Nicoly Weiwanko<br \/>\n<a href=\"https:\/\/www.facebook.com\/stockportvolleyball\/\">Stockport VB (Inglaterra)<\/a> \u2013 Teresa Lima<br \/>\n<a href=\"https:\/\/www.facebook.com\/TeamSouthWales\/\">Team South Wales (Inglaterra)<\/a> \u2013 Jos\u00e9 Castro<br \/>\n<a href=\"https:\/\/spelthornevc.co.uk\/\">Spelthorne VC (Inglaterra)<\/a> \u2013 Jo\u00e3o Moreira<br \/>\n<a href=\"https:\/\/www.inter-volleyball.net\/\">Inter Volleyball Club (Inglaterra)<\/a> \u2013 Genoveva Lopes<br \/>\n<a href=\"https:\/\/www.dartfordvolleyballclub.co.uk\/\">Dartford Volleyball Club (Inglaterra)<\/a> \u2013 Mariana Cruz Santos<br \/>\n<a href=\"http:\/\/www.darkstarvolleyball.com\/our-teams\/male-player\/\">Darkstar Derbyshire (Inglaterra)<\/a> \u2013 Marcelo Goulart<br \/>\n<a href=\"https:\/\/rsrwalfer.lu\/\">RSR Walfer (Luxemburgo)<\/a> \u2013 Ashley Rose Fantazia<br \/>\n<a href=\"https:\/\/volleyball-echternach.lu\/\">VB Echternach (Luxemburgo)<\/a> \u2013 Daniel Amorim<br \/>\n<a href=\"https:\/\/volley-diekirch.lu\/\">CHEV Diekirch (Luxemburgo)<\/a> \u2013 D\u00e9bora Duarte<br \/>\n<a href=\"https:\/\/www.facebook.com\/VolleyClubBelair\/\">VC Belair (Luxemburgo)<\/a> \u2013 Carlos Castro<br \/>\n<a href=\"https:\/\/vcs.lu\/\">VC Strassen (Luxemburgo)<\/a> \u2013 Miguel Silva<br \/>\n<a href=\"https:\/\/lyngby-gladsaxe.dk\/default.aspx\">Lyngby-Gladsaxe Volley (Dinamarca)<\/a> \u2013\u00a0Luna Santos<br \/>\n<a href=\"https:\/\/lyngby-gladsaxe.dk\/default.aspx\">Lyngby-Gladsaxe Volley (Dinamarca)<\/a> \u2013 Matilde Cerqueira<\/p>\n<p>(&#8230;)<\/p>\n<p><span style=\"text-decoration: underline;\"><span class=\"auto-style7\"><strong>Treinadores\/Scouters<\/strong><\/span><\/span>:<br \/>\n<a href=\"https:\/\/www.facebook.com\/toursvolleyball\">Tours VB (Fran\u00e7a)<\/a> \u2013 David Sousa<br \/>\n<a href=\"https:\/\/www.volleymulhousealsace.fr\/equipe-pro\/composition\/\">Volley Mulhouse Alsace (Fran\u00e7a)<\/a> \u2013 Andr\u00e9 S\u00e1<br \/>\n<a href=\"https:\/\/praiaclube.org.br\/dentil-praia-clube\/\">Dentil Praia Clube (Brasil)<\/a> \u2013 Rui Moreira<br \/>\n<a href=\"https:\/\/volleyluzern.ch\/leistungssport\/damennl?b=1002373&amp;c=GD1000018&amp;s=djEtbTal9p4VVhMe131XEMJ_U9o1cNNfe0zxan71wdQHJDI=\">Volley Luzern (Su\u00ed\u00e7a)<\/a> \u2013 Filipe Carrasco Soares<br \/>\n<a style=\"color: #001b2e;\" href=\"https:\/\/www.volerolecannet.fr\/fr\/\">Volero Le Cannet (Fran\u00e7a)<\/a>\u00a0\u2013 H\u00e9lder Louren\u00e7o<br \/>\n<a href=\"https:\/\/www.facebook.com\/Cork-Volleyball-Academy-100484505416947\/\">Cork Volleyball Academy (Irlanda)<\/a> \u2013 Ant\u00f3nio Barros<br \/>\n<a style=\"color: #001b2e;\" href=\"http:\/\/bvc-volei.org\/site\/\">Barueri Volleyball Club (Brasil)<\/a>\u00a0\u2013 Bruno Leite<\/p>\n<p style=\"text-align: center;\"><strong>Supervisores e \u00e1rbitros portugueses em ac\u00e7\u00e3o<br \/>\nnas competi\u00e7\u00f5es internacionais<\/strong><\/p>\n<p><strong>Teodemiro Carvalho<\/strong><br \/>\nSupervisor CEV no jogo VBC Cheseaux (Su\u00ed\u00e7a) x CV Emalsa Gran Canaria (Espanha), dos 16 avos-de-final da Challenge Cup &#8211; femininos, no dia 26 de Novembro.<\/p>\n<p><strong>Arnaldo Rocha<\/strong><br \/>\nSupervisor CEV no jogo Charleroi Volley (B\u00e9lgica) x Olympiada Neapolis Nicosia (Chipre), dos 16 avos-de-final da Challenge Cup &#8211; femininos, no dia 3 de Dezembro.<\/p>\n<p><strong>Raquel Portela<\/strong><br \/>\n\u00c1rbitro de reserva no FC Porto x Galatasaray Istanbul (Turquia), dos 16 avos-de-final da Ta\u00e7a CEV &#8211; femininos, no dia 26 de Novembro.<br \/>\nAvarca de Menorca (Espanha) x Thy Istanbul (Turquia), dos 16 avos-de-final da Ta\u00e7a CEV &#8211; masculinos, no dia 3 de Dezembro.<\/p>\n<p><strong>V\u00edtor Gon\u00e7alves<\/strong><br \/>\nPGE Projekt Warszawa (Pol\u00f3nia) x Cucine Lube Civitanova (It\u00e1lia), da Pool D da Liga dos Campe\u00f5es masculinos, no dia 21 de Janeiro de 2026.<br \/>\nEczacibasi Istanbul (Turquia) x Numia Vero Volley Milano (It\u00e1lia), da Pool C da Liga dos Campe\u00f5es femininos, no dia 7 de Janeiro de 2026.<br \/>\nKS Developres Rzeszow (Pol\u00f3nia) x SSC Palmberg Scherin (Alemanha), da Pool E da Liga dos Campe\u00f5es femininos, no dia 4 de Fevereiro de 2026.<\/p>\n<p><strong>Ricardo Ferreira<br \/>\n<\/strong>Levallois Paris Saint-Cloud (Fran\u00e7a) x KS Developres Rzeszow (Pol\u00f3nia), da Pool D da Liga dos Campe\u00f5es femininos, no dia 4 de Dezembro.<br \/>\nTrentino Itas (It\u00e1lia) x Tours (Fran\u00e7a), da Pool A da Liga dos Campe\u00f5es masculinos, no dia 29 de Janeiro de 2026.<br \/>\nFenerbah\u00e7e Medicana Istanbul (Turquia) x Igor Gorgonzola Novara (It\u00e1lia), da Pool B da Liga dos Campe\u00f5es femininos, no 13 de Janeiro de 2026.<br \/>\nVolley Haasrode Leuven (B\u00e9lgica) x Montpellier (Fran\u00e7a), da Pool E da Liga dos Campe\u00f5es masculinos, no dia 18 de Fevereiro de 2026.<\/p>\n<p><strong>Pedro Pinto<\/strong><br \/>\nPGE Budowlani Lodz (Pol\u00f3nia) x Fenerbah\u00e7e Medicana Istanbul (Turquia), da Pool B da Liga dos Campe\u00f5es femininos, no dia 6 de Janeiro de 2026.<br \/>\nAnkara Zeren Spor Kul\u00fcb\u00fc (Turquia) x A. Carraro Prosecco DOC Conegliano (It\u00e1lia), da Pool D da Liga dos Campe\u00f5es femininos, no dia 27 de Janeiro de 2026.<br \/>\nTours (Fran\u00e7a) x Ziraat Bankkart Ankara (Turquia), da Pool A da Liga dos Campe\u00f5es masculinos, no dia 11 de Fevereiro de 2026.<\/p>\n<p><strong>Nuno Maia<\/strong><br \/>\n\u00c1rbitro de reserva no SL Benfica x PGE Budowlani (Pol\u00f3nia), da Pool B da Liga dos Campe\u00f5es &#8211; femininos, no dia 3 de Dezembro.<\/p>\n<p><strong>Nuno Teixeira<\/strong><br \/>\nMladost Zagreb (Cro\u00e1cia) x Equipa proveniente da Liga dos Campe\u00f5es, da Ta\u00e7a CEV femininos \u2013 16 avos-de-final, no dia 3 de Dezembro.<br \/>\nTourcoing Lille M\u00e9tropole (Fran\u00e7a) x Equipa apurada na fase anterior, da Ta\u00e7a CEV masculinos \u2013 16 avos-de-final, no dia 6 de Janeiro de 2026.<\/p>\n<p><strong>Jos\u00e9 Caramez<\/strong><br \/>\nEquipa proveniente da Liga dos Campe\u00f5es x Draisma Dynamo Apeldoorn (Pa\u00edses Baixos), da Ta\u00e7a CEV masculinos \u2013 16 avos-de-final, em data a definir.<\/p>\n<p style=\"text-align: center;\">Mais informa\u00e7\u00f5es em\u00a0<a href=\"http:\/\/www.cev.eu\/\">cev.eu<\/a><\/p>\n<p>&nbsp;<\/p>\n","protected":false},"excerpt":{"rendered":"<p>Na Liga Polaca, o Aluron CMC Warta Zawiercie, de Miguel Tavares Rodrigues, venceu, fora de portas e pela margem m\u00e1xima (3-0: 25-17, 25-22 e 25-19), o Asseco Resovia Rzesz\u00f3w e [&hellip;]<\/p>\n","protected":false},"author":2,"featured_media":22286,"comment_status":"open","ping_status":"open","sticky":false,"template":"","format":"standard","meta":{"_monsterinsights_skip_tracking":false,"_monsterinsights_sitenote_active":false,"_monsterinsights_sitenote_note":"","_monsterinsights_sitenote_category":0,"footnotes":""},"categories":[13,8],"tags":[176,52],"class_list":{"0":"post-44171","1":"post","2":"type-post","3":"status-publish","4":"format-standard","5":"has-post-thumbnail","7":"category-arbitragem","8":"category-voleibol","9":"tag-epoca-2025-2026","10":"tag-portugueses-no-mundo","11":"czr-hentry"},"aioseo_notices":[],"_links":{"self":[{"href":"https:\/\/fpvoleibol.pt\/fpv\/wp-json\/wp\/v2\/posts\/44171","targetHints":{"allow":["GET"]}}],"collection":[{"href":"https:\/\/fpvoleibol.pt\/fpv\/wp-json\/wp\/v2\/posts"}],"about":[{"href":"https:\/\/fpvoleibol.pt\/fpv\/wp-json\/wp\/v2\/types\/post"}],"author":[{"embeddable":true,"href":"https:\/\/fpvoleibol.pt\/fpv\/wp-json\/wp\/v2\/users\/2"}],"replies":[{"embeddable":true,"href":"https:\/\/fpvoleibol.pt\/fpv\/wp-json\/wp\/v2\/comments?post=44171"}],"version-history":[{"count":10,"href":"https:\/\/fpvoleibol.pt\/fpv\/wp-json\/wp\/v2\/posts\/44171\/revisions"}],"predecessor-version":[{"id":44183,"href":"https:\/\/fpvoleibol.pt\/fpv\/wp-json\/wp\/v2\/posts\/44171\/revisions\/44183"}],"wp:featuredmedia":[{"embeddable":true,"href":"https:\/\/fpvoleibol.pt\/fpv\/wp-json\/wp\/v2\/media\/22286"}],"wp:attachment":[{"href":"https:\/\/fpvoleibol.pt\/fpv\/wp-json\/wp\/v2\/media?parent=44171"}],"wp:term":[{"taxonomy":"category","embeddable":true,"href":"https:\/\/fpvoleibol.pt\/fpv\/wp-json\/wp\/v2\/categories?post=44171"},{"taxonomy":"post_tag","embeddable":true,"href":"https:\/\/fpvoleibol.pt\/fpv\/wp-json\/wp\/v2\/tags?post=44171"}],"curies":[{"name":"wp","href":"https:\/\/api.w.org\/{rel}","templated":true}]}}