{"id":44108,"date":"2025-11-24T15:40:41","date_gmt":"2025-11-24T15:40:41","guid":{"rendered":"https:\/\/fpvoleibol.pt\/fpv\/?p=44108"},"modified":"2025-11-25T11:39:47","modified_gmt":"2025-11-25T11:39:47","slug":"liga-dos-campeoes-femininos-4","status":"publish","type":"post","link":"https:\/\/fpvoleibol.pt\/fpv\/2025\/11\/24\/liga-dos-campeoes-femininos-4\/","title":{"rendered":"LIGA DOS CAMPE\u00d5ES &#8211; FEMININOS"},"content":{"rendered":"<p><img loading=\"lazy\" decoding=\"async\" class=\"size-full wp-image-43309 aligncenter\" src=\"https:\/\/fpvoleibol.pt\/fpv\/wp-content\/uploads\/2025\/10\/SLBenfica_20025_2026_d.jpg\" alt=\"\" width=\"960\" height=\"640\" srcset=\"https:\/\/fpvoleibol.pt\/fpv\/wp-content\/uploads\/2025\/10\/SLBenfica_20025_2026_d.jpg 960w, https:\/\/fpvoleibol.pt\/fpv\/wp-content\/uploads\/2025\/10\/SLBenfica_20025_2026_d-300x200.jpg 300w, https:\/\/fpvoleibol.pt\/fpv\/wp-content\/uploads\/2025\/10\/SLBenfica_20025_2026_d-768x512.jpg 768w\" sizes=\"auto, (max-width: 960px) 100vw, 960px\" \/>A equipa de seniores femininos do <strong>Sport Lisboa e Benfica<\/strong> enfrenta amanh\u00e3 o seu primeiro grande desafio na fase de grupos da <strong><a href=\"https:\/\/championsleague.cev.eu\/en\/women\/#4th-round\">Liga dos Campe\u00f5es<\/a><\/strong>.<\/p>\n<p>As actuais campe\u00e3s nacionais, que fazem a sua estreia na fase de grupos desta competi\u00e7\u00e3o, defrontam o <strong>Fenerbah\u00e7e Medicana Istanbul<\/strong> na Turquia. O jogo da 1.\u00aa jornada da Pool B da 4.\u00aa Ronda est\u00e1 marcado para as 19h00 locais no recinto das turcas, uma equipa com um historial not\u00e1vel nas competi\u00e7\u00f5es internacionais. A arbitragem estar\u00e1 a cargo de Aleksandar Vinaliev (Bulg\u00e1ria) e Dejan Rogic (S\u00e9rvia) Mais informa\u00e7\u00f5es <a href=\"https:\/\/www.cev.eu\/match-centres\/2026-european-cups\/cev-champions-league-volley-2026-women\/clvw-29-fenerbahce-medicana-istanbul-v-sport-lisboa-e-benfica\/\">AQUI<\/a><\/p>\n<p>A participa\u00e7\u00e3o na Pool B da Liga dos Campe\u00f5es Feminina representa um desafio de elevad\u00edssima exig\u00eancia para o SL Benfica. A qualifica\u00e7\u00e3o para esta fase de grupos \u00e9 um marco in\u00e9dito na hist\u00f3ria recente do clube, somando-se a feitos anteriores como a chegada aos quartos-de-final da antiga Ta\u00e7a dos Clubes Campe\u00f5es Europeus em 1968, e aos oitavos em 1970 e 1973. Este feito hist\u00f3rico segue-se \u00e0 conquista do primeiro t\u00edtulo de campe\u00e3o nacional em 50 anos e a uma presta\u00e7\u00e3o promissora na Challenge Cup na \u00e9poca anterior, onde atingiu os quartos-de-final, perdendo para as eventuais vice-campe\u00e3s do Reale Mutua Fenera Chieri\u201976, de It\u00e1lia.<\/p>\n<p>Na antevis\u00e3o da partida em Istambul, o treinador <strong>Henrique Furtado<\/strong> sublinhou a import\u00e2ncia deste momento para as <em>encarnadas<\/em>.<\/p>\n<p>O t\u00e9cnico brasileiro destacou a &#8220;<em>hist\u00f3ria bonita<\/em>&#8221; que a equipa tem vindo a construir no panorama europeu, e a oportunidade que o jogo representa para ver as suas atletas &#8220;<em>testadas a um n\u00edvel muito alto<\/em>&#8220;.<\/p>\n<p>Em declara\u00e7\u00f5es ao site oficial do clube, Henrique Furtado analisou o advers\u00e1rio:<br \/>\n&#8220;<em>O Fenerbah\u00e7e \u00e9 uma equipa experiente, com um n\u00edvel muito alto em todos os fundamentos. \u00c9 dif\u00edcil encontrar um ponto fraco. Temos de jogar com ousadia e sabemos que vai ser um jogo de muito esfor\u00e7o, porque elas t\u00eam um potencial ofensivo incr\u00edvel<\/em>.&#8221;<\/p>\n<p>Embora esta seja a sua primeira apari\u00e7\u00e3o no mais alto n\u00edvel na Europa, na \u00e9poca passada o SL Benfica mostrou sinais de grande progresso ao chegar aos quartos-de-final da Challenge Cup,<\/p>\n<p><img loading=\"lazy\" decoding=\"async\" class=\" wp-image-44110 alignleft\" src=\"https:\/\/fpvoleibol.pt\/fpv\/wp-content\/uploads\/2025\/11\/Cansun_Cetin_SLB.jpg\" alt=\"\" width=\"360\" height=\"240\" srcset=\"https:\/\/fpvoleibol.pt\/fpv\/wp-content\/uploads\/2025\/11\/Cansun_Cetin_SLB.jpg 960w, https:\/\/fpvoleibol.pt\/fpv\/wp-content\/uploads\/2025\/11\/Cansun_Cetin_SLB-300x200.jpg 300w, https:\/\/fpvoleibol.pt\/fpv\/wp-content\/uploads\/2025\/11\/Cansun_Cetin_SLB-768x512.jpg 768w\" sizes=\"auto, (max-width: 360px) 100vw, 360px\" \/>O seu plantel inclui a turca <span style=\"text-decoration: underline;\">Cansu Cetin<\/span> \u2013 que venceu a <em>Champions League<\/em> com o VakifBank Istanbul em 2017 e para quem os jogos com o Fenerbah\u00e7e ser\u00e3o verdadeiramente especiais, uma vez que a atacante vestiu a camisola dos <em>Anjos Amarelos<\/em> otomanos de 2020 a 2024.<br \/>\nO seu actual treinador, o brasileiro <strong>Henrique Furtado<\/strong>, chegou \u00e0 final da Champions League masculina com os polacos do Jastrzeski Wegiel em 2022\/2023 e 2023\/2024 (vice-campe\u00e3o em ambas as campanhas) como treinador-adjunto. Como parte da equipa t\u00e9cnica dos brasileiros do Sada Cruzeiro, venceu o Campeonato Mundial de Clubes da FIVB em 2013 e 2015.<\/p>\n<p>Na Champions 2026, o Benfica superou as rondas de qualifica\u00e7\u00e3o, incluindo uma vit\u00f3ria no <em>Golden Set<\/em>, vincando o seu progresso. No entanto, o n\u00edvel dos advers\u00e1rios na Pool B \u00e9 o mais alto do Voleibol europeu. O grupo \u00e9 marcado pela rivalidade entre duas pot\u00eancias do Voleibol feminino: Turquia e It\u00e1lia.<\/p>\n<p>O <strong>Fenerbah\u00e7e Medicana Istanbul<\/strong>, campe\u00e3o em 2012, atingiu as eliminat\u00f3rias em 13 das suas 15 participa\u00e7\u00f5es. O plantel turco est\u00e1 recheado de estrelas, incluindo Alessia Orro, MVP do Campeonato do Mundo e m\u00faltiplas vezes campe\u00e3 internacional com a It\u00e1lia, e a atacante Melissa Vargas. O clube entra com a ambi\u00e7\u00e3o de estender a sua s\u00e9rie de 15 vit\u00f3rias consecutivas na fase de grupos.<\/p>\n<p>O <strong>Igor Gorgonzola Novara<\/strong>, que regressa \u00e0 competi\u00e7\u00e3o como detentor de um <em>wildcard (convite)<\/em>, \u00e9 outro antigo campe\u00e3o (2019) e tem estado em grande forma nas competi\u00e7\u00f5es europeias, vencendo a Challenge Cup em 2024 e a CEV Cup em 2025. A equipa italiana procura o feito in\u00e9dito de conquistar as tr\u00eas competi\u00e7\u00f5es continentais em tr\u00eas \u00e9pocas consecutivas e conta com jogadoras de alto n\u00edvel como a campe\u00e3 mundial Carlotta Cambi, sendo treinada pela lenda do Voleibol italiano Lorenzo Bernardi.<\/p>\n<p>A completar o grupo est\u00e1 o <strong>PGE Budowlani Lodz<\/strong>, da Pol\u00f3nia, uma equipa que, apesar de ter chegado aos quartos-de-final na \u00e9poca passada, tem registos de derrotas pesadas contra o Fenerbah\u00e7e e o Novara em edi\u00e7\u00f5es anteriores.<\/p>\n<p>Para o SL Benfica, apesar de ter jogadoras experientes como Cansu Cetin, a tarefa de competir neste grupo de <em>powerhouses<\/em> ser\u00e1 extremamente exigente, exigindo o melhor das estreantes portuguesas.<\/p>\n<p>Em masculinos, o <strong>Sporting CP<\/strong>, campe\u00e3o nacional em t\u00edtulo, enfrenta um desafio de peso ao integrar o Grupo D da Champions League, considerado um <em>grupo da morte <\/em>na competi\u00e7\u00e3o.<\/p>\n<ul>\n<li>Grupo D: Aluron CMC Warta Zawiercie (Pol\u00f3nia), SVG Luneburg (Alemanha) e Asseco Resovia Rzesz\u00f3w (Pol\u00f3nia).<\/li>\n<li>Destaque: O confronto com o Aluron CMC Warta Zawiercie, finalista da \u00faltima edi\u00e7\u00e3o, ser\u00e1 especial pelo reencontro com o distribuidor da Selec\u00e7\u00e3o Portuguesa, Miguel Tavares Rodrigues.<\/li>\n<li>Agenda: Os jogos arrancam em Dezembro e estendem-se at\u00e9 Fevereiro de 2026:\n<ul>\n<li>10 de Dezembro (fora): vs. SVG Luneburg (ALE).<\/li>\n<li>6 de Janeiro de 2026 (casa): vs. Aluron CMC Warta Zawiercie (POL).<\/li>\n<li>21 de Janeiro de 2026 (fora): vs. Asseco Resovia Rzesz\u00f3w (POL).<\/li>\n<\/ul>\n<\/li>\n<\/ul>\n<p style=\"text-align: center;\"><strong>Ta\u00e7a CEV<\/strong><\/p>\n<p style=\"text-align: left;\">Na Ta\u00e7a CEV &#8211; femininos, duas equipas portuguesas enfrentam desafios complicados nos 16 avos-de-final:<br \/>\nO <b>FC Porto <\/b>defronta o Galatasaray, da Turquia, um colosso europeu. O primeiro jogo \u00e9 esta quarta-feira (20h00, em directo no Porto Canal) no Drag\u00e3o Arena, com a 2.\u00aa m\u00e3o agendada para o dia 3 de Dezembro na <em>atmosfera escaldante<\/em> da Turquia. <strong>Raquel Portela <\/strong>ser\u00e1 a \u00e1rbitra de reserva no FC Porto x Galatasaray Istanbul.<br \/>\nO <strong>Sporting CP <\/strong>mede for\u00e7as com o Vandoeuvre Nancy (Fran\u00e7a), ex-equipa do portugu\u00eas Andr\u00e9 S\u00e1. A 1.\u00aa m\u00e3o \u00e9 em Fran\u00e7a (26 de Novembro) e o jogo decisivo no Pavilh\u00e3o Jo\u00e3o Rocha (3 de Dezembro).<\/p>\n<p style=\"text-align: center;\"><strong>Challenge Cup<\/strong><\/p>\n<p>A equipa de seniores femininos do <strong>Sporting Clube de Braga<\/strong>, vice-campe\u00e3 nacional, disputa a Challenge Cup. Nos 16 avos-de-final, as <em>Guerreiras do Minho<\/em> defrontam as espanholas do Ocisa Haro Rioja. Jogam esta quarta-feira a 1.\u00aa m\u00e3o em Espanha e a decisiva 2.\u00aa m\u00e3o em casa, a 3 de Dezembro (21h00).<\/p>\n<p style=\"text-align: center;\"><span style=\"background-color: #000000; color: #ffffff;\">Jogos desta semana<\/span><\/p>\n<table style=\"width: 94.2502%;\">\n<thead>\n<tr>\n<td style=\"text-align: center; width: 20.0759%;\"><span style=\"background-color: #000000; color: #ffffff;\">Competi\u00e7\u00e3o<\/span><\/td>\n<td style=\"text-align: center; width: 12.7386%;\"><span style=\"background-color: #000000; color: #ffffff;\"><strong>Equipa<\/strong><\/span><\/td>\n<td style=\"text-align: center; width: 29.541%;\"><span style=\"background-color: #000000; color: #ffffff;\"><strong>Advers\u00e1rio<\/strong><\/span><\/td>\n<td style=\"text-align: center; width: 22.8381%;\"><span style=\"background-color: #000000; color: #ffffff;\"><strong>Data (1.\u00aa M\u00e3o)<\/strong><\/span><\/td>\n<td style=\"text-align: center; width: 52.9912%;\"><span style=\"background-color: #000000; color: #ffffff;\"><strong>Local<\/strong><\/span><\/td>\n<\/tr>\n<\/thead>\n<tbody>\n<tr>\n<td style=\"text-align: center; width: 20.0759%;\">Liga dos Campe\u00f5es (F)<\/td>\n<td style=\"text-align: center; width: 12.7386%;\">SL Benfica<\/td>\n<td style=\"text-align: center; width: 29.541%;\">Fenerbah\u00e7e Medicana Istanbul (TUR)<\/td>\n<td style=\"text-align: center; width: 22.8381%;\">25 de Novembro (19h00 locais)<\/td>\n<td style=\"text-align: center; width: 52.9912%;\">Turquia<\/td>\n<\/tr>\n<tr>\n<td style=\"text-align: center; width: 20.0759%;\">Ta\u00e7a CEV (F)<\/td>\n<td style=\"text-align: center; width: 12.7386%;\">Sporting CP<\/td>\n<td style=\"text-align: center; width: 29.541%;\">Vandoeuvre Nancy (FRA)<\/td>\n<td style=\"text-align: center; width: 22.8381%;\">26 de Novembro (19h30 locais)<\/td>\n<td style=\"text-align: center; width: 52.9912%;\">Fran\u00e7a<\/td>\n<\/tr>\n<tr>\n<td style=\"text-align: center; width: 20.0759%;\">Ta\u00e7a CEV (F)<\/td>\n<td style=\"text-align: center; width: 12.7386%;\">FC Porto<\/td>\n<td style=\"text-align: center; width: 29.541%;\">Galatasaray (TUR)<\/td>\n<td style=\"text-align: center; width: 22.8381%;\">26 de Novembro (20h00)<\/td>\n<td style=\"text-align: center; width: 52.9912%;\">Drag\u00e3o Arena (Casa)<\/td>\n<\/tr>\n<tr>\n<td style=\"text-align: center; width: 20.0759%;\">Challenge Cup (F)<\/td>\n<td style=\"text-align: center; width: 12.7386%;\">SC Braga<\/td>\n<td style=\"text-align: center; width: 29.541%;\">Ocisa Haro Rioja (ESP)<\/td>\n<td style=\"text-align: center; width: 22.8381%;\">26 de Novembro (20h00 locais)<\/td>\n<td style=\"text-align: center; width: 52.9912%;\">Espanha (Fora)<\/td>\n<\/tr>\n<\/tbody>\n<\/table>\n<p style=\"text-align: center;\"><strong>Supervisores e \u00e1rbitros portugueses em ac\u00e7\u00e3o<br \/>\nnas competi\u00e7\u00f5es internacionais<\/strong><\/p>\n<p><strong>Teodemiro Carvalho<\/strong><br \/>\nSupervisor CEV no jogo VBC Cheseaux (Su\u00ed\u00e7a) x CV Emalsa Gran Canaria (Espanha), dos 16 avos-de-final da Challenge Cup &#8211; femininos, no dia 26 de Novembro.<\/p>\n<p><strong>Arnaldo Rocha<\/strong><br \/>\nSupervisor CEV no jogo Charleroi Volley (B\u00e9lgica) x Olympiada Neapolis Nicosia (Chipre), dos 16 avos-de-final da Challenge Cup &#8211; femininos, no dia 3 de Dezembro.<\/p>\n<p><strong>Raquel Portela<\/strong><br \/>\n\u00c1rbitro de reserva no FC Porto x Galatasaray Istanbul (Turquia), dos 16 avos-de-final da Ta\u00e7a CEV &#8211; femininos, no dia 26 de Novembro.<br \/>\nAvarca de Menorca (Espanha) x Thy Istanbul (Turquia), dos 16 avos-de-final da Ta\u00e7a CEV &#8211; masculinos, no dia 3 de Dezembro.<\/p>\n<p><strong>V\u00edtor Gon\u00e7alves<\/strong><br \/>\nPGE Projekt Warszawa (Pol\u00f3nia) x Cucine Lube Civitanova (It\u00e1lia), da Pool D da Liga dos Campe\u00f5es masculinos, no dia 21 de Janeiro de 2026.<br \/>\nEczacibasi Istanbul (Turquia) x Numia Vero Volley Milano (It\u00e1lia), da Pool C da Liga dos Campe\u00f5es femininos, no dia 7 de Janeiro de 2026.<br \/>\nKS Developres Rzeszow (Pol\u00f3nia) x SSC Palmberg Scherin (Alemanha), da Pool E da Liga dos Campe\u00f5es femininos, no dia 4 de Fevereiro de 2026.<\/p>\n<p><strong>Ricardo Ferreira<br \/>\n<\/strong>Levallois Paris Saint-Cloud (Fran\u00e7a) x KS Developres Rzeszow (Pol\u00f3nia), da Pool D da Liga dos Campe\u00f5es femininos, no dia 4 de Dezembro.<br \/>\nTrentino Itas (It\u00e1lia) x Tours (Fran\u00e7a), da Pool A da Liga dos Campe\u00f5es masculinos, no dia 29 de Janeiro de 2026.<br \/>\nFenerbah\u00e7e Medicana Istanbul (Turquia) x Igor Gorgonzola Novara (It\u00e1lia), da Pool B da Liga dos Campe\u00f5es femininos, no 13 de Janeiro de 2026.<br \/>\nVolley Haasrode Leuven (B\u00e9lgica) x Montpellier (Fran\u00e7a), da Pool E da Liga dos Campe\u00f5es masculinos, no dia 18 de Fevereiro de 2026.<\/p>\n<p><strong>Pedro Pinto<\/strong><br \/>\nPGE Budowlani Lodz (Pol\u00f3nia) x Fenerbah\u00e7e Medicana Istanbul (Turquia), da Pool B da Liga dos Campe\u00f5es femininos, no dia 6 de Janeiro de 2026.<br \/>\nAnkara Zeren Spor Kul\u00fcb\u00fc (Turquia) x A. Carraro Prosecco DOC Conegliano (It\u00e1lia), da Pool D da Liga dos Campe\u00f5es femininos, no dia 27 de Janeiro de 2026.<br \/>\nTours (Fran\u00e7a) x Ziraat Bankkart Ankara (Turquia), da Pool A da Liga dos Campe\u00f5es masculinos, no dia 11 de Fevereiro de 2026.<\/p>\n<p><strong>Nuno Maia<\/strong><br \/>\n\u00c1rbitro de reserva no SL Benfica x PGE Budowlani (Pol\u00f3nia), da Pool B da Liga dos Campe\u00f5es &#8211; femininos, no dia 3 de Dezembro.<\/p>\n<p><strong>Nuno Teixeira<\/strong><br \/>\nMladost Zagreb (Cro\u00e1cia) x Equipa proveniente da Liga dos Campe\u00f5es, da Ta\u00e7a CEV femininos \u2013 16 avos-de-final, no dia 3 de Dezembro.<br \/>\nTourcoing Lille M\u00e9tropole (Fran\u00e7a) x Equipa apurada na fase anterior, da Ta\u00e7a CEV masculinos \u2013 16 avos-de-final, no dia 6 de Janeiro de 2026.<\/p>\n<p><strong>Jos\u00e9 Caramez<\/strong><br \/>\nEquipa proveniente da Liga dos Campe\u00f5es x Draisma Dynamo Apeldoorn (Pa\u00edses Baixos), da Ta\u00e7a CEV masculinos \u2013 16 avos-de-final, em data a definir.<\/p>\n<p style=\"text-align: center;\">Mais informa\u00e7\u00f5es em\u00a0<a href=\"http:\/\/www.cev.eu\/\">cev.eu<\/a><\/p>\n<p>&nbsp;<\/p>\n","protected":false},"excerpt":{"rendered":"<p>A equipa de seniores femininos do Sport Lisboa e Benfica enfrenta amanh\u00e3 o seu primeiro grande desafio na fase de grupos da Liga dos Campe\u00f5es. As actuais campe\u00e3s nacionais, que [&hellip;]<\/p>\n","protected":false},"author":2,"featured_media":43989,"comment_status":"open","ping_status":"open","sticky":false,"template":"","format":"standard","meta":{"_monsterinsights_skip_tracking":false,"_monsterinsights_sitenote_active":false,"_monsterinsights_sitenote_note":"","_monsterinsights_sitenote_category":0,"footnotes":""},"categories":[13,8],"tags":[54,176,32,53],"class_list":{"0":"post-44108","1":"post","2":"type-post","3":"status-publish","4":"format-standard","5":"has-post-thumbnail","7":"category-arbitragem","8":"category-voleibol","9":"tag-challenge-cup","10":"tag-epoca-2025-2026","11":"tag-liga-dos-campeoes","12":"tag-taca-cev","13":"czr-hentry"},"aioseo_notices":[],"_links":{"self":[{"href":"https:\/\/fpvoleibol.pt\/fpv\/wp-json\/wp\/v2\/posts\/44108","targetHints":{"allow":["GET"]}}],"collection":[{"href":"https:\/\/fpvoleibol.pt\/fpv\/wp-json\/wp\/v2\/posts"}],"about":[{"href":"https:\/\/fpvoleibol.pt\/fpv\/wp-json\/wp\/v2\/types\/post"}],"author":[{"embeddable":true,"href":"https:\/\/fpvoleibol.pt\/fpv\/wp-json\/wp\/v2\/users\/2"}],"replies":[{"embeddable":true,"href":"https:\/\/fpvoleibol.pt\/fpv\/wp-json\/wp\/v2\/comments?post=44108"}],"version-history":[{"count":12,"href":"https:\/\/fpvoleibol.pt\/fpv\/wp-json\/wp\/v2\/posts\/44108\/revisions"}],"predecessor-version":[{"id":44198,"href":"https:\/\/fpvoleibol.pt\/fpv\/wp-json\/wp\/v2\/posts\/44108\/revisions\/44198"}],"wp:featuredmedia":[{"embeddable":true,"href":"https:\/\/fpvoleibol.pt\/fpv\/wp-json\/wp\/v2\/media\/43989"}],"wp:attachment":[{"href":"https:\/\/fpvoleibol.pt\/fpv\/wp-json\/wp\/v2\/media?parent=44108"}],"wp:term":[{"taxonomy":"category","embeddable":true,"href":"https:\/\/fpvoleibol.pt\/fpv\/wp-json\/wp\/v2\/categories?post=44108"},{"taxonomy":"post_tag","embeddable":true,"href":"https:\/\/fpvoleibol.pt\/fpv\/wp-json\/wp\/v2\/tags?post=44108"}],"curies":[{"name":"wp","href":"https:\/\/api.w.org\/{rel}","templated":true}]}}