{"id":44089,"date":"2025-11-18T15:34:01","date_gmt":"2025-11-18T15:34:01","guid":{"rendered":"https:\/\/fpvoleibol.pt\/fpv\/?p=44089"},"modified":"2025-11-18T15:34:01","modified_gmt":"2025-11-18T15:34:01","slug":"benfica-com-os-16-avos-na-mira","status":"publish","type":"post","link":"https:\/\/fpvoleibol.pt\/fpv\/2025\/11\/18\/benfica-com-os-16-avos-na-mira\/","title":{"rendered":"BENFICA COM OS 16 AVOS NA MIRA"},"content":{"rendered":"<p><img loading=\"lazy\" decoding=\"async\" class=\"size-full wp-image-44097 aligncenter\" src=\"https:\/\/fpvoleibol.pt\/fpv\/wp-content\/uploads\/2025\/11\/slbenficaxcroatas_d2.jpg\" alt=\"\" width=\"960\" height=\"640\" srcset=\"https:\/\/fpvoleibol.pt\/fpv\/wp-content\/uploads\/2025\/11\/slbenficaxcroatas_d2.jpg 960w, https:\/\/fpvoleibol.pt\/fpv\/wp-content\/uploads\/2025\/11\/slbenficaxcroatas_d2-300x200.jpg 300w, https:\/\/fpvoleibol.pt\/fpv\/wp-content\/uploads\/2025\/11\/slbenficaxcroatas_d2-768x512.jpg 768w\" sizes=\"auto, (max-width: 960px) 100vw, 960px\" \/>A equipa de seniores masculinos do <strong>Sport Lisboa e Benfica<\/strong> recebe amanh\u00e3, pelas 20h00, no Pavilh\u00e3o n.\u00ba 2 do Est\u00e1dio da Luz, o Medimurje Centrometal, da Cro\u00e1cia, para a segunda m\u00e3o da primeira eliminat\u00f3ria da <a href=\"https:\/\/www.cev.eu\/club\/volleyball-challenge-cup\/2026\/men\/\">CEV Challenge Cup<\/a>. Depois de terem vencido o jogo da primeira m\u00e3o, na Cro\u00e1cia, pela margem m\u00e1xima de 3-0 (25-18, 25-19 e 25-14), as \u00e1guias procuram sentenciar a eliminat\u00f3ria e garantir a passagem aos 16 avos-de-final.<\/p>\n<p>O jogo, a disputar no Pavilh\u00e3o N.\u00ba 2 do est\u00e1dio da Luz, em Lisboa, ser\u00e1 arbitrado por Eleonora Petrovska (Maced\u00f3nia do Norte) e Fernando Julian Cerrato Gonzalez (Espanha). Ver mais informa\u00e7\u00f5es <a href=\"https:\/\/www.cev.eu\/match-centres\/2026-european-cups\/cev-volleyball-challenge-cup-2026-men\/chcm-38-sport-lisboa-e-benfica-v-ok-medimurje-centrometal-1\/\">AQUI<\/a><\/p>\n<p>Em antevis\u00e3o \u00e0 partida, o treinador <strong>Marcel Matz<\/strong> e o central <strong>Valerii Todua<\/strong> prestaram declara\u00e7\u00f5es ao site oficial do clube, mostrando-se confiantes na capitaliza\u00e7\u00e3o da vantagem trazida do estrangeiro.<\/p>\n<p><strong>Marcel Matz<\/strong>, t\u00e9cnico das <em>\u00e1guias<\/em>, salientou a necessidade de concentra\u00e7\u00e3o perante um advers\u00e1rio que j\u00e1 \u00e9 conhecido da equipa.<br \/>\n\u201c<em>N\u00e3o conhec\u00edamos bem o advers\u00e1rio, uma equipa fora da nossa rodagem. T\u00ednhamos uma expectativa atrav\u00e9s do v\u00eddeo, mas alguns jogadores at\u00e9 tiveram um desempenho superior ao esperado. Agora, n\u00f3s j\u00e1 os conhecemos. Acho que \u00e9 uma equipa m\u00e9dia, n\u00e3o \u00e9 uma equipa de topo. Tem bastantes problemas em algumas situa\u00e7\u00f5es e n\u00e3o tem um poder f\u00edsico muito grande. Acho que temos de estar concentrados para fazermos mais um resultado positivo em casa e avan\u00e7ar \u00e0 fase seguinte. Essa \u00e9 a expectativa em fun\u00e7\u00e3o do que aconteceu no primeiro jogo<\/em>\u201d, analisou o treinador brasileiro.<\/p>\n<p>Relativamente aos objetivos na competi\u00e7\u00e3o europeia, Marcel Matz garantiu que a equipa pensa \u201c<em>jogo a jogo<\/em>\u201d e que a prioridade \u00e9 selar a eliminat\u00f3ria diante dos croatas.<br \/>\n\u201c<em>Vamos passo a passo. Teremos uma equipa da Rom\u00e9nia contra uma equipa da Finl\u00e2ndia e acredito que os romenos passem. A expectativa \u00e9 de um salto de qualidade em compara\u00e7\u00e3o com esta equipa croata. Ent\u00e3o, primeiro, temos de fazer o trabalho com os croatas e ainda temos um jogo no fim-de-semana fora de casa<\/em> [para o Campeonato Nacional]. <em>Depois, sim, pensar no jogo da pr\u00f3xima fase<\/em>\u201d, concluiu.<br \/>\nO vencedor desta eliminat\u00f3ria defrontar\u00e1 o Arcada Galati (Rom\u00e9nia) ou o Levoranta Sastamala (Finl\u00e2ndia) nos 16 avos-de-final.<\/p>\n<p>Por sua vez, o central ucraniano <strong>Valerii Todua<\/strong> apontou a f\u00f3rmula para a equipa replicar o dom\u00ednio do primeiro encontro.<br \/>\n\u201c<em>Temos de estar focados no jogo, n\u00e3o cometer erros no servi\u00e7o e ter paci\u00eancia no bloco. E, claro, contamos com o apoio dos adeptos neste jogo<\/em>\u201d, referiu.<\/p>\n<p>As equipas portuguesas t\u00eam agendas preenchidas nas competi\u00e7\u00f5es europeias, com v\u00e1rios embates de alto calibre agendados, em particular para as pr\u00f3ximas semanas.<br \/>\nO foco imediato est\u00e1 nas competi\u00e7\u00f5es femininas (Liga dos Campe\u00f5es, Ta\u00e7a CEV e Challenge Cup):<\/p>\n<p><strong>Liga dos Campe\u00f5es<\/strong><\/p>\n<p>A equipa de seniores femininos do <strong>SL Benfica<\/strong> alcan\u00e7ou um feito hist\u00f3rico ao qualificar-se, pela primeira vez no formato atual, para a fase de grupos da Liga dos Campe\u00f5es.<\/p>\n<ul>\n<li>Apuramento: Confirmaram o apuramento com uma vit\u00f3ria por 3-0 frente ao OTP Banka Branik (Eslov\u00e9nia), ap\u00f3s j\u00e1 terem vencido a primeira m\u00e3o por 3-1.<\/li>\n<li>Grupo B: As <em>\u00e1guias<\/em> integram um grupo muito exigente, com o Fenerbah\u00e7e Medicana Istanbul (Turquia), o PGE Budowlani L\u00f3d\u017a (Pol\u00f3nia) e o Igor Gorgonzola Novara (It\u00e1lia).<\/li>\n<li>Pr\u00f3ximo Jogo: O primeiro desafio da fase de grupos est\u00e1 marcado para 25 de Novembro, na Turquia, frente ao Fenerbah\u00e7e. Ver mais informa\u00e7\u00f5es\u00a0<a href=\"https:\/\/www.cev.eu\/match-centres\/2026-european-cups\/cev-champions-league-volley-2026-women\/clvw-29-fenerbahce-medicana-istanbul-v-sport-lisboa-e-benfica\/\">aqui<\/a><\/li>\n<\/ul>\n<p>Este apuramento tem um peso especial na hist\u00f3ria do Voleibol feminino benfiquista, que pela primeira vez ver\u00e1 uma equipa na fase de grupos da principal prova europeia de clubes desde que, no virar do s\u00e9culo, a competi\u00e7\u00e3o passou para o formato actual da Liga dos Campe\u00f5es. Recorde-se que o Benfica j\u00e1 tinha feito hist\u00f3ria no passado, ao atingir os quartos-de-final da antiga Ta\u00e7a dos Campe\u00f5es Europeus em 1968 e os oitavos de final em 1970 e 1973.<\/p>\n<p>Em masculinos, o <strong>Sporting CP<\/strong>, campe\u00e3o nacional em t\u00edtulo, enfrenta um desafio de peso ao integrar o Grupo D da Champions League, considerado um <em>grupo da morte <\/em>na competi\u00e7\u00e3o.<\/p>\n<ul>\n<li>Grupo D: Aluron CMC Warta Zawiercie (Pol\u00f3nia), SVG Luneburg (Alemanha) e Asseco Resovia Rzesz\u00f3w (Pol\u00f3nia).<\/li>\n<li>Destaque: O confronto com o Aluron CMC Warta Zawiercie, finalista da \u00faltima edi\u00e7\u00e3o, ser\u00e1 especial pelo reencontro com o distribuidor da Selec\u00e7\u00e3o Portuguesa, Miguel Tavares Rodrigues.<\/li>\n<li>Agenda: Os jogos arrancam em Dezembro e estendem-se at\u00e9 Fevereiro de 2026:\n<ul>\n<li>10 de Dezembro (fora): vs. SVG Luneburg (ALE).<\/li>\n<li>6 de Janeiro de 2026 (casa): vs. Aluron CMC Warta Zawiercie (POL).<\/li>\n<li>21 de Janeiro de 2026 (fora): vs. Asseco Resovia Rzesz\u00f3w (POL).<\/li>\n<\/ul>\n<\/li>\n<\/ul>\n<p><strong>Ta\u00e7a CEV<\/strong><\/p>\n<p>Duas equipas portuguesas de femininos enfrentam embates dif\u00edceis nos 16 avos-de-final:<\/p>\n<ul>\n<li><strong>FC Porto<\/strong>: As azuis e brancas defrontam o Galatasaray (Turquia), um colosso europeu. O primeiro jogo \u00e9 no Drag\u00e3o Arena (26 de Novembro), com a 2.\u00aa m\u00e3o na <em>atmosfera escaldante<\/em> da Turquia (3 de Dezembro).<\/li>\n<li><strong>Sporting CP<\/strong>: As <em>leoas<\/em> medem for\u00e7as com o Vandoeuvre Nancy (Fran\u00e7a), ex-equipa do portugu\u00eas Andr\u00e9 S\u00e1. A 1.\u00aa m\u00e3o \u00e9 em Fran\u00e7a (26 de Novembro) e a decis\u00e3o no Pavilh\u00e3o Jo\u00e3o Rocha (3 de Dezembro).<\/li>\n<\/ul>\n<p><strong>Challenge Cup<\/strong><\/p>\n<p>A equipa de seniores femininos do <strong>Sporting Clube de Braga<\/strong>, vice-campe\u00e3 nacional, disputa a Challenge Cup.<\/p>\n<ul>\n<li>16 Avos-de-Final: As <em>Guerreiras do Minho<\/em> defrontam as espanholas do Ocisa Haro Rioja.<\/li>\n<li>Agenda: Jogam a 1.\u00aa m\u00e3o em Espanha (26 de Novembro) e beneficiam de jogar a decisiva 2.\u00aa m\u00e3o em casa, perante o seu p\u00fablico, a 3 de Dezembro (21h00), o que pode ser uma vantagem crucial.<\/li>\n<\/ul>\n<p style=\"text-align: center;\"><span style=\"background-color: #000000; color: #ffffff;\">Pr\u00f3ximos jogos em Novembro<\/span><\/p>\n<table style=\"width: 94.2502%;\">\n<thead>\n<tr>\n<td style=\"text-align: center; width: 20.0759%;\"><span style=\"background-color: #000000; color: #ffffff;\">Competi\u00e7\u00e3o<\/span><\/td>\n<td style=\"text-align: center; width: 12.7386%;\"><span style=\"background-color: #000000; color: #ffffff;\"><strong>Equipa<\/strong><\/span><\/td>\n<td style=\"text-align: center; width: 29.541%;\"><span style=\"background-color: #000000; color: #ffffff;\"><strong>Advers\u00e1rio<\/strong><\/span><\/td>\n<td style=\"text-align: center; width: 22.8381%;\"><span style=\"background-color: #000000; color: #ffffff;\"><strong>Data (1.\u00aa M\u00e3o)<\/strong><\/span><\/td>\n<td style=\"text-align: center; width: 52.9912%;\"><span style=\"background-color: #000000; color: #ffffff;\"><strong>Local<\/strong><\/span><\/td>\n<\/tr>\n<\/thead>\n<tbody>\n<tr>\n<td style=\"text-align: center; width: 20.0759%;\">Liga dos Campe\u00f5es (F)<\/td>\n<td style=\"text-align: center; width: 12.7386%;\">SL Benfica<\/td>\n<td style=\"text-align: center; width: 29.541%;\">Fenerbah\u00e7e Medicana Istanbul (TUR)<\/td>\n<td style=\"text-align: center; width: 22.8381%;\">25 de Novembro (19h00 locais)<\/td>\n<td style=\"text-align: center; width: 52.9912%;\">Turquia<\/td>\n<\/tr>\n<tr>\n<td style=\"text-align: center; width: 20.0759%;\">Ta\u00e7a CEV (F)<\/td>\n<td style=\"text-align: center; width: 12.7386%;\">Sporting CP<\/td>\n<td style=\"text-align: center; width: 29.541%;\">Vandoeuvre Nancy (FRA)<\/td>\n<td style=\"text-align: center; width: 22.8381%;\">26 de Novembro (19h30 locais)<\/td>\n<td style=\"text-align: center; width: 52.9912%;\">Fran\u00e7a<\/td>\n<\/tr>\n<tr>\n<td style=\"text-align: center; width: 20.0759%;\">Ta\u00e7a CEV (F)<\/td>\n<td style=\"text-align: center; width: 12.7386%;\">FC Porto<\/td>\n<td style=\"text-align: center; width: 29.541%;\">Galatasaray (TUR)<\/td>\n<td style=\"text-align: center; width: 22.8381%;\">26 de Novembro (20h00)<\/td>\n<td style=\"text-align: center; width: 52.9912%;\">Drag\u00e3o Arena (Casa)<\/td>\n<\/tr>\n<tr>\n<td style=\"text-align: center; width: 20.0759%;\">Challenge Cup (F)<\/td>\n<td style=\"text-align: center; width: 12.7386%;\">SC Braga<\/td>\n<td style=\"text-align: center; width: 29.541%;\">Ocisa Haro Rioja (ESP)<\/td>\n<td style=\"text-align: center; width: 22.8381%;\">26 de Novembro (20h00 locais)<\/td>\n<td style=\"text-align: center; width: 52.9912%;\">Espanha (Fora)<\/td>\n<\/tr>\n<\/tbody>\n<\/table>\n<p style=\"text-align: center;\"><strong>\u00c1rbitros portugueses em ac\u00e7\u00e3o<br \/>\nnas competi\u00e7\u00f5es internacionais<\/strong><\/p>\n<p><strong>Raquel Portela<\/strong><br \/>\n\u00c1rbitro de reserva no FC Porto x Galatasaray Istanbul (Turquia), dos 16 avos-de-final da Ta\u00e7a CEV &#8211; femininos, no dia 26 de Novembro.<br \/>\nAvarca de Menorca (Espanha) x Thy Istanbul (Turquia), dos 16 avos-de-final da Ta\u00e7a CEV &#8211; masculinos, no dia 3 de Dezembro.<\/p>\n<p><strong>V\u00edtor Gon\u00e7alves<\/strong><br \/>\nPGE Projekt Warszawa (Pol\u00f3nia) x Cucine Lube Civitanova (It\u00e1lia), da Pool D da Liga dos Campe\u00f5es masculinos, no dia 21 de Janeiro de 2026.<br \/>\nEczacibasi Istanbul (Turquia) x Numia Vero Volley Milano (It\u00e1lia), da Pool C da Liga dos Campe\u00f5es femininos, no dia 7 de Janeiro de 2026.<br \/>\nKS Developres Rzeszow (Pol\u00f3nia) x SSC Palmberg Scherin (Alemanha), da Pool E da Liga dos Campe\u00f5es femininos, no dia 4 de Fevereiro de 2026.<\/p>\n<p><strong>Ricardo Ferreira<br \/>\n<\/strong>Levallois Paris Saint-Cloud (Fran\u00e7a) x KS Developres Rzeszow (Pol\u00f3nia), da Pool D da Liga dos Campe\u00f5es femininos, no dia 4 de Dezembro.<br \/>\nTrentino Itas (It\u00e1lia) x Tours (Fran\u00e7a), da Pool A da Liga dos Campe\u00f5es masculinos, no dia 29 de Janeiro de 2026.<br \/>\nFenerbah\u00e7e Medicana Istanbul (Turquia) x Igor Gorgonzola Novara (It\u00e1lia), da Pool B da Liga dos Campe\u00f5es femininos, no 13 de Janeiro de 2026.<br \/>\nVolley Haasrode Leuven (B\u00e9lgica) x Montpellier (Fran\u00e7a), da Pool E da Liga dos Campe\u00f5es masculinos, no dia 18 de Fevereiro de 2026.<\/p>\n<p><strong>Pedro Pinto<\/strong><br \/>\nPGE Budowlani Lodz (Pol\u00f3nia) x Fenerbah\u00e7e Medicana Istanbul (Turquia), da Pool B da Liga dos Campe\u00f5es femininos, no dia 6 de Janeiro de 2026.<br \/>\nAnkara Zeren Spor Kul\u00fcb\u00fc (Turquia) x A. Carraro Prosecco DOC Conegliano (It\u00e1lia), da Pool D da Liga dos Campe\u00f5es femininos, no dia 27 de Janeiro de 2026.<br \/>\nTours (Fran\u00e7a) x Ziraat Bankkart Ankara (Turquia), da Pool A da Liga dos Campe\u00f5es masculinos, no dia 11 de Fevereiro de 2026.<\/p>\n<p><strong>Nuno Maia<\/strong><br \/>\nOK Napredak Odzak (B\u00f3snia-Herzegovina) x Volley Schonenwerd (Su\u00ed\u00e7a), da Ta\u00e7a CEV masculinos 32 avos-de-final, no dia 19 de Novembro.<\/p>\n<p><strong>Nuno Teixeira<\/strong><br \/>\nMladost Zagreb (Cro\u00e1cia) x Equipa proveniente da Liga dos Campe\u00f5es, da Ta\u00e7a CEV femininos \u2013 16 avos-de-final, no dia 3 de Dezembro.<br \/>\nTourcoing Lille M\u00e9tropole (Fran\u00e7a) x Equipa apurada na fase anterior, da Ta\u00e7a CEV masculinos \u2013 16 avos-de-final, no dia 6 de Janeiro de 2026.<\/p>\n<p><strong>Jos\u00e9 Caramez<\/strong><br \/>\nEquipa proveniente da Liga dos Campe\u00f5es x Draisma Dynamo Apeldoorn (Pa\u00edses Baixos), da Ta\u00e7a CEV masculinos \u2013 16 avos-de-final, em data a definir.<\/p>\n<p style=\"text-align: center;\">Mais informa\u00e7\u00f5es em\u00a0<a href=\"http:\/\/www.cev.eu\/\">cev.eu<\/a><\/p>\n<p>&nbsp;<\/p>\n","protected":false},"excerpt":{"rendered":"<p>A equipa de seniores masculinos do Sport Lisboa e Benfica recebe amanh\u00e3, pelas 20h00, no Pavilh\u00e3o n.\u00ba 2 do Est\u00e1dio da Luz, o Medimurje Centrometal, da Cro\u00e1cia, para a segunda [&hellip;]<\/p>\n","protected":false},"author":2,"featured_media":44096,"comment_status":"open","ping_status":"open","sticky":false,"template":"","format":"standard","meta":{"_monsterinsights_skip_tracking":false,"_monsterinsights_sitenote_active":false,"_monsterinsights_sitenote_note":"","_monsterinsights_sitenote_category":0,"footnotes":""},"categories":[13,8],"tags":[54,176,32,53],"class_list":{"0":"post-44089","1":"post","2":"type-post","3":"status-publish","4":"format-standard","5":"has-post-thumbnail","7":"category-arbitragem","8":"category-voleibol","9":"tag-challenge-cup","10":"tag-epoca-2025-2026","11":"tag-liga-dos-campeoes","12":"tag-taca-cev","13":"czr-hentry"},"aioseo_notices":[],"_links":{"self":[{"href":"https:\/\/fpvoleibol.pt\/fpv\/wp-json\/wp\/v2\/posts\/44089","targetHints":{"allow":["GET"]}}],"collection":[{"href":"https:\/\/fpvoleibol.pt\/fpv\/wp-json\/wp\/v2\/posts"}],"about":[{"href":"https:\/\/fpvoleibol.pt\/fpv\/wp-json\/wp\/v2\/types\/post"}],"author":[{"embeddable":true,"href":"https:\/\/fpvoleibol.pt\/fpv\/wp-json\/wp\/v2\/users\/2"}],"replies":[{"embeddable":true,"href":"https:\/\/fpvoleibol.pt\/fpv\/wp-json\/wp\/v2\/comments?post=44089"}],"version-history":[{"count":7,"href":"https:\/\/fpvoleibol.pt\/fpv\/wp-json\/wp\/v2\/posts\/44089\/revisions"}],"predecessor-version":[{"id":44098,"href":"https:\/\/fpvoleibol.pt\/fpv\/wp-json\/wp\/v2\/posts\/44089\/revisions\/44098"}],"wp:featuredmedia":[{"embeddable":true,"href":"https:\/\/fpvoleibol.pt\/fpv\/wp-json\/wp\/v2\/media\/44096"}],"wp:attachment":[{"href":"https:\/\/fpvoleibol.pt\/fpv\/wp-json\/wp\/v2\/media?parent=44089"}],"wp:term":[{"taxonomy":"category","embeddable":true,"href":"https:\/\/fpvoleibol.pt\/fpv\/wp-json\/wp\/v2\/categories?post=44089"},{"taxonomy":"post_tag","embeddable":true,"href":"https:\/\/fpvoleibol.pt\/fpv\/wp-json\/wp\/v2\/tags?post=44089"}],"curies":[{"name":"wp","href":"https:\/\/api.w.org\/{rel}","templated":true}]}}