{"id":44042,"date":"2025-11-17T14:14:53","date_gmt":"2025-11-17T14:14:53","guid":{"rendered":"https:\/\/fpvoleibol.pt\/fpv\/?p=44042"},"modified":"2025-11-17T14:14:53","modified_gmt":"2025-11-17T14:14:53","slug":"portugueses-no-mundo-154","status":"publish","type":"post","link":"https:\/\/fpvoleibol.pt\/fpv\/2025\/11\/17\/portugueses-no-mundo-154\/","title":{"rendered":"PORTUGUESES NO MUNDO"},"content":{"rendered":"<p><img loading=\"lazy\" decoding=\"async\" class=\"size-full wp-image-11069 aligncenter\" src=\"https:\/\/fpvoleibol.pt\/fpv\/wp-content\/uploads\/2021\/11\/bandeira_por_mundo_d.jpg\" alt=\"\" width=\"960\" height=\"536\" srcset=\"https:\/\/fpvoleibol.pt\/fpv\/wp-content\/uploads\/2021\/11\/bandeira_por_mundo_d.jpg 960w, https:\/\/fpvoleibol.pt\/fpv\/wp-content\/uploads\/2021\/11\/bandeira_por_mundo_d-300x168.jpg 300w, https:\/\/fpvoleibol.pt\/fpv\/wp-content\/uploads\/2021\/11\/bandeira_por_mundo_d-768x429.jpg 768w\" sizes=\"auto, (max-width: 960px) 100vw, 960px\" \/>Na Liga Polaca (<a href=\"https:\/\/www.plusliga.pl\/strona-glowna.html\">PlusLiga<\/a>), o Aluron CMC Warta Zawiercie, de <strong>Miguel Tavares Rodrigues<\/strong>, perdeu, em casa,\u00a0pela margem m\u00ednima (<a href=\"https:\/\/www.plusliga.pl\/games\/action\/show\/id\/1104601.html#stats\">2-3: 16-25, 26-24, 25-19, 23-25 e 11-15<\/a>), com o JSW Jastrzebski Wegiel, uma equipa com muitos pergaminhos a n\u00edvel internacional. O distribuidor da Selec\u00e7\u00e3o Nacional registou 4 pontos (3 servi\u00e7os e 1 ataque).<br \/>\nAntes, e em jogo antecipado da 13.\u00aa jornada, o Warta Zawiercie tinha recebido e derrotado (<a href=\"https:\/\/www.plusliga.pl\/games\/action\/show\/id\/1104643.html\">3-2: 22-25, 25-20, 30-28, 20-25 e 15-11<\/a>) o Bogdanka Luk Lublin (6.\u00ba), campe\u00e3o em t\u00edtulo, recente vencedor da Superta\u00e7a e antiga equipa de Alexandre Ferreira. Neste jogo, Miguel registou 6 pontos (5 servi\u00e7os e 1 ataque).<br \/>\nO Aluron CMC Warta Zawiercie, que com estes resultados perdeu a lideran\u00e7a da <a href=\"https:\/\/www.plusliga.pl\/strona-glowna.html\">PlusLiga<\/a>, vai enfrentar, na 7.\u00aa jornada (22 de Novembro), o Asseco Resovia Rzesz\u00f3w, equipa que conta j\u00e1 com sete t\u00edtulos de campe\u00e3o nacional e tr\u00eas Ta\u00e7as da Pol\u00f3nia, tendo conquistado a Ta\u00e7a CEV em 2024.<br \/>\nAli\u00e1s, em Dezembro, na Pool D da 4.\u00aa Ronda da <a href=\"https:\/\/championsleague.cev.eu\/en\/men\/\">Liga dos Campe\u00f5es 2025\/2026 (CEV Champions League)<\/a>, Warta Zawiercie,\u00a0<a href=\"https:\/\/championsleague.cev.eu\/en\/history\/2025\/men\/\">finalista da \u00faltima edi\u00e7\u00e3o da competi\u00e7\u00e3o<\/a>, ir\u00e1 defrontar o <strong>Sporting Clube de Portugal<\/strong>, campe\u00e3o portugu\u00eas em t\u00edtulo, a equipa alem\u00e3 do SVG Luneburg e&#8230; o Asseco Resovia Rzesz\u00f3w, em mais um escaldante d\u00e9rbi polaco.<\/p>\n<p>O SCM Zalau, de <strong>Filip Cveticanin<\/strong>, sofreu a primeira derrota (em cinco jogos) na <a href=\"https:\/\/frv-web.dataproject.com\/CompetitionHome.aspx?ID=65\">Divizia A1<\/a>, a I Divis\u00e3o Romena. Aconteceu (<a href=\"https:\/\/frv-web.dataproject.com\/MatchStatistics.aspx?mID=3470&amp;ID=65&amp;CID=142&amp;PID=68&amp;type=LegList\">1-3: 25-22, 18-25, 22-25 e 23-25<\/a>) no recinto do CSA Steaua Bucuresti. O central da Selec\u00e7\u00e3o Nacional contribuiu com 7 pontos (4 ataques, 2 blocos e 1 servi\u00e7o).<br \/>\nNa 6.\u00aa jornada, agendada para o dia 22 de Novembro, o Zalau (2.\u00ba) recebe o CSM Corona Brasov (3.\u00ba).<br \/>\nNa Challenge Cup, o Zalau vai defrontar, nos 16 avos-de-final, o vencedor da eliminat\u00f3ria entre os montenegrinos do Budva Budva e os luxemburgueses do VC Strossen. Na primeira m\u00e3o, os montenegrinos venceram, em casa, por 3-2 (27-25, 24-26, 25-20, 18-25 e 15-11).<\/p>\n<p>Na B\u00e9lgica, o Lindemans Aalst, de\u00a0<strong>Nuno Marques<\/strong>, venceu, por <a href=\"https:\/\/lottovolleyleague.be\/nl\/klassement-liga-heren\">3-1 (25-16, 35-37, 25-19 e 25-23)<\/a>, na visita ao Caruur Volley Gent e subiu ao 6.\u00ba lugar na\u00a0<a href=\"https:\/\/lottovolleyleague.be\/nl\/\">Lotto Volley League<\/a>. O zona 4 da Selec\u00e7\u00e3o Nacional cotou-se como o segundo melhor pontuador da sua equipa, com 14 pontos (12 ataques, um bloco e 1 servi\u00e7o).<br \/>\nNo dia 22 de Novembro, e em jogo da 7.\u00aa jornada, o Aalst recebe o Decospan Volley Team Menen, l\u00edder invicto da Liga Belga.<br \/>\nNa Challenge Cup, o Aalst vai defrontar, nos 16 avos-de-final, o vencedor da eliminat\u00f3ria entre os romenos do Steaua Bucuresti e os azeris do Khilasedichi Baku. Na primeira m\u00e3o, os romenos venceram, em casa, por 3-0 (25-21, 25-20 e 25-20).<\/p>\n<p>No Jap\u00e3o, o Tokyo Great Bears, de <strong>Alexandre Ferreira<\/strong>, recebeu o Wolfdogs Nagoya, tendo perdido os dois jogos pela diferen\u00e7a maior. No primeiro por <a href=\"https:\/\/www.svleague.jp\/en\/form\/b\/33111\">0-3 (22-25, 15-25 e 23-25<\/a>) e no segundo por <a href=\"https:\/\/www.svleague.jp\/en\/form\/b\/33112\">0-3 (23-25, 28-30 e 18-25<\/a>).\u00a0 Neste \u00faltimo jogo, que marcou o regresso do capit\u00e3o da Selec\u00e7\u00e3o Nacional \u00e0 competi\u00e7\u00e3o nip\u00f3nica ap\u00f3s a les\u00e3o sofrida durante a prepara\u00e7\u00e3o para o Campeonato do Mundo, Alex Ferreira contabilizou 14 pontos (12 ataques, 1 servi\u00e7o e 1 bloco).<br \/>\nNa pr\u00f3xima jornada\u00a0da fase regular da <a href=\"https:\/\/www.svleague.jp\/en\/sv_men\/match\/list\">SV.League<\/a>, a principal competi\u00e7\u00e3o nip\u00f3nica, a forma\u00e7\u00e3o da capital, que caiu para o 7.\u00ba lugar, recebe o Hiroshima Thunders (4.\u00ba).<\/p>\n<p>Em Fran\u00e7a, o SAEMS Tourcoing Volley-Ball Lille M\u00e9tropole, de <strong>Bruno Dias<\/strong>, saiu vitorioso (<a href=\"https:\/\/www.lnv.fr\/pdf\/2025\/DataVolley\/Men\/MSL042-2026.pdf\">3-1: 25-20, 23-25, 25-17 e 25-19<\/a>) da visita ao Saint-Nazaire VB (9.\u00ba), campe\u00e3o em 2023\/2024 e antiga equipa de Louren\u00e7o Martins. O distribuidor luso contabilizou 3 pontos, todos no ataque.<br \/>\nNa 7.\u00aa jornada, agendada para o dia 21 de Novembro, o Tourcoing, actualmente no 3.\u00ba lugar da <a href=\"https:\/\/www.lnv.fr\/accueil\">Marmara SpikeLeague<\/a>, recebe o Ajaccio, antiga equipa de Carlos Silveira.<\/p>\n<p>Na <a href=\"https:\/\/www.lnv.fr\/competitions\/ligue-b-masculine\">Ligue B Masculine<\/a>, o Martigues VB, de <strong>Andr\u00e9 Pereira<\/strong>, recebeu e venceu (<a href=\"https:\/\/www.lnv.fr\/competitions\/ligue-b-masculine\">3-2: 21-25, 32-20, 25-13, 23-25 e 15-13<\/a>) o Royan Atlantique Volley-Ball. O zona 4 internacional, que \u00e9 vice-l\u00edder na lista dos <a href=\"https:\/\/lnv-web.dataproject.com\/BestPlayerRankingComplete.aspx?ID=126&amp;rt=5\">melhores no servi\u00e7o<\/a>, registou 11 pontos (8 ataques, 2 servi\u00e7os e 1 bloco).<br \/>\nNa 6.\u00aa ronda, o Martigues (3.\u00ba) recebe o Grand Nancy (6.\u00ba) no dia 22 de Novembro.<\/p>\n<p>Em It\u00e1lia, o Volleyball Casalmaggiore, de <strong>J\u00falia Kavalenka<\/strong>, que ocupa a 9.\u00aa e \u00faltima posi\u00e7\u00e3o na S\u00e9rie A2 italiana (<a href=\"https:\/\/www.legavolleyfemminile.it\/\">Serie A2 Tigot\u00e0 Girone A<\/a>), visita <a href=\"https:\/\/www.legavolleyfemminile.it\/match-center\/747654\/\">hoje<\/a> o Gruppo Formula 3 Messina, actual 6.\u00ba classificado.<\/p>\n<p>Na Alemanha, o\u00a0Helios Grizzlys Giesen, de Miguel Sinfr\u00f3nio, recebeu e superou (<a href=\"https:\/\/www.volleyball-bundesliga.de\/uploads\/2998b9ba-96be-488e-8020-932b0a434e3a\">3-2: 25-20, 20-25, 15-25, 25-20 e 15-10<\/a>) o Duren. No dia 22 de Novembro, a equipa do central portugu\u00eas, actualmente no 3.\u00ba lugar, visita o SV Warnemunde, 15.\u00ba e \u00faltimo classificado na <a href=\"https:\/\/www.volleyball-bundesliga.de\/cms\/home\/1_bundesliga_maenner\/statistik\/tabelle\/hauptrunde.xhtml\">1. Bundesliga Manner<\/a>.<br \/>\nNa Ta\u00e7a CEV, Giesen visita amanh\u00e3 os h\u00fangaros do M\u00e1v Foxconn Sz\u00e9kesfeh\u00e9rv\u00e1r, na segunda m\u00e3o dos 32 avos-de-final. Na primeira m\u00e3o, os alem\u00e3es venceram por <a href=\"https:\/\/www-old.cev.eu\/Competition-Area\/MatchStatistics.aspx?ID=82023\">3-2 (20-25, 16-25, 25-22, 25-15 e 15-10)<\/a>.<\/p>\n<p><span style=\"text-decoration: underline;\">Atletas \/ t\u00e9cnicos que actuam no estrangeiro e\/ou com<b> *inscri\u00e7\u00e3o em 2025\/2026<\/b>:<\/span><\/p>\n<p><strong><span style=\"text-decoration: underline;\">Processo conclu\u00eddo<\/span><\/strong><\/p>\n<p><a href=\"https:\/\/tokyo-greatbears.com\/\">Tokyo Great Bears (Jap\u00e3o)<\/a> \u2013 Alexandre Ferreira<br \/>\n<a href=\"https:\/\/www.aluroncmc.pl\/\" target=\"_blank\" rel=\"noopener noreferrer\">Aluron Warta Zawiercie (Pol\u00f3nia)<\/a> \u2013 Miguel Tavares Rodrigues<br \/>\n<a href=\"https:\/\/tourcoing-volley.com\/\">SAEMS Tourcoing Volley-Ball Lille M\u00e9tropole (Fran\u00e7a)<\/a> \u2013 Bruno Dias<br \/>\n<a href=\"https:\/\/www.martiguesvolleyball.fr\/\">Martigues VB (Fran\u00e7a)<\/a> \u2013 Andr\u00e9 Pereira<br \/>\n<a href=\"https:\/\/www.lindemansaalst.be\/\">Lindemans Aalst (B\u00e9lgica<\/a>) \u2013 Nuno Marques<br \/>\n<a href=\"https:\/\/scmzalau.ro\/volei\/\">Sport Club Municipal Zalau (Rom\u00e9nia)<\/a>\u00a0\u2013 Filip Cveticanin<br \/>\n<a href=\"https:\/\/knackvolley.be\/knack-b-2\/\">Knack Volley Roeselare (B\u00e9lgica)<\/a> \u2013 Eduardo Brito<br \/>\n<a href=\"https:\/\/homeofgrizzlys.de\/\">Helios Grizzlys Giesen (Alemanha)<\/a>\u00a0\u2013 Miguel Sinfr\u00f3nio<br \/>\n<a href=\"https:\/\/www.volleyballcasalmaggiore.it\/\">Volleyball Casalmaggiore SSDRL (It\u00e1lia)<\/a> \u2013 J\u00falia Kavalenka<br \/>\n<a href=\"https:\/\/www.volleynaefels.ch\">Volley Nafels (Su\u00ed\u00e7a)<\/a> \u2013 Manuel Figueiredo<br \/>\n<a href=\"https:\/\/vbcgeneve.ch\/\">VBC Etoile-Gen\u00e8ve (Su\u00ed\u00e7a)<\/a> \u2013Filipe Sousa<br \/>\n<a style=\"color: #001b2e;\" href=\"https:\/\/okmaribor.si\/\">OK i-Vent Maribor (Eslov\u00e9nia)<\/a>\u00a0\u2013 Gustavo Cavalcanti<br \/>\n<a href=\"https:\/\/www.uvcgraz.at\/\">UVC Holding Graz (\u00c1ustria)<\/a> \u2013 Jos\u00e9 Jardim<br \/>\n<a href=\"https:\/\/www.volerolecannet.fr\/fr\/\">Volero Le Cannet (Fran\u00e7a)<\/a> \u2013 Nilda Hungulo Matuca<br \/>\n<a href=\"https:\/\/www.volleylugano.ch\/\">Volley Lugano (Su\u00ed\u00e7a)\u00a0<\/a>\u2013 Marta Hurst<br \/>\n<a href=\"https:\/\/ssovbc.ch\/\">VBC Servette Star-Onex (Su\u00ed\u00e7a)<\/a> \u2013 Arthur Galipeau<br \/>\n<a href=\"https:\/\/vbcgeneve.ch\/\">VBC Etoile-Gen\u00e8ve (Su\u00ed\u00e7a)<\/a> \u2013 Andr\u00e9 Mata<br \/>\n<a href=\"https:\/\/www.vopap.ch\/\">Volleyball Papiermuhle (Su\u00ed\u00e7a)<\/a> \u2013 Henrique Sousa<br \/>\n<a href=\"https:\/\/volley.sg\/\">STV Saint-Gallen (Su\u00ed\u00e7a)<\/a> \u2013 Dinis Braga da Cruz<br \/>\n<a href=\"https:\/\/volleyball.org.kw\/en\/\">Al-Yarmouk Sports Club (Kuwait)<\/a> \u2013 Jos\u00e9 Gomes<br \/>\n<a href=\"https:\/\/www.uspvolleyball.fr\/senior-feminine\/\">US Palaiseau (Fran\u00e7a)<\/a> \u2013 Sara Teodoro<br \/>\n<a href=\"https:\/\/www.facebook.com\/epinalgolbeyvolleyball\/\">Epinal Golbey VB (Fran\u00e7a)<\/a> \u2013 Andr\u00e9 Mata<br \/>\n<a href=\"https:\/\/evvsm.com\/newsite\/\">Volley Vernon Saint-Marcel (Fran\u00e7a)<\/a> \u2013 Ecaterina Ursu<br \/>\n<a href=\"https:\/\/www.cosf-sports.com\/page\/1546914-accueil\">Club Omnisports de Saint-Fons (Fran\u00e7a<\/a>) \u2013 Natalia Herasymiv<br \/>\n<a href=\"https:\/\/rvb-volleyball.sportsregions.fr\/\">Rieux-Villers-Brenouille Volley (Fran\u00e7a)<\/a> \u2013 Mafalda Baptista Martins<br \/>\n<a href=\"https:\/\/www.facebook.com\/polvolley\">Postillon Olympique Longjumellois (Fran\u00e7a)<\/a> \u2013 Beatriz Silva<br \/>\n<a href=\"https:\/\/www.fcschuettorf09.de\/\">FC Sch\u00fcttorf 09 (Alemanha)<\/a> \u2013 Jos\u00e9 Vinha<br \/>\n<a href=\"https:\/\/www.evv2000.de\/\">Erkelenzer Volleyball Verein (Alemanha)<\/a> \u2013 Lu\u00eds Gra\u00e7a<br \/>\n<a href=\"https:\/\/www.ftm-schwabing.org\/volleyball\/\">FTM Schwabing eV (Alemanha)<\/a> \u2013 Gon\u00e7alo Nuno Biltes<br \/>\n<a href=\"https:\/\/www.vfr-umkirch.de\/news\/volleyball\">VfR Umkirch 1923 (Alemanha)<\/a> \u2013 Mariana Guimar\u00e3es<br \/>\n<a href=\"https:\/\/www.vfr-umkirch.de\/news\/volleyball\">VfR Umkirch 1923 (Alemanha)<\/a> \u2013 Andreia Guimar\u00e3es<br \/>\n<a href=\"https:\/\/www.facebook.com\/oper.volleyb\/\">Neos Omilos Petosfairisis Rethymnou (Gr\u00e9cia)<\/a> \u2013 Beatriz Machado<br \/>\n<a href=\"https:\/\/www.facebook.com\/bunniesvolley\">Budapest Bunnies (Hungria)<\/a> \u2013 Liliana Almeida<br \/>\n<a href=\"https:\/\/dartfordvolleyballclub.co.uk\/\">Dartford VB (Inglaterra)<\/a> \u2013 Mariana Santos<br \/>\n<a href=\"https:\/\/southamptonvolleyball.co.uk\/\">Southampton Volleyball Club (Inglaterra)<\/a> \u2013 Dina Grosu<br \/>\n<a href=\"https:\/\/southamptonvolleyball.co.uk\/\">Southampton Volleyball Club (Inglaterra)<\/a>\u00a0\u2013 Ema Sofia Carneiro<br \/>\n<a href=\"https:\/\/southamptonvolleyball.co.uk\/\">Southampton Volleyball Club (Inglaterra)<\/a>\u00a0\u2013 Maria Lima Antunes<br \/>\n<a href=\"https:\/\/southamptonvolleyball.co.uk\/\">Southampton Volleyball Club (Inglaterra)<\/a> \u2013 Iara Amaral<br \/>\n<a href=\"https:\/\/www.nottinghamrocketsvolleyball.co.uk\/\">Nottingham Rockets (Inglaterra)<\/a> \u2013 Vasco Liz\u00e1rio<br \/>\n<a href=\"https:\/\/www.volleyballengland.org\/competitions\/volleyball\">Cambridge ARU (Inglaterra)<\/a> &#8211; Nicoly Weiwanko<br \/>\n<a href=\"https:\/\/www.facebook.com\/stockportvolleyball\/\">Stockport VB (Inglaterra)<\/a> \u2013 Teresa Lima<br \/>\n<a href=\"https:\/\/www.facebook.com\/TeamSouthWales\/\">Team South Wales (Inglaterra)<\/a> \u2013 Jos\u00e9 Castro<br \/>\n<a href=\"https:\/\/spelthornevc.co.uk\/\">Spelthorne VC (Inglaterra)<\/a> \u2013 Jo\u00e3o Moreira<br \/>\n<a href=\"https:\/\/www.inter-volleyball.net\/\">Inter Volleyball Club (Inglaterra)<\/a> \u2013 Genoveva Lopes<br \/>\n<a href=\"https:\/\/www.dartfordvolleyballclub.co.uk\/\">Dartford Volleyball Club (Inglaterra)<\/a> \u2013 Mariana Cruz Santos<br \/>\n<a href=\"http:\/\/www.darkstarvolleyball.com\/our-teams\/male-player\/\">Darkstar Derbyshire (Inglaterra)<\/a> \u2013 Marcelo Goulart<br \/>\n<a href=\"https:\/\/rsrwalfer.lu\/\">RSR Walfer (Luxemburgo)<\/a> \u2013 Ashley Rose Fantazia<br \/>\n<a href=\"https:\/\/volleyball-echternach.lu\/\">VB Echternach (Luxemburgo)<\/a> \u2013 Daniel Amorim<br \/>\n<a href=\"https:\/\/volley-diekirch.lu\/\">CHEV Diekirch (Luxemburgo)<\/a> \u2013 D\u00e9bora Duarte<br \/>\n<a href=\"https:\/\/www.facebook.com\/VolleyClubBelair\/\">VC Belair (Luxemburgo)<\/a> \u2013 Carlos Castro<br \/>\n<a href=\"https:\/\/vcs.lu\/\">VC Strassen (Luxemburgo)<\/a> \u2013 Miguel Silva<br \/>\n<a href=\"https:\/\/lyngby-gladsaxe.dk\/default.aspx\">Lyngby-Gladsaxe Volley (Dinamarca)<\/a> \u2013\u00a0Luna Santos<br \/>\n<a href=\"https:\/\/lyngby-gladsaxe.dk\/default.aspx\">Lyngby-Gladsaxe Volley (Dinamarca)<\/a> \u2013 Matilde Cerqueira<\/p>\n<p>(&#8230;)<\/p>\n<p><span style=\"text-decoration: underline;\"><span class=\"auto-style7\"><strong>Treinadores\/Scouters<\/strong><\/span><\/span>:<br \/>\n<a href=\"https:\/\/www.facebook.com\/toursvolleyball\">Tours VB (Fran\u00e7a)<\/a> \u2013 David Sousa<br \/>\n<a href=\"https:\/\/www.volleymulhousealsace.fr\/equipe-pro\/composition\/\">Volley Mulhouse Alsace (Fran\u00e7a)<\/a> \u2013 Andr\u00e9 S\u00e1<br \/>\n<a href=\"https:\/\/praiaclube.org.br\/dentil-praia-clube\/\">Dentil Praia Clube (Brasil)<\/a> \u2013 Rui Moreira<br \/>\n<a href=\"https:\/\/volleyluzern.ch\/leistungssport\/damennl?b=1002373&amp;c=GD1000018&amp;s=djEtbTal9p4VVhMe131XEMJ_U9o1cNNfe0zxan71wdQHJDI=\">Volley Luzern (Su\u00ed\u00e7a)<\/a> \u2013 Filipe Carrasco Soares<br \/>\n<a style=\"color: #001b2e;\" href=\"https:\/\/www.volerolecannet.fr\/fr\/\">Volero Le Cannet (Fran\u00e7a)<\/a>\u00a0\u2013 H\u00e9lder Louren\u00e7o<br \/>\n<a href=\"https:\/\/www.facebook.com\/Cork-Volleyball-Academy-100484505416947\/\">Cork Volleyball Academy (Irlanda)<\/a> \u2013 Ant\u00f3nio Barros<br \/>\n<a style=\"color: #001b2e;\" href=\"http:\/\/bvc-volei.org\/site\/\">Barueri Volleyball Club (Brasil)<\/a>\u00a0\u2013 Bruno Leite<\/p>\n<p style=\"text-align: center;\"><strong>\u00c1rbitros portugueses em ac\u00e7\u00e3o<br \/>\nnas competi\u00e7\u00f5es internacionais<\/strong><\/p>\n<p><strong>Raquel Portela<\/strong><br \/>\n\u00c1rbitro de reserva no FC Porto x Galatasaray Istanbul (Turquia), dos 16 avos-de-final da Ta\u00e7a CEV &#8211; femininos, no dia 26 de Novembro.<br \/>\nAvarca de Menorca (Espanha) x Thy Istanbul (Turquia), dos 16 avos-de-final da Ta\u00e7a CEV &#8211; masculinos, no dia 3 de Dezembro.<\/p>\n<p><strong>V\u00edtor Gon\u00e7alves<\/strong><br \/>\nPGE Projekt Warszawa (Pol\u00f3nia) x Cucine Lube Civitanova (It\u00e1lia), da Pool D da Liga dos Campe\u00f5es masculinos, no dia 21 de Janeiro de 2026.<br \/>\nEczacibasi Istanbul (Turquia) x Numia Vero Volley Milano (It\u00e1lia), da Pool C da Liga dos Campe\u00f5es femininos, no dia 7 de Janeiro de 2026.<br \/>\nKS Developres Rzeszow (Pol\u00f3nia) x SSC Palmberg Scherin (Alemanha), da Pool E da Liga dos Campe\u00f5es femininos, no dia 4 de Fevereiro de 2026.<\/p>\n<p><strong>Ricardo Ferreira<br \/>\n<\/strong>Levallois Paris Saint-Cloud (Fran\u00e7a) x KS Developres Rzeszow (Pol\u00f3nia), da Pool D da Liga dos Campe\u00f5es femininos, no dia 4 de Dezembro.<br \/>\nTrentino Itas (It\u00e1lia) x Tours (Fran\u00e7a), da Pool A da Liga dos Campe\u00f5es masculinos, no dia 29 de Janeiro de 2026.<br \/>\nFenerbah\u00e7e Medicana Istanbul (Turquia) x Igor Gorgonzola Novara (It\u00e1lia), da Pool B da Liga dos Campe\u00f5es femininos, no 13 de Janeiro de 2026.<br \/>\nVolley Haasrode Leuven (B\u00e9lgica) x Montpellier (Fran\u00e7a), da Pool E da Liga dos Campe\u00f5es masculinos, no dia 18 de Fevereiro de 2026.<\/p>\n<p><strong>Pedro Pinto<\/strong><br \/>\nPGE Budowlani Lodz (Pol\u00f3nia) x Fenerbah\u00e7e Medicana Istanbul (Turquia), da Pool B da Liga dos Campe\u00f5es femininos, no dia 6 de Janeiro de 2026.<br \/>\nAnkara Zeren Spor Kul\u00fcb\u00fc (Turquia) x A. Carraro Prosecco DOC Conegliano (It\u00e1lia), da Pool D da Liga dos Campe\u00f5es femininos, no dia 27 de Janeiro de 2026.<br \/>\nTours (Fran\u00e7a) x Ziraat Bankkart Ankara (Turquia), da Pool A da Liga dos Campe\u00f5es masculinos, no dia 11 de Fevereiro de 2026.<\/p>\n<p><strong>Nuno Maia<\/strong><br \/>\nOK Napredak Odzak (B\u00f3snia-Herzegovina) x Volley Schonenwerd (Su\u00ed\u00e7a), da Ta\u00e7a CEV masculinos 32 avos-de-final, no dia 19 de Novembro.<\/p>\n<p><strong>Nuno Teixeira<\/strong><br \/>\nMladost Zagreb (Cro\u00e1cia) x Equipa proveniente da Liga dos Campe\u00f5es, da Ta\u00e7a CEV femininos \u2013 16 avos-de-final, no dia 3 de Dezembro.<br \/>\nTourcoing Lille M\u00e9tropole (Fran\u00e7a) x Equipa apurada na fase anterior, da Ta\u00e7a CEV masculinos \u2013 16 avos-de-final, no dia 6 de Janeiro de 2026.<\/p>\n<p><strong>Jos\u00e9 Caramez<\/strong><br \/>\nEquipa proveniente da Liga dos Campe\u00f5es x Draisma Dynamo Apeldoorn (Pa\u00edses Baixos), da Ta\u00e7a CEV masculinos \u2013 16 avos-de-final, em data a definir.<\/p>\n<p style=\"text-align: center;\">Mais informa\u00e7\u00f5es em\u00a0<a href=\"http:\/\/www.cev.eu\/\">cev.eu<\/a><\/p>\n<p>&nbsp;<\/p>\n","protected":false},"excerpt":{"rendered":"<p>Na Liga Polaca (PlusLiga), o Aluron CMC Warta Zawiercie, de Miguel Tavares Rodrigues, perdeu, em casa,\u00a0pela margem m\u00ednima (2-3: 16-25, 26-24, 25-19, 23-25 e 11-15), com o JSW Jastrzebski Wegiel, [&hellip;]<\/p>\n","protected":false},"author":2,"featured_media":11070,"comment_status":"open","ping_status":"open","sticky":false,"template":"","format":"standard","meta":{"_monsterinsights_skip_tracking":false,"_monsterinsights_sitenote_active":false,"_monsterinsights_sitenote_note":"","_monsterinsights_sitenote_category":0,"footnotes":""},"categories":[13,8],"tags":[176,52],"class_list":{"0":"post-44042","1":"post","2":"type-post","3":"status-publish","4":"format-standard","5":"has-post-thumbnail","7":"category-arbitragem","8":"category-voleibol","9":"tag-epoca-2025-2026","10":"tag-portugueses-no-mundo","11":"czr-hentry"},"aioseo_notices":[],"_links":{"self":[{"href":"https:\/\/fpvoleibol.pt\/fpv\/wp-json\/wp\/v2\/posts\/44042","targetHints":{"allow":["GET"]}}],"collection":[{"href":"https:\/\/fpvoleibol.pt\/fpv\/wp-json\/wp\/v2\/posts"}],"about":[{"href":"https:\/\/fpvoleibol.pt\/fpv\/wp-json\/wp\/v2\/types\/post"}],"author":[{"embeddable":true,"href":"https:\/\/fpvoleibol.pt\/fpv\/wp-json\/wp\/v2\/users\/2"}],"replies":[{"embeddable":true,"href":"https:\/\/fpvoleibol.pt\/fpv\/wp-json\/wp\/v2\/comments?post=44042"}],"version-history":[{"count":7,"href":"https:\/\/fpvoleibol.pt\/fpv\/wp-json\/wp\/v2\/posts\/44042\/revisions"}],"predecessor-version":[{"id":44049,"href":"https:\/\/fpvoleibol.pt\/fpv\/wp-json\/wp\/v2\/posts\/44042\/revisions\/44049"}],"wp:featuredmedia":[{"embeddable":true,"href":"https:\/\/fpvoleibol.pt\/fpv\/wp-json\/wp\/v2\/media\/11070"}],"wp:attachment":[{"href":"https:\/\/fpvoleibol.pt\/fpv\/wp-json\/wp\/v2\/media?parent=44042"}],"wp:term":[{"taxonomy":"category","embeddable":true,"href":"https:\/\/fpvoleibol.pt\/fpv\/wp-json\/wp\/v2\/categories?post=44042"},{"taxonomy":"post_tag","embeddable":true,"href":"https:\/\/fpvoleibol.pt\/fpv\/wp-json\/wp\/v2\/tags?post=44042"}],"curies":[{"name":"wp","href":"https:\/\/api.w.org\/{rel}","templated":true}]}}