{"id":44008,"date":"2025-11-14T10:30:18","date_gmt":"2025-11-14T10:30:18","guid":{"rendered":"https:\/\/fpvoleibol.pt\/fpv\/?p=44008"},"modified":"2025-11-16T13:53:23","modified_gmt":"2025-11-16T13:53:23","slug":"estreia-promissora-no-mundial-2025","status":"publish","type":"post","link":"https:\/\/fpvoleibol.pt\/fpv\/2025\/11\/14\/estreia-promissora-no-mundial-2025\/","title":{"rendered":"ESTREIA PROMISSORA NO MUNDIAL 2025"},"content":{"rendered":"<p style=\"text-align: center;\"><span style=\"font-size: 14px;\"><strong><img loading=\"lazy\" decoding=\"async\" class=\"size-full wp-image-44012 aligncenter\" src=\"https:\/\/fpvoleibol.pt\/fpv\/wp-content\/uploads\/2025\/11\/JPeHC_mundial_1j.jpg\" alt=\"\" width=\"960\" height=\"1071\" srcset=\"https:\/\/fpvoleibol.pt\/fpv\/wp-content\/uploads\/2025\/11\/JPeHC_mundial_1j.jpg 960w, https:\/\/fpvoleibol.pt\/fpv\/wp-content\/uploads\/2025\/11\/JPeHC_mundial_1j-269x300.jpg 269w, https:\/\/fpvoleibol.pt\/fpv\/wp-content\/uploads\/2025\/11\/JPeHC_mundial_1j-918x1024.jpg 918w, https:\/\/fpvoleibol.pt\/fpv\/wp-content\/uploads\/2025\/11\/JPeHC_mundial_1j-768x857.jpg 768w\" sizes=\"auto, (max-width: 960px) 100vw, 960px\" \/>Dupla Jo\u00e3o Pedrosa\/Hugo Campos entra a vencer no Mundial e refor\u00e7a ambi\u00e7\u00e3o na Pool F<\/strong><\/span><\/p>\n<p>A dupla portuguesa de Voleibol de Praia <strong>Jo\u00e3o Pedrosa\/Hugo Campos<\/strong> estreou-se da melhor forma no <a href=\"https:\/\/en.volleyballworld.com\/beachvolleyball\/competitions\/beach-volleyball-world-championships\">Campeonato do Mundo 2025<\/a>, que decorre em Adelaide, na Austr\u00e1lia, ao conquistar uma vit\u00f3ria crucial na madrugada desta sexta-feira.<br \/>\nO triunfo foi obtido frente aos neozelandeses <strong>Brad Fuller<\/strong> e <strong>Ben O&#8217;Dea<\/strong>, num jogo considerado estrat\u00e9gico para as ambi\u00e7\u00f5es de apuramento da dupla lusitana.<\/p>\n<p><img loading=\"lazy\" decoding=\"async\" class=\" wp-image-44013 alignleft\" src=\"https:\/\/fpvoleibol.pt\/fpv\/wp-content\/uploads\/2025\/11\/Jpedrosa_mundial_1j.jpg\" alt=\"\" width=\"230\" height=\"217\" srcset=\"https:\/\/fpvoleibol.pt\/fpv\/wp-content\/uploads\/2025\/11\/Jpedrosa_mundial_1j.jpg 960w, https:\/\/fpvoleibol.pt\/fpv\/wp-content\/uploads\/2025\/11\/Jpedrosa_mundial_1j-300x283.jpg 300w, https:\/\/fpvoleibol.pt\/fpv\/wp-content\/uploads\/2025\/11\/Jpedrosa_mundial_1j-768x724.jpg 768w\" sizes=\"auto, (max-width: 230px) 100vw, 230px\" \/>A import\u00e2ncia de arrancar a competi\u00e7\u00e3o com uma vit\u00f3ria foi imediatamente sublinhada por <strong>Jo\u00e3o Pedrosa<\/strong>:<br \/>\n&#8220;<em>Foi uma vit\u00f3ria muito, muito importante. Dos tr\u00eas jogos, se calhar era o jogo mais importante, n\u00e3o s\u00f3 por ser o primeiro, mas tamb\u00e9m por ser contra uma equipa muito forte, que possivelmente iria lutar connosco pelos lugares do topo do grupo e, portanto, conseguir a vit\u00f3ria foi muito bom para n\u00f3s<\/em>.&#8221;<\/p>\n<p>Os tetracampe\u00f5es nacionais, que iniciaram a competi\u00e7\u00e3o na 27.\u00aa posi\u00e7\u00e3o do ranking mundial, impuseram-se com os parciais de 24-22 e 21-18. O objectivo declarado da dupla neste Mundial passa pelo apuramento para os oitavos-de-final, al\u00e9m de lutar pelo primeiro lugar da Pool F.<\/p>\n<p>O percurso na fase de grupos prossegue na madrugada de domingo (3h30, hora portuguesa), com o encontro frente \u00e0 dupla do Benim, <strong>Daouda Yacoubou\/Mensan Tohouegnon<\/strong>.<br \/>\nEmbora seja teoricamente a dupla mais acess\u00edvel da pool, o jogo \u00e9 encarado com seriedade.<br \/>\n<strong>Hugo Campos<\/strong> garante foco total.<br \/>\n&#8220;<u>Temos um dia de folga, que vamos aproveitar para estudar o pr\u00f3ximo advers\u00e1rio, que \u00e0 partida ser\u00e1 um jogo mais acess\u00edvel, mas que vamos ter que jogar na mesma para ganhar<\/u>\u201d, salientou, recordando que, frente a Fuller e Ben O&#8217;Dea, \u201c<em>conseguimos manter o nosso n\u00edvel e a nossa consist\u00eancia ao longo do jogo, apesar de termos falhado alguns contra-ataques. Conseguimos servir bem, impor o nosso jogo e colocar press\u00e3o nos nossos advers\u00e1rios e foi assim que conseguimos ganhar<\/em>\u201d.<\/p>\n<p><img loading=\"lazy\" decoding=\"async\" class=\" wp-image-44014 alignright\" src=\"https:\/\/fpvoleibol.pt\/fpv\/wp-content\/uploads\/2025\/11\/JPeHC_mundial_1j_3.jpg\" alt=\"\" width=\"256\" height=\"216\" srcset=\"https:\/\/fpvoleibol.pt\/fpv\/wp-content\/uploads\/2025\/11\/JPeHC_mundial_1j_3.jpg 960w, https:\/\/fpvoleibol.pt\/fpv\/wp-content\/uploads\/2025\/11\/JPeHC_mundial_1j_3-300x253.jpg 300w, https:\/\/fpvoleibol.pt\/fpv\/wp-content\/uploads\/2025\/11\/JPeHC_mundial_1j_3-768x646.jpg 768w\" sizes=\"auto, (max-width: 256px) 100vw, 256px\" \/>A fechar a fase de grupos, na madrugada de segunda-feira (2h30), <strong>Jo\u00e3o Pedrosa<\/strong> e <strong>Hugo Campos<\/strong> enfrentar\u00e3o o maior desafio contra a forte dupla cubana <strong>Noslen Diaz\/Jorge Luis Alayo<\/strong>, 9.\u00aa classificada nos Jogos Ol\u00edmpicos de Paris 2024, e que venceu, no jogo de estreia, <strong>Yacoubou\/Tohouegnon<\/strong> por 2-0 (21-11 e 21-6).<br \/>\nEste confronto ser\u00e1 mais um cap\u00edtulo na intensa rivalidade entre as duas duplas, que este ano j\u00e1 registaram uma vit\u00f3ria para cada lado, prometendo um duelo de alta tens\u00e3o pela lideran\u00e7a do grupo.<\/p>\n<p>Com a confian\u00e7a em alta ap\u00f3s o primeiro sucesso, a dupla portuguesa afirma estar no bom caminho: &#8220;<em>Agora \u00e9 aproveitar e deixar-nos levar pela confian\u00e7a que este jogo nos deu<\/em>\u201d, concluiu <strong>Jo\u00e3o Pedrosa<\/strong>.<\/p>\n<p>Com um objectivo de classifica\u00e7\u00e3o em mente, a dupla e o seleccionador <strong>Ricardo Rocha<\/strong> encaram o Mundial com responsabilidade, mas sem press\u00e3o excessiva. O objectivo a longo prazo \u00e9 o ciclo ol\u00edmpico de Los Angeles 2028.<\/p>\n<p>Al\u00e9m da dupla de atletas, a arbitragem portuguesa volta a estar em destaque. O \u00e1rbitro <strong>Rui Carvalho<\/strong> repetir\u00e1 a presen\u00e7a num Campeonato do Mundo. Rui Carvalho \u00e9 uma figura internacional de renome, tendo j\u00e1 arbitrado a final masculina de Voleibol de Praia nos Jogos Ol\u00edmpicos de Londres 2012, o jogo da medalha de bronze em T\u00f3quio 2020 e a final dos Europeus de 2022.<\/p>\n<p style=\"text-align: center;\"><span style=\"text-decoration: underline;\"><strong>Entre os melhores<\/strong><\/span><\/p>\n<p>O <a href=\"https:\/\/en.volleyballworld.com\/beachvolleyball\/competitions\/beach-volleyball-world-championships\">Campeonato do Mundo de Voleibol de Praia FIVB 2025<\/a>, o ponto alto e mais aguardado do calend\u00e1rio da modalidade este ano, realiza-se em Adelaide, Austr\u00e1lia, entre 14 e 23 de Novembro. O evento ser\u00e1 transmitido em directo e na \u00edntegra atrav\u00e9s da <a href=\"https:\/\/tv.volleyballworld.com\">VBTV<\/a>.<\/p>\n<p>Ao longo dos dez dias de competi\u00e7\u00e3o no \u00abDown Under\u00bb, ser\u00e1 poss\u00edvel assistir-se a confrontos intensos e dram\u00e1ticos que culminar\u00e3o na coroa\u00e7\u00e3o dos novos campe\u00f5es mundiais. Os f\u00e3s de todo o planeta que acompanharem a VBTV ter\u00e3o a possibilidade de ver todos os jogos, seja em directo ou em diferido (<em>on-demand<\/em>).\u00a0A melhor forma de seguir o Mundial \u00e9 descarregando a aplica\u00e7\u00e3o VBTV.<\/p>\n<p>Esta 15.\u00aa edi\u00e7\u00e3o do Mundial de Voleibol de Praia promete ser a mais competitiva de sempre, juntando as 48 melhores duplas femininas e masculinas do mundo, representando 40 pa\u00edses de todos os cinco continentes. O lote de participantes inclui campe\u00f5es e medalhistas ol\u00edmpicos, bem como ex-campe\u00f5es mundiais, com v\u00e1rios favoritos ao ouro em ambas as categorias.<\/p>\n<p>Os melhores jogadores de Voleibol de Praia a n\u00edvel mundial re\u00fanem-se na cidade anfitri\u00e3 para este evento de prest\u00edgio. Um dos grandes alvos a abater \u00e9 a dupla norueguesa formada por <strong>Anders Mol <\/strong>e<strong> Christian Sorum<\/strong>, que procurar\u00e3o ser os primeiros homens a conquistar o t\u00edtulo mundial por duas vezes.\u00a0Os noruegueses, actualmente no topo do <em>Ranking<\/em> Mundial da FIVB e campe\u00f5es ol\u00edmpicos de T\u00f3quio 2020, destacam-se como uma das duplas masculinas mais impressionantes. J\u00e1 fizeram hist\u00f3ria em 2022 ao garantirem o primeiro ouro mundial para o seu pa\u00eds e regressam ao Campeonato do Mundo com o objectivo de alcan\u00e7ar a sua terceira medalha, ap\u00f3s o bronze de 2019.<\/p>\n<p>Outras estrelas masculinas que procuram um t\u00edtulo mundial s\u00e3o os actuais campe\u00f5es ol\u00edmpicos, os suecos <strong>David Ahman <\/strong>e<strong> Jonatan Hellvig<\/strong>. Com 23 e 24 anos, respectivamente, estes atletas especialistas no \u00abjump-set\u00bb chegaram \u00e0 final na sua \u00fanica participa\u00e7\u00e3o em 2023, onde ficaram com o bronze.<\/p>\n<p>Os cataris <strong>Cherif Younousse <\/strong>e<strong> Ahmed Tijan<\/strong> formam a dupla mais bem-sucedida do Circuito Mundial (<em>Beach Pro Tour<\/em>) de 2025, com quatro ouros em seis torneios, e ser\u00e3o advers\u00e1rios a ter em conta na Austr\u00e1lia. Medalhistas de bronze em T\u00f3quio 2020, a sua vasta experi\u00eancia e capacidade atl\u00e9tica excepcional permitem-lhes enfrentar o rigor das eliminat\u00f3rias e ambicionar mais um feito de relevo nas suas carreiras.<\/p>\n<p>No grupo de duplas masculinas com potencial para disputar medalhas em Adelaide est\u00e3o ainda os checos <strong>Ondrej Perusic <\/strong>e<strong> David Schweiner<\/strong> (actuais campe\u00f5es mundiais), os ol\u00edmpicos brasileiros <strong>Evandro Gon\u00e7alves <\/strong>e<strong> Arthur Lanci<\/strong>, e os neerlandeses <strong>Stefan Boermans <\/strong>e<strong> Yorick de Groot<\/strong>, que alcan\u00e7aram o p\u00f3dio em seis dos sete eventos do <em>Beach Pro Tour<\/em> que disputaram em 2025.<\/p>\n<p>No sector feminino, o Brasil, uma das na\u00e7\u00f5es mais fortes no Voleibol de Praia, tem duas duplas em excelente posi\u00e7\u00e3o para competir pelo t\u00edtulo. As actuais campe\u00e3s ol\u00edmpicas <strong>Eduarda (Duda) Lisboa <\/strong>e<strong> Ana Patr\u00edcia Ramos<\/strong>, que marcaram presen\u00e7a nas duas finais anteriores (ouro em 2022 e prata em 2023), e as l\u00edderes do <em>Ranking<\/em> Mundial da FIVB, <strong>Victoria Lopes <\/strong>e<strong> Thamela Coradello<\/strong>, que somam quatro ouros e oito medalhas internacionais desde que formaram dupla em 2024.<\/p>\n<p>Com as campe\u00e3s em t\u00edtulo <strong>Kelly Cheng <\/strong>e<strong> Sara Hughes<\/strong> a competir com novas parceiras (Cheng jogar\u00e1 com Molly Shaw, enquanto Hughes n\u00e3o se qualificou), os Estados Unidos confiam nas atletas ol\u00edmpicas <strong>Kristen Nuss <\/strong>e<strong> Taryn Brasher<\/strong> para defenderem o t\u00edtulo alcan\u00e7ado pelas norte-americanas. A dupla conquistou um p\u00f3dio na sua estreia no Campeonato Mundial de 2023 e j\u00e1 garantiu tr\u00eas ouros no <em>Beach Pro Tour<\/em> esta \u00e9poca.<\/p>\n<p>As canadianas <strong>Melissa Humana-Paredes <\/strong>e<strong> Brandie Wilkerson<\/strong>, medalhistas de prata ol\u00edmpicas em Paris, tamb\u00e9m s\u00e3o fortes candidatas na Austr\u00e1lia. Ambas t\u00eam experi\u00eancia em finais do Mundial (Melissa ganhou o ouro em 2019 e Brandie a prata em 2022), e a sua parceria tem-se fortalecido nos \u00faltimos anos. Entre as duplas europeias, as alem\u00e3s <strong>Cinja Tilmman <\/strong>e<strong> Svenja Muller<\/strong>, as italianas <strong>Valentina Gottardi <\/strong>e<strong> Reka Orsi Toth<\/strong>, as let\u00e3s <strong>Tina Graudina <\/strong>e<strong> Anastasija Samoilova<\/strong> e as neerlandesas <strong>Raisa Schoon <\/strong>e<strong> Katja Stam<\/strong> parecem as mais bem preparadas para tentar levar o <em>Velho Continente<\/em> de volta ao lugar mais alto do p\u00f3dio pela primeira vez desde 2017.<\/p>\n<p style=\"text-align: center;\"><strong><img loading=\"lazy\" decoding=\"async\" class=\" wp-image-39055 aligncenter\" src=\"https:\/\/fpvoleibol.pt\/fpv\/wp-content\/uploads\/2025\/03\/campos_rocha_pedrosa_mex.jpg\" alt=\"\" width=\"868\" height=\"710\" srcset=\"https:\/\/fpvoleibol.pt\/fpv\/wp-content\/uploads\/2025\/03\/campos_rocha_pedrosa_mex.jpg 960w, https:\/\/fpvoleibol.pt\/fpv\/wp-content\/uploads\/2025\/03\/campos_rocha_pedrosa_mex-300x245.jpg 300w, https:\/\/fpvoleibol.pt\/fpv\/wp-content\/uploads\/2025\/03\/campos_rocha_pedrosa_mex-768x628.jpg 768w\" sizes=\"auto, (max-width: 868px) 100vw, 868px\" \/><\/strong><\/p>\n<p>Em 2023, Pedrosa\/Campos terminaram a sua participa\u00e7\u00e3o no Campeonato do Mundo no 33.\u00ba lugar, ap\u00f3s uma derrota renhida (1-2) na fase dos \u00abLucky losers\u00bb frente aos australianos Christopher McHugh e Paul Burnett.<\/p>\n<p style=\"text-align: center;\"><span style=\"text-decoration: underline;\"><strong>O caminho at\u00e9 \u00e0s medalhas<\/strong><\/span><\/p>\n<p>A maior competi\u00e7\u00e3o de Voleibol de Praia alguma vez realizada na Oce\u00e2nia contar\u00e1 com 48 duplas em cada g\u00e9nero. O formato de disputa ser\u00e1 o seguinte:<\/p>\n<p><strong>Fase de grupos:<br \/>\n<\/strong>As 48 duplas por g\u00e9nero s\u00e3o divididas em 12 grupos de quatro equipas, num sistema de todos contra todos a uma s\u00f3 volta (<em>single round-robi<\/em>n).<br \/>\nAvan\u00e7am directamente para a Ronda de 32 Equipas (ou 16 avos-de-final): os vencedores e os segundos classificados de cada grupo, mais as quatro melhores duplas terceiras classificadas.<\/p>\n<p><strong>Ronda \u00abLucky Loser\u00bb<\/strong>:<br \/>\nAs restantes oito duplas terceiras classificadas avan\u00e7am para uma primeira ronda a eliminar, apelidada de ronda <em>lucky loser<\/em>. Os quatro vencedores desta fase tamb\u00e9m se qualificam para a Ronda de 32.<\/p>\n<p><strong>Fase de elimina\u00e7\u00e3o directa:<br \/>\n<\/strong>A partir da Ronda de 32, a competi\u00e7\u00e3o segue em formato de elimina\u00e7\u00e3o directa (<em>single elimination<\/em>), incluindo:<br \/>\n. 16 Avos-de-final, oitavos-de-final, quartos-de-final e meias-finais;<br \/>\n. Disputa do 3.\u00ba e 4.\u00ba lugar (medalha de bronze) e final (ouro e prata).<\/p>\n<p>No total, ser\u00e3o disputados 216 jogos ao longo dos dez dias de competi\u00e7\u00e3o em Adelaide.<\/p>\n<p><img loading=\"lazy\" decoding=\"async\" class=\" wp-image-35203 alignleft\" src=\"https:\/\/fpvoleibol.pt\/fpv\/wp-content\/uploads\/2024\/09\/campos_pedrosa_masf_univ_f01.jpg\" alt=\"\" width=\"293\" height=\"174\" srcset=\"https:\/\/fpvoleibol.pt\/fpv\/wp-content\/uploads\/2024\/09\/campos_pedrosa_masf_univ_f01.jpg 640w, https:\/\/fpvoleibol.pt\/fpv\/wp-content\/uploads\/2024\/09\/campos_pedrosa_masf_univ_f01-300x178.jpg 300w\" sizes=\"auto, (max-width: 293px) 100vw, 293px\" \/><\/p>\n<p><span style=\"text-decoration: underline;\">A caminhada de Pedrosa e Campos no Voleibol de Praia \u00e9 um modelo de empenho e crescimento.<\/span><br \/>\nA dupla iniciou o seu percurso em 2017, mostrando potencial logo nas competi\u00e7\u00f5es para escal\u00f5es mais jovens, como se viu com o 3.\u00ba lugar na Ta\u00e7a Continental Jovem (CEV Youth Continental Cup).<br \/>\nA sua evolu\u00e7\u00e3o foi progressiva. Em 2021, j\u00e1 exibiam maturidade com tr\u00eas p\u00f3dios (dois 2.\u00ba lugares e um 3.\u00ba) em torneios do World Tour. O ano seguinte assinalou a passagem para o Beach Pro Tour e a conquista da medalha de ouro nos Mundiais Universit\u00e1rios, no Brasil, um resultado que lhes franqueou o acesso a provas de maior calibre.<br \/>\nA partir de 2023, firmaram-se no circuito principal, alcan\u00e7ando o seu primeiro grande feito: a vit\u00f3ria no Beach Pro Tour Challenge de Edmonton, no Canad\u00e1. Em 2024, continuaram a acumular resultados de primeira linha, nomeadamente um 3.\u00ba lugar nas Finais da Ta\u00e7a das Na\u00e7\u00f5es.<br \/>\nO ano de 2025 \u00e9 o da consagra\u00e7\u00e3o, com a dupla a atingir as rondas finais dos principais torneios de forma regular. O 3.\u00ba lugar obtido recentemente no Challenge de Yucat\u00e1n, no M\u00e9xico, prova que Pedrosa e Campos est\u00e3o consistentemente a lutar pelos lugares de topo nas competi\u00e7\u00f5es mais exigentes do mundo.<br \/>\nAl\u00e9m disso, a vit\u00f3ria alcan\u00e7ada no BPT Elite16 de Jo\u00e3o Pessoa, onde superaram os noruegueses Anders Berntsen Mol e Christian Sandlie Sorum \u2014 a dupla n\u00famero um do mundo, detentora de t\u00edtulos ol\u00edmpicos e mundiais \u2014 atesta o excelente momento de forma que os tetracampe\u00f5es nacionais atravessam.<\/p>\n<p>Mais informa\u00e7\u00f5es sobre as actividades do Voleibol <a href=\"https:\/\/fpvoleibol.pt\/fpv\/fpv\/historico-de-eventos\/\">aqui<\/a>\u00a0e Hist\u00f3ria do Voleibol\u00a0<a href=\"http:\/\/www.fpvoleibol.pt\/historia\/historiavoleibol-portugal.php?\">aqui<\/a><\/p>\n<p style=\"text-align: center;\"><span style=\"background-color: #000000; color: #ffffff;\">Curr\u00edculo de\u00a0<strong><a style=\"background-color: #000000; color: #ffffff;\" href=\"https:\/\/www.fivb.com\/players\/players-database\/player\/153921\">Jo\u00e3o Pedrosa<\/a><\/strong>\u00a0e<a style=\"background-color: #000000; color: #ffffff;\" href=\"https:\/\/www.fivb.com\/players\/players-database\/player\/164474\"><strong>\u00a0Hugo Campos:<\/strong><\/a><\/span><\/p>\n<p><strong><span style=\"background-color: #000000; color: #ffffff;\">2025<\/span><br \/>\n<a href=\"https:\/\/en.volleyballworld.com\/beachvolleyball\/competitions\/beach-pro-tour\/2025\/challenge\/veracruz-mex\/\">Beach Pro Tour Challenge Veracruz<\/a><\/strong> (M\u00e9xico) \u2013 17.\u00ba lugar.<strong><br \/>\n<\/strong><a href=\"https:\/\/en.volleyballworld.com\/beachvolleyball\/competitions\/beach-pro-tour\/2025\/elite16\/rio-de-janeiro-bra\/\"><span style=\"text-decoration: underline;\">Beach Pro Tour Elite16 Rio de Janeiro<\/span><\/a> \u2013 25.\u00ba lugar.<br \/>\n<strong><a href=\"https:\/\/en.volleyballworld.com\/beachvolleyball\/competitions\/beach-pro-tour\/2025\/elite16\/joao-pessoa-bra\/\"><span style=\"text-decoration: underline;\">Beach Pro Tour Elite16 Jo\u00e3o Pesso<\/span>a (Brasil)<\/a><\/strong> \u2013 5.\u00ba lugar.<br \/>\n<a href=\"https:\/\/fpvoleibol.pt\/fpv\/2025\/08\/17\/tetracampeoes-nacionais\/\"><strong>Circuito Nacional Voleibol de Praia<\/strong><\/a> \u2013 1.\u00ba lugar.<strong><br \/>\n<a href=\"https:\/\/en.volleyballworld.com\/beachvolleyball\/competitions\/beach-pro-tour\/2025\/challenge\/baden-aut\/schedule\/#fromDate=2025-08-03&amp;team=portugal\">Beach Pro Tour Challenge Baden<\/a> \u2013 <\/strong>9.\u00ba lugar.<br \/>\n<a href=\"https:\/\/eurobeachvolley.cev.eu\/en\/2025\/men\/\"><strong>CEV EuroBeachVolley 2025 (Dusseldorf, Alemanha)<\/strong><\/a> \u2013 17.\u00ba lugar.<strong><br \/>\n<a href=\"https:\/\/www.cev.eu\/beach\/nations-cup\/2025\/nations-cup-final\/men\/\">Finais Nations Cup 2025<\/a> \u2013<\/strong>5.\u00ba lugar.<strong><br \/>\n<\/strong><strong><a href=\"https:\/\/en.volleyballworld.com\/beachvolleyball\/competitions\/beach-pro-tour\/2025\/elite16\/gstaad-sui\/\">Beach Pro Tour Elite16 de Gstaad<\/a><\/strong> \u201319.\u00ba lugar.<strong><br \/>\n<\/strong><a href=\"https:\/\/en.volleyballworld.com\/beachvolleyball\/competitions\/beach-pro-tour\/2025\/challenge\/alanya-tur\/schedule\/#fromDate=2025-06-05\">Beach Pro Tour Challenge de Alanya<\/a> \u2013 25.\u00ba lugar.<strong><br \/>\n<\/strong><a href=\"https:\/\/en.volleyballworld.com\/beachvolleyball\/competitions\/beach-pro-tour\/2025\/elite16\/ostrava-cze\/schedule\/#fromDate=2025-05-28&amp;gender=men\">Beach<\/a><a href=\"https:\/\/en.volleyballworld.com\/beachvolleyball\/competitions\/beach-pro-tour\/2025\/elite16\/ostrava-cze\/schedule\/#fromDate=2025-05-28&amp;gender=men\"> Pro Tour Elite16 de Ostrava<\/a> \u2013 13.\u00ba lugar.<br \/>\n<a href=\"https:\/\/en.volleyballworld.com\/beachvolleyball\/competitions\/beach-pro-tour\/2025\/challenge\/xiamen-chn\/\">Beach Pro Tour Challenge de Xiamen<\/a> <strong>\u2013 <\/strong>9.\u00ba lugar.<br \/>\n<a href=\"https:\/\/en.volleyballworld.com\/beachvolleyball\/competitions\/beach-pro-tour\/2025\/elite16\/brasilia-bra\/schedule\/#fromDate=2025-04-16\">Beach Pro Tour Elite16 de Bras\u00edlia<\/a> <strong> \u2013 <\/strong>19.\u00ba lugar.<br \/>\n<a href=\"https:\/\/en.volleyballworld.com\/beachvolleyball\/competitions\/beach-pro-tour\/2025\/elite16\/saquarema-bra\/\">Beach Pro Tour Elite16 de Saquarema<\/a><strong> \u2013 <\/strong>9.\u00ba lugar.<br \/>\n<a href=\"https:\/\/en.volleyballworld.com\/beachvolleyball\/competitions\/beach-pro-tour\/2025\/challenge\/yucatan-mex\/schedule\/#fromDate=2025-03-17\">Beach Pro Tour Challenge de Yucat\u00e1n<\/a> (M\u00e9xico) \u2013 3.\u00ba lugar.<br \/>\n<strong><span style=\"background-color: #000000; color: #ffffff;\">2024<\/span><br \/>\n<\/strong><strong><a href=\"https:\/\/en.volleyballworld.com\/beachvolleyball\/competitions\/beach-pro-tour\/2024\/challenge\/nuvali-phi\/schedule\/#fromDate=2024-12-01\">Beach Pro Tour de Nuvali<\/a> \u2013 <\/strong>13.\u00ba lugar.<br \/>\n<a href=\"https:\/\/en.volleyballworld.com\/beachvolleyball\/competitions\/beach-pro-tour\/2024\/elite16\/joao-pessoa-bra\/schedule\/#fromDate=2024-10-17\">Beach Pro Tour Elite16 Jo\u00e3o Pessoa<\/a>\u00a0(Brasil) \u2013 9.\u00ba lugar.<br \/>\n<a href=\"https:\/\/beachsports2024.fisu.net\/\">FISU World University Championship Beach Sports 2024<\/a>\u00a0(Brasil) \u2013 3.\u00ba lugar.<br \/>\n<a href=\"https:\/\/en.volleyballworld.com\/beachvolleyball\/competitions\/beach-pro-tour\/2024\/elite16\/hamburg-ger\/\">Beach Pro Tour Elite16 de Hamburgo<\/a>\u00a0(Alemanha) \u2013 13.\u00ba lugar.<br \/>\nCampeonato da Europa (Pa\u00edses Baixos)\u00a0\u2013 25.\u00ba lugar.<br \/>\nCircuito Lipton Kombucha \u2013 Final em Esmoriz\u00a0\u2013 1.\u00ba lugar.<br \/>\nFinais da Ta\u00e7a das Na\u00e7\u00f5es (Let\u00f3nia)\u00a0\u2013 3.\u00ba lugar.<br \/>\nBPT Challenge Stare Jablonki (Pol\u00f3nia) \u2013 9.\u00ba lugar.<br \/>\nBPT Elite16 Espinho\u00a0\u2013 13.\u00ba lugar.<br \/>\nPool D da Ta\u00e7a das Na\u00e7\u00f5es (Turquia)\u00a0\u2013 1.\u00ba lugar.<br \/>\nBPT Challenge Xiamen (China) \u2013 17.\u00ba lugar.<br \/>\nBPT Challenge Guadalajara (M\u00e9xico) \u2013 19.\u00ba lugar.<br \/>\nBeach Pro Tour Challenge de Recife (Brasil) \u201325.\u00ba lugar.<br \/>\nBeach Pro Tour Elite16 Doha (Catar) \u2013 21.\u00ba lugar.<br \/>\n<strong><span style=\"background-color: #000000; color: #ffffff;\">2023<\/span><br \/>\n<\/strong><strong><a href=\"https:\/\/en.volleyballworld.com\/beachvolleyball\/competitions\/beach-pro-tour\/2023\/challenge\/nuvali-phi\/\">Beach Pro Tour de Nuvali<\/a>\u00a0\u2013 5.\u00ba lugar<br \/>\n<\/strong><a href=\"https:\/\/en.volleyballworld.com\/beachvolleyball\/competitions\/beach-pro-tour\/2023\/challenge\/chiang-mai-tha\/\">Beach Pro Tour Challenge de Chiang Mai<\/a> (Tail\u00e2ndia) \u2013 9.\u00ba lugar<strong><br \/>\n<\/strong><a href=\"https:\/\/en.volleyballworld.com\/beachvolleyball\/competitions\/beach-pro-tour\/2023\/challenge\/haikou-chn\/schedule\/\">Beach Pro Tour Challenge de Haikou<\/a> (China) \u2013 19.\u00ba lugar<br \/>\n<a href=\"https:\/\/en.volleyballworld.com\/beachvolleyball\/competitions\/beach-pro-tour\/2023\/challenge\/goa-ind\/schedule\/\">Beach Pro Tour Challenge de Goa<\/a> (\u00cdndia) \u2013 9.\u00ba lugar\u00a0<strong><br \/>\n<a href=\"https:\/\/pt.volleyballworld.com\/beachvolleyball\/competitions\/beach-volleyball-world-championships-tlaxcala-2023\/\">FIVB Beach Volleyball World Championships<\/a>\u00a0\u2013 33.\u00ba lugar<br \/>\n<\/strong><a href=\"https:\/\/en.volleyballworld.com\/beachvolleyball\/competitions\/beach-pro-tour\/2023\/elite16\/paris-fra\/schedule\/\">Beach Pro Tour Elite 16 Paris<\/a> (Fran\u00e7a) \u2013 21.\u00ba lugar<strong><br \/>\n<\/strong><a href=\"https:\/\/heraklion23.gr\/\">III Jogos do Mediterr\u00e2neo de Praia<\/a> (Gr\u00e9cia) \u2013 3.\u00ba lugar<br \/>\n<strong><a href=\"https:\/\/fpvoleibol.pt\/cnvpc2023\/\">Campeonato Nacional \u2013 Final em Portim\u00e3o<\/a>\u00a0\u2013 1.\u00ba lugar<br \/>\n<\/strong><strong><a href=\"https:\/\/en.volleyballworld.com\/beachvolleyball\/competitions\/beach-pro-tour\/2023\/challenge\/edmonton-can\/schedule\/\">Beach Pro Tour Challenge de Edmonton<\/a><\/strong> (Canad\u00e1) <strong>\u2013 1.\u00ba lugar<\/strong><strong><br \/>\n<\/strong><a href=\"https:\/\/fpvoleibol.pt\/fpv\/features\/beach-pro-tour-2023\/\">\u00a0Beach Pro Tour Challenge de Espinho<\/a>\u00a0\u2013 9.\u00ba lugar<br \/>\n<a href=\"https:\/\/en.volleyballworld.com\/beachvolleyball\/competitions\/beach-pro-tour\/2023\/challenge\/jurmala-lat\/standings\/men\/\">Beach Pro Tour Challenge Jurmala (Let\u00f3nia)<\/a>\u00a0\u2013 19.\u00ba lugar<br \/>\nTa\u00e7a das Na\u00e7\u00f5es \u2013 Pool G (Hungria) \u2013 3.\u00ba lugar<br \/>\nBeach Pro Tour Elite 16 de Uberl\u00e2ndia (Brasil) \u2013 21.\u00ba lugar<strong><br \/>\n<\/strong>Beach Pro Tour Challenge de Saquarema (Brasil) \u2013 17.\u00ba lugar<strong><br \/>\n<\/strong>Beach Pro Tour Challenge de Itapema (Brasil) \u2013 19.\u00ba lugar<br \/>\nBeach Pro Tour Challenge de La Paz \u2013 19.\u00ba lugar<br \/>\n<strong><span style=\"background-color: #000000; color: #ffffff;\">2022<\/span><br \/>\n<\/strong>Beach Pro Tour Challenge de Torquay \u2013 4.\u00ba lugar<br \/>\nBeach Pro Tour Challenge do Dubai \u2013 9.\u00ba lugar<br \/>\nBeach Pro Tour Challenge do Dubai \u2013 9.\u00ba lugar<br \/>\n<strong>Mundiais Universit\u00e1rios de Voleibol de Praia, em Macei\u00f3\/Brasil \u2013 1.\u00ba lugar<\/strong><br \/>\nBeach Pro Tour Future de Cortega\u00e7a\/Portugal \u2013 2.\u00ba lugar<br \/>\nCampeonato Nacional \u2013 Lidl, em Cortega\u00e7a \u2013 1.\u00ba lugar<br \/>\nBeach Pro Tour Challenge de Agadir\/Marrocos \u2013 33.\u00ba lugar\u00a0<strong><br \/>\n<\/strong>Beach Pro Tour Espinho Challenge\/Portugal \u2013 19.\u00ba lugar<br \/>\nBeach Pro Tour Giardini Naxos Future\/It\u00e1lia \u2013 9.\u00ba lugar<br \/>\nBeach Pro Tour Madrid Future\/Espanha \u2013 17.\u00ba lugar<br \/>\nBeach Pro Tour Doha Challenge\/Catar \u2013 25.\u00ba lugar<br \/>\nBeach Pro Tour Itapema Challenge\/Brasil \u2013 33.\u00ba lugar<br \/>\nBeach Pro Tour Tlaxcala Challenge\/M\u00e9xico \u2013 33.\u00ba lugar<br \/>\n<strong><span style=\"background-color: #000000; color: #ffffff;\">2021<\/span><br \/>\n<\/strong>World Tour 2* (Praga\/Rep. Checa) \u2013 21.\u00ba lugar<br \/>\nWorld Tour 1* (Cortega\u00e7a\/Portugal) \u2013 2.\u00ba lugar<strong><br \/>\n<\/strong>World Tour 1* (S\u00f3fia 2\/Bulg\u00e1ria) \u2013 2.\u00ba lugar<br \/>\nWorld Tour 1* (S\u00f3fia 1\/Bulg\u00e1ria) \u2013 3.\u00ba lugar<br \/>\nEuropeu Sub-22 (Baden\/\u00c1ustria) \u2013 9.\u00ba lugar<br \/>\nWorld Tour 4* (Ostrava\/Rep. Checa) \u2013 41.\u00ba lugar<br \/>\n<span style=\"background-color: #000000; color: #ffffff;\"><strong>2020<\/strong><\/span><br \/>\nEuropeu Sub-22 (Izmir\/Turquia) \u2013 17.\u00ba lugar<br \/>\nWorld Tour 1* (Montpellier\/Fran\u00e7a) \u2013 9.\u00ba lugar<br \/>\n<span style=\"background-color: #000000; color: #ffffff;\"><strong>2019<\/strong><\/span><br \/>\nJogos do Mediterr\u00e2neo \u2013 5.\u00ba lugar<br \/>\nWorld Tour 1* (Knokke-Heist\/B\u00e9lgica) \u2013 21.\u00ba lugar<br \/>\nWorld Tour 4* (Espinho\/Portugal) \u2013 25.\u00ba lugar<br \/>\nEuropeu Sub-20 (Gotemburgo\/Su\u00e9cia) \u2013 17.\u00ba lugar<br \/>\n<span style=\"background-color: #000000; color: #ffffff;\"><strong>2018<\/strong><\/span><br \/>\nTorneio WEVZA (Quarteira\/Portugal) \u2013 4.\u00ba lugar<br \/>\nEuropeu Sub-20 (Anapa\/R\u00fassia) \u2013 25.\u00ba lugar<br \/>\nEuropeu Sub-18 (Kazan\/R\u00fassia) \u2013 17.\u00ba lugar<br \/>\n<span style=\"background-color: #000000; color: #ffffff;\"><strong>2017<\/strong><\/span><br \/>\nCEV Youth Continental Cup \u2013 3.\u00ba lugar<\/p>\n<p style=\"text-align: center;\"><span style=\"background-color: #000000; color: #ffffff;\"><strong>\u00c1rbitros portugueses em ac\u00e7\u00e3o<br \/>\nno Voleibol de Praia<\/strong><\/span><\/p>\n<p><strong>Rui Carvalho<\/strong><br \/>\nCampeonato do Mundo de Seniores, em Adelaide, na Austr\u00e1lia, de 14 a 23 de Novembro.<\/p>\n<p>&nbsp;<\/p>\n","protected":false},"excerpt":{"rendered":"<p>Dupla Jo\u00e3o Pedrosa\/Hugo Campos entra a vencer no Mundial e refor\u00e7a ambi\u00e7\u00e3o na Pool F A dupla portuguesa de Voleibol de Praia Jo\u00e3o Pedrosa\/Hugo Campos estreou-se da melhor forma no [&hellip;]<\/p>\n","protected":false},"author":2,"featured_media":44011,"comment_status":"open","ping_status":"open","sticky":false,"template":"","format":"standard","meta":{"_monsterinsights_skip_tracking":false,"_monsterinsights_sitenote_active":false,"_monsterinsights_sitenote_note":"","_monsterinsights_sitenote_category":0,"footnotes":""},"categories":[13,9],"tags":[114,176],"class_list":{"0":"post-44008","1":"post","2":"type-post","3":"status-publish","4":"format-standard","5":"has-post-thumbnail","7":"category-arbitragem","8":"category-voleibol-de-praia","9":"tag-campeonato-do-mundo-v-praia","10":"tag-epoca-2025-2026","11":"czr-hentry"},"aioseo_notices":[],"_links":{"self":[{"href":"https:\/\/fpvoleibol.pt\/fpv\/wp-json\/wp\/v2\/posts\/44008","targetHints":{"allow":["GET"]}}],"collection":[{"href":"https:\/\/fpvoleibol.pt\/fpv\/wp-json\/wp\/v2\/posts"}],"about":[{"href":"https:\/\/fpvoleibol.pt\/fpv\/wp-json\/wp\/v2\/types\/post"}],"author":[{"embeddable":true,"href":"https:\/\/fpvoleibol.pt\/fpv\/wp-json\/wp\/v2\/users\/2"}],"replies":[{"embeddable":true,"href":"https:\/\/fpvoleibol.pt\/fpv\/wp-json\/wp\/v2\/comments?post=44008"}],"version-history":[{"count":5,"href":"https:\/\/fpvoleibol.pt\/fpv\/wp-json\/wp\/v2\/posts\/44008\/revisions"}],"predecessor-version":[{"id":44024,"href":"https:\/\/fpvoleibol.pt\/fpv\/wp-json\/wp\/v2\/posts\/44008\/revisions\/44024"}],"wp:featuredmedia":[{"embeddable":true,"href":"https:\/\/fpvoleibol.pt\/fpv\/wp-json\/wp\/v2\/media\/44011"}],"wp:attachment":[{"href":"https:\/\/fpvoleibol.pt\/fpv\/wp-json\/wp\/v2\/media?parent=44008"}],"wp:term":[{"taxonomy":"category","embeddable":true,"href":"https:\/\/fpvoleibol.pt\/fpv\/wp-json\/wp\/v2\/categories?post=44008"},{"taxonomy":"post_tag","embeddable":true,"href":"https:\/\/fpvoleibol.pt\/fpv\/wp-json\/wp\/v2\/tags?post=44008"}],"curies":[{"name":"wp","href":"https:\/\/api.w.org\/{rel}","templated":true}]}}