{"id":43756,"date":"2025-11-03T11:07:16","date_gmt":"2025-11-03T11:07:16","guid":{"rendered":"https:\/\/fpvoleibol.pt\/fpv\/?p=43756"},"modified":"2025-11-03T14:40:18","modified_gmt":"2025-11-03T14:40:18","slug":"involei-aposta-no-voleibol-inclusivo","status":"publish","type":"post","link":"https:\/\/fpvoleibol.pt\/fpv\/2025\/11\/03\/involei-aposta-no-voleibol-inclusivo\/","title":{"rendered":"INVOLEI: APOSTA NO VOLEIBOL INCLUSIVO"},"content":{"rendered":"<p><strong><img loading=\"lazy\" decoding=\"async\" class=\"size-full wp-image-43763 aligncenter\" src=\"https:\/\/fpvoleibol.pt\/fpv\/wp-content\/uploads\/2025\/11\/InVolei_rep_001_d0.jpg\" alt=\"\" width=\"960\" height=\"570\" srcset=\"https:\/\/fpvoleibol.pt\/fpv\/wp-content\/uploads\/2025\/11\/InVolei_rep_001_d0.jpg 960w, https:\/\/fpvoleibol.pt\/fpv\/wp-content\/uploads\/2025\/11\/InVolei_rep_001_d0-300x178.jpg 300w, https:\/\/fpvoleibol.pt\/fpv\/wp-content\/uploads\/2025\/11\/InVolei_rep_001_d0-768x456.jpg 768w\" sizes=\"auto, (max-width: 960px) 100vw, 960px\" \/>A Federa\u00e7\u00e3o Portuguesa de Voleibol (FPV) est\u00e1 a reavivar o InVolei, uma iniciativa social e desportiva que visa promover a integra\u00e7\u00e3o e o acesso \u00e0 pr\u00e1tica do Voleibol por pessoas com defici\u00eancia intelectual. <\/strong><\/p>\n<p>O projeto InVolei retoma um dos grandes objectivos da Federa\u00e7\u00e3o \u2014 \u201c<em>proporcionar a pr\u00e1tica do Voleibol a toda a gente<\/em>\u201d \u2014 e responde a uma crescente solicita\u00e7\u00e3o social, procurando aumentar os n\u00edveis de integra\u00e7\u00e3o ps\u00edquica, social e desportiva dos participantes.<\/p>\n<p>O InVolei \u00e9 uma vertente adaptada do Voleibol, que se destina a atletas com defici\u00eancia intelectual, independentemente do g\u00e9nero ou da idade, focando-se em proporcionar oportunidades iguais de participa\u00e7\u00e3o activa e desenvolver valores como o respeito e o esp\u00edrito de equipa. A modalidade permite adaptar regras, como a possibilidade de agarrar a bola no primeiro toque, para assegurar que todos participam.<\/p>\n<p><strong>Leonel Salgueiro<\/strong>, Director T\u00e9cnico Nacional da FPV, destaca que o InVolei foi iniciado \u201c<em>j\u00e1 h\u00e1 cerca de dois anos, em parceria com a APPACDM de Viana do Castelo<\/em>\u201d e visa \u201c<em>criar uma actividade dentro do Voleibol para pessoas portadoras de defici\u00eancia intelectual que tenha alguma mobilidade f\u00edsica mais reduzida, com algumas caracter\u00edsticas que permitam que eles consigam ter sucesso e jogar Voleibol<\/em>.\u201d<br \/>\nO foco \u00e9 \u201c<em>mostrar que o Voleibol pode ser jogado por toda a gente com sucesso, obviamente com regras adaptadas<\/em>.\u201d<\/p>\n<p>A FPV, enquanto \u201c<em>reguladora de toda esta actividade<\/em>\u201d, ter\u00e1 um papel central na promo\u00e7\u00e3o de a\u00e7\u00f5es de forma\u00e7\u00e3o pelo pa\u00eds. Leonel Salgueiro explica que os monitores\/treinadores, que j\u00e1 s\u00e3o \u201c<em>pessoas ligadas \u00e0 parte da educa\u00e7\u00e3o f\u00edsica, ligadas \u00e0 parte da motricidade humana<\/em>\u201d, ir\u00e3o receber \u201c<em>uma forma\u00e7\u00e3o espec\u00edfica do Voleibol<\/em>\u201d focada nas regras adaptadas, real\u00e7ando a necessidade de \u201c<em>sensibilidade tamb\u00e9m para o ensino, para pessoas que s\u00e3o diferentes, mas que t\u00eam as val\u00eancias delas e conseguem aprender<\/em>.\u201d<\/p>\n<p>No que toca \u00e0 evolu\u00e7\u00e3o da iniciativa, a FPV revela a inten\u00e7\u00e3o de criar dois projectos paralelos. \u201c<em>Um projecto de inicia\u00e7\u00e3o, um bocadinho do g\u00e9nero do Gira-Volei<\/em>\u201d e uma vertente \u201c<em>regular e mais competitiva<\/em>\u201d. A m\u00e9dio prazo, a ambi\u00e7\u00e3o \u00e9 \u201c<em>conseguirmos criar uma competi\u00e7\u00e3o com mais torneios durante o ano, com encontros-conv\u00edvio<\/em>,\u201d com o objetivo claro de \u201c<em>fazer do InVolei uma actividade formal e regular<\/em>.\u201d<\/p>\n<p>O projecto pioneiro na regi\u00e3o de Viana do Castelo foi fundamental para a sua reactiva\u00e7\u00e3o.<\/p>\n<p><strong><img loading=\"lazy\" decoding=\"async\" class=\" wp-image-43765 alignright\" src=\"https:\/\/fpvoleibol.pt\/fpv\/wp-content\/uploads\/2025\/11\/InVolei_rep_003_02.jpg\" alt=\"\" width=\"417\" height=\"248\" srcset=\"https:\/\/fpvoleibol.pt\/fpv\/wp-content\/uploads\/2025\/11\/InVolei_rep_003_02.jpg 960w, https:\/\/fpvoleibol.pt\/fpv\/wp-content\/uploads\/2025\/11\/InVolei_rep_003_02-300x178.jpg 300w, https:\/\/fpvoleibol.pt\/fpv\/wp-content\/uploads\/2025\/11\/InVolei_rep_003_02-768x457.jpg 768w\" sizes=\"auto, (max-width: 417px) 100vw, 417px\" \/>Pedro Fornelos<\/strong>, Secret\u00e1rio da Direc\u00e7\u00e3o da Associa\u00e7\u00e3o Portuguesa de Pais e Amigos do Cidad\u00e3o Deficiente Mental (APPACDM) de Viana do Castelo, justifica a escolha da modalidade: \u201c<em>Trabalh\u00e1mos com os nossos utentes a vers\u00e3o<\/em> <em>adaptada para a popula\u00e7\u00e3o s\u00e9nior e percebemos que havia aqui potencialidade<\/em>.\u201d<br \/>\nSegundo Pedro Fornelos, o projecto \u201c<em>prev\u00ea que muitos consigam experimentar e participar na modalidade<\/em>\u201d porque \u201c<em>o facto de poder receber a bola agarrando-a permite que todos participem<\/em>.\u201d<br \/>\nPedro Fornelos destaca a dissemina\u00e7\u00e3o da pr\u00e1tica. \u201c<em>Todas as v\u00e1rias delega\u00e7\u00f5es da APPACDM que foram gostando e aderindo ao projeto passaram a pratic\u00e1-lo de uma forma regular, praticamente semanal, o que \u00e9 muito importante.<br \/>\nO que acontece \u00e9 que a APPACDM, enquanto institui\u00e7\u00e3o, j\u00e1 est\u00e1 disseminada pelo Distrito. N\u00f3s temos unidades e delega\u00e7\u00f5es em Melga\u00e7o, Mon\u00e7\u00e3o, Valen\u00e7a, v\u00e1rias aqui em Viana do Castelo e depois Ponte de Lima e Ponte da Barca. Com o munic\u00edpio de Viana do Castelo temos a grande facilidade de aceder a este pavilh\u00e3o [Municipal de Santa Maria Maior], que est\u00e1 preparado para o Voleibol, e actualmente j\u00e1 h\u00e1 treinos semanais.<\/em><\/p>\n<p><strong><img loading=\"lazy\" decoding=\"async\" class=\" wp-image-43766 alignleft\" src=\"https:\/\/fpvoleibol.pt\/fpv\/wp-content\/uploads\/2025\/11\/PAULO_SANTOS_01.jpg\" alt=\"\" width=\"380\" height=\"236\" srcset=\"https:\/\/fpvoleibol.pt\/fpv\/wp-content\/uploads\/2025\/11\/PAULO_SANTOS_01.jpg 960w, https:\/\/fpvoleibol.pt\/fpv\/wp-content\/uploads\/2025\/11\/PAULO_SANTOS_01-300x186.jpg 300w, https:\/\/fpvoleibol.pt\/fpv\/wp-content\/uploads\/2025\/11\/PAULO_SANTOS_01-768x477.jpg 768w\" sizes=\"auto, (max-width: 380px) 100vw, 380px\" \/>Paulo Santos<\/strong>, terapeuta na APPACDM e um dos respons\u00e1veis pela adapta\u00e7\u00e3o das regras, explica que a altera\u00e7\u00e3o \u201c<em>teve de ser muito por tentativas, tentar perceber atrav\u00e9s das caracter\u00edsticas deles o que \u00e9 que eles iriam conseguir fazer<\/em>.\u201d<br \/>\nO resultado foi a remo\u00e7\u00e3o de regras mais espec\u00edficas, permitindo que os atletas \u201c<em>possam agarrar a bola no primeiro e segundo toque<\/em>.\u201d<br \/>\nSobre a import\u00e2ncia do InVolei, Paulo Santos \u00e9 perempt\u00f3rio: \u201c<em>\u00c9 uma igualdade de oportunidades e assim temos mais uma modalidade que \u00e9 poss\u00edvel eles praticarem e sabemos perfeitamente que o desporto \u00e9 muito importante para este tipo de popula\u00e7\u00e3o<\/em>.\u201d<\/p>\n<p>Ao longo de 2025, a FPV prev\u00ea o arranque da vertente competitiva. Podem candidatar-se \u00e0 participa\u00e7\u00e3o autarquias, escolas, IPSS e outras organiza\u00e7\u00f5es. As inscri\u00e7\u00f5es s\u00e3o efectuadas atrav\u00e9s do envio de uma ficha de candidatura para o endere\u00e7o electr\u00f3nico: paravolei@federacaoportuguesavoleibol.pt.<\/p>\n<p>O <strong>InVolei<\/strong> \u00e9 uma vertente do Voleibol destinada a pessoas portadoras de defici\u00eancia intelectual e que tem como objectivo a integra\u00e7\u00e3o social e desportiva de pessoas com defici\u00eancia ou com incapacidade.<br \/>\nDestina-se a todos os interessados independentemente do g\u00e9nero ou da faixa et\u00e1ria, desde que sejam portadores de defici\u00eancia intelectual.<\/p>\n<p style=\"text-align: center;\"><span style=\"text-decoration: underline;\"><strong>Ver v\u00eddeo <a href=\"https:\/\/youtu.be\/S8IAE9-TU1s\">AQUI<\/a><\/strong><\/span><\/p>\n<p>Tendo como principal objectivo integrar social e desportivamente pessoas com defici\u00eancia ou com incapacidade, o InVolei promove a igualdade de oportunidades de participa\u00e7\u00e3o activa e de interven\u00e7\u00e3o de todos os cidad\u00e3os, possibilitando a ocupa\u00e7\u00e3o dos tempos livres atrav\u00e9s da pr\u00e1tica de uma modalidade colectiva que cultiva os valores c\u00edvicos, aumentando os n\u00edveis de integra\u00e7\u00e3o ps\u00edquica e social, bem como da qualidade de vida.<\/p>\n<p>Nesse sentido, urge integrar o InVolei como actividade regular e competitiva, possibilitando assim o surgimento de um novo enquadramento no movimento associativo e agilizando o processo de interac\u00e7\u00e3o entre as Institui\u00e7\u00f5es Particulares de Solidariedade Social (IPSS) e Organiza\u00e7\u00f5es N\u00e3o-Governamentais das Pessoas com Defici\u00eancia (ONGPD) e a Federa\u00e7\u00e3o Portuguesa de Voleibol (FPV).<\/p>\n<p>A Federa\u00e7\u00e3o Portuguesa de Voleibol ir\u00e1 desenvolver este projecto ao longo de 2025, iniciando a parte competitiva com a organiza\u00e7\u00e3o de encontros locais e regionais. Ver mais informa\u00e7\u00f5es <a href=\"https:\/\/paravolei.fpvoleibol.pt\/wp\/involei\/involei-inscricoes\/\">AQUI<\/a><\/p>\n<p><span style=\"background-color: #000000; color: #ffffff;\"><img loading=\"lazy\" decoding=\"async\" class=\" wp-image-37842 alignleft\" src=\"https:\/\/fpvoleibol.pt\/fpv\/wp-content\/uploads\/2025\/01\/INVOLEI_d2.jpg\" alt=\"\" width=\"183\" height=\"270\" srcset=\"https:\/\/fpvoleibol.pt\/fpv\/wp-content\/uploads\/2025\/01\/INVOLEI_d2.jpg 803w, https:\/\/fpvoleibol.pt\/fpv\/wp-content\/uploads\/2025\/01\/INVOLEI_d2-203x300.jpg 203w, https:\/\/fpvoleibol.pt\/fpv\/wp-content\/uploads\/2025\/01\/INVOLEI_d2-694x1024.jpg 694w, https:\/\/fpvoleibol.pt\/fpv\/wp-content\/uploads\/2025\/01\/INVOLEI_d2-768x1132.jpg 768w\" sizes=\"auto, (max-width: 183px) 100vw, 183px\" \/>Regulamento B\u00e1sico<\/span><\/p>\n<p>. Campeonato de InVolei \u2013 formado por equipas at\u00e9 6 elementos e com 4 jogadores em campo;<br \/>\n. Dimens\u00f5es do campo: 12m x 6m;<br \/>\n. Todos os atletas em campo t\u00eam de ser portadores de defici\u00eancia intelectual, devidamente comprovada por declara\u00e7\u00e3o m\u00e9dica.<br \/>\n. Os jogos ser\u00e3o disputados \u00e0 melhor de 3 ou 5 sets, dependendo do formato da competi\u00e7\u00e3o.<\/p>\n<p><span style=\"background-color: #000000; color: #ffffff;\">Quem se pode candidatar\/inscrever?<\/span><\/p>\n<p>\u2022 Autarquias;<br \/>\n\u2022 Escolas;<br \/>\n\u2022 Institui\u00e7\u00f5es Particulares de Solidariedade Social (IPSS); Organiza\u00e7\u00f5es N\u00e3o-Governamentais das Pessoas com Defici\u00eancia (ONGPD);<br \/>\n\u2022 Estruturas desportivas e culturais;<br \/>\n\u2022 Organiza\u00e7\u00f5es dotadas de estatuto jur\u00eddico.<\/p>\n<p><span style=\"background-color: #000000; color: #ffffff;\">Como se pode candidatar?<\/span><br \/>\nAtrav\u00e9s do preenchimento da ficha de candidatura e do seu posterior envio para a Federa\u00e7\u00e3o atrav\u00e9s do email <a href=\"mailto:paravolei@federacaoportuguesavoleibol.pt\">paravolei@federacaoportuguesavoleibol.pt<\/a><\/p>\n","protected":false},"excerpt":{"rendered":"<p>A Federa\u00e7\u00e3o Portuguesa de Voleibol (FPV) est\u00e1 a reavivar o InVolei, uma iniciativa social e desportiva que visa promover a integra\u00e7\u00e3o e o acesso \u00e0 pr\u00e1tica do Voleibol por pessoas [&hellip;]<\/p>\n","protected":false},"author":2,"featured_media":43764,"comment_status":"open","ping_status":"open","sticky":false,"template":"","format":"standard","meta":{"_monsterinsights_skip_tracking":false,"_monsterinsights_sitenote_active":false,"_monsterinsights_sitenote_note":"","_monsterinsights_sitenote_category":0,"footnotes":""},"categories":[20,15,10,8],"tags":[155],"class_list":{"0":"post-43756","1":"post","2":"type-post","3":"status-publish","4":"format-standard","5":"has-post-thumbnail","7":"category-destaque","8":"category-diversos","9":"category-paravolei","10":"category-voleibol","11":"tag-involei","12":"czr-hentry"},"aioseo_notices":[],"_links":{"self":[{"href":"https:\/\/fpvoleibol.pt\/fpv\/wp-json\/wp\/v2\/posts\/43756","targetHints":{"allow":["GET"]}}],"collection":[{"href":"https:\/\/fpvoleibol.pt\/fpv\/wp-json\/wp\/v2\/posts"}],"about":[{"href":"https:\/\/fpvoleibol.pt\/fpv\/wp-json\/wp\/v2\/types\/post"}],"author":[{"embeddable":true,"href":"https:\/\/fpvoleibol.pt\/fpv\/wp-json\/wp\/v2\/users\/2"}],"replies":[{"embeddable":true,"href":"https:\/\/fpvoleibol.pt\/fpv\/wp-json\/wp\/v2\/comments?post=43756"}],"version-history":[{"count":3,"href":"https:\/\/fpvoleibol.pt\/fpv\/wp-json\/wp\/v2\/posts\/43756\/revisions"}],"predecessor-version":[{"id":43768,"href":"https:\/\/fpvoleibol.pt\/fpv\/wp-json\/wp\/v2\/posts\/43756\/revisions\/43768"}],"wp:featuredmedia":[{"embeddable":true,"href":"https:\/\/fpvoleibol.pt\/fpv\/wp-json\/wp\/v2\/media\/43764"}],"wp:attachment":[{"href":"https:\/\/fpvoleibol.pt\/fpv\/wp-json\/wp\/v2\/media?parent=43756"}],"wp:term":[{"taxonomy":"category","embeddable":true,"href":"https:\/\/fpvoleibol.pt\/fpv\/wp-json\/wp\/v2\/categories?post=43756"},{"taxonomy":"post_tag","embeddable":true,"href":"https:\/\/fpvoleibol.pt\/fpv\/wp-json\/wp\/v2\/tags?post=43756"}],"curies":[{"name":"wp","href":"https:\/\/api.w.org\/{rel}","templated":true}]}}