{"id":43734,"date":"2025-10-31T17:59:42","date_gmt":"2025-10-31T16:59:42","guid":{"rendered":"https:\/\/fpvoleibol.pt\/fpv\/?p=43734"},"modified":"2025-10-31T11:19:23","modified_gmt":"2025-10-31T10:19:23","slug":"sub-18-focadas-no-apuramento","status":"publish","type":"post","link":"https:\/\/fpvoleibol.pt\/fpv\/2025\/10\/31\/sub-18-focadas-no-apuramento\/","title":{"rendered":"SUB-18 FOCADAS NO APURAMENTO"},"content":{"rendered":"<p style=\"text-align: center;\"><span style=\"font-size: 14px;\"><strong><img loading=\"lazy\" decoding=\"async\" class=\"size-full wp-image-43737 aligncenter\" src=\"https:\/\/fpvoleibol.pt\/fpv\/wp-content\/uploads\/2025\/10\/Beatriz_Santos01_d1.jpg\" alt=\"\" width=\"960\" height=\"597\" srcset=\"https:\/\/fpvoleibol.pt\/fpv\/wp-content\/uploads\/2025\/10\/Beatriz_Santos01_d1.jpg 960w, https:\/\/fpvoleibol.pt\/fpv\/wp-content\/uploads\/2025\/10\/Beatriz_Santos01_d1-300x187.jpg 300w, https:\/\/fpvoleibol.pt\/fpv\/wp-content\/uploads\/2025\/10\/Beatriz_Santos01_d1-768x478.jpg 768w\" sizes=\"auto, (max-width: 960px) 100vw, 960px\" \/>A Selec\u00e7\u00e3o Nacional de Sub-18 Femininos intensifica a sua prepara\u00e7\u00e3o com o olhar fixo na qualifica\u00e7\u00e3o para o Campeonato da Europa. <\/strong><\/span><\/p>\n<p>Os treinos da Selec\u00e7\u00e3o Nacional de Sub-18 Femininos decorrem de forma regular, de segunda a quinta-feira, entre as 18h30 e as 21h30, no pavilh\u00e3o da Escola Secund\u00e1ria Rodrigues de Freitas.<br \/>\nO grande objectivo \u00e9 a qualifica\u00e7\u00e3o atrav\u00e9s do Torneio da WEVZA* \u2013 1.\u00aa Ronda de Apuramento, agendado para os primeiros dias de Janeiro de 2026. Um bom resultado pode significar o passaporte para a fase final, que se realizar\u00e1 em Riga (Let\u00f3nia) e Vilnius (Litu\u00e2nia), de 1 a 12 de julho.<\/p>\n<p>A WEVZA (Western European Volleyball Zonal Association), que junta Portugal a outras sete na\u00e7\u00f5es do Voleibol do Oeste Europeu, assume um papel crucial no fortalecimento das actividades desportivas, sobretudo nas categorias de forma\u00e7\u00e3o. \u00c9 neste contexto que as jovens lusas se confrontam com o alto n\u00edvel europeu, etapa fundamental para o seu desenvolvimento. A 1.\u00aa Ronda de Apuramento para o Europeu de femininos, a realizar em It\u00e1lia, contar\u00e1 com a presen\u00e7a de selec\u00e7\u00f5es de peso como It\u00e1lia, Portugal, Espanha, Alemanha, B\u00e9lgica, Pa\u00edses Baixos e Fran\u00e7a.<\/p>\n<p>A Seleccionadora Nacional, <strong>Beatriz Santos<\/strong>, sublinha o duplo prop\u00f3sito do torneio WEVZA:<br \/>\n&#8220;<em>O primeiro, claramente, \u00e9 o apuramento para a fase final do Campeonato da Europa. O segundo \u00e9 desenvolver as atletas, dot\u00e1-las de um n\u00edvel competitivo muito mais elevado do que aquilo que elas est\u00e3o habituadas, dando-lhes, assim, experi\u00eancia internacional que muitas destas atletas ainda n\u00e3o tiveram<\/em>.&#8221;<br \/>\nA aposta \u00e9 a longo prazo, com um &#8220;<em>grupo reduzido neste momento, para lhes dar mais volume, quer t\u00e9cnico, quer t\u00e1ctico<\/em>&#8220;, preparando-as para o desafio de Janeiro.<\/p>\n<p>O empenho \u00e9 not\u00f3rio entre as atletas. <strong>Matilde Silva<\/strong> partilha a sua satisfa\u00e7\u00e3o:<br \/>\n&#8220;<em>Sinto que tenho evolu\u00eddo muito desde que fui convocada. Os treinos t\u00eam sido intensivos, mas no fim vale a pena. Os treinos s\u00e3o ao final da tarde e \u00e9 dif\u00edcil conciliar, mas depois vale tudo a pena e gosto muito desta equipa<\/em>.&#8221;<br \/>\nA jovem confessa que a chamada \u00e0 Selec\u00e7\u00e3o foi r\u00e1pida e inesperada, sentindo-se &#8220;<em>muito feliz<\/em>&#8221; e agradecida a treinadores e colegas pelo apoio na sua evolu\u00e7\u00e3o.<br \/>\nSobre os treinos espec\u00edficos, a sua convic\u00e7\u00e3o \u00e9 que &#8220;<em>quando chegarmos a [It\u00e1lia], e porque os jogos s\u00e3o reflex\u00e3o do que fazemos nos treinos, n\u00e3o \u00e9 preciso estarmos nervosas e sentirmos a press\u00e3o<\/em>.&#8221;<\/p>\n<p>Para In\u00eas Parreira, natural de Miranda do Douro, &#8220;<em>Esta chamada \u00e0 Selec\u00e7\u00e3o \u00e9 um orgulho, tanto para mim, para a minha fam\u00edlia, para a minha terra<\/em>&#8220;.<br \/>\nA atleta confirma o foco na melhoria cont\u00ednua: &#8220;<em>Estamos a trabalhar t\u00e9cnicas espec\u00edficas, coisas que temos que melhorar e estamos a tentar dar o m\u00e1ximo de volume<\/em>.&#8221;<\/p>\n<p>O bom trabalho com as sele\u00e7\u00f5es mais jovens, masculinas e femininas, \u00e9 o melhor caminho para atrair mais praticantes e com mais qualidade para o Voleibol nacional.<\/p>\n<p>Tendo em vista a participa\u00e7\u00e3o no Torneio WEVZA de qualifica\u00e7\u00e3o para o <a href=\"https:\/\/www.cev.eu\/national-team\/age-group-championships\/\">Campeonato da Europa de Sub-18 Femininos<\/a>, a realizar em Janeiro de 2026, a equipa t\u00e9cnica da Selec\u00e7\u00e3o Nacional, liderada por Beatriz Santos, convocou as seguintes atletas para treinos regulares:<\/p>\n<p style=\"text-align: center;\"><span style=\"background-color: #000000; color: #ffffff;\"><img loading=\"lazy\" decoding=\"async\" class=\"size-full wp-image-43738 aligncenter\" src=\"https:\/\/fpvoleibol.pt\/fpv\/wp-content\/uploads\/2025\/10\/Beatriz_Santos03_d2.jpg\" alt=\"\" width=\"960\" height=\"640\" srcset=\"https:\/\/fpvoleibol.pt\/fpv\/wp-content\/uploads\/2025\/10\/Beatriz_Santos03_d2.jpg 960w, https:\/\/fpvoleibol.pt\/fpv\/wp-content\/uploads\/2025\/10\/Beatriz_Santos03_d2-300x200.jpg 300w, https:\/\/fpvoleibol.pt\/fpv\/wp-content\/uploads\/2025\/10\/Beatriz_Santos03_d2-768x512.jpg 768w\" sizes=\"auto, (max-width: 960px) 100vw, 960px\" \/>CONVOCADAS<\/span><\/p>\n<p style=\"text-align: center;\"><strong>Ala de Nun&#8217;\u00c1lvares de Gondomar<\/strong><br \/>\nMatilde Silva<br \/>\nMatilde Soares<\/p>\n<p style=\"text-align: center;\"><strong>CA Madalena<\/strong><br \/>\nMaria Francisca Val\u00e9rio<br \/>\nMaria Pereira<\/p>\n<p style=\"text-align: center;\"><strong>Cast\u00ealo da Maia GC<\/strong><br \/>\nMatilde Costa Silva<\/p>\n<p style=\"text-align: center;\"><strong>FC Porto<\/strong><br \/>\nCarmen Kuchel<\/p>\n<p style=\"text-align: center;\"><strong>Leix\u00f5es SC<\/strong><br \/>\nGabriela Lopes<br \/>\nLaura Afanas<br \/>\nMaria J\u00falia Cunha<\/p>\n<p style=\"text-align: center;\"><strong>PV 2014 &#8211; Col\u00e9gio Efanor<\/strong><br \/>\nIn\u00eas Parreira<br \/>\nLeonor Moutinho<\/p>\n<p style=\"text-align: center;\"><strong>SC Braga<\/strong><br \/>\nBeatriz Oliveira<br \/>\nMaria Pereira<\/p>\n<p style=\"text-align: center;\"><strong>SC Espinho<\/strong><br \/>\nEma Mello<\/p>\n<p>Os treinos decorrem de 2.\u00aa a 5.\u00aa feira no pavilh\u00e3o desportivo da Escola Secund\u00e1ria Rodrigues de Freitas, no Porto, no hor\u00e1rio das 18h30 \u00e0s 21h30.<\/p>\n<p style=\"text-align: left;\">*<span style=\"font-size: 8pt;\">Mais conhecida pela sigla WEVZA, a Western European Volleyball Zonal Association (<strong>Associa\u00e7\u00e3o Zonal de Voleibol do Oeste Europeu ) <\/strong>foi constitu\u00edda no dia 26 de Setembro de 2013, integra oito pa\u00edses \u2013 Portugal, Espanha, Alemanha, B\u00e9lgica, It\u00e1lia, Holanda, Fran\u00e7a e Su\u00ed\u00e7a \u2013 com o<\/span><span style=\"font-size: 8pt;\"> objectivo primordial de fortalecer e fomentar a organiza\u00e7\u00e3o de actividades desportivas, tanto de Voleibol como de Voleibol de Praia, com especial \u00eanfase nas categorias de forma\u00e7\u00e3o. <\/span><span style=\"font-size: 8pt;\">A Confedera\u00e7\u00e3o Europeia de Voleibol (CEV) conta com seis associa\u00e7\u00f5es zonais: a WEVZA (Europa Ocidental), a BVA (Balc\u00e3s), a EEVZA (Europa de Leste), a MEVZA (Europa Central), a NEVZA (Europa do Norte) e ainda a SCD (Divis\u00e3o dos Pequenos Pa\u00edses), da qual fazem parte Andorra, Chipre, Ilhas Faro\u00e9, Gibraltar, Gronel\u00e2ndia, Isl\u00e2ndia, Irlanda, Liechtenstein, Luxemburgo, Malta, M\u00f3naco, Irlanda do Norte, San Marino, Esc\u00f3cia e Pa\u00eds de Gales.<\/span><\/p>\n<p style=\"text-align: center;\">Mais informa\u00e7\u00f5es:<a href=\"http:\/\/www.wevza.com\"> www.wevza.com<\/a><\/p>\n","protected":false},"excerpt":{"rendered":"<p>A Selec\u00e7\u00e3o Nacional de Sub-18 Femininos intensifica a sua prepara\u00e7\u00e3o com o olhar fixo na qualifica\u00e7\u00e3o para o Campeonato da Europa. Os treinos da Selec\u00e7\u00e3o Nacional de Sub-18 Femininos decorrem [&hellip;]<\/p>\n","protected":false},"author":2,"featured_media":43739,"comment_status":"open","ping_status":"open","sticky":false,"template":"","format":"standard","meta":{"_monsterinsights_skip_tracking":false,"_monsterinsights_sitenote_active":false,"_monsterinsights_sitenote_note":"","_monsterinsights_sitenote_category":0,"footnotes":""},"categories":[20,8,31],"tags":[121],"class_list":{"0":"post-43734","1":"post","2":"type-post","3":"status-publish","4":"format-standard","5":"has-post-thumbnail","7":"category-destaque","8":"category-voleibol","9":"category-voleitv","10":"tag-sub-18-femininos","11":"czr-hentry"},"aioseo_notices":[],"_links":{"self":[{"href":"https:\/\/fpvoleibol.pt\/fpv\/wp-json\/wp\/v2\/posts\/43734","targetHints":{"allow":["GET"]}}],"collection":[{"href":"https:\/\/fpvoleibol.pt\/fpv\/wp-json\/wp\/v2\/posts"}],"about":[{"href":"https:\/\/fpvoleibol.pt\/fpv\/wp-json\/wp\/v2\/types\/post"}],"author":[{"embeddable":true,"href":"https:\/\/fpvoleibol.pt\/fpv\/wp-json\/wp\/v2\/users\/2"}],"replies":[{"embeddable":true,"href":"https:\/\/fpvoleibol.pt\/fpv\/wp-json\/wp\/v2\/comments?post=43734"}],"version-history":[{"count":4,"href":"https:\/\/fpvoleibol.pt\/fpv\/wp-json\/wp\/v2\/posts\/43734\/revisions"}],"predecessor-version":[{"id":43741,"href":"https:\/\/fpvoleibol.pt\/fpv\/wp-json\/wp\/v2\/posts\/43734\/revisions\/43741"}],"wp:featuredmedia":[{"embeddable":true,"href":"https:\/\/fpvoleibol.pt\/fpv\/wp-json\/wp\/v2\/media\/43739"}],"wp:attachment":[{"href":"https:\/\/fpvoleibol.pt\/fpv\/wp-json\/wp\/v2\/media?parent=43734"}],"wp:term":[{"taxonomy":"category","embeddable":true,"href":"https:\/\/fpvoleibol.pt\/fpv\/wp-json\/wp\/v2\/categories?post=43734"},{"taxonomy":"post_tag","embeddable":true,"href":"https:\/\/fpvoleibol.pt\/fpv\/wp-json\/wp\/v2\/tags?post=43734"}],"curies":[{"name":"wp","href":"https:\/\/api.w.org\/{rel}","templated":true}]}}