{"id":43673,"date":"2025-10-28T13:16:32","date_gmt":"2025-10-28T12:16:32","guid":{"rendered":"https:\/\/fpvoleibol.pt\/fpv\/?p=43673"},"modified":"2025-11-13T09:35:17","modified_gmt":"2025-11-13T09:35:17","slug":"liga-dos-campeoes-benfica-a-um-passo","status":"publish","type":"post","link":"https:\/\/fpvoleibol.pt\/fpv\/2025\/10\/28\/liga-dos-campeoes-benfica-a-um-passo\/","title":{"rendered":"LIGA DOS CAMPE\u00d5ES: BENFICA A UM PASSO\u2026"},"content":{"rendered":"<p style=\"text-align: center;\"><span style=\"font-size: 14px;\"><strong><img loading=\"lazy\" decoding=\"async\" class=\"size-full wp-image-43677 aligncenter\" src=\"https:\/\/fpvoleibol.pt\/fpv\/wp-content\/uploads\/2025\/10\/slbenfica_festeja.jpg\" alt=\"\" width=\"960\" height=\"640\" srcset=\"https:\/\/fpvoleibol.pt\/fpv\/wp-content\/uploads\/2025\/10\/slbenfica_festeja.jpg 960w, https:\/\/fpvoleibol.pt\/fpv\/wp-content\/uploads\/2025\/10\/slbenfica_festeja-300x200.jpg 300w, https:\/\/fpvoleibol.pt\/fpv\/wp-content\/uploads\/2025\/10\/slbenfica_festeja-768x512.jpg 768w\" sizes=\"auto, (max-width: 960px) 100vw, 960px\" \/>As campe\u00e3s nacionais est\u00e3o a dois sets da 3.\u00aa ronda da \u00abChampions\u00bb.<\/strong><\/span><\/p>\n<p style=\"text-align: left;\">A equipa de seniores femininos do <strong>Sport Lisboa e Benfica<\/strong>, campe\u00e3 nacional na \u00e9poca 2024\/25, est\u00e1 determinada a n\u00e3o desperdi\u00e7ar a oportunidade de escrever mais uma p\u00e1gina dourada na sua hist\u00f3ria europeia.<br \/>\nAp\u00f3s uma vit\u00f3ria s\u00f3lida por 3-1 (<a href=\"https:\/\/www-old.cev.eu\/Competition-Area\/MatchStatistics.aspx?ID=82205\">parciais de 21-25, 25-15, 25-15 e 25-22<\/a>) na 1.\u00aa m\u00e3o, as campe\u00e3s nacionais defrontam o CD Heidelberg Las Palmas esta quarta-feira (19h00), na Gran Canaria, para a 2.\u00aa m\u00e3o da 2.\u00aa Ronda de Qualifica\u00e7\u00e3o da <strong>Liga dos Campe\u00f5es <\/strong>(<a href=\"https:\/\/championsleague.cev.eu\/en\/women\/\">CEV Zeren Group Champions League Volley<\/a>).<br \/>\nA arbitragem est\u00e1 a cargo de Marie-Catherine Boulanger (B\u00e9lgica) e Mathias Ewald (Alemanha). Ver mais informa\u00e7\u00f5es <a href=\"https:\/\/www.cev.eu\/match-centres\/2026-european-cups\/cev-champions-league-volley-2026-women\/clvw-06-cd-heidelberg-las-palmas-v-sport-lisboa-e-benfica\/\">aqui<\/a><\/p>\n<p>A equipa orientada por Henrique Furtado regressou \u00e0 principal prova europeia de clubes ap\u00f3s 50 anos de aus\u00eancia e f\u00ea-lo com um triunfo &#8220;<em>contundente, mas muito dif\u00edcil<\/em>&#8221; frente \u00e0s campe\u00e3s espanholas, no Pavilh\u00e3o Fidelidade do Est\u00e1dio da Luz. Para garantir o apuramento para a 3.\u00aa e decisiva ronda, o Benfica necessita apenas de vencer dois sets na partida de amanh\u00e3. Se perder por 1-3 ou 0-3, ter\u00e1 de disputar um <em>Golden Set<\/em> (set de desempate).<\/p>\n<p>Em declara\u00e7\u00f5es ao site oficial do clube e \u00e0 BTV, o treinador <strong>Henrique Furtado<\/strong> sublinhou a motiva\u00e7\u00e3o das <em>\u00e1guias<\/em> e a prepara\u00e7\u00e3o de alto n\u00edvel que tem sido a norma no clube.<br \/>\n&#8220;<em>\u00c9 sempre \u00e0 procura da vit\u00f3ria, entendendo todos os detalhes que o advers\u00e1rio tem, para que nada nos surpreenda<\/em>&#8220;, afirmou, garantindo que a prepara\u00e7\u00e3o para o jogo de amanh\u00e3 n\u00e3o sofre altera\u00e7\u00f5es.<br \/>\nO t\u00e9cnico brasileiro prev\u00ea um jogo que n\u00e3o ser\u00e1 &#8220;<em>diferente em termos de desafio<\/em>\u201d, mas espera, &#8220;<em>emo\u00e7\u00f5es distintas<\/em>&#8221; inerentes ao peso da camisola e da competi\u00e7\u00e3o.<\/p>\n<p style=\"text-align: center;\"><strong>Ambi\u00e7\u00e3o europeia<\/strong><\/p>\n<p>Ciente do &#8220;<em>muito valor e <\/em><em>qualidade<\/em>&#8221; do Las Palmas, que &#8220;<em>vai fazer de tudo para sair com a vit\u00f3ria<\/em>&#8220;, Henrique Furtado deixou clara a ambi\u00e7\u00e3o do clube <em>encarnado<\/em>: &#8220;<em>Apurar o Benfica \u00e9 uma oportunidade que temos e que n\u00e3o queremos desperdi\u00e7ar<\/em>.&#8221;<br \/>\nNo jogo da 1.\u00aa m\u00e3o, a equipa lisboeta demonstrou grande poder de reac\u00e7\u00e3o ap\u00f3s perder o primeiro set, virando o resultado com mestria. A central s\u00e9rvia Veronika Djokic, eleita MVP do encontro e m\u00e1xima pontuadora com 19 pontos, foi a grande figura, demonstrando a for\u00e7a do grupo.<br \/>\nHenrique Furtado considerou a vit\u00f3ria como &#8220;<em>um passo importante<\/em>&#8221; e destacou a for\u00e7a do plantel, mas alertou que &#8220;<em>est\u00e1 tudo em aberto<\/em>&#8221; na segunda m\u00e3o, exigindo o mesmo foco e entrega demonstrados pelas jogadoras.<\/p>\n<p>O vencedor desta eliminat\u00f3ria avan\u00e7a para a 3.\u00aa ronda, onde ir\u00e1 defrontar o Banka Branik Maribor, da Eslov\u00e9nia. O sucesso nessa fase final de qualifica\u00e7\u00e3o garantir\u00e1 um lugar na exigente <a href=\"https:\/\/championsleague.cev.eu\/en\/women\/#body-tab-3a2223d4-2481-461c-8515-1cb771e380c2-1\">Pool B da 4.\u00aa Ronda (Fase de Grupos)<\/a>, ao lado de colossos como o Fenerbah\u00e7e (Turquia), L\u00f3dz (Pol\u00f3nia) e Novara (It\u00e1lia).<\/p>\n<p><img loading=\"lazy\" decoding=\"async\" class=\" wp-image-43507 alignleft\" src=\"https:\/\/fpvoleibol.pt\/fpv\/wp-content\/uploads\/2025\/10\/sportingcp_fem_2026.jpg\" alt=\"\" width=\"241\" height=\"161\" srcset=\"https:\/\/fpvoleibol.pt\/fpv\/wp-content\/uploads\/2025\/10\/sportingcp_fem_2026.jpg 960w, https:\/\/fpvoleibol.pt\/fpv\/wp-content\/uploads\/2025\/10\/sportingcp_fem_2026-300x200.jpg 300w, https:\/\/fpvoleibol.pt\/fpv\/wp-content\/uploads\/2025\/10\/sportingcp_fem_2026-768x513.jpg 768w\" sizes=\"auto, (max-width: 241px) 100vw, 241px\" \/>Outras equipas portuguesas de voleibol feminino v\u00e3o ter igualmente desafios de grande n\u00edvel nas competi\u00e7\u00f5es europeias, com a Ta\u00e7a CEV a apresentar confrontos particularmente dif\u00edceis.<\/p>\n<p>O <strong>Sporting Clube de Portugal<\/strong> ir\u00e1 disputar a <a href=\"https:\/\/www.cev.eu\/club\/volleyball-cup\/2026\/women\/\">Ta\u00e7a CEV<\/a>, defrontando o Vandoeuvre Nancy, uma equipa francesa anteriormente treinada pelo portugu\u00eas Andr\u00e9 S\u00e1, nos 16 avos-de-final. A primeira m\u00e3o ter\u00e1 lugar em Fran\u00e7a, no dia 26 de Novembro (19h30 locais), seguindo-se o jogo de todas as decis\u00f5es, a segunda m\u00e3o, no Pavilh\u00e3o Jo\u00e3o Rocha, Alvalade, no dia 3 de Dezembro (19h30).<\/p>\n<p><img loading=\"lazy\" decoding=\"async\" class=\"wp-image-43308 alignright\" src=\"https:\/\/fpvoleibol.pt\/fpv\/wp-content\/uploads\/2025\/10\/FCPorto_2025_2026_Fem_d.jpg\" alt=\"\" width=\"242\" height=\"151\" srcset=\"https:\/\/fpvoleibol.pt\/fpv\/wp-content\/uploads\/2025\/10\/FCPorto_2025_2026_Fem_d.jpg 960w, https:\/\/fpvoleibol.pt\/fpv\/wp-content\/uploads\/2025\/10\/FCPorto_2025_2026_Fem_d-300x188.jpg 300w, https:\/\/fpvoleibol.pt\/fpv\/wp-content\/uploads\/2025\/10\/FCPorto_2025_2026_Fem_d-768x480.jpg 768w\" sizes=\"auto, (max-width: 242px) 100vw, 242px\" \/>Por sua vez, o <strong>Futebol Clube do Porto<\/strong> ter\u00e1 pela frente um<em> colosso<\/em> do Voleibol europeu, as turcas do Galatasaray, naquele que \u00e9 um dos embates mais aliciantes desta fase da competi\u00e7\u00e3o. As <em>azuis e brancas<\/em> jogar\u00e3o o primeiro encontro em casa, na Drag\u00e3o Arena, a 26 de Novembro (20h00), com a segunda m\u00e3o a disputar-se no dia 3 de Dezembro (19h30 locais) na Turquia, onde a atmosfera costuma ser de grande intensidade.<br \/>\nEm 2024\/2025, a equipa de seniores femininos do FC Porto perdeu (1-3: 13-25, 25-23, 9-25 e 22-25) com o CS Volei Alba Blaj no jogo da segunda m\u00e3o dos quartos-de-final da Ta\u00e7a CEV e terminou a competi\u00e7\u00e3o no 5.\u00ba posto da tabela classificativa.<br \/>\nAs <em>azuis e brancas<\/em> tinham come\u00e7ado a competir na Liga dos Campe\u00f5es, onde integraram um grupo muito forte (Pool C) da principal competi\u00e7\u00e3o de clubes: o FC Porto defrontou (0-3 e 0-3) as italianas do Vero Volley Milano, equipa de Paola Egonu (MVP em Paris 2024) \u2013 considerada por muitos a melhor oposta da actualidade \u2013, as turcas do VakifBank Istanbul (0-3 e 0-3) e as eslovenas do Calcit Kamnik (3-0 e 3-2). As portistas atingiram a fase de grupos ap\u00f3s eliminarem as campe\u00e3s espanholas do Hidramar Gran Canaria na 3.\u00aa Ronda da Liga dos Campe\u00f5es, com vit\u00f3rias por 3-0 (casa) e 3-2 (fora).<br \/>\nO Voleibol feminino voltava assim a ter uma equipa lusitana na <em>Champions League<\/em> 19 anos depois. O Sporting Clube de Espinho foi o primeiro a disputar a Ta\u00e7a dos Campe\u00f5es Europeus, em 1960\/1961 \u2013 seguido do CDUL e do SL Benfica, que foi o primeiro a atingir os quartos-de-final (1968) e os oitavos (1970 e 1973) \u2013, e o Clube Acad\u00e9mico da Trofa foi a primeira equipa portuguesa de seniores femininos a disputar a actual Liga dos Campe\u00f5es, em 2005\/2006, tendo sido 6.\u00ba classificado na Pool A da fase de grupos.<\/p>\n<p><img loading=\"lazy\" decoding=\"async\" class=\" wp-image-43508 alignleft\" src=\"https:\/\/fpvoleibol.pt\/fpv\/wp-content\/uploads\/2025\/10\/scbraga_2026.jpg\" alt=\"\" width=\"284\" height=\"160\" srcset=\"https:\/\/fpvoleibol.pt\/fpv\/wp-content\/uploads\/2025\/10\/scbraga_2026.jpg 960w, https:\/\/fpvoleibol.pt\/fpv\/wp-content\/uploads\/2025\/10\/scbraga_2026-300x169.jpg 300w, https:\/\/fpvoleibol.pt\/fpv\/wp-content\/uploads\/2025\/10\/scbraga_2026-768x432.jpg 768w, https:\/\/fpvoleibol.pt\/fpv\/wp-content\/uploads\/2025\/10\/scbraga_2026-528x297.jpg 528w\" sizes=\"auto, (max-width: 284px) 100vw, 284px\" \/>Na <a href=\"https:\/\/www.cev.eu\/club\/volleyball-challenge-cup\/2026\/women\/\">Challenge Cup<\/a>, o <strong>Sporting Clube de Braga<\/strong>, que conquistou o segundo lugar na Liga Solverde.pt 2024\/2025, aguarda a defini\u00e7\u00e3o do seu advers\u00e1rio nos 16 avos-de-final. As <em>Guerreiras do Minho<\/em> medir\u00e3o for\u00e7as com as vencedoras do embate entre as espanholas do Ocisa Haro Rioja e as montenegrinas do Buducnost Podgorica, beneficiando de jogar a segunda m\u00e3o da eliminat\u00f3ria em casa, perante o seu p\u00fablico, no dia 3 de Dezembro (21h00). Este facto poder\u00e1 ser uma importante vantagem no esfor\u00e7o para garantir o apuramento para a fase seguinte da competi\u00e7\u00e3o.<\/p>\n<p>A presen\u00e7a destas tr\u00eas equipas portuguesas nas competi\u00e7\u00f5es europeias de Voleibol feminino sublinha a qualidade e o crescimento da modalidade em Portugal.<\/p>\n<p style=\"text-align: center;\"><strong>\u00c1rbitros portugueses em ac\u00e7\u00e3o<br \/>\nnas competi\u00e7\u00f5es internacionais<\/strong><\/p>\n<p><strong>Sofia Costa<\/strong><br \/>\nOcisa Haro Rioja (Espanha) x Buducnost Podgorica (Montenegro), da Challenge Cup femininos \u2013 32 avos-de-final, no dia 30 de Outubro.<br \/>\nPamesa Teruel (Espanha) x Maccabi Tel-Aviv (Israel), da Challenge Cup masculinos \u2013 32 avos-de-final, no dia 11 de Novembro.<br \/>\nMaccabi Tel-Aviv (Israel) x Pamesa Teruel (Espanha), da Challenge Cup masculinos \u2013 32 avos-de-final, no dia 12 de Novembro.<\/p>\n<p><strong>V\u00edtor Gon\u00e7alves<\/strong><br \/>\nGuaguas Las Palmas (Espanha) x MAV Foxconn Szekesfehervar (Hungria), da 1.\u00aa Ronda da Liga dos Campe\u00f5es masculinos, no dia 30 de Outubro.<br \/>\nPGE Projekt Warszawa (Pol\u00f3nia) x Cucine Lube Civitanova (It\u00e1lia), da Pool D da Liga dos Campe\u00f5es masculinos, no dia 21 de Janeiro de 2026.<br \/>\nEczacibasi Istanbul (Turquia) x Numia Vero Volley Milano (It\u00e1lia), da Pool C da Liga dos Campe\u00f5es femininos, no dia 7 de Janeiro de 2026.<\/p>\n<p><strong>Ricardo Ferreira<\/strong><br \/>\nTrentino Itas (It\u00e1lia) x Tours (Fran\u00e7a), da Pool A da Liga dos Campe\u00f5es masculinos, no dia 29 de Janeiro de 2026.<br \/>\nFenerbah\u00e7e Medicana Istanbul (Turquia) x Igor Gorgonzola Novara (It\u00e1lia), da Pool B da Liga dos Campe\u00f5es femininos, no 13 de Janeiro de 2026.<br \/>\nLevallois Paris Saint-Cloud (Fran\u00e7a) x KS Developres Rzeszow (Pol\u00f3nia), da Pool D da Liga dos Campe\u00f5es femininos, no dia 4 de Dezembro.<\/p>\n<p><strong>Pedro Pinto<\/strong><br \/>\nPGE Budowlani Lodz (Pol\u00f3nia) x Fenerbah\u00e7e Medicana Istanbul (Turquia), da Pool B da Liga dos Campe\u00f5es femininos, no dia 6 de Janeiro de 2026.<br \/>\nAnkara Zeren Spor Kul\u00fcb\u00fc (Turquia) x A. Carraro Prosecco DOC Conegliano (It\u00e1lia), da Pool D da Liga dos Campe\u00f5es femininos, no dia 27 de Janeiro de 2026.<\/p>\n<p><strong>Nuno Maia<\/strong><br \/>\nEquipa proveniente da Liga dos Campe\u00f5es x Volley Schonenwerd (Su\u00ed\u00e7a), da Ta\u00e7a CEV masculinos 32 avos-de-final, em data a definir.<\/p>\n<p><strong>Nuno Teixeira<\/strong><br \/>\nMladost Zagreb (Cro\u00e1cia) x Equipa proveniente da Liga dos Campe\u00f5es, da Ta\u00e7a CEV femininos \u2013 16 avos-de-final, no dia 3 de Dezembro.<br \/>\nTourcoing Lille M\u00e9tropole (Fran\u00e7a) x Equipa apurada na fase anterior, da Ta\u00e7a CEV masculinos \u2013 16 avos-de-final, no dia 6 de Janeiro de 2026.<\/p>\n<p><strong>Jos\u00e9 Caramez<\/strong><br \/>\nEquipa proveniente da Liga dos Campe\u00f5es x Draisma Dynamo Apeldoorn (Pa\u00edses Baixos), da Ta\u00e7a CEV masculinos \u2013 16 avos-de-final, em data a definir.<\/p>\n<p style=\"text-align: center;\">Mais informa\u00e7\u00f5es em\u00a0<a href=\"http:\/\/www.cev.eu\/\">cev.eu<\/a><\/p>\n","protected":false},"excerpt":{"rendered":"<p>As campe\u00e3s nacionais est\u00e3o a dois sets da 3.\u00aa ronda da \u00abChampions\u00bb. A equipa de seniores femininos do Sport Lisboa e Benfica, campe\u00e3 nacional na \u00e9poca 2024\/25, est\u00e1 determinada a [&hellip;]<\/p>\n","protected":false},"author":2,"featured_media":43678,"comment_status":"open","ping_status":"open","sticky":false,"template":"","format":"standard","meta":{"_monsterinsights_skip_tracking":false,"_monsterinsights_sitenote_active":false,"_monsterinsights_sitenote_note":"","_monsterinsights_sitenote_category":0,"footnotes":""},"categories":[13,8],"tags":[54,176,32,53],"class_list":{"0":"post-43673","1":"post","2":"type-post","3":"status-publish","4":"format-standard","5":"has-post-thumbnail","7":"category-arbitragem","8":"category-voleibol","9":"tag-challenge-cup","10":"tag-epoca-2025-2026","11":"tag-liga-dos-campeoes","12":"tag-taca-cev","13":"czr-hentry"},"aioseo_notices":[],"_links":{"self":[{"href":"https:\/\/fpvoleibol.pt\/fpv\/wp-json\/wp\/v2\/posts\/43673","targetHints":{"allow":["GET"]}}],"collection":[{"href":"https:\/\/fpvoleibol.pt\/fpv\/wp-json\/wp\/v2\/posts"}],"about":[{"href":"https:\/\/fpvoleibol.pt\/fpv\/wp-json\/wp\/v2\/types\/post"}],"author":[{"embeddable":true,"href":"https:\/\/fpvoleibol.pt\/fpv\/wp-json\/wp\/v2\/users\/2"}],"replies":[{"embeddable":true,"href":"https:\/\/fpvoleibol.pt\/fpv\/wp-json\/wp\/v2\/comments?post=43673"}],"version-history":[{"count":8,"href":"https:\/\/fpvoleibol.pt\/fpv\/wp-json\/wp\/v2\/posts\/43673\/revisions"}],"predecessor-version":[{"id":43998,"href":"https:\/\/fpvoleibol.pt\/fpv\/wp-json\/wp\/v2\/posts\/43673\/revisions\/43998"}],"wp:featuredmedia":[{"embeddable":true,"href":"https:\/\/fpvoleibol.pt\/fpv\/wp-json\/wp\/v2\/media\/43678"}],"wp:attachment":[{"href":"https:\/\/fpvoleibol.pt\/fpv\/wp-json\/wp\/v2\/media?parent=43673"}],"wp:term":[{"taxonomy":"category","embeddable":true,"href":"https:\/\/fpvoleibol.pt\/fpv\/wp-json\/wp\/v2\/categories?post=43673"},{"taxonomy":"post_tag","embeddable":true,"href":"https:\/\/fpvoleibol.pt\/fpv\/wp-json\/wp\/v2\/tags?post=43673"}],"curies":[{"name":"wp","href":"https:\/\/api.w.org\/{rel}","templated":true}]}}