{"id":43614,"date":"2025-10-22T17:36:02","date_gmt":"2025-10-22T16:36:02","guid":{"rendered":"https:\/\/fpvoleibol.pt\/fpv\/?p=43614"},"modified":"2025-10-22T17:39:56","modified_gmt":"2025-10-22T16:39:56","slug":"liga-solverde-pt-45","status":"publish","type":"post","link":"https:\/\/fpvoleibol.pt\/fpv\/2025\/10\/22\/liga-solverde-pt-45\/","title":{"rendered":"LIGA SOLVERDE.pt"},"content":{"rendered":"<p><img loading=\"lazy\" decoding=\"async\" class=\"size-full wp-image-28511 aligncenter\" src=\"https:\/\/fpvoleibol.pt\/fpv\/wp-content\/uploads\/2023\/10\/website_ligasolverde2_d.jpg\" alt=\"\" width=\"960\" height=\"542\" srcset=\"https:\/\/fpvoleibol.pt\/fpv\/wp-content\/uploads\/2023\/10\/website_ligasolverde2_d.jpg 960w, https:\/\/fpvoleibol.pt\/fpv\/wp-content\/uploads\/2023\/10\/website_ligasolverde2_d-300x169.jpg 300w, https:\/\/fpvoleibol.pt\/fpv\/wp-content\/uploads\/2023\/10\/website_ligasolverde2_d-768x434.jpg 768w, https:\/\/fpvoleibol.pt\/fpv\/wp-content\/uploads\/2023\/10\/website_ligasolverde2_d-528x297.jpg 528w\" sizes=\"auto, (max-width: 960px) 100vw, 960px\" \/>O destaque da 3.\u00aa jornada da <a href=\"https:\/\/fpv-web.dataproject.com\/CompetitionHome.aspx?ID=127\">Liga Solverde.pt<\/a> da \u00e9poca 2025\/2026 vai para o jogo SL Benfica x FC Porto, o primeiro duelo entre candidatos ao t\u00edtulo, depois da Superta\u00e7a 2025, na qual as <em>\u00e1guias<\/em>\u00a0 da Luz venceram as <em>leoas<\/em> de Alvalade. Agora, as campe\u00e3s nacionais v\u00e3o medir for\u00e7as com as<em> azuis e brancas<\/em>, que s\u00e3o igualmente candidatas de peso \u00e0 conquista do ceptro nacional e as actuais l\u00edderes da classifica\u00e7\u00e3o, com o mesmo n\u00famero de vit\u00f3rias e de pontos de Sporting CP, Leix\u00f5es SC e SL Benfica.<br \/>\nAtentas a este jogo, mas igualmente com uma sa\u00edda dif\u00edcil, as sportinguistas visitam o PV 2014\/Col\u00e9gio Efanor (6.\u00ba).<\/p>\n<p>O <a href=\"https:\/\/fpv-web.dataproject.com\/MatchStatistics.aspx?mID=12271&amp;ID=127&amp;CID=446&amp;PID=171&amp;type=LegList\">CD Fi\u00e3es x SC Braga<\/a>, da 3.\u00aa jornada da 1.\u00aa Fase da <a href=\"https:\/\/fpv-web.dataproject.com\/CompetitionHome.aspx?ID=127\"><strong>Liga Solverde.pt 2025\/2026<\/strong><\/a>, ser\u00e1 transmitido em directo na <a href=\"http:\/\/www.volei.tv\">Volei TV<\/a> e <span style=\"color: #ff0000;\">A Bola TV<\/span>.\u00a0O jogo est\u00e1 agendado para as 16h00 do dia 26 de Outubro (domingo) no Pavilh\u00e3o Municipal de Fi\u00e3es e poder\u00e1 ser seguido, via <em>live streaming<\/em>, <a href=\"https:\/\/www.youtube.com\/live\/dgU9fpRbrpk\">AQUI<\/a><\/p>\n<p style=\"text-align: center;\"><span style=\"text-decoration: underline;\"><strong>1.\u00aa Fase<\/strong><\/span><\/p>\n<p style=\"text-align: center;\"><span style=\"background-color: #000000; color: #ffffff;\"><span style=\"text-decoration: underline;\"><strong>3<\/strong>.\u00aa Jornada <\/span>*<\/span><\/p>\n<p><span style=\"text-decoration: underline;\"><strong>25.10.2025<\/strong><\/span><br \/>\n<strong>19h30 locais<\/strong> \u2013 Clube Kair\u00f3s x AA S. Mamede, no Comp. Desp. Laranjeiras.<br \/>\n<span style=\"text-decoration: underline;\"><strong>26.10.2025<\/strong><\/span><br \/>\n<strong>16h00<\/strong> \u2013 Leix\u00f5es SC x Cast\u00ealo da Maia GC, na Nave Il\u00eddio Ramos &#8211; CDC Matosinhos.<br \/>\n<strong>16h00<\/strong> \u2013 CD Fi\u00e3es x SC Braga, no Pav. Municipal de Fi\u00e3es \u2013 transmiss\u00e3o em directo na <a href=\"http:\/\/www.volei.tv\">Volei TV<\/a> e n&#8217;<span style=\"color: #ff0000;\">A Bola TV<\/span>.<br \/>\n<strong>16h00<\/strong> \u2013 Esmoriz GC x Vit\u00f3ria SC, no Pav. Esmoriz GC.<br \/>\n<strong>16h00<\/strong> \u2013 PV 2014\/Col\u00e9gio Efanor x Sporting CP, no Pav. Col\u00e9gio Efanor.<br \/>\n<strong>18h00<\/strong> \u2013 SL Benfica x FC Porto, no Pav. N.\u00ba 2 do Est\u00e1dio da Luz.<\/p>\n<p style=\"text-align: center;\"><span style=\"text-decoration: underline;\"><strong><img loading=\"lazy\" decoding=\"async\" class=\"size-full wp-image-43535 aligncenter\" src=\"https:\/\/fpvoleibol.pt\/fpv\/wp-content\/uploads\/2025\/10\/LIGASOLVERDEPT_cdfxscb.jpg\" alt=\"\" width=\"960\" height=\"540\" srcset=\"https:\/\/fpvoleibol.pt\/fpv\/wp-content\/uploads\/2025\/10\/LIGASOLVERDEPT_cdfxscb.jpg 960w, https:\/\/fpvoleibol.pt\/fpv\/wp-content\/uploads\/2025\/10\/LIGASOLVERDEPT_cdfxscb-300x169.jpg 300w, https:\/\/fpvoleibol.pt\/fpv\/wp-content\/uploads\/2025\/10\/LIGASOLVERDEPT_cdfxscb-768x432.jpg 768w, https:\/\/fpvoleibol.pt\/fpv\/wp-content\/uploads\/2025\/10\/LIGASOLVERDEPT_cdfxscb-528x297.jpg 528w\" sizes=\"auto, (max-width: 960px) 100vw, 960px\" \/>Todos os jogos com <em>live streaming<\/em><\/strong><\/span><\/p>\n<p>A Federa\u00e7\u00e3o Portuguesa de Voleibol tem vindo a apostar na valoriza\u00e7\u00e3o dos escal\u00f5es principais atrav\u00e9s da implementa\u00e7\u00e3o de novas tecnologias. Estas funcionalidades, que est\u00e3o dispon\u00edveis num <a href=\"https:\/\/fpv-web.dataproject.com\/CompetitionHome.aspx?ID=127\">microsite<\/a>, incluem:<br \/>\n. Transmiss\u00e3o em directo (<em>Live Streaming<\/em>) de v\u00e1rias centenas de jogos.<br \/>\n. Partilha de v\u00eddeos (<em>Video Sharing<\/em>) de todos os jogos, que ficam arquivados.<br \/>\n. Resultados em directo (<em>Live Scores<\/em>) e estat\u00edsticas, incluindo o sistema <em>Data Volley<\/em>, que s\u00e3o fornecidas pelas equipas.<br \/>\n. Acompanhamento jogada a jogada (<em>Play by Play<\/em>) por set.<br \/>\n. Ranking estat\u00edstico de todas as jogadoras e relat\u00f3rios estat\u00edsticos (<em>match report<\/em>) logo ap\u00f3s o fim de cada jogo.<br \/>\n. Actualiza\u00e7\u00e3o de resultados online atrav\u00e9s de uma aplica\u00e7\u00e3o dedicada.<br \/>\n. Toda a tecnologia e a log\u00edstica s\u00e3o disponibilizadas pela Federa\u00e7\u00e3o aos clubes.<\/p>\n<p style=\"text-align: center;\"><span style=\"background-color: #000000; color: #ffffff;\">TODAS AS INFORMA\u00c7\u00d5ES<\/span><\/p>\n<p style=\"text-align: center;\"><strong>Resultados<\/strong>,<strong>\u00a0Live Streaming\u00a0<\/strong>e<strong>\u00a0Estat\u00edstica<\/strong> em <a href=\"https:\/\/fpv-web.dataproject.com\/CompetitionHome.aspx?ID=127\">https:\/\/fpv-web.dataproject.com\/CompetitionHome.aspx?ID=127<\/a><br \/>\n<strong>*Calend\u00e1rio <\/strong>e<strong>\u00a0Classifica\u00e7\u00e3o<\/strong>\u00a0em\u00a0<a href=\"https:\/\/www.portugalvoleibol.com\/classificacao\/\">https:\/\/www.portugalvoleibol.com\/classificacao\/<\/a><br \/>\n<strong>\u00c1rbitros nomeados<\/strong>\u00a0(actualizado \u00e0 quinta-feira) em\u00a0<a href=\"https:\/\/fpvoleibol.pt\/fpv\/arbitragem\/nomeacoes\/\">https:\/\/fpvoleibol.pt\/fpv\/arbitragem\/nomeacoes\/<\/a><br \/>\n<strong>Regulamento de Seniores<\/strong>\u00a0<a href=\"https:\/\/www.fpvoleibol.pt\/regulamentos\/reg_esc_seniores_.pdf\">AQUI<\/a><br \/>\n<span style=\"font-size: 8pt;\"><strong>*Hor\u00e1rios poder\u00e3o sofrer altera\u00e7\u00f5es<\/strong><\/span><\/p>\n","protected":false},"excerpt":{"rendered":"<p>O destaque da 3.\u00aa jornada da Liga Solverde.pt da \u00e9poca 2025\/2026 vai para o jogo SL Benfica x FC Porto, o primeiro duelo entre candidatos ao t\u00edtulo, depois da Superta\u00e7a [&hellip;]<\/p>\n","protected":false},"author":2,"featured_media":28213,"comment_status":"open","ping_status":"open","sticky":false,"template":"","format":"standard","meta":{"_monsterinsights_skip_tracking":false,"_monsterinsights_sitenote_active":false,"_monsterinsights_sitenote_note":"","_monsterinsights_sitenote_category":0,"footnotes":""},"categories":[13,8,31],"tags":[176,113],"class_list":{"0":"post-43614","1":"post","2":"type-post","3":"status-publish","4":"format-standard","5":"has-post-thumbnail","7":"category-arbitragem","8":"category-voleibol","9":"category-voleitv","10":"tag-epoca-2025-2026","11":"tag-liga-solverde-pt","12":"czr-hentry"},"aioseo_notices":[],"_links":{"self":[{"href":"https:\/\/fpvoleibol.pt\/fpv\/wp-json\/wp\/v2\/posts\/43614","targetHints":{"allow":["GET"]}}],"collection":[{"href":"https:\/\/fpvoleibol.pt\/fpv\/wp-json\/wp\/v2\/posts"}],"about":[{"href":"https:\/\/fpvoleibol.pt\/fpv\/wp-json\/wp\/v2\/types\/post"}],"author":[{"embeddable":true,"href":"https:\/\/fpvoleibol.pt\/fpv\/wp-json\/wp\/v2\/users\/2"}],"replies":[{"embeddable":true,"href":"https:\/\/fpvoleibol.pt\/fpv\/wp-json\/wp\/v2\/comments?post=43614"}],"version-history":[{"count":5,"href":"https:\/\/fpvoleibol.pt\/fpv\/wp-json\/wp\/v2\/posts\/43614\/revisions"}],"predecessor-version":[{"id":43620,"href":"https:\/\/fpvoleibol.pt\/fpv\/wp-json\/wp\/v2\/posts\/43614\/revisions\/43620"}],"wp:featuredmedia":[{"embeddable":true,"href":"https:\/\/fpvoleibol.pt\/fpv\/wp-json\/wp\/v2\/media\/28213"}],"wp:attachment":[{"href":"https:\/\/fpvoleibol.pt\/fpv\/wp-json\/wp\/v2\/media?parent=43614"}],"wp:term":[{"taxonomy":"category","embeddable":true,"href":"https:\/\/fpvoleibol.pt\/fpv\/wp-json\/wp\/v2\/categories?post=43614"},{"taxonomy":"post_tag","embeddable":true,"href":"https:\/\/fpvoleibol.pt\/fpv\/wp-json\/wp\/v2\/tags?post=43614"}],"curies":[{"name":"wp","href":"https:\/\/api.w.org\/{rel}","templated":true}]}}