{"id":43368,"date":"2025-10-09T14:57:33","date_gmt":"2025-10-09T13:57:33","guid":{"rendered":"https:\/\/fpvoleibol.pt\/fpv\/?p=43368"},"modified":"2025-10-14T09:35:21","modified_gmt":"2025-10-14T08:35:21","slug":"pedrosa-e-campos-acreditam-numa-surpresa-no-mundial","status":"publish","type":"post","link":"https:\/\/fpvoleibol.pt\/fpv\/2025\/10\/09\/pedrosa-e-campos-acreditam-numa-surpresa-no-mundial\/","title":{"rendered":"PEDROSA E CAMPOS ACREDITAM NUMA SURPRESA NO MUNDIAL"},"content":{"rendered":"<p style=\"text-align: center;\"><span style=\"font-size: 12px;\"><strong><span style=\"text-decoration: underline;\"><img loading=\"lazy\" decoding=\"async\" class=\"size-full wp-image-43373 aligncenter\" src=\"https:\/\/fpvoleibol.pt\/fpv\/wp-content\/uploads\/2025\/10\/pedrosa_diaz_cub_d2.jpg\" alt=\"\" width=\"960\" height=\"570\" srcset=\"https:\/\/fpvoleibol.pt\/fpv\/wp-content\/uploads\/2025\/10\/pedrosa_diaz_cub_d2.jpg 960w, https:\/\/fpvoleibol.pt\/fpv\/wp-content\/uploads\/2025\/10\/pedrosa_diaz_cub_d2-300x178.jpg 300w, https:\/\/fpvoleibol.pt\/fpv\/wp-content\/uploads\/2025\/10\/pedrosa_diaz_cub_d2-768x456.jpg 768w\" sizes=\"auto, (max-width: 960px) 100vw, 960px\" \/>Mais um bra\u00e7o-de-ferro entre Pedrosa\/Campos e Diaz\/Alayo<\/span><\/strong><\/span><\/p>\n<p>A dupla portuguesa Jo\u00e3o Pedrosa\/Hugo Campos conheceu hoje os seus advers\u00e1rios no <a href=\"https:\/\/en.volleyballworld.com\/beachvolleyball\/competitions\/beach-volleyball-world-championships\">Campeonato do Mundo de Voleibol de Praia FIVB 2025<\/a>, a disputar de 14 a 23 de Novembro em Adelaide,\u00a0 Austr\u00e1lia.<\/p>\n<p>A dupla lusitana come\u00e7a por defrontar, no dia 14 de Novembro, <span style=\"text-decoration: underline;\">Bradley Fuller e Ben O&#8217;Dea<\/span>, da Nova Zel\u00e2ndia, que venceram em Mar\u00e7o deste ano, em casa, o BPT Futures de Mount Maunganui.<br \/>\nNo dia 16, Pedrosa e Campos enfrentam <span style=\"text-decoration: underline;\">Daouda Yacoubou e Mensan Tohouegnon<\/span>, do Benim.<br \/>\nO \u00faltimo dia da fase de grupos est\u00e1 reservado para o confronto com os cubanos <span style=\"text-decoration: underline;\">Noslen Diaz e Jorge Luis Alayo<\/span>, seus velhos conhecidos e os advers\u00e1rios teoricamente mais fortes.<br \/>\nQuando os tetracampe\u00f5es portugueses subiram ao p\u00f3dio no Beach Pro Tour Challenge de Yucat\u00e1n, em Mar\u00e7o deste ano, no M\u00e9xico, a passagem \u00e0s meias-finais tinha sido conseguida com um sensacional triunfo (2-0: 21-19 e 21-14) sobre os cubanos, 9.\u00bas classificados nos Jogos Ol\u00edmpicos de Paris 2024.<br \/>\nEm Abril deste ano, os cubanos vingaram-se (2-0: 21-12 e 21-19) no BPT Elite16 de Saquarema, Brasil.<br \/>\nEste ano, Diaz e Alayo venceram o BPT Elite Quintana Roo (M\u00e9xico), o NORCECA Continental Tour (Cuba), tendo sido 5.\u00bas classificados no BPT Elite16 Hamburgo (Alemanha) e medalha de prata no BPT Elite16 do Rio de Janeiro (Brasil).<\/p>\n<p>&#8220;<em>Sendo realista, tivemos alguma sorte no nosso grupo, pois existem algumas pools muito fortes, com quatro equipas de tal forma competitivas que n\u00e3o fa\u00e7o ideia de quem ir\u00e1 ganhar o grupo. Contudo, isso n\u00e3o quer dizer nada. Num Mundial, acho que qualquer dupla pode ganhar a qualquer dupla. <\/em><br \/>\n<em>O n\u00edvel \u00e9 de tal forma alto e competitivo que n\u00e3o d\u00e1 mesmo para ningu\u00e9m estar tranquilo. N\u00f3s teremos de estar sempre a cem por cento para podermos conquistar qualquer vit\u00f3ria.<\/em><br \/>\n<em>Nas pr\u00f3ximas semanas de prepara\u00e7\u00e3o vamos procurar estar o melhor f\u00edsica, t\u00e9cnica e tacticamente. Creio que quando chegarmos ao Mundial vamos estar completamente preparados e, sinceramente, acredito que poderemos conseguir fazer uma surpresa. Sabemos do que \u00e9 que somos capazes e acho que tudo vai correr da melhor forma<\/em>&#8220;, afian\u00e7a <strong>Jo\u00e3o Pedrosa<\/strong>.<\/p>\n<p><img loading=\"lazy\" decoding=\"async\" class=\"size-full wp-image-43383 aligncenter\" src=\"https:\/\/fpvoleibol.pt\/fpv\/wp-content\/uploads\/2025\/10\/VP_Mund_sort.jpg\" alt=\"\" width=\"960\" height=\"485\" srcset=\"https:\/\/fpvoleibol.pt\/fpv\/wp-content\/uploads\/2025\/10\/VP_Mund_sort.jpg 960w, https:\/\/fpvoleibol.pt\/fpv\/wp-content\/uploads\/2025\/10\/VP_Mund_sort-300x152.jpg 300w, https:\/\/fpvoleibol.pt\/fpv\/wp-content\/uploads\/2025\/10\/VP_Mund_sort-768x388.jpg 768w\" sizes=\"auto, (max-width: 960px) 100vw, 960px\" \/>A presen\u00e7a da dupla tetracampe\u00e3 nacional, Jo\u00e3o Pedrosa\/Hugo Campos, no Mundial 2025 reveste-se de especial import\u00e2ncia: o apuramento para o 15.\u00ba Mundial foi garantido <a href=\"https:\/\/fpvoleibol.pt\/fpv\/2025\/10\/06\/pedrosa-campos-firme-no-mundial-2025\/\">directamente<\/a> via Ranking FIVB, um feito que sublinha a sua consist\u00eancia no Circuito Mundial (Beach Pro Tour).<\/p>\n<p>Esta ser\u00e1 a segunda participa\u00e7\u00e3o de Pedrosa\/Campos no Campeonato do Mundo, depois de terem competido em 2023, no M\u00e9xico, atrav\u00e9s de um Wild Card (convite). A qualifica\u00e7\u00e3o directa para Adelaide 2025 \u00e9 uma prova tang\u00edvel do crescimento e afirma\u00e7\u00e3o da dupla portuguesa no panorama internacional.<\/p>\n<p style=\"text-align: center;\"><span style=\"text-decoration: underline;\"><strong>O caminho at\u00e9 \u00e0s medalhas<\/strong><\/span><\/p>\n<p>A maior competi\u00e7\u00e3o de Voleibol de Praia alguma vez realizada na Oce\u00e2nia contar\u00e1 com 48 duplas em cada g\u00e9nero. O formato de disputa ser\u00e1 o seguinte:<\/p>\n<p><strong>Fase de grupos:<br \/>\n<\/strong>As 48 duplas por g\u00e9nero s\u00e3o divididas em 12 grupos de quatro equipas, num sistema de todos contra todos a uma s\u00f3 volta (<em>single round-robi<\/em>n).<br \/>\nAvan\u00e7am directamente para a Ronda de 32 Equipas (ou 16 avos-de-final): os vencedores e os segundos classificados de cada grupo, mais as quatro melhores duplas terceiras classificadas.<\/p>\n<p><strong>Ronda \u00abLucky Loser\u00bb<\/strong>:<br \/>\nAs restantes oito duplas terceiras classificadas avan\u00e7am para uma primeira ronda a eliminar, apelidada de ronda <em>lucky loser<\/em>. Os quatro vencedores desta fase tamb\u00e9m se qualificam para a Ronda de 32.<\/p>\n<p><strong>Fase de elimina\u00e7\u00e3o directa:<br \/>\n<\/strong>A partir da Ronda de 32, a competi\u00e7\u00e3o segue em formato de elimina\u00e7\u00e3o directa (<em>single elimination<\/em>), incluindo:<br \/>\n. 16 Avos-de-final, oitavos-de-final, quartos-de-final e meias-finais;<br \/>\n. Disputa do 3.\u00ba e 4.\u00ba lugar (medalha de bronze) e final (ouro e prata).<\/p>\n<p>No total, ser\u00e3o disputados 216 jogos ao longo dos dez dias de competi\u00e7\u00e3o em Adelaide.<\/p>\n<p><img loading=\"lazy\" decoding=\"async\" class=\"wp-image-28346 alignleft\" src=\"https:\/\/fpvoleibol.pt\/fpv\/wp-content\/uploads\/2023\/10\/pedrosa_Campos_portugueses_mex_d.jpg\" alt=\"\" width=\"376\" height=\"235\" srcset=\"https:\/\/fpvoleibol.pt\/fpv\/wp-content\/uploads\/2023\/10\/pedrosa_Campos_portugueses_mex_d.jpg 960w, https:\/\/fpvoleibol.pt\/fpv\/wp-content\/uploads\/2023\/10\/pedrosa_Campos_portugueses_mex_d-300x188.jpg 300w, https:\/\/fpvoleibol.pt\/fpv\/wp-content\/uploads\/2023\/10\/pedrosa_Campos_portugueses_mex_d-768x480.jpg 768w\" sizes=\"auto, (max-width: 376px) 100vw, 376px\" \/>Em 2023, Pedrosa e Campos terminaram a sua participa\u00e7\u00e3o no 14.\u00ba Mundial no 33.\u00ba lugar, ap\u00f3s uma derrota renhida (1-2) na fase dos \u00abLucky losers\u00bb frente aos australianos Christopher McHugh e Paul Burnett.<\/p>\n<p>Al\u00e9m da dupla atleta, a arbitragem portuguesa volta a estar em destaque. O \u00e1rbitro <strong>Rui Carvalho<\/strong> repetir\u00e1 a presen\u00e7a num Campeonato do Mundo. Rui Carvalho \u00e9 uma figura internacional de renome, tendo j\u00e1 arbitrado a final masculina de Voleibol de Praia nos Jogos Ol\u00edmpicos de Londres 2012, o jogo da medalha de bronze em T\u00f3quio 2020 e a final dos Europeus de 2022.<\/p>\n<p>A caminhada de Pedrosa e Campos no Voleibol de Praia \u00e9 um modelo de empenho e crescimento.<br \/>\nA dupla iniciou o seu percurso em 2017, mostrando potencial logo nas competi\u00e7\u00f5es para escal\u00f5es mais jovens, como se viu com o 3.\u00ba lugar na Ta\u00e7a Continental Jovem (CEV Youth Continental Cup).<br \/>\nA sua evolu\u00e7\u00e3o foi progressiva. Em 2021, j\u00e1 exibiam maturidade com tr\u00eas p\u00f3dios (dois 2.\u00ba lugares e um 3.\u00ba) em torneios do World Tour. O ano seguinte assinalou a passagem para o Beach Pro Tour e a conquista da medalha de ouro nos Mundiais Universit\u00e1rios, no Brasil, um resultado que lhes franqueou o acesso a provas de maior calibre.<br \/>\nA partir de 2023, firmaram-se no circuito principal, alcan\u00e7ando o seu primeiro grande feito: a vit\u00f3ria no Beach Pro Tour Challenge de Edmonton, no Canad\u00e1. Em 2024, continuaram a acumular resultados de primeira linha, nomeadamente um 3.\u00ba lugar nas Finais da Ta\u00e7a das Na\u00e7\u00f5es.<br \/>\nO ano de 2025 \u00e9 o da consagra\u00e7\u00e3o, com a dupla a atingir as rondas finais dos principais torneios de forma regular. O 3.\u00ba lugar obtido recentemente no Challenge de Yucat\u00e1n, no M\u00e9xico, prova que Pedrosa e Campos est\u00e3o consistentemente a lutar pelos lugares de topo nas competi\u00e7\u00f5es mais exigentes do mundo.<br \/>\nAl\u00e9m disso, a vit\u00f3ria alcan\u00e7ada no BPT Elite16 de Jo\u00e3o Pessoa, onde superaram os noruegueses Anders Berntsen Mol e Christian Sandlie Sorum \u2014 a dupla n\u00famero um do mundo, detentora de t\u00edtulos ol\u00edmpicos e mundiais \u2014 atesta o excelente momento de forma que os tetracampe\u00f5es nacionais atravessam.<\/p>\n<p>Mais informa\u00e7\u00f5es sobre as actividades do Voleibol <a href=\"https:\/\/fpvoleibol.pt\/fpv\/fpv\/historico-de-eventos\/\">aqui<\/a>\u00a0e Hist\u00f3ria do Voleibol\u00a0<a href=\"http:\/\/www.fpvoleibol.pt\/historia\/historiavoleibol-portugal.php?\">aqui<\/a><\/p>\n<p style=\"text-align: center;\"><span style=\"background-color: #000000; color: #ffffff;\">Curr\u00edculo de\u00a0<strong><a style=\"background-color: #000000; color: #ffffff;\" href=\"https:\/\/www.fivb.com\/players\/players-database\/player\/153921\">Jo\u00e3o Pedrosa<\/a><\/strong>\u00a0e<a style=\"background-color: #000000; color: #ffffff;\" href=\"https:\/\/www.fivb.com\/players\/players-database\/player\/164474\"><strong>\u00a0Hugo Campos:<\/strong><\/a><\/span><\/p>\n<p><strong>2025<br \/>\n<a href=\"https:\/\/en.volleyballworld.com\/beachvolleyball\/competitions\/beach-pro-tour\/2025\/challenge\/veracruz-mex\/\">Beach Pro Tour Challenge Veracruz<\/a><\/strong> (M\u00e9xico) \u2013 17.\u00ba lugar.<strong><br \/>\n<\/strong><a href=\"https:\/\/en.volleyballworld.com\/beachvolleyball\/competitions\/beach-pro-tour\/2025\/elite16\/rio-de-janeiro-bra\/\"><span style=\"text-decoration: underline;\">Beach Pro Tour Elite16 Rio de Janeiro<\/span><\/a> \u2013 25.\u00ba lugar.<br \/>\n<strong><a href=\"https:\/\/en.volleyballworld.com\/beachvolleyball\/competitions\/beach-pro-tour\/2025\/elite16\/joao-pessoa-bra\/\"><span style=\"text-decoration: underline;\">Beach Pro Tour Elite16 Jo\u00e3o Pesso<\/span>a (Brasil)<\/a><\/strong> \u2013 5.\u00ba lugar.<br \/>\n<a href=\"https:\/\/fpvoleibol.pt\/fpv\/2025\/08\/17\/tetracampeoes-nacionais\/\"><strong>Circuito Nacional Voleibol de Praia<\/strong><\/a> \u2013 1.\u00ba lugar.<strong><br \/>\n<a href=\"https:\/\/en.volleyballworld.com\/beachvolleyball\/competitions\/beach-pro-tour\/2025\/challenge\/baden-aut\/schedule\/#fromDate=2025-08-03&amp;team=portugal\">Beach Pro Tour Challenge Baden<\/a> \u2013 <\/strong>9.\u00ba lugar.<br \/>\n<a href=\"https:\/\/eurobeachvolley.cev.eu\/en\/2025\/men\/\"><strong>CEV EuroBeachVolley 2025 (Dusseldorf, Alemanha)<\/strong><\/a> \u2013 17.\u00ba lugar.<strong><br \/>\n<a href=\"https:\/\/www.cev.eu\/beach\/nations-cup\/2025\/nations-cup-final\/men\/\">Finais Nations Cup 2025<\/a> \u2013<\/strong>5.\u00ba lugar.<strong><br \/>\n<\/strong><strong><a href=\"https:\/\/en.volleyballworld.com\/beachvolleyball\/competitions\/beach-pro-tour\/2025\/elite16\/gstaad-sui\/\">Beach Pro Tour Elite16 de Gstaad<\/a><\/strong> \u201319.\u00ba lugar.<strong><br \/>\n<\/strong><a href=\"https:\/\/en.volleyballworld.com\/beachvolleyball\/competitions\/beach-pro-tour\/2025\/challenge\/alanya-tur\/schedule\/#fromDate=2025-06-05\">Beach Pro Tour Challenge de Alanya<\/a> \u2013 25.\u00ba lugar.<strong><br \/>\n<\/strong><a href=\"https:\/\/en.volleyballworld.com\/beachvolleyball\/competitions\/beach-pro-tour\/2025\/elite16\/ostrava-cze\/schedule\/#fromDate=2025-05-28&amp;gender=men\">Beach<\/a><a href=\"https:\/\/en.volleyballworld.com\/beachvolleyball\/competitions\/beach-pro-tour\/2025\/elite16\/ostrava-cze\/schedule\/#fromDate=2025-05-28&amp;gender=men\"> Pro Tour Elite16 de Ostrava<\/a> \u2013 13.\u00ba lugar.<br \/>\n<a href=\"https:\/\/en.volleyballworld.com\/beachvolleyball\/competitions\/beach-pro-tour\/2025\/challenge\/xiamen-chn\/\">Beach Pro Tour Challenge de Xiamen<\/a> <strong>\u2013 <\/strong>9.\u00ba lugar.<br \/>\n<a href=\"https:\/\/en.volleyballworld.com\/beachvolleyball\/competitions\/beach-pro-tour\/2025\/elite16\/brasilia-bra\/schedule\/#fromDate=2025-04-16\">Beach Pro Tour Elite16 de Bras\u00edlia<\/a> <strong> \u2013 <\/strong>19.\u00ba lugar.<br \/>\n<a href=\"https:\/\/en.volleyballworld.com\/beachvolleyball\/competitions\/beach-pro-tour\/2025\/elite16\/saquarema-bra\/\">Beach Pro Tour Elite16 de Saquarema<\/a><strong> \u2013 <\/strong>9.\u00ba lugar.<br \/>\n<a href=\"https:\/\/en.volleyballworld.com\/beachvolleyball\/competitions\/beach-pro-tour\/2025\/challenge\/yucatan-mex\/schedule\/#fromDate=2025-03-17\">Beach Pro Tour Challenge de Yucat\u00e1n<\/a> (M\u00e9xico) \u2013 3.\u00ba lugar.<br \/>\n<strong>2024<br \/>\n<\/strong><strong><a href=\"https:\/\/en.volleyballworld.com\/beachvolleyball\/competitions\/beach-pro-tour\/2024\/challenge\/nuvali-phi\/schedule\/#fromDate=2024-12-01\">Beach Pro Tour de Nuvali<\/a> \u2013 <\/strong>13.\u00ba lugar.<br \/>\n<a href=\"https:\/\/en.volleyballworld.com\/beachvolleyball\/competitions\/beach-pro-tour\/2024\/elite16\/joao-pessoa-bra\/schedule\/#fromDate=2024-10-17\">Beach Pro Tour Elite16 Jo\u00e3o Pessoa<\/a>\u00a0(Brasil) \u2013 9.\u00ba lugar.<br \/>\n<a href=\"https:\/\/beachsports2024.fisu.net\/\">FISU World University Championship Beach Sports 2024<\/a>\u00a0(Brasil) \u2013 3.\u00ba lugar.<br \/>\n<a href=\"https:\/\/en.volleyballworld.com\/beachvolleyball\/competitions\/beach-pro-tour\/2024\/elite16\/hamburg-ger\/\">Beach Pro Tour Elite16 de Hamburgo<\/a>\u00a0(Alemanha) \u2013 13.\u00ba lugar.<br \/>\nCampeonato da Europa (Pa\u00edses Baixos)\u00a0\u2013 25.\u00ba lugar.<br \/>\nCircuito Lipton Kombucha \u2013 Final em Esmoriz\u00a0\u2013 1.\u00ba lugar.<br \/>\nFinais da Ta\u00e7a das Na\u00e7\u00f5es (Let\u00f3nia)\u00a0\u2013 3.\u00ba lugar.<br \/>\nBPT Challenge Stare Jablonki (Pol\u00f3nia) \u2013 9.\u00ba lugar.<br \/>\nBPT Elite16 Espinho\u00a0\u2013 13.\u00ba lugar.<br \/>\nPool D da Ta\u00e7a das Na\u00e7\u00f5es (Turquia)\u00a0\u2013 1.\u00ba lugar.<br \/>\nBPT Challenge Xiamen (China) \u2013 17.\u00ba lugar.<br \/>\nBPT Challenge Guadalajara (M\u00e9xico) \u2013 19.\u00ba lugar.<br \/>\nBeach Pro Tour Challenge de Recife (Brasil) \u201325.\u00ba lugar.<br \/>\nBeach Pro Tour Elite16 Doha (Catar) \u2013 21.\u00ba lugar.<br \/>\n<strong>2023<br \/>\n<\/strong><strong><a href=\"https:\/\/en.volleyballworld.com\/beachvolleyball\/competitions\/beach-pro-tour\/2023\/challenge\/nuvali-phi\/\">Beach Pro Tour de Nuvali<\/a>\u00a0\u2013 5.\u00ba lugar<br \/>\n<\/strong><a href=\"https:\/\/en.volleyballworld.com\/beachvolleyball\/competitions\/beach-pro-tour\/2023\/challenge\/chiang-mai-tha\/\">Beach Pro Tour Challenge de Chiang Mai<\/a> (Tail\u00e2ndia) \u2013 9.\u00ba lugar<strong><br \/>\n<\/strong><a href=\"https:\/\/en.volleyballworld.com\/beachvolleyball\/competitions\/beach-pro-tour\/2023\/challenge\/haikou-chn\/schedule\/\">Beach Pro Tour Challenge de Haikou<\/a> (China) \u2013 19.\u00ba lugar<br \/>\n<a href=\"https:\/\/en.volleyballworld.com\/beachvolleyball\/competitions\/beach-pro-tour\/2023\/challenge\/goa-ind\/schedule\/\">Beach Pro Tour Challenge de Goa<\/a> (\u00cdndia) \u2013 9.\u00ba lugar\u00a0<strong><br \/>\n<a href=\"https:\/\/pt.volleyballworld.com\/beachvolleyball\/competitions\/beach-volleyball-world-championships-tlaxcala-2023\/\">FIVB Beach Volleyball World Championships<\/a>\u00a0\u2013 33.\u00ba lugar<br \/>\n<\/strong><a href=\"https:\/\/en.volleyballworld.com\/beachvolleyball\/competitions\/beach-pro-tour\/2023\/elite16\/paris-fra\/schedule\/\">Beach Pro Tour Elite 16 Paris<\/a> (Fran\u00e7a) \u2013 21.\u00ba lugar<strong><br \/>\n<\/strong><a href=\"https:\/\/heraklion23.gr\/\">III Jogos do Mediterr\u00e2neo de Praia<\/a> (Gr\u00e9cia) \u2013 3.\u00ba lugar<br \/>\n<strong><a href=\"https:\/\/fpvoleibol.pt\/cnvpc2023\/\">Campeonato Nacional \u2013 Final em Portim\u00e3o<\/a>\u00a0\u2013 1.\u00ba lugar<br \/>\n<\/strong><strong><a href=\"https:\/\/en.volleyballworld.com\/beachvolleyball\/competitions\/beach-pro-tour\/2023\/challenge\/edmonton-can\/schedule\/\">Beach Pro Tour Challenge de Edmonton<\/a><\/strong> (Canad\u00e1) <strong>\u2013 1.\u00ba lugar<\/strong><strong><br \/>\n<\/strong><a href=\"https:\/\/fpvoleibol.pt\/fpv\/features\/beach-pro-tour-2023\/\">\u00a0Beach Pro Tour Challenge de Espinho<\/a>\u00a0\u2013 9.\u00ba lugar<br \/>\n<a href=\"https:\/\/en.volleyballworld.com\/beachvolleyball\/competitions\/beach-pro-tour\/2023\/challenge\/jurmala-lat\/standings\/men\/\">Beach Pro Tour Challenge Jurmala (Let\u00f3nia)<\/a>\u00a0\u2013 19.\u00ba lugar<br \/>\nTa\u00e7a das Na\u00e7\u00f5es \u2013 Pool G (Hungria) \u2013 3.\u00ba lugar<br \/>\nBeach Pro Tour Elite 16 de Uberl\u00e2ndia (Brasil) \u2013 21.\u00ba lugar<strong><br \/>\n<\/strong>Beach Pro Tour Challenge de Saquarema (Brasil) \u2013 17.\u00ba lugar<strong><br \/>\n<\/strong>Beach Pro Tour Challenge de Itapema (Brasil) \u2013 19.\u00ba lugar<br \/>\nBeach Pro Tour Challenge de La Paz \u2013 19.\u00ba lugar<br \/>\n<strong>2022<br \/>\n<\/strong>Beach Pro Tour Challenge de Torquay \u2013 4.\u00ba lugar<br \/>\nBeach Pro Tour Challenge do Dubai \u2013 9.\u00ba lugar<br \/>\nBeach Pro Tour Challenge do Dubai \u2013 9.\u00ba lugar<br \/>\n<strong>Mundiais Universit\u00e1rios de Voleibol de Praia, em Macei\u00f3\/Brasil \u2013 1.\u00ba lugar<\/strong><br \/>\nBeach Pro Tour Future de Cortega\u00e7a\/Portugal \u2013 2.\u00ba lugar<br \/>\nCampeonato Nacional \u2013 Lidl, em Cortega\u00e7a \u2013 1.\u00ba lugar<br \/>\nBeach Pro Tour Challenge de Agadir\/Marrocos \u2013 33.\u00ba lugar\u00a0<strong><br \/>\n<\/strong>Beach Pro Tour Espinho Challenge\/Portugal \u2013 19.\u00ba lugar<br \/>\nBeach Pro Tour Giardini Naxos Future\/It\u00e1lia \u2013 9.\u00ba lugar<br \/>\nBeach Pro Tour Madrid Future\/Espanha \u2013 17.\u00ba lugar<br \/>\nBeach Pro Tour Doha Challenge\/Catar \u2013 25.\u00ba lugar<br \/>\nBeach Pro Tour Itapema Challenge\/Brasil \u2013 33.\u00ba lugar<br \/>\nBeach Pro Tour Tlaxcala Challenge\/M\u00e9xico \u2013 33.\u00ba lugar<br \/>\n<strong>2021<br \/>\n<\/strong>World Tour 2* (Praga\/Rep. Checa) \u2013 21.\u00ba lugar<br \/>\nWorld Tour 1* (Cortega\u00e7a\/Portugal) \u2013 2.\u00ba lugar<strong><br \/>\n<\/strong>World Tour 1* (S\u00f3fia 2\/Bulg\u00e1ria) \u2013 2.\u00ba lugar<br \/>\nWorld Tour 1* (S\u00f3fia 1\/Bulg\u00e1ria) \u2013 3.\u00ba lugar<br \/>\nEuropeu Sub-22 (Baden\/\u00c1ustria) \u2013 9.\u00ba lugar<br \/>\nWorld Tour 4* (Ostrava\/Rep. Checa) \u2013 41.\u00ba lugar<br \/>\n<strong>2020<\/strong><br \/>\nEuropeu Sub-22 (Izmir\/Turquia) \u2013 17.\u00ba lugar<br \/>\nWorld Tour 1* (Montpellier\/Fran\u00e7a) \u2013 9.\u00ba lugar<br \/>\n<strong>2019<\/strong><br \/>\nJogos do Mediterr\u00e2neo \u2013 5.\u00ba lugar<br \/>\nWorld Tour 1* (Knokke-Heist\/B\u00e9lgica) \u2013 21.\u00ba lugar<br \/>\nWorld Tour 4* (Espinho\/Portugal) \u2013 25.\u00ba lugar<br \/>\nEuropeu Sub-20 (Gotemburgo\/Su\u00e9cia) \u2013 17.\u00ba lugar<br \/>\n<strong>2018<\/strong><br \/>\nTorneio WEVZA (Quarteira\/Portugal) \u2013 4.\u00ba lugar<br \/>\nEuropeu Sub-20 (Anapa\/R\u00fassia) \u2013 25.\u00ba lugar<br \/>\nEuropeu Sub-18 (Kazan\/R\u00fassia) \u2013 17.\u00ba lugar<br \/>\n<strong>2017<\/strong><br \/>\nCEV Youth Continental Cup \u2013 3.\u00ba lugar<\/p>\n<p style=\"text-align: center;\"><span style=\"background-color: #000000; color: #ffffff;\"><strong>\u00c1rbitros portugueses em ac\u00e7\u00e3o<br \/>\nno Voleibol de Praia<\/strong><\/span><\/p>\n<p><strong>Rui Carvalho<\/strong><br \/>\nBeach Pro Tour Elite16 Newport Beach, nos Estados Unidos da Am\u00e9rica, de 7 a 11 de Outubro.<br \/>\nBeach Pro Tour Elite16 Cape Town (\u00c1frica do Sul), de 22 a 26 de Outubro.<br \/>\nCampeonato do Mundo de Seniores, em Adelaide, na Austr\u00e1lia, de 14 a 23 de Novembro.<\/p>\n<p><strong>Maria Michelle Ferreira<\/strong><br \/>\nCampeonato do Mundo de Sub-18, em Doha, no Catar, de 7 a 11 de Outubro.<\/p>\n","protected":false},"excerpt":{"rendered":"<p>Mais um bra\u00e7o-de-ferro entre Pedrosa\/Campos e Diaz\/Alayo A dupla portuguesa Jo\u00e3o Pedrosa\/Hugo Campos conheceu hoje os seus advers\u00e1rios no Campeonato do Mundo de Voleibol de Praia FIVB 2025, a disputar [&hellip;]<\/p>\n","protected":false},"author":2,"featured_media":43374,"comment_status":"open","ping_status":"open","sticky":false,"template":"","format":"standard","meta":{"_monsterinsights_skip_tracking":false,"_monsterinsights_sitenote_active":false,"_monsterinsights_sitenote_note":"","_monsterinsights_sitenote_category":0,"footnotes":""},"categories":[13,20,9],"tags":[114],"class_list":{"0":"post-43368","1":"post","2":"type-post","3":"status-publish","4":"format-standard","5":"has-post-thumbnail","7":"category-arbitragem","8":"category-destaque","9":"category-voleibol-de-praia","10":"tag-campeonato-do-mundo-v-praia","11":"czr-hentry"},"aioseo_notices":[],"_links":{"self":[{"href":"https:\/\/fpvoleibol.pt\/fpv\/wp-json\/wp\/v2\/posts\/43368","targetHints":{"allow":["GET"]}}],"collection":[{"href":"https:\/\/fpvoleibol.pt\/fpv\/wp-json\/wp\/v2\/posts"}],"about":[{"href":"https:\/\/fpvoleibol.pt\/fpv\/wp-json\/wp\/v2\/types\/post"}],"author":[{"embeddable":true,"href":"https:\/\/fpvoleibol.pt\/fpv\/wp-json\/wp\/v2\/users\/2"}],"replies":[{"embeddable":true,"href":"https:\/\/fpvoleibol.pt\/fpv\/wp-json\/wp\/v2\/comments?post=43368"}],"version-history":[{"count":5,"href":"https:\/\/fpvoleibol.pt\/fpv\/wp-json\/wp\/v2\/posts\/43368\/revisions"}],"predecessor-version":[{"id":43448,"href":"https:\/\/fpvoleibol.pt\/fpv\/wp-json\/wp\/v2\/posts\/43368\/revisions\/43448"}],"wp:featuredmedia":[{"embeddable":true,"href":"https:\/\/fpvoleibol.pt\/fpv\/wp-json\/wp\/v2\/media\/43374"}],"wp:attachment":[{"href":"https:\/\/fpvoleibol.pt\/fpv\/wp-json\/wp\/v2\/media?parent=43368"}],"wp:term":[{"taxonomy":"category","embeddable":true,"href":"https:\/\/fpvoleibol.pt\/fpv\/wp-json\/wp\/v2\/categories?post=43368"},{"taxonomy":"post_tag","embeddable":true,"href":"https:\/\/fpvoleibol.pt\/fpv\/wp-json\/wp\/v2\/tags?post=43368"}],"curies":[{"name":"wp","href":"https:\/\/api.w.org\/{rel}","templated":true}]}}