{"id":4329,"date":"2021-04-01T15:59:43","date_gmt":"2021-04-01T14:59:43","guid":{"rendered":"https:\/\/fpvoleibol.pt\/fpv\/?p=4329"},"modified":"2021-04-05T17:58:31","modified_gmt":"2021-04-05T16:58:31","slug":"estagio-de-voleibol-de-praia-com-israel","status":"publish","type":"post","link":"https:\/\/fpvoleibol.pt\/fpv\/2021\/04\/01\/estagio-de-voleibol-de-praia-com-israel\/","title":{"rendered":"EST\u00c1GIO DE VOLEIBOL DE PRAIA COM ISRAEL"},"content":{"rendered":"<p><img loading=\"lazy\" decoding=\"async\" class=\"alignnone size-full wp-image-4331\" src=\"https:\/\/fpvoleibol.pt\/fpv\/wp-content\/uploads\/2021\/03\/vp_subs_rr.jpg\" alt=\"\" width=\"960\" height=\"643\" srcset=\"https:\/\/fpvoleibol.pt\/fpv\/wp-content\/uploads\/2021\/03\/vp_subs_rr.jpg 960w, https:\/\/fpvoleibol.pt\/fpv\/wp-content\/uploads\/2021\/03\/vp_subs_rr-300x201.jpg 300w, https:\/\/fpvoleibol.pt\/fpv\/wp-content\/uploads\/2021\/03\/vp_subs_rr-768x514.jpg 768w\" sizes=\"auto, (max-width: 960px) 100vw, 960px\" \/><\/p>\n<p>As selec\u00e7\u00f5es nacionais seniores de Voleibol de Praia v\u00e3o efectuar na pr\u00f3xima semana um est\u00e1gio com as suas cong\u00e9neres de Israel que culminar\u00e1 na realiza\u00e7\u00e3o de um torneio entre as duplas representantes dos dois pa\u00edses.<\/p>\n<p>Este <em><strong>Training Camp Volley,<\/strong><\/em> que decorrer\u00e1 no Complexo de Alto Rendimento de Voleibol de Praia (CARVP) da Federa\u00e7\u00e3o Portuguesa de Voleibol, situado em Cortega\u00e7a, no concelho de Ovar, marca o regresso das selec\u00e7\u00f5es nacionais \u00e0 competi\u00e7\u00e3o na variante de Voleibol de Praia.<\/p>\n<p>As selec\u00e7\u00f5es portuguesas de Voleibol de Praia ser\u00e3o formadas por Jo\u00e3o Pedrosa\/Hugo Campos e Beatriz Pinheiro\/In\u00eas Castro, duplas que em Setembro de 2020 disputaram o Campeonato da Europa de Sub-22 na cidade turca de Izmir (Esmirna), juntamente com o treinador Ricardo Rocha, e Guilherme Maia\/Filipe Leite.<\/p>\n<p>Ricardo Rocha, Coordenador das selec\u00e7\u00f5es, salientou a import\u00e2ncia da iniciativa:<br \/>\n&#8220;<em>And\u00e1vamos a tentar fazer um est\u00e1gio deste g\u00e9nero h\u00e1 algum tempo, mas a situa\u00e7\u00e3o pand\u00e9mica na Europa e, no caso mais espec\u00edfico, em Portugal n\u00e3o deixaram que isso acontecesse mais cedo.<\/em><br \/>\n<em>Agora, com a situa\u00e7\u00e3o a melhorar um pouco, conseguimos que Israel viesse ao nosso Pa\u00eds na pr\u00f3xima semana. Mas n\u00e3o ficaremos por aqui, pois tamb\u00e9m se avizinham outros est\u00e1gios, cujos pormenores est\u00e3o ainda por ultimar.<\/em><br \/>\n<em>Estes est\u00e1gios s\u00e3o important\u00edssimos para n\u00f3s, para o desenvolvimento dos nossos atletas, para percebermos o n\u00edvel em que estamos, em que \u00e9 que temos de nos focar mais no nosso trabalho e contribuem para melhorar mais o nosso trabalho para que a \u00e9poca que se avizinha seja preparada da melhor forma.<\/em><br \/>\n<em>Sempre que realizamos est\u00e1gios com selec\u00e7\u00f5es, mesmo que s\u00f3 tenham uma dura\u00e7\u00e3o curta, nota-se uma evolu\u00e7\u00e3o, uma diferen\u00e7a tremenda do in\u00edcio para o fim da semana, com o volume de treino, com a competi\u00e7\u00e3o nos treinos e isso \u00e9 muito importante para n\u00f3s<\/em>&#8220;.<\/p>\n","protected":false},"excerpt":{"rendered":"<p>As selec\u00e7\u00f5es nacionais seniores de Voleibol de Praia v\u00e3o efectuar na pr\u00f3xima semana um est\u00e1gio com as suas cong\u00e9neres de Israel que culminar\u00e1 na realiza\u00e7\u00e3o de um torneio entre as [&hellip;]<\/p>\n","protected":false},"author":2,"featured_media":0,"comment_status":"open","ping_status":"open","sticky":false,"template":"","format":"standard","meta":{"_monsterinsights_skip_tracking":false,"_monsterinsights_sitenote_active":false,"_monsterinsights_sitenote_note":"","_monsterinsights_sitenote_category":0,"footnotes":""},"categories":[9],"tags":[],"class_list":{"0":"post-4329","1":"post","2":"type-post","3":"status-publish","4":"format-standard","6":"category-voleibol-de-praia","7":"czr-hentry"},"aioseo_notices":[],"_links":{"self":[{"href":"https:\/\/fpvoleibol.pt\/fpv\/wp-json\/wp\/v2\/posts\/4329","targetHints":{"allow":["GET"]}}],"collection":[{"href":"https:\/\/fpvoleibol.pt\/fpv\/wp-json\/wp\/v2\/posts"}],"about":[{"href":"https:\/\/fpvoleibol.pt\/fpv\/wp-json\/wp\/v2\/types\/post"}],"author":[{"embeddable":true,"href":"https:\/\/fpvoleibol.pt\/fpv\/wp-json\/wp\/v2\/users\/2"}],"replies":[{"embeddable":true,"href":"https:\/\/fpvoleibol.pt\/fpv\/wp-json\/wp\/v2\/comments?post=4329"}],"version-history":[{"count":6,"href":"https:\/\/fpvoleibol.pt\/fpv\/wp-json\/wp\/v2\/posts\/4329\/revisions"}],"predecessor-version":[{"id":4454,"href":"https:\/\/fpvoleibol.pt\/fpv\/wp-json\/wp\/v2\/posts\/4329\/revisions\/4454"}],"wp:attachment":[{"href":"https:\/\/fpvoleibol.pt\/fpv\/wp-json\/wp\/v2\/media?parent=4329"}],"wp:term":[{"taxonomy":"category","embeddable":true,"href":"https:\/\/fpvoleibol.pt\/fpv\/wp-json\/wp\/v2\/categories?post=4329"},{"taxonomy":"post_tag","embeddable":true,"href":"https:\/\/fpvoleibol.pt\/fpv\/wp-json\/wp\/v2\/tags?post=4329"}],"curies":[{"name":"wp","href":"https:\/\/api.w.org\/{rel}","templated":true}]}}