{"id":43121,"date":"2025-09-30T16:08:01","date_gmt":"2025-09-30T15:08:01","guid":{"rendered":"https:\/\/fpvoleibol.pt\/fpv\/?p=43121"},"modified":"2025-09-30T16:08:01","modified_gmt":"2025-09-30T15:08:01","slug":"revista-o-gira-volei-14","status":"publish","type":"post","link":"https:\/\/fpvoleibol.pt\/fpv\/2025\/09\/30\/revista-o-gira-volei-14\/","title":{"rendered":"REVISTA O GIRA-VOLEI"},"content":{"rendered":"<p><img loading=\"lazy\" decoding=\"async\" class=\"size-full wp-image-43123 aligncenter\" src=\"https:\/\/fpvoleibol.pt\/fpv\/wp-content\/uploads\/2025\/09\/revista_ogiravolei_61_d.jpg\" alt=\"\" width=\"960\" height=\"570\" srcset=\"https:\/\/fpvoleibol.pt\/fpv\/wp-content\/uploads\/2025\/09\/revista_ogiravolei_61_d.jpg 960w, https:\/\/fpvoleibol.pt\/fpv\/wp-content\/uploads\/2025\/09\/revista_ogiravolei_61_d-300x178.jpg 300w, https:\/\/fpvoleibol.pt\/fpv\/wp-content\/uploads\/2025\/09\/revista_ogiravolei_61_d-768x456.jpg 768w\" sizes=\"auto, (max-width: 960px) 100vw, 960px\" \/>A <strong>Revista O Gira-Volei de Julho\/Setembro<\/strong> j\u00e1 est\u00e1 dispon\u00edvel online e, nas p\u00e1ginas 4 a 9, ficam a conhecer os vencedores dos Campeonatos Nacionais de Gira-Praia, realizados no Est\u00e1dio de Praia, em Matosinhos, Cidade Europeia do Desporto 2025.<\/p>\n<p>Nas p\u00e1ginas 10 e 11 recordamos o momento hist\u00f3rico da participa\u00e7\u00e3o da Selec\u00e7\u00e3o Nacional de Seniores Masculinos na fase final do Campeonato do Mundo 2025, nas Filipinas.<\/p>\n<p style=\"text-align: center;\">Ver mais informa\u00e7\u00f5es em <a href=\"https:\/\/giravolei.com\/revistas\/o_giravolei_61\/index.html\">https:\/\/giravolei.com\/revistas\/o_giravolei_61\/index.html<\/a><\/p>\n","protected":false},"excerpt":{"rendered":"<p>A Revista O Gira-Volei de Julho\/Setembro j\u00e1 est\u00e1 dispon\u00edvel online e, nas p\u00e1ginas 4 a 9, ficam a conhecer os vencedores dos Campeonatos Nacionais de Gira-Praia, realizados no Est\u00e1dio de [&hellip;]<\/p>\n","protected":false},"author":2,"featured_media":43122,"comment_status":"open","ping_status":"open","sticky":false,"template":"","format":"standard","meta":{"_monsterinsights_skip_tracking":false,"_monsterinsights_sitenote_active":false,"_monsterinsights_sitenote_note":"","_monsterinsights_sitenote_category":0,"footnotes":""},"categories":[16,12],"tags":[],"class_list":{"0":"post-43121","1":"post","2":"type-post","3":"status-publish","4":"format-standard","5":"has-post-thumbnail","7":"category-gira-praia","8":"category-gira-volei","9":"czr-hentry"},"aioseo_notices":[],"_links":{"self":[{"href":"https:\/\/fpvoleibol.pt\/fpv\/wp-json\/wp\/v2\/posts\/43121","targetHints":{"allow":["GET"]}}],"collection":[{"href":"https:\/\/fpvoleibol.pt\/fpv\/wp-json\/wp\/v2\/posts"}],"about":[{"href":"https:\/\/fpvoleibol.pt\/fpv\/wp-json\/wp\/v2\/types\/post"}],"author":[{"embeddable":true,"href":"https:\/\/fpvoleibol.pt\/fpv\/wp-json\/wp\/v2\/users\/2"}],"replies":[{"embeddable":true,"href":"https:\/\/fpvoleibol.pt\/fpv\/wp-json\/wp\/v2\/comments?post=43121"}],"version-history":[{"count":2,"href":"https:\/\/fpvoleibol.pt\/fpv\/wp-json\/wp\/v2\/posts\/43121\/revisions"}],"predecessor-version":[{"id":43125,"href":"https:\/\/fpvoleibol.pt\/fpv\/wp-json\/wp\/v2\/posts\/43121\/revisions\/43125"}],"wp:featuredmedia":[{"embeddable":true,"href":"https:\/\/fpvoleibol.pt\/fpv\/wp-json\/wp\/v2\/media\/43122"}],"wp:attachment":[{"href":"https:\/\/fpvoleibol.pt\/fpv\/wp-json\/wp\/v2\/media?parent=43121"}],"wp:term":[{"taxonomy":"category","embeddable":true,"href":"https:\/\/fpvoleibol.pt\/fpv\/wp-json\/wp\/v2\/categories?post=43121"},{"taxonomy":"post_tag","embeddable":true,"href":"https:\/\/fpvoleibol.pt\/fpv\/wp-json\/wp\/v2\/tags?post=43121"}],"curies":[{"name":"wp","href":"https:\/\/api.w.org\/{rel}","templated":true}]}}