{"id":42936,"date":"2025-09-22T12:38:13","date_gmt":"2025-09-22T11:38:13","guid":{"rendered":"https:\/\/fpvoleibol.pt\/fpv\/?p=42936"},"modified":"2025-09-25T17:00:50","modified_gmt":"2025-09-25T16:00:50","slug":"portugal-confirma-nivel-mundial","status":"publish","type":"post","link":"https:\/\/fpvoleibol.pt\/fpv\/2025\/09\/22\/portugal-confirma-nivel-mundial\/","title":{"rendered":"PORTUGAL CONFIRMA N\u00cdVEL MUNDIAL"},"content":{"rendered":"<p style=\"text-align: center;\"><span style=\"font-size: 10px;\"><strong><img loading=\"lazy\" decoding=\"async\" class=\"size-full wp-image-42943 aligncenter\" src=\"https:\/\/fpvoleibol.pt\/fpv\/wp-content\/uploads\/2025\/09\/SNSM_PorxBul_Mundial2025.jpg\" alt=\"\" width=\"960\" height=\"640\" srcset=\"https:\/\/fpvoleibol.pt\/fpv\/wp-content\/uploads\/2025\/09\/SNSM_PorxBul_Mundial2025.jpg 960w, https:\/\/fpvoleibol.pt\/fpv\/wp-content\/uploads\/2025\/09\/SNSM_PorxBul_Mundial2025-300x200.jpg 300w, https:\/\/fpvoleibol.pt\/fpv\/wp-content\/uploads\/2025\/09\/SNSM_PorxBul_Mundial2025-768x512.jpg 768w\" sizes=\"auto, (max-width: 960px) 100vw, 960px\" \/>Portugal classificou-se hoje entre as 16 melhores selec\u00e7\u00f5es mundiais, \u00e0 frente do poderoso Brasil e da Fran\u00e7a, actual campe\u00e3 ol\u00edmpica, o que \u00e9 motivo de justificado orgulho.<\/strong><\/span><\/p>\n<p>A\u00a0<strong>Selec\u00e7\u00e3o Nacional de Seniores Masculinos<\/strong> viu a sua caminhada no <a href=\"https:\/\/en.volleyballworld.com\/volleyball\/competitions\/men-world-championship\/schedule\/#fromDate=2025-09-12\">Campeonato do Mundo 2025<\/a>, nas Filipinas, chegar ao fim nos oitavos-de-final, depois de uma excelente presta\u00e7\u00e3o.<br \/>\nApesar do desfecho (0-3: 19-25, 23-25 e 13-25) com a Bulg\u00e1ria nos oitavos-de-final, a campanha de Portugal deve ser encarada com orgulho e optimismo, pois marca um regresso not\u00e1vel \u00e0 elite do Voleibol mundial 23 anos depois da \u00faltima presen\u00e7a. Mais informa\u00e7\u00f5es em\u00a0<a href=\"https:\/\/fpvoleibol.pt\/fpv\/competicoes\/campeonato-mundial-2025\/\">fpvoleibol.pt\/fpv\/competicoes\/campeonato-mundial-2025\/<\/a>.<\/p>\n<p>O jogo com a Bulg\u00e1ria, uma das candidatas \u00e0s medalhas, foi como se previa muito complicado. A Selec\u00e7\u00e3o B\u00falgara, com a sua maior estatura e um jogo muito forte no ataque e no bloco, controlou, na maior parte do tempo, as opera\u00e7\u00f5es. Os parciais de 25-19, 25-23 e 25-13 reflectem um jogo em que a Bulg\u00e1ria soube capitalizar a sua superioridade f\u00edsica e t\u00e9cnica.<br \/>\nApesar da consist\u00eancia da Bulg\u00e1ria, Portugal mostrou a sua fibra, especialmente no segundo set. Numa not\u00e1vel reac\u00e7\u00e3o, a equipa das quinas conseguiu inverter um resultado adverso e chegar \u00e0 igualdade, elevando o n\u00edvel de jogo.<br \/>\nComo referiu Jo\u00e3o Jos\u00e9, o Seleccionador Nacional, a equipa entrou forte, mas a Bulg\u00e1ria foi resiliente.<br \/>\n&#8220;<em>Conseguimos manter o \u00edmpeto para o segundo set, bem focados naquilo que precis\u00e1vamos de fazer e no que precis\u00e1vamos de fazer durante mais tempo<\/em>&#8220;, explicou o t\u00e9cnico, destacando que a equipa estava a fazer &#8220;<em>coisas bem<\/em>&#8220;, mas tinha de as manter por um per\u00edodo mais longo. A derrota por 25-23 neste parcial, ap\u00f3s ter chegado a estar na frente, mostrou que Portugal tinha condi\u00e7\u00f5es para lutar, mas a falta de consist\u00eancia para segurar o resultado acabou por ser decisiva e, no terceiro set, a equipa n\u00e3o conseguiu manter a intensidade.<\/p>\n<p>O b\u00falgaro <strong>Aleksandar Nikolov<\/strong>, de 21 anos e 2,07 metros de altura, foi o melhor pontuador do jogo, com 19 pontos, seguido de <strong>Louren\u00e7o Martins<\/strong>, com 10. Ver estat\u00edstica <a href=\"https:\/\/fpvoleibol.pt\/fpv\/wp-content\/uploads\/2025\/09\/PorxBul_Mund2025_est.pdf\">AQUI<\/a><\/p>\n<p>No c\u00f4mputo global, a participa\u00e7\u00e3o portuguesa deve ser vista como um ineg\u00e1vel sucesso: Portugal terminou a competi\u00e7\u00e3o entre as 16 melhores selec\u00e7\u00f5es, \u00e0 frente de pot\u00eancias na modalidade como o Brasil, a actual campe\u00e3 ol\u00edmpica, a Fran\u00e7a, a Alemanha ou Cuba. A equipa de Jo\u00e3o Jos\u00e9 defrontou tr\u00eas equipas da Liga das Na\u00e7\u00f5es, o escal\u00e3o mais alto do Voleibol, e somou triunfos importantes sobre Cuba e Col\u00f4mbia.<\/p>\n<p>Segundo o Seleccionador, o objectivo \u00e9 continuar a enfrentar advers\u00e1rios de alto n\u00edvel, como os Estados Unidos e a pr\u00f3pria Bulg\u00e1ria, para que a equipa continue a evoluir. &#8220;<em>Temos que voltar a defrontar mais Bulg\u00e1rias, mais Estados Unidos, mais Cubas, que \u00e9 para o nosso n\u00edvel melhorar<\/em>&#8220;, afirmou.<\/p>\n<p>O sucesso no Mundial n\u00e3o s\u00f3 refor\u00e7a o moral da equipa, como tamb\u00e9m tem um impacto pr\u00e1tico: ajudou a subir no ranking (<span style=\"text-decoration: underline;\">Portugal ocupa agora o 23.\u00ba posto a n\u00edvel mundial e era 29.\u00ba quando o Mundial come\u00e7ou<\/span>), o que \u00e9 crucial para garantir a presen\u00e7a em futuras competi\u00e7\u00f5es internacionais, como o Mundial de 2027.<br \/>\nO percurso nas Filipinas n\u00e3o \u00e9 fruto do acaso, mas sim de um planeamento de longo prazo. Agora, o foco passa a ser o Europeu de 2026, visto como uma nova oportunidade para a Selec\u00e7\u00e3o Nacional continuar o seu crescimento.<\/p>\n<p>A derrota nos oitavos-de-final n\u00e3o ofusca sequer a excelente presta\u00e7\u00e3o de Portugal. O caminho est\u00e1 tra\u00e7ado, e a equipa, com a sua garra e ambi\u00e7\u00e3o, mostrou que pertence aos palcos internacionais do Voleibol.<\/p>\n<p style=\"text-align: center;\"><span style=\"background-color: #000000; color: #ffffff;\">Declara\u00e7\u00f5es dos intervenientes<\/span><\/p>\n<p><span style=\"text-decoration: underline;\"><strong>Jo\u00e3o Jos\u00e9, Selecionador Nacional de Voleibol:<\/strong><\/span><\/p>\n<p>\u201c<em>Foi uma partida dif\u00edcil em todos os aspectos, quer emocional, quer fisicamente. Conseguimos entrar fortes no jogo. <\/em><em>A Bulg\u00e1ria respondeu bem, conseguiu manter ao longo desse set. N\u00f3s acabamos por quebrar ali no meio do set e depois ficou dif\u00edcil de recuperar. Mas conseguimos manter o \u00edmpeto para o segundo set, bem focados naquilo que precis\u00e1vamos de fazer e que precis\u00e1vamos de fazer durante mais tempo.<\/em><br \/>\n<em>Basicamente, est\u00e1vamos a fazer coisas bem, mas t\u00ednhamos que manter essas coisas durante mais tempo. Foi o que conseguimos fazer no segundo set, que acabou por quebrar um bocadinho ali no final, e \u00e9 que eles acabaram por fechar. No terceiro set, n\u00e3o conseguimos entrar fortes e ca\u00edmos um pouco pelo facto de n\u00e3o termos conseguido segurar o segundo set. Depois, acab\u00e1mos por colapsar e seguiu da forma natural at\u00e9 ao final.<\/em><br \/>\n<em>\u00c9 verdade que h\u00e1 timings, momentos, mas tentamos n\u00e3o pensar nisso e agarrar-nos \u00e0quilo que precisamos de melhorar, ou seja, n\u00f3s temos \u00e9 que querer estar aqui novamente. Temos \u00e9 que voltar a defrontar mais Bulg\u00e1rias, mais Estados Unidos, mais Cubas, que \u00e9 para o nosso n\u00edvel melhorar, ou seja, temos que defront\u00e1-los mais vezes, para podermos tamb\u00e9m ser melhores.<\/em><br \/>\n<em>Ambicionar voltar aqui novamente, \u00e9 extremamente dif\u00edcil, ainda por cima agora que acabaram as qualifica\u00e7\u00f5es, \u00e9 tudo por ranking, que significa que temos que conseguir fazer as coisas bem durante muito mais tempo. Temos que continuar a pensar, continuar a planear, ou seja, o chegarmos aqui a este Mundial j\u00e1 \u00e9 algo que a gente tem vindo a planear, ou seja, n\u00e3o come\u00e7ou este ano, ou o ano passado, \u00e9 algo que temos vindo a construir, sabemos que precis\u00e1vamos subir o ranking para aqui estar, foi isso que tivemos a procurar durante este tempo, e agora \u00e9 manter e tentar perceber aquilo que fizemos bem, aquilo que precisamos melhorar para voltar aqui a estar, aproveitar o pr\u00f3ximo Europeu, em 2026. \u00c9 uma oportunidade<\/em>.\u201d<\/p>\n<p><span style=\"text-decoration: underline;\"><strong><img loading=\"lazy\" decoding=\"async\" class=\" wp-image-42939 alignleft\" src=\"https:\/\/fpvoleibol.pt\/fpv\/wp-content\/uploads\/2025\/09\/alex_mundial_porxbul.jpg\" alt=\"\" width=\"299\" height=\"203\" srcset=\"https:\/\/fpvoleibol.pt\/fpv\/wp-content\/uploads\/2025\/09\/alex_mundial_porxbul.jpg 960w, https:\/\/fpvoleibol.pt\/fpv\/wp-content\/uploads\/2025\/09\/alex_mundial_porxbul-300x204.jpg 300w, https:\/\/fpvoleibol.pt\/fpv\/wp-content\/uploads\/2025\/09\/alex_mundial_porxbul-768x522.jpg 768w\" sizes=\"auto, (max-width: 299px) 100vw, 299px\" \/>Alexandre Ferreira, capit\u00e3o da Selec\u00e7\u00e3o<\/strong><\/span>, apenas p\u00f4de jogar hoje, e ainda muito condicionado, depois de uma les\u00e3o num ombro que dura h\u00e1 mais de tr\u00eas semanas.<\/p>\n<p>\u201c<em>\u00c9 um bocado dif\u00edcil. \u00c9 um misto de emo\u00e7\u00f5es. O facto de n\u00e3o poder contribuir mais com a minha presen\u00e7a dentro de campo para a equipa deixa-me um bocado triste, n\u00e3o vou negar. Tentei ajudar o m\u00e1ximo da parte de fora. Obviamente, \u00e9 um Campeonato do Mundo, estamos no topo do topo. Acho que \u00e9 o palco mais alto que n\u00f3s podemos estar.<\/em><br \/>\n<em>E o facto de termos um salto positivo, ajudou-nos a subir no ranking. D\u00e1-nos a possibilidade de nos mantermos aqui e termos uma presen\u00e7a no pr\u00f3ximo Mundial. \u00c9 nisso que temos de nos focar e acho que isso nos d\u00e1 m\u00e9rito.<\/em><br \/>\n<em>Em rela\u00e7\u00e3o ao jogo de hoje, temos de dar m\u00e9rito \u00e0 Bulg\u00e1ria. Eles s\u00e3o, obviamente, muito mais fortes. \u00c9 um jogo onde eles serviram muito, muito forte, e acab\u00e1mos por quebrar no terceiro set. Se calhar, poderia ter havido uma din\u00e2mica diferente, se tiv\u00e9ssemos ganho o segundo set. Mas a Bulg\u00e1ria \u00e9 uma sele\u00e7\u00e3o que est\u00e1 habituada a jogar este n\u00edvel, habituada a esta press\u00e3o. E depois, obviamente, h\u00e1 a parte f\u00edsica. <\/em><em>O poder f\u00edsico deles \u00e9 muito superior ao nosso. Portanto, h\u00e1 que dar m\u00e9rito ao advers\u00e1rio<\/em>\u201d.<\/p>\n<p style=\"text-align: center;\"><span style=\"background-color: #000000; color: #ffffff;\"><strong><img loading=\"lazy\" decoding=\"async\" class=\"size-full wp-image-42942 aligncenter\" src=\"https:\/\/fpvoleibol.pt\/fpv\/wp-content\/uploads\/2025\/09\/SNSM_PorxBul_Mundial2025_d2.jpg\" alt=\"\" width=\"960\" height=\"640\" srcset=\"https:\/\/fpvoleibol.pt\/fpv\/wp-content\/uploads\/2025\/09\/SNSM_PorxBul_Mundial2025_d2.jpg 960w, https:\/\/fpvoleibol.pt\/fpv\/wp-content\/uploads\/2025\/09\/SNSM_PorxBul_Mundial2025_d2-300x200.jpg 300w, https:\/\/fpvoleibol.pt\/fpv\/wp-content\/uploads\/2025\/09\/SNSM_PorxBul_Mundial2025_d2-768x512.jpg 768w\" sizes=\"auto, (max-width: 960px) 100vw, 960px\" \/>PORTUGAL<\/strong><\/span><\/p>\n<p style=\"text-align: center;\"><span style=\"background-color: #000000; color: #ffffff;\">Equipa t\u00e9cnica<\/span><\/p>\n<p style=\"text-align: center;\"><strong>Chefe de Delega\u00e7\u00e3o \/ <\/strong><strong>Team Manager \u2013 <\/strong>M\u00e1rio Oliveira<strong><br \/>\nTreinador Principal<\/strong> \u2013 Jo\u00e3o Jos\u00e9<br \/>\n<strong>Treinador Adjunto<\/strong> \u2013 Manuel Silva<br \/>\n<strong>Treinador Adjunto<\/strong> \u2013 Ricardo Lemos<br \/>\n<strong>M\u00e9dico<\/strong> \u2013 Ricardo Aido<br \/>\n<strong>Preparador F\u00edsico<\/strong> \u2013 Jo\u00e3o Fidalgo<br \/>\n<strong>Fisioterapeuta<\/strong> \u2013 H\u00e9lder Vasco<br \/>\n<strong>Imprensa<\/strong> \u2013 Murilo Augusto<\/p>\n<p style=\"text-align: center;\"><span style=\"background-color: #000000; color: #ffffff;\">Atletas convocados*<\/span><\/p>\n<p style=\"text-align: center;\"><b>Cast\u00ealo da Maia GC<\/b><br \/>\nGuilherme Menezes<\/p>\n<p style=\"text-align: center;\"><b>Leix\u00f5es SC<\/b><br \/>\nAndr\u00e9 Pereira<br \/>\nRafael Santos<\/p>\n<p style=\"text-align: center;\"><b>SL Benfica<\/b><br \/>\nTiago Violas<br \/>\nIvo Casas<\/p>\n<p style=\"text-align: center;\"><b>Sporting CP<\/b><br \/>\nGon\u00e7alo Sousa<br \/>\nKelton Tavares<\/p>\n<p style=\"text-align: center;\"><b>CV San Roque Bat\u00e1n (Espanha)<\/b><br \/>\nJos\u00e9 Pinto<\/p>\n<p style=\"text-align: center;\"><b>Nice Volley-Ball (Fran\u00e7a)<\/b><br \/>\nBruno Dias<\/p>\n<p style=\"text-align: center;\"><b>St. Nazaire VB Atlantique (Fran\u00e7a)<\/b><br \/>\nLouren\u00e7o Martins<\/p>\n<p style=\"text-align: center;\"><b>Tokyo Great Bears (Jap\u00e3o)<\/b><br \/>\nAlexandre Ferreira<\/p>\n<p style=\"text-align: center;\"><b>Nova Technology Lycurgus BV (P. Baixos)<\/b><br \/>\nNuno Marques<\/p>\n<p style=\"text-align: center;\"><b>Aluron Warta Zawiercie (Pol\u00f3nia)<\/b><br \/>\nMiguel Tavares Rodrigues<\/p>\n<p style=\"text-align: center;\"><b>SC Municipal Zalau (Rom\u00e9nia)<\/b><br \/>\nFilip Cveticanin<br \/>\n<span style=\"text-decoration: underline;\"><span style=\"font-size: 12px;\"><strong>*Clube em 2024\/2025<\/strong><\/span><\/span><\/p>\n<p>O Campeonato do Mundo de 2025, que se realiza entre 12 e 28 de Setembro, tem transmiss\u00e3o na RTP.<br \/>\nOs jogos da Selec\u00e7\u00e3o Nacional, as meias-finais e a final ser\u00e3o transmitidos na <strong>RTP 2<\/strong>, enquanto os restantes jogos podem ser vistos na <strong>RTP Play<\/strong>.<\/p>\n<p>Mais informa\u00e7\u00f5es em <a href=\"https:\/\/fpvoleibol.pt\/fpv\/competicoes\/campeonato-mundial-2025\/\">fpvoleibol.pt\/fpv\/competicoes\/campeonato-mundial-2025\/<\/a><\/p>\n<p style=\"text-align: center;\"><span style=\"text-decoration: underline;\"><strong><img loading=\"lazy\" decoding=\"async\" class=\"size-full wp-image-42941 aligncenter\" src=\"https:\/\/fpvoleibol.pt\/fpv\/wp-content\/uploads\/2025\/09\/Lourenco_M2025_d.jpg\" alt=\"\" width=\"960\" height=\"640\" srcset=\"https:\/\/fpvoleibol.pt\/fpv\/wp-content\/uploads\/2025\/09\/Lourenco_M2025_d.jpg 960w, https:\/\/fpvoleibol.pt\/fpv\/wp-content\/uploads\/2025\/09\/Lourenco_M2025_d-300x200.jpg 300w, https:\/\/fpvoleibol.pt\/fpv\/wp-content\/uploads\/2025\/09\/Lourenco_M2025_d-768x512.jpg 768w\" sizes=\"auto, (max-width: 960px) 100vw, 960px\" \/><\/strong><\/span><\/p>\n<p style=\"text-align: center;\"><strong>Resultados dos <a href=\"https:\/\/en.volleyballworld.com\/volleyball\/competitions\/men-world-championship\/standings\/#round-elb\">oitavos-de-final<\/a><\/strong><\/p>\n<p><strong>Dia 20 de Setembro (s\u00e1bado)<br \/>\n<\/strong>Turquia x Pa\u00edses Baixos, 3-1<br \/>\nPol\u00f3nia x Canad\u00e1, 3-1<\/p>\n<p><strong>Dia 21 de Setembro (domingo)<\/strong><br \/>\nArgentina x It\u00e1lia, 0-3<br \/>\nB\u00e9lgica x Finl\u00e2ndia, 3-0<\/p>\n<p><strong>Dia 22 de Setembro (segunda-feira)<\/strong><br \/>\nBulg\u00e1ria x Portugal, 3-0<br \/>\n13h00 &#8211; Estados Unidos x Eslov\u00e9nia<\/p>\n<p><strong>Dia 23 de Setembro (ter\u00e7a-feira)<\/strong><br \/>\n08h30 &#8211; Tun\u00edsia x Rep\u00fablica Checa<br \/>\n13h00 &#8211; S\u00e9rvia x Ir\u00e3o<\/p>\n<p>O Campeonato do Mundo de 2025 realiza-se entre 12 e 28 de Setembro e tem transmiss\u00e3o na RTP.<br \/>\nOs jogos da Selec\u00e7\u00e3o Nacional, as meias-finais e a final ser\u00e3o transmitidos na <strong>RTP 2<\/strong>, enquanto os restantes jogos podem ser vistos na <strong>RTP Play<\/strong>.<\/p>\n","protected":false},"excerpt":{"rendered":"<p>Portugal classificou-se hoje entre as 16 melhores selec\u00e7\u00f5es mundiais, \u00e0 frente do poderoso Brasil e da Fran\u00e7a, actual campe\u00e3 ol\u00edmpica, o que \u00e9 motivo de justificado orgulho. A\u00a0Selec\u00e7\u00e3o Nacional de [&hellip;]<\/p>\n","protected":false},"author":2,"featured_media":42940,"comment_status":"open","ping_status":"open","sticky":false,"template":"","format":"standard","meta":{"_monsterinsights_skip_tracking":false,"_monsterinsights_sitenote_active":false,"_monsterinsights_sitenote_note":"","_monsterinsights_sitenote_category":0,"footnotes":""},"categories":[13,8],"tags":[147,179],"class_list":{"0":"post-42936","1":"post","2":"type-post","3":"status-publish","4":"format-standard","5":"has-post-thumbnail","7":"category-arbitragem","8":"category-voleibol","9":"tag-campeonato-do-mundo","10":"tag-mundial2025m","11":"czr-hentry"},"aioseo_notices":[],"_links":{"self":[{"href":"https:\/\/fpvoleibol.pt\/fpv\/wp-json\/wp\/v2\/posts\/42936","targetHints":{"allow":["GET"]}}],"collection":[{"href":"https:\/\/fpvoleibol.pt\/fpv\/wp-json\/wp\/v2\/posts"}],"about":[{"href":"https:\/\/fpvoleibol.pt\/fpv\/wp-json\/wp\/v2\/types\/post"}],"author":[{"embeddable":true,"href":"https:\/\/fpvoleibol.pt\/fpv\/wp-json\/wp\/v2\/users\/2"}],"replies":[{"embeddable":true,"href":"https:\/\/fpvoleibol.pt\/fpv\/wp-json\/wp\/v2\/comments?post=42936"}],"version-history":[{"count":5,"href":"https:\/\/fpvoleibol.pt\/fpv\/wp-json\/wp\/v2\/posts\/42936\/revisions"}],"predecessor-version":[{"id":42947,"href":"https:\/\/fpvoleibol.pt\/fpv\/wp-json\/wp\/v2\/posts\/42936\/revisions\/42947"}],"wp:featuredmedia":[{"embeddable":true,"href":"https:\/\/fpvoleibol.pt\/fpv\/wp-json\/wp\/v2\/media\/42940"}],"wp:attachment":[{"href":"https:\/\/fpvoleibol.pt\/fpv\/wp-json\/wp\/v2\/media?parent=42936"}],"wp:term":[{"taxonomy":"category","embeddable":true,"href":"https:\/\/fpvoleibol.pt\/fpv\/wp-json\/wp\/v2\/categories?post=42936"},{"taxonomy":"post_tag","embeddable":true,"href":"https:\/\/fpvoleibol.pt\/fpv\/wp-json\/wp\/v2\/tags?post=42936"}],"curies":[{"name":"wp","href":"https:\/\/api.w.org\/{rel}","templated":true}]}}