{"id":42912,"date":"2025-09-20T18:11:52","date_gmt":"2025-09-20T17:11:52","guid":{"rendered":"https:\/\/fpvoleibol.pt\/fpv\/?p=42912"},"modified":"2025-09-20T18:13:05","modified_gmt":"2025-09-20T17:13:05","slug":"voleibol-de-luto-10","status":"publish","type":"post","link":"https:\/\/fpvoleibol.pt\/fpv\/2025\/09\/20\/voleibol-de-luto-10\/","title":{"rendered":"VOLEIBOL DE LUTO"},"content":{"rendered":"<p><img loading=\"lazy\" decoding=\"async\" class=\"size-full wp-image-42913 aligncenter\" src=\"https:\/\/fpvoleibol.pt\/fpv\/wp-content\/uploads\/2025\/09\/ricardomadeira_d.jpg\" alt=\"\" width=\"960\" height=\"603\" srcset=\"https:\/\/fpvoleibol.pt\/fpv\/wp-content\/uploads\/2025\/09\/ricardomadeira_d.jpg 960w, https:\/\/fpvoleibol.pt\/fpv\/wp-content\/uploads\/2025\/09\/ricardomadeira_d-300x188.jpg 300w, https:\/\/fpvoleibol.pt\/fpv\/wp-content\/uploads\/2025\/09\/ricardomadeira_d-768x482.jpg 768w\" sizes=\"auto, (max-width: 960px) 100vw, 960px\" \/>\u00c9 com profundo pesar que a Federa\u00e7\u00e3o Portuguesa de Voleibol (FPV) recebe a not\u00edcia do falecimento de Ricardo Madeira, \u00e1rbitro da Associa\u00e7\u00e3o de Voleibol de Lisboa.<\/p>\n<p>Nascido em 1997 e Engenheiro Inform\u00e1tico de forma\u00e7\u00e3o, Ricardo Madeira juntou-se \u00e0 fam\u00edlia da arbitragem em Maio de 2021 e arbitrou dezenas de jogos a n\u00edvel regional e nacional, de escal\u00f5es de forma\u00e7\u00e3o a seniores, tendo participado ainda em competi\u00e7\u00f5es da ADESL e em torneios particulares, como a Summer Cup.<br \/>\n&#8220;<em>A sua energia positiva e alegria faziam dele um verdadeiro exemplo para os seus pares<\/em>&#8220;, referiu a Associa\u00e7\u00e3o Nacional de \u00c1rbitros de Voleibol.<\/p>\n<p>Neste momento de dor, a FPV envia as mais sinceras condol\u00eancias \u00e0 sua fam\u00edlia, amigos e a toda a comunidade do Voleibol que conheceu Ricardo Madeira.<\/p>\n","protected":false},"excerpt":{"rendered":"<p>\u00c9 com profundo pesar que a Federa\u00e7\u00e3o Portuguesa de Voleibol (FPV) recebe a not\u00edcia do falecimento de Ricardo Madeira, \u00e1rbitro da Associa\u00e7\u00e3o de Voleibol de Lisboa. Nascido em 1997 e [&hellip;]<\/p>\n","protected":false},"author":2,"featured_media":42914,"comment_status":"open","ping_status":"open","sticky":false,"template":"","format":"standard","meta":{"_monsterinsights_skip_tracking":false,"_monsterinsights_sitenote_active":false,"_monsterinsights_sitenote_note":"","_monsterinsights_sitenote_category":0,"footnotes":""},"categories":[13,15],"tags":[],"class_list":{"0":"post-42912","1":"post","2":"type-post","3":"status-publish","4":"format-standard","5":"has-post-thumbnail","7":"category-arbitragem","8":"category-diversos","9":"czr-hentry"},"aioseo_notices":[],"_links":{"self":[{"href":"https:\/\/fpvoleibol.pt\/fpv\/wp-json\/wp\/v2\/posts\/42912","targetHints":{"allow":["GET"]}}],"collection":[{"href":"https:\/\/fpvoleibol.pt\/fpv\/wp-json\/wp\/v2\/posts"}],"about":[{"href":"https:\/\/fpvoleibol.pt\/fpv\/wp-json\/wp\/v2\/types\/post"}],"author":[{"embeddable":true,"href":"https:\/\/fpvoleibol.pt\/fpv\/wp-json\/wp\/v2\/users\/2"}],"replies":[{"embeddable":true,"href":"https:\/\/fpvoleibol.pt\/fpv\/wp-json\/wp\/v2\/comments?post=42912"}],"version-history":[{"count":2,"href":"https:\/\/fpvoleibol.pt\/fpv\/wp-json\/wp\/v2\/posts\/42912\/revisions"}],"predecessor-version":[{"id":42916,"href":"https:\/\/fpvoleibol.pt\/fpv\/wp-json\/wp\/v2\/posts\/42912\/revisions\/42916"}],"wp:featuredmedia":[{"embeddable":true,"href":"https:\/\/fpvoleibol.pt\/fpv\/wp-json\/wp\/v2\/media\/42914"}],"wp:attachment":[{"href":"https:\/\/fpvoleibol.pt\/fpv\/wp-json\/wp\/v2\/media?parent=42912"}],"wp:term":[{"taxonomy":"category","embeddable":true,"href":"https:\/\/fpvoleibol.pt\/fpv\/wp-json\/wp\/v2\/categories?post=42912"},{"taxonomy":"post_tag","embeddable":true,"href":"https:\/\/fpvoleibol.pt\/fpv\/wp-json\/wp\/v2\/tags?post=42912"}],"curies":[{"name":"wp","href":"https:\/\/api.w.org\/{rel}","templated":true}]}}