{"id":42857,"date":"2025-09-18T21:12:40","date_gmt":"2025-09-18T20:12:40","guid":{"rendered":"https:\/\/fpvoleibol.pt\/fpv\/?p=42857"},"modified":"2025-10-02T11:28:12","modified_gmt":"2025-10-02T10:28:12","slug":"pedrosa-e-campos-imparaveis-no-brasil","status":"publish","type":"post","link":"https:\/\/fpvoleibol.pt\/fpv\/2025\/09\/18\/pedrosa-e-campos-imparaveis-no-brasil\/","title":{"rendered":"PEDROSA E CAMPOS IMPAR\u00c1VEIS NO BRASIL"},"content":{"rendered":"<p><img loading=\"lazy\" decoding=\"async\" class=\"size-full wp-image-42878 aligncenter\" src=\"https:\/\/fpvoleibol.pt\/fpv\/wp-content\/uploads\/2025\/09\/Campos_joaoPessoa_d.jpg\" alt=\"\" width=\"960\" height=\"640\" srcset=\"https:\/\/fpvoleibol.pt\/fpv\/wp-content\/uploads\/2025\/09\/Campos_joaoPessoa_d.jpg 960w, https:\/\/fpvoleibol.pt\/fpv\/wp-content\/uploads\/2025\/09\/Campos_joaoPessoa_d-300x200.jpg 300w, https:\/\/fpvoleibol.pt\/fpv\/wp-content\/uploads\/2025\/09\/Campos_joaoPessoa_d-768x512.jpg 768w\" sizes=\"auto, (max-width: 960px) 100vw, 960px\" \/>A dupla portuguesa <strong>Jo\u00e3o Pedrosa\/Hugo Campos<\/strong> garantiu hoje a qualifica\u00e7\u00e3o para a fase eliminat\u00f3ria \u2013 vai disputar, no s\u00e1bado, a Ronda das 12 Equipas e o seu advers\u00e1rio sair\u00e1 do jogo Mol, H.\/Berntsen (Noruega) x Evandro\/Arthur Lanci (Brasil), a disputar amanh\u00e3 (21h00) \u2013 do <a href=\"https:\/\/en.volleyballworld.com\/beachvolleyball\/competitions\/beach-pro-tour\/2025\/elite16\/joao-pessoa-bra\/\"><span style=\"text-decoration: underline;\">Beach Pro Tour Elite16 Jo\u00e3o Pesso<\/span>a<\/a>, no Brasil, com um desempenho impec\u00e1vel. Ao vencerem a Pool A do Quadro Principal de forma invicta, os tetracampe\u00f5es nacionais confirmaram o seu estatuto e a sua ascens\u00e3o no circuito mundial.<\/p>\n<p>O apuramento foi selado com um triunfo contundente sobre os norte-americanos Miles Evans e Chase Budinger, por 2-0 (21-17 e 21-12). O jogo, que decidia a lideran\u00e7a do grupo, foi uma esp\u00e9cie de <em>tira-teimas<\/em>\u00a0entre as duas duplas, que nos \u00faltimos quatro confrontos tinham registado duas vit\u00f3rias para cada lado. Desta vez, a supremacia foi claramente lusa.<\/p>\n<p>A campanha de Pedrosa e Campos no Brasil tem sido not\u00e1vel. Come\u00e7aram o torneio com uma vit\u00f3ria suada, mas crucial, sobre os su\u00ed\u00e7os Adrian Heidrich e Jonathan Jordan por 2-1, garantindo a qualifica\u00e7\u00e3o para o Quadro Principal. No entanto, o momento mais marcante aconteceu no jogo seguinte, com um triunfo surpreendente sobre os noruegueses Anders Berntsen Mol e Christian Sandlie Sorum, a dupla n\u00famero um do mundo e vencedora de t\u00edtulos ol\u00edmpicos e mundiais. Foi a desforra perfeita para a derrota sofrida em Julho na Liga das Na\u00e7\u00f5es.<\/p>\n<p>Com tr\u00eas vit\u00f3rias em tr\u00eas jogos, a dupla portuguesa de mant\u00e9m-se como uma das grandes surpresas e promessas do torneio, e agora prepara-se para os desafios da fase a eliminar com a confian\u00e7a em alta.<\/p>\n<p>A dupla n\u00e3o podia estar mais satisfeita com o seu desempenho, como referiu <strong>Jo\u00e3o Pedrosa<\/strong>:<br \/>\n&#8220;<em>Estamos muito contentes com a vit\u00f3ria e com o desempenho nestes \u00faltimos tr\u00eas jogos. Conseguimos tr\u00eas vit\u00f3rias em tr\u00eas jogos e, em duas delas, a decis\u00e3o foi no tie-break, a 17-15. Isso mostra o qu\u00e3o competitivo \u00e9 este n\u00edvel, a diferen\u00e7a entre as equipas \u00e9 m\u00ednima. \u00c0s vezes, o que define os jogos \u00e9 o melhor momento de uma equipa. Felizmente, conseguimos ultrapassar esses momentos e aproveitar cada ponto. Estamos numa boa fase e vamos deixar-nos levar por isso.<\/em><br \/>\n<em>\u00c9 a primeira vez que conseguimos ganhar a Pool e ficar em primeiro na fase de grupos, o que nos deixa muito felizes. Agora vamos esperar para saber qual ser\u00e1 o nosso advers\u00e1rio.<\/em><br \/>\n<em>Vamos aproveitar o dia de descanso que temos amanh\u00e3 para recuperar bem e estarmos em boas condi\u00e7\u00f5es f\u00edsicas para o pr\u00f3ximo jogo. \u00c9 isso: vamos com tudo!<\/em>&#8221;<\/p>\n<p>A dupla lusa alcan\u00e7ou, em 2024, um excelente <a href=\"https:\/\/fpvoleibol.pt\/fpv\/2024\/10\/19\/pedrosa-campos-9-o-lugar-no-elite16-joao-pessoa\/\">9.\u00ba lugar<\/a> neste mesmo torneio, o que lhe valeu 600 pontos para o ranking mundial e um pr\u00e9mio de 6.000 d\u00f3lares.<\/p>\n<p>O percurso de Pedrosa e Campos \u00e9 um exemplo de dedica\u00e7\u00e3o e evolu\u00e7\u00e3o no Voleibol de Praia.<br \/>\nA dupla come\u00e7ou a sua traject\u00f3ria em 2017, com resultados promissores em competi\u00e7\u00f5es mais jovens, como o 3.\u00ba lugar na CEV Youth Continental Cup.<br \/>\nA sua ascens\u00e3o foi gradual. Em 2021, j\u00e1 davam sinais de maturidade com dois 2.\u00ba lugares e um 3.\u00ba lugar em torneios do World Tour. O ano seguinte marcou a transi\u00e7\u00e3o para o Beach Pro Tour e a conquista do 1.\u00ba lugar nos Mundiais Universit\u00e1rios no Brasil, um resultado que abriu portas para torneios de maior exig\u00eancia.<br \/>\nA partir de 2023, consolidaram-se no circuito principal, destacando-se a vit\u00f3ria no Beach Pro Tour Challenge de Edmonton, no Canad\u00e1, a sua primeira grande conquista. Em 2024, continuaram a somar resultados de topo, incluindo um 3.\u00ba lugar nas Finais da Ta\u00e7a das Na\u00e7\u00f5es.<br \/>\nO ano de 2025 tem sido particularmente not\u00e1vel, com a dupla a alcan\u00e7ar regularmente as fases finais em torneios de topo. O recente 3.\u00ba lugar no Challenge de Yucat\u00e1n, no M\u00e9xico, demonstra que Pedrosa e Campos est\u00e3o consistentemente a disputar os lugares cimeiros nas competi\u00e7\u00f5es mais exigentes do mundo<\/p>\n<p>Mais informa\u00e7\u00f5es sobre as actividades do Voleibol em 2024\u00a0<a href=\"https:\/\/fpvoleibol.pt\/fpv\/fpv\/historico-de-eventos\/\">aqui<\/a>\u00a0e Hist\u00f3ria do Voleibol\u00a0<a href=\"http:\/\/www.fpvoleibol.pt\/historia\/historiavoleibol-portugal.php?\">aqui<\/a><\/p>\n<p style=\"text-align: center;\"><span style=\"background-color: #000000; color: #ffffff;\">Curr\u00edculo de\u00a0<strong><a style=\"background-color: #000000; color: #ffffff;\" href=\"https:\/\/www.fivb.com\/players\/players-database\/player\/153921\">Jo\u00e3o Pedrosa<\/a><\/strong>\u00a0e<a style=\"background-color: #000000; color: #ffffff;\" href=\"https:\/\/www.fivb.com\/players\/players-database\/player\/164474\"><strong>\u00a0Hugo Campos:<\/strong><\/a><\/span><\/p>\n<p><strong>2025<br \/>\n<a href=\"https:\/\/fpvoleibol.pt\/fpv\/2025\/08\/17\/tetracampeoes-nacionais\/\">Circuito Nacional Voleibol de Praia<\/a><\/strong> \u2013 1.\u00ba lugar.<strong><br \/>\n<a href=\"https:\/\/en.volleyballworld.com\/beachvolleyball\/competitions\/beach-pro-tour\/2025\/challenge\/baden-aut\/schedule\/#fromDate=2025-08-03&amp;team=portugal\">Beach Pro Tour Challenge Baden<\/a> \u2013 <\/strong>9.\u00ba lugar.<br \/>\n<a href=\"https:\/\/eurobeachvolley.cev.eu\/en\/2025\/men\/\"><strong>CEV EuroBeachVolley 2025 (Dusseldorf, Alemanha)<\/strong><\/a> \u2013 17.\u00ba lugar.<strong><br \/>\n<a href=\"https:\/\/www.cev.eu\/beach\/nations-cup\/2025\/nations-cup-final\/men\/\">Finais Nations Cup 2025<\/a> \u2013<\/strong>5.\u00ba lugar.<strong><br \/>\n<\/strong><strong><a href=\"https:\/\/en.volleyballworld.com\/beachvolleyball\/competitions\/beach-pro-tour\/2025\/elite16\/gstaad-sui\/\">Beach Pro Tour Elite16 de Gstaad<\/a><\/strong> \u201319.\u00ba lugar.<strong><br \/>\n<\/strong><a href=\"https:\/\/en.volleyballworld.com\/beachvolleyball\/competitions\/beach-pro-tour\/2025\/challenge\/alanya-tur\/schedule\/#fromDate=2025-06-05\">Beach Pro Tour Challenge de Alanya<\/a> \u2013 25.\u00ba lugar.<strong><br \/>\n<\/strong><a href=\"https:\/\/en.volleyballworld.com\/beachvolleyball\/competitions\/beach-pro-tour\/2025\/elite16\/ostrava-cze\/schedule\/#fromDate=2025-05-28&amp;gender=men\">Beach<\/a><a href=\"https:\/\/en.volleyballworld.com\/beachvolleyball\/competitions\/beach-pro-tour\/2025\/elite16\/ostrava-cze\/schedule\/#fromDate=2025-05-28&amp;gender=men\"> Pro Tour Elite16 de Ostrava<\/a> \u2013 13.\u00ba lugar.<br \/>\n<a href=\"https:\/\/en.volleyballworld.com\/beachvolleyball\/competitions\/beach-pro-tour\/2025\/challenge\/xiamen-chn\/\">Beach Pro Tour Challenge de Xiamen<\/a> <strong>\u2013 <\/strong>9.\u00ba lugar.<br \/>\n<a href=\"https:\/\/en.volleyballworld.com\/beachvolleyball\/competitions\/beach-pro-tour\/2025\/elite16\/brasilia-bra\/schedule\/#fromDate=2025-04-16\">Beach Pro Tour Elite16 de Bras\u00edlia<\/a> <strong> \u2013 <\/strong>19.\u00ba lugar.<br \/>\n<a href=\"https:\/\/en.volleyballworld.com\/beachvolleyball\/competitions\/beach-pro-tour\/2025\/elite16\/saquarema-bra\/\">Beach Pro Tour Elite16 de Saquarema<\/a><strong> \u2013 <\/strong>9.\u00ba lugar.<br \/>\n<a href=\"https:\/\/en.volleyballworld.com\/beachvolleyball\/competitions\/beach-pro-tour\/2025\/challenge\/yucatan-mex\/schedule\/#fromDate=2025-03-17\">Beach Pro Tour Challenge de Yucat\u00e1n<\/a> (M\u00e9xico) \u2013 3.\u00ba lugar.<br \/>\n<strong>2024<br \/>\n<\/strong><strong><a href=\"https:\/\/en.volleyballworld.com\/beachvolleyball\/competitions\/beach-pro-tour\/2024\/challenge\/nuvali-phi\/schedule\/#fromDate=2024-12-01\">Beach Pro Tour de Nuvali<\/a> \u2013 <\/strong>13.\u00ba lugar.<br \/>\n<a href=\"https:\/\/en.volleyballworld.com\/beachvolleyball\/competitions\/beach-pro-tour\/2024\/elite16\/joao-pessoa-bra\/schedule\/#fromDate=2024-10-17\">Beach Pro Tour Elite16 Jo\u00e3o Pessoa<\/a>\u00a0(Brasil) \u2013 9.\u00ba lugar.<br \/>\n<a href=\"https:\/\/beachsports2024.fisu.net\/\">FISU World University Championship Beach Sports 2024<\/a>\u00a0(Brasil) \u2013 3.\u00ba lugar.<br \/>\n<a href=\"https:\/\/en.volleyballworld.com\/beachvolleyball\/competitions\/beach-pro-tour\/2024\/elite16\/hamburg-ger\/\">Beach Pro Tour Elite16 de Hamburgo<\/a>\u00a0(Alemanha) \u2013 13.\u00ba lugar.<br \/>\nCampeonato da Europa (Pa\u00edses Baixos)\u00a0\u2013 25.\u00ba lugar.<br \/>\nCircuito Lipton Kombucha \u2013 Final em Esmoriz\u00a0\u2013 1.\u00ba lugar.<br \/>\nFinais da Ta\u00e7a das Na\u00e7\u00f5es (Let\u00f3nia)\u00a0\u2013 3.\u00ba lugar.<br \/>\nBPT Challenge Stare Jablonki (Pol\u00f3nia) \u2013 9.\u00ba lugar.<br \/>\nBPT Elite16 Espinho\u00a0\u2013 13.\u00ba lugar.<br \/>\nPool D da Ta\u00e7a das Na\u00e7\u00f5es (Turquia)\u00a0\u2013 1.\u00ba lugar.<br \/>\nBPT Challenge Xiamen (China) \u2013 17.\u00ba lugar.<br \/>\nBPT Challenge Guadalajara (M\u00e9xico) \u2013 19.\u00ba lugar.<br \/>\nBeach Pro Tour Challenge de Recife (Brasil) \u201325.\u00ba lugar.<br \/>\nBeach Pro Tour Elite16 Doha (Catar) \u2013 21.\u00ba lugar.<br \/>\n<strong>2023<br \/>\n<\/strong><strong><a href=\"https:\/\/en.volleyballworld.com\/beachvolleyball\/competitions\/beach-pro-tour\/2023\/challenge\/nuvali-phi\/\">Beach Pro Tour de Nuvali<\/a>\u00a0\u2013 5.\u00ba lugar<br \/>\n<\/strong><a href=\"https:\/\/en.volleyballworld.com\/beachvolleyball\/competitions\/beach-pro-tour\/2023\/challenge\/chiang-mai-tha\/\">Beach Pro Tour Challenge de Chiang Mai<\/a> (Tail\u00e2ndia) \u2013 9.\u00ba lugar<strong><br \/>\n<\/strong><a href=\"https:\/\/en.volleyballworld.com\/beachvolleyball\/competitions\/beach-pro-tour\/2023\/challenge\/haikou-chn\/schedule\/\">Beach Pro Tour Challenge de Haikou<\/a> (China) \u2013 19.\u00ba lugar<br \/>\n<a href=\"https:\/\/en.volleyballworld.com\/beachvolleyball\/competitions\/beach-pro-tour\/2023\/challenge\/goa-ind\/schedule\/\">Beach Pro Tour Challenge de Goa<\/a> (\u00cdndia) \u2013 9.\u00ba lugar\u00a0<strong><br \/>\n<a href=\"https:\/\/pt.volleyballworld.com\/beachvolleyball\/competitions\/beach-volleyball-world-championships-tlaxcala-2023\/\">FIVB Beach Volleyball World Championships<\/a>\u00a0\u2013 33.\u00ba lugar<br \/>\n<\/strong><a href=\"https:\/\/en.volleyballworld.com\/beachvolleyball\/competitions\/beach-pro-tour\/2023\/elite16\/paris-fra\/schedule\/\">Beach Pro Tour Elite 16 Paris<\/a> (Fran\u00e7a) \u2013 21.\u00ba lugar<strong><br \/>\n<\/strong><a href=\"https:\/\/heraklion23.gr\/\">III Jogos do Mediterr\u00e2neo de Praia<\/a> (Gr\u00e9cia) \u2013 3.\u00ba lugar<br \/>\n<strong><a href=\"https:\/\/fpvoleibol.pt\/cnvpc2023\/\">Campeonato Nacional \u2013 Final em Portim\u00e3o<\/a>\u00a0\u2013 1.\u00ba lugar<br \/>\n<\/strong><strong><a href=\"https:\/\/en.volleyballworld.com\/beachvolleyball\/competitions\/beach-pro-tour\/2023\/challenge\/edmonton-can\/schedule\/\">Beach Pro Tour Challenge de Edmonton<\/a><\/strong> (Canad\u00e1) <strong>\u2013 1.\u00ba lugar<\/strong><strong><br \/>\n<\/strong><a href=\"https:\/\/fpvoleibol.pt\/fpv\/features\/beach-pro-tour-2023\/\">\u00a0Beach Pro Tour Challenge de Espinho<\/a>\u00a0\u2013 9.\u00ba lugar<br \/>\n<a href=\"https:\/\/en.volleyballworld.com\/beachvolleyball\/competitions\/beach-pro-tour\/2023\/challenge\/jurmala-lat\/standings\/men\/\">Beach Pro Tour Challenge Jurmala (Let\u00f3nia)<\/a>\u00a0\u2013 19.\u00ba lugar<br \/>\nTa\u00e7a das Na\u00e7\u00f5es \u2013 Pool G (Hungria) \u2013 3.\u00ba lugar<br \/>\nBeach Pro Tour Elite 16 de Uberl\u00e2ndia (Brasil) \u2013 21.\u00ba lugar<strong><br \/>\n<\/strong>Beach Pro Tour Challenge de Saquarema (Brasil) \u2013 17.\u00ba lugar<strong><br \/>\n<\/strong>Beach Pro Tour Challenge de Itapema (Brasil) \u2013 19.\u00ba lugar<br \/>\nBeach Pro Tour Challenge de La Paz \u2013 19.\u00ba lugar<br \/>\n<strong>2022<br \/>\n<\/strong>Beach Pro Tour Challenge de Torquay \u2013 4.\u00ba lugar<br \/>\nBeach Pro Tour Challenge do Dubai \u2013 9.\u00ba lugar<br \/>\nBeach Pro Tour Challenge do Dubai \u2013 9.\u00ba lugar<br \/>\n<strong>Mundiais Universit\u00e1rios de Voleibol de Praia, em Macei\u00f3\/Brasil \u2013 1.\u00ba lugar<\/strong><br \/>\nBeach Pro Tour Future de Cortega\u00e7a\/Portugal \u2013 2.\u00ba lugar<br \/>\nCampeonato Nacional \u2013 Lidl, em Cortega\u00e7a \u2013 1.\u00ba lugar<br \/>\nBeach Pro Tour Challenge de Agadir\/Marrocos \u2013 33.\u00ba lugar\u00a0<strong><br \/>\n<\/strong>Beach Pro Tour Espinho Challenge\/Portugal \u2013 19.\u00ba lugar<br \/>\nBeach Pro Tour Giardini Naxos Future\/It\u00e1lia \u2013 9.\u00ba lugar<br \/>\nBeach Pro Tour Madrid Future\/Espanha \u2013 17.\u00ba lugar<br \/>\nBeach Pro Tour Doha Challenge\/Catar \u2013 25.\u00ba lugar<br \/>\nBeach Pro Tour Itapema Challenge\/Brasil \u2013 33.\u00ba lugar<br \/>\nBeach Pro Tour Tlaxcala Challenge\/M\u00e9xico \u2013 33.\u00ba lugar<br \/>\n<strong>2021<br \/>\n<\/strong>World Tour 2* (Praga\/Rep. Checa) \u2013 21.\u00ba lugar<br \/>\nWorld Tour 1* (Cortega\u00e7a\/Portugal) \u2013 2.\u00ba lugar<strong><br \/>\n<\/strong>World Tour 1* (S\u00f3fia 2\/Bulg\u00e1ria) \u2013 2.\u00ba lugar<br \/>\nWorld Tour 1* (S\u00f3fia 1\/Bulg\u00e1ria) \u2013 3.\u00ba lugar<br \/>\nEuropeu Sub-22 (Baden\/\u00c1ustria) \u2013 9.\u00ba lugar<br \/>\nWorld Tour 4* (Ostrava\/Rep. Checa) \u2013 41.\u00ba lugar<br \/>\n<strong>2020<\/strong><br \/>\nEuropeu Sub-22 (Izmir\/Turquia) \u2013 17.\u00ba lugar<br \/>\nWorld Tour 1* (Montpellier\/Fran\u00e7a) \u2013 9.\u00ba lugar<br \/>\n<strong>2019<\/strong><br \/>\nJogos do Mediterr\u00e2neo \u2013 5.\u00ba lugar<br \/>\nWorld Tour 1* (Knokke-Heist\/B\u00e9lgica) \u2013 21.\u00ba lugar<br \/>\nWorld Tour 4* (Espinho\/Portugal) \u2013 25.\u00ba lugar<br \/>\nEuropeu Sub-20 (Gotemburgo\/Su\u00e9cia) \u2013 17.\u00ba lugar<br \/>\n<strong>2018<\/strong><br \/>\nTorneio WEVZA (Quarteira\/Portugal) \u2013 4.\u00ba lugar<br \/>\nEuropeu Sub-20 (Anapa\/R\u00fassia) \u2013 25.\u00ba lugar<br \/>\nEuropeu Sub-18 (Kazan\/R\u00fassia) \u2013 17.\u00ba lugar<br \/>\n<strong>2017<\/strong><br \/>\nCEV Youth Continental Cup \u2013 3.\u00ba lugar<\/p>\n<p style=\"text-align: center;\"><span style=\"background-color: #000000; color: #ffffff;\"><strong>\u00c1rbitros portugueses em ac\u00e7\u00e3o<br \/>\nno Voleibol de Praia<\/strong><\/span><\/p>\n<p><strong>Rui Carvalho<\/strong><br \/>\nBeach Pro Tour Challenge do M\u00e9xico, de 1 a 5 de Outubro.<br \/>\nBeach Pro Tour Elite16 Newport Beach, nos Estados Unidos da Am\u00e9rica, de 7 a 11 de Outubro.<br \/>\nBeach Pro Tour Elite16 Cape Town (\u00c1frica do Sul), de 22 a 26 de Outubro.<br \/>\nCampeonato do Mundo de Seniores, em Adelaide, na Austr\u00e1lia, de 14 a 23 de Novembro.<\/p>\n<p><strong>Maria Michelle Ferreira<\/strong><br \/>\nCampeonato do Mundo de Sub-18, em Doha, no Catar, de 7 a 11 de Outubro.<\/p>\n","protected":false},"excerpt":{"rendered":"<p>A dupla portuguesa Jo\u00e3o Pedrosa\/Hugo Campos garantiu hoje a qualifica\u00e7\u00e3o para a fase eliminat\u00f3ria \u2013 vai disputar, no s\u00e1bado, a Ronda das 12 Equipas e o seu advers\u00e1rio sair\u00e1 do [&hellip;]<\/p>\n","protected":false},"author":2,"featured_media":42877,"comment_status":"open","ping_status":"open","sticky":false,"template":"","format":"standard","meta":{"_monsterinsights_skip_tracking":false,"_monsterinsights_sitenote_active":false,"_monsterinsights_sitenote_note":"","_monsterinsights_sitenote_category":0,"footnotes":""},"categories":[13,9],"tags":[74],"class_list":{"0":"post-42857","1":"post","2":"type-post","3":"status-publish","4":"format-standard","5":"has-post-thumbnail","7":"category-arbitragem","8":"category-voleibol-de-praia","9":"tag-beach-pro-tour","10":"czr-hentry"},"aioseo_notices":[],"_links":{"self":[{"href":"https:\/\/fpvoleibol.pt\/fpv\/wp-json\/wp\/v2\/posts\/42857","targetHints":{"allow":["GET"]}}],"collection":[{"href":"https:\/\/fpvoleibol.pt\/fpv\/wp-json\/wp\/v2\/posts"}],"about":[{"href":"https:\/\/fpvoleibol.pt\/fpv\/wp-json\/wp\/v2\/types\/post"}],"author":[{"embeddable":true,"href":"https:\/\/fpvoleibol.pt\/fpv\/wp-json\/wp\/v2\/users\/2"}],"replies":[{"embeddable":true,"href":"https:\/\/fpvoleibol.pt\/fpv\/wp-json\/wp\/v2\/comments?post=42857"}],"version-history":[{"count":8,"href":"https:\/\/fpvoleibol.pt\/fpv\/wp-json\/wp\/v2\/posts\/42857\/revisions"}],"predecessor-version":[{"id":43198,"href":"https:\/\/fpvoleibol.pt\/fpv\/wp-json\/wp\/v2\/posts\/42857\/revisions\/43198"}],"wp:featuredmedia":[{"embeddable":true,"href":"https:\/\/fpvoleibol.pt\/fpv\/wp-json\/wp\/v2\/media\/42877"}],"wp:attachment":[{"href":"https:\/\/fpvoleibol.pt\/fpv\/wp-json\/wp\/v2\/media?parent=42857"}],"wp:term":[{"taxonomy":"category","embeddable":true,"href":"https:\/\/fpvoleibol.pt\/fpv\/wp-json\/wp\/v2\/categories?post=42857"},{"taxonomy":"post_tag","embeddable":true,"href":"https:\/\/fpvoleibol.pt\/fpv\/wp-json\/wp\/v2\/tags?post=42857"}],"curies":[{"name":"wp","href":"https:\/\/api.w.org\/{rel}","templated":true}]}}