{"id":42417,"date":"2025-08-31T20:43:16","date_gmt":"2025-08-31T19:43:16","guid":{"rendered":"https:\/\/fpvoleibol.pt\/fpv\/?p=42417"},"modified":"2025-09-01T16:02:27","modified_gmt":"2025-09-01T15:02:27","slug":"portugal-vitorioso-a-caminho-das-filipinas","status":"publish","type":"post","link":"https:\/\/fpvoleibol.pt\/fpv\/2025\/08\/31\/portugal-vitorioso-a-caminho-das-filipinas\/","title":{"rendered":"PORTUGAL VITORIOSO A CAMINHO DAS FILIPINAS"},"content":{"rendered":"<p><img loading=\"lazy\" decoding=\"async\" class=\"size-full wp-image-42423 aligncenter\" src=\"https:\/\/fpvoleibol.pt\/fpv\/wp-content\/uploads\/2025\/08\/snsm_romxpor_part3_d1.jpg\" alt=\"\" width=\"960\" height=\"993\" srcset=\"https:\/\/fpvoleibol.pt\/fpv\/wp-content\/uploads\/2025\/08\/snsm_romxpor_part3_d1.jpg 960w, https:\/\/fpvoleibol.pt\/fpv\/wp-content\/uploads\/2025\/08\/snsm_romxpor_part3_d1-290x300.jpg 290w, https:\/\/fpvoleibol.pt\/fpv\/wp-content\/uploads\/2025\/08\/snsm_romxpor_part3_d1-768x794.jpg 768w\" sizes=\"auto, (max-width: 960px) 100vw, 960px\" \/>A <strong>Selec\u00e7\u00e3o Nacional de Seniores Masculinos\u00a0<\/strong>encerrou hoje o seu est\u00e1gio de prepara\u00e7\u00e3o para o <a href=\"https:\/\/en.volleyballworld.com\/volleyball\/competitions\/men-world-championship\/\">Campeonato do Mundo de 2025<\/a>\u00a0com uma vit\u00f3ria sobre a equipa anfitri\u00e3. Numa s\u00e9rie de tr\u00eas jogos particulares, disputados na Rom\u00e9nia, Portugal venceu o \u00faltimo encontro por 3-1 (25-20, 31-29, 19-25 e 25-17), depois de duas derrotas no <em>tie-break<\/em> nos dias anteriores.<\/p>\n<p>O confronto decisivo mostrou uma Selec\u00e7\u00e3o Portuguesa determinada e eficaz. O Seleccionador Nacional, Jo\u00e3o Jos\u00e9, utilizou o seguinte <em>sete<\/em> inicial: Filip Cveticanin, Tiago Violas, Nuno Marques, Guilherme Menezes, Louren\u00e7o Martins, Rafael Santos e Ivo Casas (libero), tendo Bruno Dias tamb\u00e9m sido lan\u00e7ado em jogo.<\/p>\n<p>Esta vit\u00f3ria surge depois de dois jogos equilibrados, nos quais a Rom\u00e9nia se tinha superiorizado no quinto e decisivo set. No segundo encontro, a Rom\u00e9nia tinha vencido por 3-2 (25-20, 21-25, 25-21, 19-25 e 15-13), e no primeiro jogo o resultado foi id\u00eantico: 3-2 (24-26, 25-18, 25-21, 17-25 e 15-9).<\/p>\n<p>Com esta s\u00e9rie de jogos-treino, que se segue a uma s\u00e9rie de vit\u00f3rias contra as Filipinas, a equipa nacional ganha ritmo e afina a sua estrat\u00e9gia para o Campeonato do Mundo, que ter\u00e1 lugar nas Filipinas entre 12 e 28 de Setembro. Os resultados dos tr\u00eas jogos com os romenos \u2013 2-3, 2-3 e 3-1, respectivamente \u2013, mostram a evolu\u00e7\u00e3o da equipa ao longo do est\u00e1gio. \u00a0Mais informa\u00e7\u00f5es <a href=\"https:\/\/www.facebook.com\/fpvoleibol\">aqui<\/a> \/ <a href=\"https:\/\/frvolei.ro\/\">aqui<\/a> e <a href=\"https:\/\/www.facebook.com\/frvolei\">aqui<\/a><\/p>\n<p>A comitiva portuguesa parte amanh\u00e3 da Rom\u00e9nia para as Filipinas, onde ir\u00e1 disputar o o <a href=\"https:\/\/en.volleyballworld.com\/volleyball\/competitions\/men-world-championship\/\">Campeonato do Mundo de 2025<\/a>, que se realiza entre 12 e 28 de Setembro.<\/p>\n<p><img loading=\"lazy\" decoding=\"async\" class=\" wp-image-42420 alignleft\" src=\"https:\/\/fpvoleibol.pt\/fpv\/wp-content\/uploads\/2025\/08\/snsm_romxpor_part3_d4.jpg\" alt=\"\" width=\"380\" height=\"475\" srcset=\"https:\/\/fpvoleibol.pt\/fpv\/wp-content\/uploads\/2025\/08\/snsm_romxpor_part3_d4.jpg 960w, https:\/\/fpvoleibol.pt\/fpv\/wp-content\/uploads\/2025\/08\/snsm_romxpor_part3_d4-240x300.jpg 240w, https:\/\/fpvoleibol.pt\/fpv\/wp-content\/uploads\/2025\/08\/snsm_romxpor_part3_d4-819x1024.jpg 819w, https:\/\/fpvoleibol.pt\/fpv\/wp-content\/uploads\/2025\/08\/snsm_romxpor_part3_d4-768x960.jpg 768w\" sizes=\"auto, (max-width: 380px) 100vw, 380px\" \/>Os jogos particulares na Rom\u00e9nia seguiram-se \u00e0 s\u00e9rie vitoriosa de <a href=\"https:\/\/fpvoleibol.pt\/fpv\/2025\/08\/22\/bons-testes-para-o-mundial-2025\/\">jogos particulares<\/a> com as Filipinas, que serviram para dar ritmo a todo o grupo.<\/p>\n<p>Os jogos da <strong>Selec\u00e7\u00e3o Nacional<\/strong> no Campeonato do Mundo 2025 ser\u00e3o todos transmitidos em directo na <strong>RTP 2<\/strong>, bem como as meias-finais e a final. Todos os outros jogos ser\u00e3o transmitidos na <strong>RTP Play<\/strong>.<\/p>\n<p style=\"text-align: center;\"><span style=\"text-decoration: underline;\"><strong>A ambi\u00e7\u00e3o de uma nova gera\u00e7\u00e3o<\/strong><\/span><\/p>\n<p>Portugal regressa ao palco do Voleibol mundial com a ambi\u00e7\u00e3o de se afirmar, integrando uma Pool D bastante exigente. Nesta <a href=\"https:\/\/fpvoleibol.pt\/fpv\/wp-content\/uploads\/2025\/08\/SNSM_historial_curri_julho2025_v1.pdf\">terceira participa\u00e7\u00e3o<\/a> na fase final do Campeonato do Mundo, a <em>equipa das quinas<\/em> ter\u00e1 como advers\u00e1rios os Estados Unidos, Cuba e Col\u00f4mbia. A <a href=\"https:\/\/en.volleyballworld.com\/volleyball\/competitions\/men-world-championship\/schedule\/#fromDate=2025-09-12\">estreia<\/a> ser\u00e1 no dia 13 de Setembro, \u00e0s 6h30 de Portugal, frente aos cubanos, seguindo-se o jogo com os norte-americanos (15 de Setembro, 14h00) e os colombianos (17 de Setembro, 3h00).<\/p>\n<p>Este regresso aos grandes palcos \u00e9 visto como o resultado de uma aposta numa nova e promissora gera\u00e7\u00e3o de jogadores. A qualifica\u00e7\u00e3o directa para o <a href=\"https:\/\/en.volleyballworld.com\/volleyball\/competitions\/men-world-championship\/\">Campeonato do Mundo de 2025<\/a> e para o <a href=\"https:\/\/eurovolley.cev.eu\/en\/2026\/men\/\">Campeonato da Europa de 2026<\/a>, devido \u00e0 sua boa posi\u00e7\u00e3o nos rankings, \u00e9 prova da consolida\u00e7\u00e3o do estatuto de Portugal no panorama do Voleibol internacional. O desempenho na <a href=\"https:\/\/www.cev.eu\/national-team\/european-leagues\/european-golden-league\/men\/2025\/\">European Golden League de 2025<\/a>, embora sem ter alcan\u00e7ado a Final Four, serviu para dar uma valiosa experi\u00eancia internacional aos jovens jogadores, como Jos\u00e9 Pedro Pinto, Nuno Marques, Bruno Dias e Andr\u00e9 Pereira, que demonstraram resili\u00eancia e maturidade.<\/p>\n<p>A qualifica\u00e7\u00e3o directa para o <a href=\"https:\/\/eurovolley.cev.eu\/en\/2026\/men\/\">EuroVolley 2026<\/a> \u00e9 um marco para a modalidade, sendo a <a href=\"https:\/\/fpvoleibol.pt\/fpv\/wp-content\/uploads\/2025\/08\/SNSM_historial_curri_julho2025_v1.pdf\">quarta presen\u00e7a consecutiva de Portugal<\/a> na fase final da competi\u00e7\u00e3o, um feito que confirma a sua consist\u00eancia entre as principais pot\u00eancias europeias. Com uma base s\u00f3lida de jovens talentos e a experi\u00eancia que ser\u00e1 adquirida no Mundial, a Selec\u00e7\u00e3o Nacional pode continuar a olhar para o futuro com optimismo, determinada a continuar a ser protagonista nos grandes palcos internacionais.<\/p>\n<p style=\"text-align: center;\"><span style=\"background-color: #000000; color: #ffffff;\"><img loading=\"lazy\" decoding=\"async\" class=\"size-full wp-image-42421 aligncenter\" src=\"https:\/\/fpvoleibol.pt\/fpv\/wp-content\/uploads\/2025\/08\/snsm_romxpor_part3_d3.jpg\" alt=\"\" width=\"960\" height=\"811\" srcset=\"https:\/\/fpvoleibol.pt\/fpv\/wp-content\/uploads\/2025\/08\/snsm_romxpor_part3_d3.jpg 960w, https:\/\/fpvoleibol.pt\/fpv\/wp-content\/uploads\/2025\/08\/snsm_romxpor_part3_d3-300x253.jpg 300w, https:\/\/fpvoleibol.pt\/fpv\/wp-content\/uploads\/2025\/08\/snsm_romxpor_part3_d3-768x649.jpg 768w\" sizes=\"auto, (max-width: 960px) 100vw, 960px\" \/><\/span><\/p>\n<p style=\"text-align: center;\"><span style=\"background-color: #000000; color: #ffffff;\"><strong>Comitiva para as Filipinas<\/strong><\/span><\/p>\n<p style=\"text-align: center;\"><span style=\"background-color: #000000; color: #ffffff;\">Equipa t\u00e9cnica<\/span><\/p>\n<p style=\"text-align: center;\"><strong>Chefe de Delega\u00e7\u00e3o \/ <\/strong><strong>Team Manager \u2013 <\/strong>M\u00e1rio Oliveira<strong><br \/>\nTreinador Principal<\/strong> \u2013 Jo\u00e3o Jos\u00e9<br \/>\n<strong>Treinador Adjunto<\/strong> \u2013 Manuel Silva<br \/>\n<strong>Treinador Adjunto<\/strong> \u2013 Ricardo Lemos<br \/>\n<strong>M\u00e9dico<\/strong> \u2013 Ricardo Aido<br \/>\n<strong>Preparador F\u00edsico<\/strong> \u2013 Jo\u00e3o Fidalgo<br \/>\n<strong>Fisioterapeuta<\/strong> \u2013 H\u00e9lder Vasco<br \/>\n<strong>Imprensa<\/strong> \u2013 Murilo Augusto<\/p>\n<p style=\"text-align: center;\"><span style=\"background-color: #000000; color: #ffffff;\">Atletas convocados*<\/span><\/p>\n<p style=\"text-align: center;\"><b>Cast\u00ealo da Maia GC<\/b><br \/>\nGuilherme Menezes<\/p>\n<p style=\"text-align: center;\"><b>Leix\u00f5es SC<\/b><br \/>\nAndr\u00e9 Pereira<br \/>\nRafael Santos<\/p>\n<p style=\"text-align: center;\"><b>SL Benfica<\/b><br \/>\nTiago Violas<br \/>\nIvo Casas<\/p>\n<p style=\"text-align: center;\"><b>Sporting CP<\/b><br \/>\nGon\u00e7alo Sousa<br \/>\nKelton Tavares<\/p>\n<p style=\"text-align: center;\"><b>CV San Roque Bat\u00e1n (Espanha)<\/b><br \/>\nJos\u00e9 Pinto<\/p>\n<p style=\"text-align: center;\"><b>Nice Volley-Ball (Fran\u00e7a)<\/b><br \/>\nBruno Dias<\/p>\n<p style=\"text-align: center;\"><b>St. Nazaire VB Atlantique (Fran\u00e7a)<\/b><br \/>\nLouren\u00e7o Martins<\/p>\n<p style=\"text-align: center;\"><b>Tokyo Great Bears (Jap\u00e3o)<\/b><br \/>\nAlexandre Ferreira<\/p>\n<p style=\"text-align: center;\"><b>Nova Technology Lycurgus BV (P. Baixos)<\/b><br \/>\nNuno Marques<\/p>\n<p style=\"text-align: center;\"><b>Aluron Warta Zawiercie (Pol\u00f3nia)<\/b><br \/>\nMiguel Tavares Rodrigues<\/p>\n<p style=\"text-align: center;\"><b>SC Municipal Zalau (Rom\u00e9nia)<\/b><br \/>\nFilip Cveticanin<br \/>\n<span style=\"text-decoration: underline;\"><span style=\"font-size: 12px;\"><strong>*Clube em 2024\/2025<\/strong><\/span><\/span><\/p>\n<p><img loading=\"lazy\" decoding=\"async\" class=\"size-full wp-image-42290 aligncenter\" src=\"https:\/\/fpvoleibol.pt\/fpv\/wp-content\/uploads\/2025\/08\/SNSM_Mundial2025_Pools.jpg\" alt=\"\" width=\"960\" height=\"540\" srcset=\"https:\/\/fpvoleibol.pt\/fpv\/wp-content\/uploads\/2025\/08\/SNSM_Mundial2025_Pools.jpg 960w, https:\/\/fpvoleibol.pt\/fpv\/wp-content\/uploads\/2025\/08\/SNSM_Mundial2025_Pools-300x169.jpg 300w, https:\/\/fpvoleibol.pt\/fpv\/wp-content\/uploads\/2025\/08\/SNSM_Mundial2025_Pools-768x432.jpg 768w, https:\/\/fpvoleibol.pt\/fpv\/wp-content\/uploads\/2025\/08\/SNSM_Mundial2025_Pools-528x297.jpg 528w\" sizes=\"auto, (max-width: 960px) 100vw, 960px\" \/>Integrado na <strong>Pool D<\/strong>, Portugal defronta advers\u00e1rios de peso na fase final do Mundial 2025. A <a href=\"https:\/\/en.volleyballworld.com\/volleyball\/competitions\/men-world-championship\/schedule\/#fromDate=2025-09-12\">estreia ser\u00e1 frente a Cuba, no dia 13 de Setembro, \u00e0s 6h30 portuguesas<\/a>, reeditando confrontos hist\u00f3ricos na Liga Mundial. Segue-se, no dia 15 de Setembro, \u00e0s 14h00, o jogo com os Estados Unidos da Am\u00e9rica, uma equipa que dispensa apresenta\u00e7\u00f5es, sendo a 3.\u00aa no ranking mundial e medalha de bronze na Olimp\u00edada de Paris. O percurso na fase de grupos encerra com o jogo frente \u00e0 Col\u00f4mbia, no dia 17 de Setembro, \u00e0s 3h00.<\/p>\n<p>O objectivo \u00e9 claro: terminar entre os dois primeiros do grupo para continuar a avan\u00e7ar numa competi\u00e7\u00e3o que, este ano, se disputa num novo formato com 32 selec\u00e7\u00f5es.<\/p>\n<p>A qualifica\u00e7\u00e3o para o Campeonato do Mundo n\u00e3o seria t\u00e3o entusiasmante sem o contexto da European Golden League (EGL) de 2025. Embora a equipa n\u00e3o tenha chegado \u00e0 Final Four, a campanha foi crucial para a afirma\u00e7\u00e3o de uma nova e talentosa gera\u00e7\u00e3o de jogadores, que demonstrou o potencial do futuro do Voleibol portugu\u00eas.<\/p>\n<p>A EGL serviu como uma valiosa plataforma para a transi\u00e7\u00e3o dos jovens atletas das selec\u00e7\u00f5es de forma\u00e7\u00e3o para a equipa principal. A resili\u00eancia, a capacidade de crescimento e a maturidade demonstradas por estes jovens em contexto internacional foram not\u00e1veis. Nomes como Jos\u00e9 Pedro Pinto e Nuno Marques confirmaram a aposta, enquanto despontaram outros talentos vindos de selec\u00e7\u00f5es mais jovens, dos quais Bruno Dias, eleito MVP num dos jogos cruciais, e Andr\u00e9 Pereira s\u00e3o os casos mais flagrantes.<\/p>\n<p>Esta aposta na juventude, aliada ao trabalho de base que tem sido desenvolvido, est\u00e1 a dar frutos. O desempenho na EGL \u00e9 a prova de que o Voleibol portugu\u00eas est\u00e1 no caminho certo, construindo uma base s\u00f3lida para competir a patamares mais elevados nos pr\u00f3ximos anos.<\/p>\n<p>A crescente consist\u00eancia da Selec\u00e7\u00e3o Nacional \u00e9 confirmada pela sua qualifica\u00e7\u00e3o directa para o Campeonato da Europa de 2026. Esta ser\u00e1 a oitava presen\u00e7a de Portugal na fase final da competi\u00e7\u00e3o, e a quarta consecutiva, um feito que sublinha a sua consolida\u00e7\u00e3o entre as principais pot\u00eancias do continente.<\/p>\n<p>A qualifica\u00e7\u00e3o directa, que evita a fase preliminar, \u00e9 um reconhecimento da excelente classifica\u00e7\u00e3o de Portugal no Europeu de 2023 (10.\u00ba lugar) e da sua posi\u00e7\u00e3o no Ranking da Confedera\u00e7\u00e3o Europeia de Voleibol (CEV). O EuroVolley de 2026 ser\u00e1 disputado em quatro pa\u00edses \u2013 It\u00e1lia, Bulg\u00e1ria, Finl\u00e2ndia e Rom\u00e9nia \u2013 e contar\u00e1 com as 24 principais selec\u00e7\u00f5es do Velho Continente.<\/p>\n<p>Com a experi\u00eancia de alto n\u00edvel no Campeonato do Mundo e a base s\u00f3lida de jovens jogadores que se destacaram na European Golden League, a equipa portuguesa olha para o futuro com optimismo. O sonho de continuar a ser um protagonista nos grandes palcos internacionais est\u00e1 nas suas m\u00e3os, e a nova gera\u00e7\u00e3o tem o talento e a determina\u00e7\u00e3o para o transformar em realidade.<\/p>\n","protected":false},"excerpt":{"rendered":"<p>A Selec\u00e7\u00e3o Nacional de Seniores Masculinos\u00a0encerrou hoje o seu est\u00e1gio de prepara\u00e7\u00e3o para o Campeonato do Mundo de 2025\u00a0com uma vit\u00f3ria sobre a equipa anfitri\u00e3. Numa s\u00e9rie de tr\u00eas jogos [&hellip;]<\/p>\n","protected":false},"author":2,"featured_media":42422,"comment_status":"open","ping_status":"open","sticky":false,"template":"","format":"standard","meta":{"_monsterinsights_skip_tracking":false,"_monsterinsights_sitenote_active":false,"_monsterinsights_sitenote_note":"","_monsterinsights_sitenote_category":0,"footnotes":""},"categories":[20,8],"tags":[147,179],"class_list":{"0":"post-42417","1":"post","2":"type-post","3":"status-publish","4":"format-standard","5":"has-post-thumbnail","7":"category-destaque","8":"category-voleibol","9":"tag-campeonato-do-mundo","10":"tag-mundial2025m","11":"czr-hentry"},"aioseo_notices":[],"_links":{"self":[{"href":"https:\/\/fpvoleibol.pt\/fpv\/wp-json\/wp\/v2\/posts\/42417","targetHints":{"allow":["GET"]}}],"collection":[{"href":"https:\/\/fpvoleibol.pt\/fpv\/wp-json\/wp\/v2\/posts"}],"about":[{"href":"https:\/\/fpvoleibol.pt\/fpv\/wp-json\/wp\/v2\/types\/post"}],"author":[{"embeddable":true,"href":"https:\/\/fpvoleibol.pt\/fpv\/wp-json\/wp\/v2\/users\/2"}],"replies":[{"embeddable":true,"href":"https:\/\/fpvoleibol.pt\/fpv\/wp-json\/wp\/v2\/comments?post=42417"}],"version-history":[{"count":6,"href":"https:\/\/fpvoleibol.pt\/fpv\/wp-json\/wp\/v2\/posts\/42417\/revisions"}],"predecessor-version":[{"id":42442,"href":"https:\/\/fpvoleibol.pt\/fpv\/wp-json\/wp\/v2\/posts\/42417\/revisions\/42442"}],"wp:featuredmedia":[{"embeddable":true,"href":"https:\/\/fpvoleibol.pt\/fpv\/wp-json\/wp\/v2\/media\/42422"}],"wp:attachment":[{"href":"https:\/\/fpvoleibol.pt\/fpv\/wp-json\/wp\/v2\/media?parent=42417"}],"wp:term":[{"taxonomy":"category","embeddable":true,"href":"https:\/\/fpvoleibol.pt\/fpv\/wp-json\/wp\/v2\/categories?post=42417"},{"taxonomy":"post_tag","embeddable":true,"href":"https:\/\/fpvoleibol.pt\/fpv\/wp-json\/wp\/v2\/tags?post=42417"}],"curies":[{"name":"wp","href":"https:\/\/api.w.org\/{rel}","templated":true}]}}