{"id":42369,"date":"2025-08-29T09:45:41","date_gmt":"2025-08-29T08:45:41","guid":{"rendered":"https:\/\/fpvoleibol.pt\/fpv\/?p=42369"},"modified":"2025-09-03T17:14:31","modified_gmt":"2025-09-03T16:14:31","slug":"boletim-digital-em-todos-os-escaloes-de-formacao","status":"publish","type":"post","link":"https:\/\/fpvoleibol.pt\/fpv\/2025\/08\/29\/boletim-digital-em-todos-os-escaloes-de-formacao\/","title":{"rendered":"BOLETIM DIGITAL EM TODOS OS ESCAL\u00d5ES"},"content":{"rendered":"<p><img loading=\"lazy\" decoding=\"async\" class=\"size-full wp-image-42371 aligncenter\" src=\"https:\/\/fpvoleibol.pt\/fpv\/wp-content\/uploads\/2025\/08\/boletim_digital_d.jpg\" alt=\"\" width=\"960\" height=\"568\" srcset=\"https:\/\/fpvoleibol.pt\/fpv\/wp-content\/uploads\/2025\/08\/boletim_digital_d.jpg 960w, https:\/\/fpvoleibol.pt\/fpv\/wp-content\/uploads\/2025\/08\/boletim_digital_d-300x178.jpg 300w, https:\/\/fpvoleibol.pt\/fpv\/wp-content\/uploads\/2025\/08\/boletim_digital_d-768x454.jpg 768w\" sizes=\"auto, (max-width: 960px) 100vw, 960px\" \/>A Federa\u00e7\u00e3o Portuguesa de Voleibol implementou o <a href=\"https:\/\/fpvoleibol.pt\/fpv\/features\/boletim-digital\">boletim digital de jogo<\/a> em todos os escal\u00f5es de forma\u00e7\u00e3o e III Divis\u00e3o, refor\u00e7ando o compromisso com a sustentabilidade e a inova\u00e7\u00e3o.<\/p>\n<p>Esta medida elimina o uso de papel, aumenta a efici\u00eancia e transpar\u00eancia dos processos competitivos e promove a equidade territorial, alinhando a FPV com as melhores pr\u00e1ticas de moderniza\u00e7\u00e3o e com os Objetivos de Desenvolvimento Sustent\u00e1vel, indo ao encontro do objetivo de diminuir a pegada ecol\u00f3gica e refor\u00e7ar a sustentabilidade ambiental.<\/p>\n<p>Os conte\u00fados do boletim tamb\u00e9m foram revistos e atualizados e incluem informa\u00e7\u00f5es que podem ser consultadas no tutorial (<strong>ver <a href=\"https:\/\/youtu.be\/InQGGzbsbUA\">V\u00eddeo<\/a><\/strong>) criado para o efeito.<\/p>\n<p style=\"text-align: center;\"><span style=\"text-decoration: underline;\">Todas as informa\u00e7\u00f5es <a href=\"https:\/\/fpvoleibol.pt\/fpv\/features\/boletim-digital\">AQUI<\/a><\/span><\/p>\n","protected":false},"excerpt":{"rendered":"<p>A Federa\u00e7\u00e3o Portuguesa de Voleibol implementou o boletim digital de jogo em todos os escal\u00f5es de forma\u00e7\u00e3o e III Divis\u00e3o, refor\u00e7ando o compromisso com a sustentabilidade e a inova\u00e7\u00e3o. Esta [&hellip;]<\/p>\n","protected":false},"author":2,"featured_media":42370,"comment_status":"open","ping_status":"open","sticky":false,"template":"","format":"standard","meta":{"_monsterinsights_skip_tracking":false,"_monsterinsights_sitenote_active":false,"_monsterinsights_sitenote_note":"","_monsterinsights_sitenote_category":0,"footnotes":""},"categories":[20,15,11,14,8],"tags":[],"class_list":{"0":"post-42369","1":"post","2":"type-post","3":"status-publish","4":"format-standard","5":"has-post-thumbnail","7":"category-destaque","8":"category-diversos","9":"category-formacao","10":"category-institucional","11":"category-voleibol","12":"czr-hentry"},"aioseo_notices":[],"_links":{"self":[{"href":"https:\/\/fpvoleibol.pt\/fpv\/wp-json\/wp\/v2\/posts\/42369","targetHints":{"allow":["GET"]}}],"collection":[{"href":"https:\/\/fpvoleibol.pt\/fpv\/wp-json\/wp\/v2\/posts"}],"about":[{"href":"https:\/\/fpvoleibol.pt\/fpv\/wp-json\/wp\/v2\/types\/post"}],"author":[{"embeddable":true,"href":"https:\/\/fpvoleibol.pt\/fpv\/wp-json\/wp\/v2\/users\/2"}],"replies":[{"embeddable":true,"href":"https:\/\/fpvoleibol.pt\/fpv\/wp-json\/wp\/v2\/comments?post=42369"}],"version-history":[{"count":2,"href":"https:\/\/fpvoleibol.pt\/fpv\/wp-json\/wp\/v2\/posts\/42369\/revisions"}],"predecessor-version":[{"id":42484,"href":"https:\/\/fpvoleibol.pt\/fpv\/wp-json\/wp\/v2\/posts\/42369\/revisions\/42484"}],"wp:featuredmedia":[{"embeddable":true,"href":"https:\/\/fpvoleibol.pt\/fpv\/wp-json\/wp\/v2\/media\/42370"}],"wp:attachment":[{"href":"https:\/\/fpvoleibol.pt\/fpv\/wp-json\/wp\/v2\/media?parent=42369"}],"wp:term":[{"taxonomy":"category","embeddable":true,"href":"https:\/\/fpvoleibol.pt\/fpv\/wp-json\/wp\/v2\/categories?post=42369"},{"taxonomy":"post_tag","embeddable":true,"href":"https:\/\/fpvoleibol.pt\/fpv\/wp-json\/wp\/v2\/tags?post=42369"}],"curies":[{"name":"wp","href":"https:\/\/api.w.org\/{rel}","templated":true}]}}