{"id":42147,"date":"2025-08-17T22:55:19","date_gmt":"2025-08-17T21:55:19","guid":{"rendered":"https:\/\/fpvoleibol.pt\/fpv\/?p=42147"},"modified":"2025-08-19T16:17:40","modified_gmt":"2025-08-19T15:17:40","slug":"tetracampeoes-nacionais","status":"publish","type":"post","link":"https:\/\/fpvoleibol.pt\/fpv\/2025\/08\/17\/tetracampeoes-nacionais\/","title":{"rendered":"(TETRA)CAMPE\u00d5ES NACIONAIS"},"content":{"rendered":"<p><img loading=\"lazy\" decoding=\"async\" class=\"size-full wp-image-42153 aligncenter\" src=\"https:\/\/fpvoleibol.pt\/fpv\/wp-content\/uploads\/2025\/08\/cnvp2025_matosinhos_podio_todos_001.jpg\" alt=\"\" width=\"960\" height=\"640\" srcset=\"https:\/\/fpvoleibol.pt\/fpv\/wp-content\/uploads\/2025\/08\/cnvp2025_matosinhos_podio_todos_001.jpg 960w, https:\/\/fpvoleibol.pt\/fpv\/wp-content\/uploads\/2025\/08\/cnvp2025_matosinhos_podio_todos_001-300x200.jpg 300w, https:\/\/fpvoleibol.pt\/fpv\/wp-content\/uploads\/2025\/08\/cnvp2025_matosinhos_podio_todos_001-768x512.jpg 768w\" sizes=\"auto, (max-width: 960px) 100vw, 960px\" \/>As duplas Hugo Campos\/Jo\u00e3o Pedrosa e Daniela Loureiro\/Vanessa Paquete sagraram-se hoje <a href=\"https:\/\/fpvoleibol.pt\/fpv\/wp-content\/uploads\/2025\/08\/Voleibol_Praia_todos_campeoes_2025.pdf\">campe\u00e3s nacionais<\/a> ao vencerem, no Est\u00e1dio de Praia, em Matosinhos \u2013 Cidade Europeia do Desporto 2025 \u2013 a 7.\u00aa e derradeira etapa do <a href=\"https:\/\/fpvoleibol.pt\/cnvp2025\/\">Circuito Nacional de Voleibol de Praia 2025<\/a>, que foi transmitida em directo na <a href=\"https:\/\/www.volei.tv\/direto.html\">Volei TV<\/a> e n&#8217; A Bola TV.<\/p>\n<p>Em masculinos, Hugo Campos e Jo\u00e3o Pedrosa sagram-se campe\u00f5es nacionais pela quarta vez consecutiva, voltando a vencer, na final, os <em>manos<\/em> Gon\u00e7alo e Tom\u00e1s Sousa, que j\u00e1 tinham sido vice-campe\u00f5es nacionais em 2024 2023 e que s\u00e3o apoiados, tal como Campos e Pedrosa, pela Federa\u00e7\u00e3o Portuguesa de Voleibol.<\/p>\n<p><img loading=\"lazy\" decoding=\"async\" class=\"wp-image-42155 alignleft\" src=\"https:\/\/fpvoleibol.pt\/fpv\/wp-content\/uploads\/2025\/08\/CNVP_tetracampeoes_nacionais_003.jpg\" alt=\"\" width=\"380\" height=\"253\" srcset=\"https:\/\/fpvoleibol.pt\/fpv\/wp-content\/uploads\/2025\/08\/CNVP_tetracampeoes_nacionais_003.jpg 960w, https:\/\/fpvoleibol.pt\/fpv\/wp-content\/uploads\/2025\/08\/CNVP_tetracampeoes_nacionais_003-300x200.jpg 300w, https:\/\/fpvoleibol.pt\/fpv\/wp-content\/uploads\/2025\/08\/CNVP_tetracampeoes_nacionais_003-768x512.jpg 768w\" sizes=\"auto, (max-width: 380px) 100vw, 380px\" \/>Apesar do favoritismo que lhes era atribu\u00eddo, Jo\u00e3o Pedrosa e Hugo Campos sentiram grande oposi\u00e7\u00e3o por parte dos irm\u00e3os Sousa, tendo vencido apenas pela margem m\u00ednima: 2-1 (21-13, 12-21 e 15-13).<\/p>\n<p>No final, os <a href=\"https:\/\/fpvoleibol.pt\/fpv\/wp-content\/uploads\/2025\/08\/Voleibol_Praia_todos_campeoes_2025.pdf\">tetracampe\u00f5es<\/a> reconheceram:<br \/>\n\u201c<em>Temos que lhes dar os parab\u00e9ns aos irm\u00e3os Sousa porque foi um jogo digno de um espect\u00e1culo de Voleibol de Praia. S\u00f3 lhes quero dar os parab\u00e9ns porque a exibi\u00e7\u00e3o deles foi excelente.<\/em><br \/>\n<em>A vit\u00f3ria poderia ter ca\u00eddo para eles, mas caiu para n\u00f3s desta vez e estou muito contente por isso. Foi um n\u00edvel muito elevado das duas duplas. N\u00e3o estavam nas melhores condi\u00e7\u00f5es de sempre, mas mostraram o que s\u00e3o capazes porque \u00e9 este o n\u00edvel deles. \u00c9 este o n\u00edvel que eles conseguem chegar e ainda mais. E dificultaram-nos muito a vida.<\/em><br \/>\n<em>Mas eu acho que n\u00f3s conseguimos manter-nos juntos, unidos e acredit\u00e1mos at\u00e9 o final. E deu certo.<\/em><br \/>\n<em>Foi um Circuito Nacional bastante competitivo e sinto que a competi\u00e7\u00e3o est\u00e1 a aumentar. Toda a gente est\u00e1 a fazer um grande esfor\u00e7o para elevar o seu n\u00edvel. E como se viu agora na final, foi um jogo super dif\u00edcil. E mesmo nos outros jogos tamb\u00e9m tivemos que dar 300% para conseguir ultrapassar esses obst\u00e1culos. E portanto queremos\u00a0 dar os parab\u00e9ns \u00e0s restantes duplas que tamb\u00e9m n\u00e3o estiveram no p\u00f3dio.<\/em><br \/>\n<em>Est\u00e3o de parab\u00e9ns porque n\u00e3o \u00e9 f\u00e1cil estar sempre a treinar, a treinar, a treinar. Para jogar no fim-de-semana n\u00e3o \u00e9 f\u00e1cil. \u00c9 uma longa caminhada e quero-lhes dar os parab\u00e9ns tamb\u00e9m.<\/em>\u201d<\/p>\n<p>Resumo do percurso internacional da dupla de Voleibol de Praia portuguesa Jo\u00e3o Pedrosa\/Hugo Campos:<br \/>\nA dupla portuguesa de Voleibol de Praia Jo\u00e3o Pedrosa\/Hugo Campos tem vindo a consolidar o seu lugar no panorama internacional, demonstrando uma evolu\u00e7\u00e3o not\u00e1vel desde 2017. O seu percurso \u00e9 um exemplo de dedica\u00e7\u00e3o e crescimento cont\u00ednuo, subindo gradualmente de n\u00edvel competitivo e conquistando resultados cada vez mais relevantes.<\/p>\n<p>O percurso da dupla come\u00e7ou com resultados promissores em competi\u00e7\u00f5es jovens e de menor dimens\u00e3o. J\u00e1 em 2017, a dupla alcan\u00e7ou um 3.\u00ba lugar na CEV Youth Continental Cup, mostrando o seu potencial. Os anos seguintes foram marcados pela participa\u00e7\u00e3o em eventos do World Tour (como era designado na altura o Circuito Mundial), inicialmente em competi\u00e7\u00f5es de 1 e 4 estrelas. Embora os resultados fossem modestos, a experi\u00eancia adquirida em torneios como o Europeu Sub-20 e Sub-22 foi crucial para o seu desenvolvimento.<\/p>\n<p>Em 2021, a dupla come\u00e7ou a dar sinais de uma maior maturidade competitiva. A conquista de dois 2.\u00ba lugares e um 3.\u00ba lugar em torneios do World Tour 1* na Bulg\u00e1ria e em Portugal demonstrou que estavam prontos para subir de patamar.<\/p>\n<p>O ano de 2022 foi de afirma\u00e7\u00e3o e um dos mais importantes na sua traject\u00f3ria. A transi\u00e7\u00e3o para o Beach Pro Tour (a nova designa\u00e7\u00e3o do Circuito Mundial) trouxe consigo uma s\u00e9rie de resultados s\u00f3lidos, destacando-se o 4.\u00ba lugar no Challenge de Torquay e a conquista de um t\u00edtulo de peso: o 1.\u00ba lugar nos Mundiais Universit\u00e1rios de Voleibol de Praia em Macei\u00f3, no Brasil. Estes resultados confirmaram o potencial da dupla e abriram portas para competi\u00e7\u00f5es de maior exig\u00eancia.<\/p>\n<p><strong><span style=\"text-decoration: underline;\">O salto para a Elite.<\/span>\u00a0<\/strong>A partir de 2023, Pedrosa e Campos consolidaram a sua presen\u00e7a no circuito internacional. O destaque deste ano foi, sem d\u00favida, a vit\u00f3ria no Beach Pro Tour Challenge de Edmonton, no Canad\u00e1, o que marcou a sua primeira grande conquista no circuito principal. Al\u00e9m disso, alcan\u00e7aram um 3.\u00ba lugar nos III Jogos do Mediterr\u00e2neo de Praia.<\/p>\n<p>Os anos de 2024 e 2025 continuaram a ser de crescimento. Em 2024, a dupla conquistou um hist\u00f3rico 3.\u00ba lugar nas Finais da Ta\u00e7a das Na\u00e7\u00f5es, na Let\u00f3nia, e um 3.\u00ba lugar no FISU World University Championship Beach Sports no Brasil.<\/p>\n<p>O ano de 2025 tem sido particularmente not\u00e1vel, com a dupla a alcan\u00e7ar regularmente a fase final em torneios Beach Pro Tour Challenge e Elite16, o patamar mais alto do circuito. O 3.\u00ba lugar no Challenge de Yucat\u00e1n (M\u00e9xico) \u00e9 o mais recente ponto alto, mostrando que a dupla est\u00e1 consistentemente a disputar os lugares cimeiros nas competi\u00e7\u00f5es mais exigentes do mundo.<\/p>\n<p>Em resumo, a traject\u00f3ria de Pedrosa e Campos \u00e9 uma hist\u00f3ria de progress\u00e3o constante, com a dupla a evoluir de jovens promessas a competidores regulares e de sucesso no Circuito Mundial de Voleibol de Praia.<\/p>\n<p><span style=\"text-decoration: underline;\">Francisco Pombeiro e Sebasti\u00e3o<\/span> Le\u00e3o conquistaram a medalha de bronze ap\u00f3s derrotarem (2-0: 21-15 e 21-13) os jovens Afonso Igl\u00e9sias e Ricardo Pedrosa, irm\u00e3o de Jo\u00e3o Pedrosa.<\/p>\n<p><img loading=\"lazy\" decoding=\"async\" class=\"size-full wp-image-42154 aligncenter\" src=\"https:\/\/fpvoleibol.pt\/fpv\/wp-content\/uploads\/2025\/08\/cnvp2025_matosinhos_podiofem_0003.jpg\" alt=\"\" width=\"960\" height=\"640\" srcset=\"https:\/\/fpvoleibol.pt\/fpv\/wp-content\/uploads\/2025\/08\/cnvp2025_matosinhos_podiofem_0003.jpg 960w, https:\/\/fpvoleibol.pt\/fpv\/wp-content\/uploads\/2025\/08\/cnvp2025_matosinhos_podiofem_0003-300x200.jpg 300w, https:\/\/fpvoleibol.pt\/fpv\/wp-content\/uploads\/2025\/08\/cnvp2025_matosinhos_podiofem_0003-768x512.jpg 768w\" sizes=\"auto, (max-width: 960px) 100vw, 960px\" \/>Em femininos, <strong>Daniela Loureiro <\/strong>e<strong> Vanessa Paquete<\/strong> conseguiram o seu primeiro t\u00edtulo nacional, depois de term\u00a0 vencido as etapas de Portim\u00e3o e Espinho, precisamente frente \u00e0s tricampe\u00e3s Beatriz Pinheiro e In\u00eas Castro, suas advers\u00e1rias na final de hoje:\u00a02-1 (15-21, 23-21 e 15-9).<\/p>\n<p>No final, Dani e Vanessa, que conseguiram o primeiro t\u00edtulo juntas, salientaram a dificuldade em tornarem um sonho realidade.<br \/>\nDepois de terem perdido na \u00abnegra\u00bb com as anteriores campe\u00e3s nacionais, acabaram por venc\u00ea-las na final.<br \/>\n\u201c<em>Como t\u00ednhamos dito ap\u00f3s esse jogo, n\u00f3s acreditamos sempre. Mas quando acontece, parece que \u00e9 meio esquisito termos ganho. Mas acho que desde o in\u00edcio deste jogo, apesar de termos perdido ontem, tanto eu como a Daniela acredit\u00e1vamos, sab\u00edamos que ia ser um jogo que o vento ia condicionar as duplas.<\/em><br \/>\n<em>Tanto n\u00f3s como elas, j\u00e1 sabemos o que cada uma vai fazer. S\u00e3o detalhes, s\u00e3o ali emo\u00e7\u00f5es que \u00e0s vezes gerem um pouco o jogo e n\u00f3s conseguimos sempre controlar as nossas. Foi um primeiro set que perdemos, foi dif\u00edcil.<\/em><br \/>\n<em>Mas n\u00f3s ao longo do dia conseguimos fazer v\u00e1rias remontadas e foi mais uma e acredit\u00e1vamos quando est\u00e1vamos a perder. Foi um campeonato bastante renhido. Sonh\u00e1vamos com isto. Obviamente sab\u00edamos que \u00edamos lutar, mas tamb\u00e9m sab\u00edamos que ia ser um campeonato muito complicado e muito desafiante pelo equil\u00edbrio das duplas.\u00a0Mas obviamente sonh\u00e1vamos em estar c\u00e1 e felizmente aconteceu<\/em>&#8220;, afirmaram.<\/p>\n<p>No \u00faltimo degrau do p\u00f3dio ficou a dupla <span style=\"text-decoration: underline;\">Margarida Santos\/Carolina Maia<\/span>, que superou (2-0: 25-23 e 21-19) Mariana Maia\/Gabriela Coelho, dupla que liderava o ranking at\u00e9 ent\u00e3o e que venceu este no nas Caldas da Rainha (5.\u00aa) e em Barcelos (4.\u00aa), para al\u00e9m de ter sido 5.\u00aa classificada na final da Ta\u00e7a das Na\u00e7\u00f5es 2025, disputada em Espinho.<\/p>\n<p style=\"text-align: center;\"><strong>Em 2024 foi assim&#8230;<\/strong><\/p>\n<p><img loading=\"lazy\" decoding=\"async\" class=\" wp-image-34437 alignleft\" src=\"https:\/\/fpvoleibol.pt\/fpv\/wp-content\/uploads\/2024\/08\/CLK2024_podio_tds_final_d.jpg\" alt=\"\" width=\"327\" height=\"218\" srcset=\"https:\/\/fpvoleibol.pt\/fpv\/wp-content\/uploads\/2024\/08\/CLK2024_podio_tds_final_d.jpg 960w, https:\/\/fpvoleibol.pt\/fpv\/wp-content\/uploads\/2024\/08\/CLK2024_podio_tds_final_d-300x200.jpg 300w, https:\/\/fpvoleibol.pt\/fpv\/wp-content\/uploads\/2024\/08\/CLK2024_podio_tds_final_d-768x512.jpg 768w\" sizes=\"auto, (max-width: 327px) 100vw, 327px\" \/>Em 2024, as duplas Beatriz Pinheiro\/In\u00eas Castro e Jo\u00e3o Pedrosa\/Hugo Campos sagraram-se tricampe\u00e3s nacionais ao vencerem, em Esmoriz, a 7.\u00aa e \u00faltima etapa do Circuito Nacional.<br \/>\nEm masculinos, Jo\u00e3o Pedrosa e Hugo Campos selaram o terceiro <a href=\"https:\/\/fpvoleibol.pt\/fpv\/wp-content\/uploads\/2024\/08\/Voleibol_de_Praia_Vencedores_Podios_2024.pdf\">t\u00edtulo nacional<\/a> consecutivo ao vencerem (2-0: 21-17 e 21-16 , na final, os manos Gon\u00e7alo e Tom\u00e1s Sousa, que j\u00e1 tinham sido vice-campe\u00f5es nacionais em 2023 e que s\u00e3o apoiados, tal como Pedrosa\/Campos, pela Federa\u00e7\u00e3o Portuguesa de Voleibol.<br \/>\nFrancisco Pombeiro e Rafael Santos arrebataram a medalha de bronze ap\u00f3s derrotarem (2-0: 21-17 e 21-16) Vladyslav Tomachov e Jo\u00e3o Francisco.<\/p>\n<p>Na final de femininos, Beatriz e In\u00eas superaram, por 2-0 (21-17 e 28-26), Juliana Antunes e T\u00e2nia Oliveira, jogadoras que como dupla foram j\u00e1 campe\u00e3s nacionais por cinco vezes, sendo que Juliana \u00e9 a atleta que conquistou mais <a href=\"https:\/\/fpvoleibol.pt\/fpv\/wp-content\/uploads\/2024\/08\/Voleibol_de_Praia_Vencedores_Podios_2024.pdf\">t\u00edtulos nacionais<\/a> (10) no Voleibol de Praia.<br \/>\nNo terceiro lugar, arrebatando a medalha de bronze, ficaram Maria Val\u00e9rio e Maria Tavares, vice-campe\u00e3s em 2023, que travaram um verdadeiro bra\u00e7o-de-ferro (2-1: 29-27, 19-21 e 15-10) com Daniela Loureiro e Raquel Lacerda, vencedoras das duas primeiras etapas do Circuito.<\/p>\n<p style=\"text-align: center;\"><strong>TODAS as informa\u00e7\u00f5es sobre o CNVP 2025 em\u00a0<a href=\"https:\/\/fpvoleibol.pt\/cnvp2025\/\">www.fpvoleibol.pt\/cnvp2025<\/a><\/strong><\/p>\n","protected":false},"excerpt":{"rendered":"<p>As duplas Hugo Campos\/Jo\u00e3o Pedrosa e Daniela Loureiro\/Vanessa Paquete sagraram-se hoje campe\u00e3s nacionais ao vencerem, no Est\u00e1dio de Praia, em Matosinhos \u2013 Cidade Europeia do Desporto 2025 \u2013 a 7.\u00aa [&hellip;]<\/p>\n","protected":false},"author":2,"featured_media":42152,"comment_status":"open","ping_status":"open","sticky":false,"template":"","format":"standard","meta":{"_monsterinsights_skip_tracking":false,"_monsterinsights_sitenote_active":false,"_monsterinsights_sitenote_note":"","_monsterinsights_sitenote_category":0,"footnotes":""},"categories":[13,9,31],"tags":[166],"class_list":{"0":"post-42147","1":"post","2":"type-post","3":"status-publish","4":"format-standard","5":"has-post-thumbnail","7":"category-arbitragem","8":"category-voleibol-de-praia","9":"category-voleitv","10":"tag-cnvp2025","11":"czr-hentry"},"aioseo_notices":[],"_links":{"self":[{"href":"https:\/\/fpvoleibol.pt\/fpv\/wp-json\/wp\/v2\/posts\/42147","targetHints":{"allow":["GET"]}}],"collection":[{"href":"https:\/\/fpvoleibol.pt\/fpv\/wp-json\/wp\/v2\/posts"}],"about":[{"href":"https:\/\/fpvoleibol.pt\/fpv\/wp-json\/wp\/v2\/types\/post"}],"author":[{"embeddable":true,"href":"https:\/\/fpvoleibol.pt\/fpv\/wp-json\/wp\/v2\/users\/2"}],"replies":[{"embeddable":true,"href":"https:\/\/fpvoleibol.pt\/fpv\/wp-json\/wp\/v2\/comments?post=42147"}],"version-history":[{"count":9,"href":"https:\/\/fpvoleibol.pt\/fpv\/wp-json\/wp\/v2\/posts\/42147\/revisions"}],"predecessor-version":[{"id":42162,"href":"https:\/\/fpvoleibol.pt\/fpv\/wp-json\/wp\/v2\/posts\/42147\/revisions\/42162"}],"wp:featuredmedia":[{"embeddable":true,"href":"https:\/\/fpvoleibol.pt\/fpv\/wp-json\/wp\/v2\/media\/42152"}],"wp:attachment":[{"href":"https:\/\/fpvoleibol.pt\/fpv\/wp-json\/wp\/v2\/media?parent=42147"}],"wp:term":[{"taxonomy":"category","embeddable":true,"href":"https:\/\/fpvoleibol.pt\/fpv\/wp-json\/wp\/v2\/categories?post=42147"},{"taxonomy":"post_tag","embeddable":true,"href":"https:\/\/fpvoleibol.pt\/fpv\/wp-json\/wp\/v2\/tags?post=42147"}],"curies":[{"name":"wp","href":"https:\/\/api.w.org\/{rel}","templated":true}]}}