{"id":42145,"date":"2025-08-14T18:00:04","date_gmt":"2025-08-14T17:00:04","guid":{"rendered":"https:\/\/fpvoleibol.pt\/fpv\/?p=42145"},"modified":"2025-08-14T18:00:04","modified_gmt":"2025-08-14T17:00:04","slug":"sub-18-masculinos-convocados","status":"publish","type":"post","link":"https:\/\/fpvoleibol.pt\/fpv\/2025\/08\/14\/sub-18-masculinos-convocados\/","title":{"rendered":"SUB-18 MASCULINOS \u2013 CONVOCADOS"},"content":{"rendered":"<p><img loading=\"lazy\" decoding=\"async\" class=\"size-full wp-image-26486 aligncenter\" src=\"https:\/\/fpvoleibol.pt\/fpv\/wp-content\/uploads\/2023\/07\/wevza_logos_d.jpg\" alt=\"\" width=\"960\" height=\"570\" srcset=\"https:\/\/fpvoleibol.pt\/fpv\/wp-content\/uploads\/2023\/07\/wevza_logos_d.jpg 960w, https:\/\/fpvoleibol.pt\/fpv\/wp-content\/uploads\/2023\/07\/wevza_logos_d-300x178.jpg 300w, https:\/\/fpvoleibol.pt\/fpv\/wp-content\/uploads\/2023\/07\/wevza_logos_d-768x456.jpg 768w\" sizes=\"auto, (max-width: 960px) 100vw, 960px\" \/>Tendo em vista a prepara\u00e7\u00e3o para o Torneio WEVZA* de qualifica\u00e7\u00e3o para o Campeonato da Europa, a realizar em Janeiro de 2026, a equipa t\u00e9cnica da Selec\u00e7\u00e3o Nacional de Sub-18 Masculinos convocou os seguintes atletas:<\/p>\n<p style=\"text-align: center;\"><span style=\"background-color: #000000; color: #ffffff;\">CONVOCADOS<\/span><\/p>\n<p style=\"text-align: center;\"><strong>AA Espinho<\/strong><br \/>\nAires Coelho<\/p>\n<p style=\"text-align: center;\"><strong>Amares Volei<\/strong><br \/>\nGabriel Ribeiro<\/p>\n<p style=\"text-align: center;\"><strong>Ala de Nun&#8217;\u00c1lvares de Gondomar<\/strong><br \/>\nJo\u00e3o Carvalho<br \/>\nNuno Gon\u00e7alves<\/p>\n<p style=\"text-align: center;\"><strong>Cast\u00ealo da Maia GC<\/strong><br \/>\nAfonso Coelho<br \/>\nDinis Oliveira<\/p>\n<p style=\"text-align: center;\"><strong>CD P\u00f3voa<\/strong><br \/>\nLu\u00eds Dias<\/p>\n<p style=\"text-align: center;\"><strong>Clube K<\/strong><br \/>\nBernardo Oliveira<\/p>\n<p style=\"text-align: center;\"><strong>Esmoriz GC<\/strong><br \/>\nAndr\u00e9 Coelho<br \/>\nDiogo Pinheiro<br \/>\nJo\u00e3o Dami\u00e3o<br \/>\nSalvador Baptista<\/p>\n<p style=\"text-align: center;\"><strong>GDC Gueif\u00e3es<\/strong><br \/>\nMiguel Teixeira<br \/>\nVasco Redondo<\/p>\n<p style=\"text-align: center;\"><strong>Leix\u00f5es SC<\/strong><br \/>\nGuilherme Cruz<\/p>\n<p style=\"text-align: center;\"><strong>SC Caldas<\/strong><br \/>\nMiguel Mota<\/p>\n<p style=\"text-align: center;\"><strong>SC Espinho<\/strong><br \/>\nTom\u00e1s Gomes<\/p>\n<p style=\"text-align: center;\"><strong>SL Benfica<\/strong><br \/>\nErik Sales<\/p>\n<p>Os treinos decorrer\u00e3o de segunda a quinta-feira no pavilh\u00e3o desportivo da Escola Secund\u00e1ria de Carolina Michaelis, no Porto, no hor\u00e1rio das 18h30 \u00e0s 21h30, tendo in\u00edcio no dia 1 de Setembro de 2025 (segunda-feira).<\/p>\n<p style=\"text-align: left;\">*<span style=\"font-size: 8pt;\">Mais conhecida pela sigla WEVZA, a Western European Volleyball Zonal Association (<strong>Associa\u00e7\u00e3o Zonal de Voleibol do Oeste Europeu ) <\/strong>foi constitu\u00edda no dia 26 de Setembro de 2013, integra oito pa\u00edses \u2013 Portugal, Espanha, Alemanha, B\u00e9lgica, It\u00e1lia, Holanda, Fran\u00e7a e Su\u00ed\u00e7a \u2013 com o<\/span><span style=\"font-size: 8pt;\"> objectivo primordial de fortalecer e fomentar a organiza\u00e7\u00e3o de actividades desportivas, tanto de Voleibol como de Voleibol de Praia, com especial \u00eanfase nas categorias de forma\u00e7\u00e3o. <\/span><span style=\"font-size: 8pt;\">A Confedera\u00e7\u00e3o Europeia de Voleibol (CEV) conta com seis associa\u00e7\u00f5es zonais: a WEVZA (Europa Ocidental), a BVA (Balc\u00e3s), a EEVZA (Europa de Leste), a MEVZA (Europa Central), a NEVZA (Europa do Norte) e ainda a SCD (Divis\u00e3o dos Pequenos Pa\u00edses), da qual fazem parte Andorra, Chipre, Ilhas Faro\u00e9, Gibraltar, Gronel\u00e2ndia, Isl\u00e2ndia, Irlanda, Liechtenstein, Luxemburgo, Malta, M\u00f3naco, Irlanda do Norte, San Marino, Esc\u00f3cia e Pa\u00eds de Gales.<\/span><\/p>\n<p style=\"text-align: center;\">Mais informa\u00e7\u00f5es:<a href=\"http:\/\/www.wevza.com\"> www.wevza.com<\/a><\/p>\n","protected":false},"excerpt":{"rendered":"<p>Tendo em vista a prepara\u00e7\u00e3o para o Torneio WEVZA* de qualifica\u00e7\u00e3o para o Campeonato da Europa, a realizar em Janeiro de 2026, a equipa t\u00e9cnica da Selec\u00e7\u00e3o Nacional de Sub-18 [&hellip;]<\/p>\n","protected":false},"author":2,"featured_media":26488,"comment_status":"open","ping_status":"open","sticky":false,"template":"","format":"standard","meta":{"_monsterinsights_skip_tracking":false,"_monsterinsights_sitenote_active":false,"_monsterinsights_sitenote_note":"","_monsterinsights_sitenote_category":0,"footnotes":""},"categories":[8],"tags":[142],"class_list":{"0":"post-42145","1":"post","2":"type-post","3":"status-publish","4":"format-standard","5":"has-post-thumbnail","7":"category-voleibol","8":"tag-europeu-de-sub-18-masculinos","9":"czr-hentry"},"aioseo_notices":[],"_links":{"self":[{"href":"https:\/\/fpvoleibol.pt\/fpv\/wp-json\/wp\/v2\/posts\/42145","targetHints":{"allow":["GET"]}}],"collection":[{"href":"https:\/\/fpvoleibol.pt\/fpv\/wp-json\/wp\/v2\/posts"}],"about":[{"href":"https:\/\/fpvoleibol.pt\/fpv\/wp-json\/wp\/v2\/types\/post"}],"author":[{"embeddable":true,"href":"https:\/\/fpvoleibol.pt\/fpv\/wp-json\/wp\/v2\/users\/2"}],"replies":[{"embeddable":true,"href":"https:\/\/fpvoleibol.pt\/fpv\/wp-json\/wp\/v2\/comments?post=42145"}],"version-history":[{"count":1,"href":"https:\/\/fpvoleibol.pt\/fpv\/wp-json\/wp\/v2\/posts\/42145\/revisions"}],"predecessor-version":[{"id":42146,"href":"https:\/\/fpvoleibol.pt\/fpv\/wp-json\/wp\/v2\/posts\/42145\/revisions\/42146"}],"wp:featuredmedia":[{"embeddable":true,"href":"https:\/\/fpvoleibol.pt\/fpv\/wp-json\/wp\/v2\/media\/26488"}],"wp:attachment":[{"href":"https:\/\/fpvoleibol.pt\/fpv\/wp-json\/wp\/v2\/media?parent=42145"}],"wp:term":[{"taxonomy":"category","embeddable":true,"href":"https:\/\/fpvoleibol.pt\/fpv\/wp-json\/wp\/v2\/categories?post=42145"},{"taxonomy":"post_tag","embeddable":true,"href":"https:\/\/fpvoleibol.pt\/fpv\/wp-json\/wp\/v2\/tags?post=42145"}],"curies":[{"name":"wp","href":"https:\/\/api.w.org\/{rel}","templated":true}]}}