{"id":42130,"date":"2025-08-12T18:04:32","date_gmt":"2025-08-12T17:04:32","guid":{"rendered":"https:\/\/fpvoleibol.pt\/fpv\/?p=42130"},"modified":"2025-08-21T09:56:42","modified_gmt":"2025-08-21T08:56:42","slug":"sorteio-do-europeu-2026-no-dia-4-de-outubro","status":"publish","type":"post","link":"https:\/\/fpvoleibol.pt\/fpv\/2025\/08\/12\/sorteio-do-europeu-2026-no-dia-4-de-outubro\/","title":{"rendered":"SORTE(IO) DO EUROPEU 2026 EM OUTUBRO"},"content":{"rendered":"<p><img loading=\"lazy\" decoding=\"async\" class=\"size-full wp-image-42071 aligncenter\" src=\"https:\/\/fpvoleibol.pt\/fpv\/wp-content\/uploads\/2025\/08\/europeu2026_porxgeo_d3.jpg\" alt=\"\" width=\"960\" height=\"768\" srcset=\"https:\/\/fpvoleibol.pt\/fpv\/wp-content\/uploads\/2025\/08\/europeu2026_porxgeo_d3.jpg 960w, https:\/\/fpvoleibol.pt\/fpv\/wp-content\/uploads\/2025\/08\/europeu2026_porxgeo_d3-300x240.jpg 300w, https:\/\/fpvoleibol.pt\/fpv\/wp-content\/uploads\/2025\/08\/europeu2026_porxgeo_d3-768x614.jpg 768w\" sizes=\"auto, (max-width: 960px) 100vw, 960px\" \/>A Confedera\u00e7\u00e3o Europeia de Voleibol (CEV) confirmou o alinhamento das 24 equipas que ir\u00e3o competir no CEV EuroVolley 2026. Entre as selec\u00e7\u00f5es apuradas, destaca-se a presen\u00e7a de Portugal, que garantiu um lugar na fase final pela segunda vez na sua hist\u00f3ria*.<\/p>\n<p>A equipa portuguesa, orientada por Hugo Silva, assegurou o apuramento como uma das cinco melhores segundas classificadas, ap\u00f3s uma campanha not\u00e1vel na fase de qualifica\u00e7\u00e3o. \u00c0 derrota tangencial (2-3) em Espanha seguiu-se a vit\u00f3ria decisiva por 3-0 (25-8, 25-16 e 25-18) contra a Ge\u00f3rgia, no Pavilh\u00e3o Municipal de Santo Tirso, foi o ponto alto desta jornada, um jogo que foi transmitido em directo na RTP.<\/p>\n<p>A presta\u00e7\u00e3o portuguesa n\u00e3o passou despercebida, com v\u00e1rias atletas a destacarem-se individualmente. Amanda Cavalcanti foi a <a href=\"https:\/\/eurovolley.cev.eu\/en\/2026\/women\/statistics\/\">melhor no bloco<\/a> na fase de qualifica\u00e7\u00e3o, Mariana Garcez a segunda melhor no servi\u00e7o, e Alice Clemente a s\u00e9tima melhor. Estes <a href=\"https:\/\/eurovolley.cev.eu\/en\/2026\/women\/statistics\/\">resultados individuais<\/a> sublinham a for\u00e7a colectiva da equipa e o talento das suas jogadoras.<\/p>\n<p>O sorteio que ir\u00e1 definir a composi\u00e7\u00e3o dos grupos para o CEV EuroVolley 2026, que se realiza entre 21 de Agosto e 6 de Setembro do pr\u00f3ximo ano, est\u00e1 agendado para o final da tarde do dia 4 de Outubro (a confirmar), em Bari, It\u00e1lia.<\/p>\n<p>As 24 selec\u00e7\u00f5es apuradas:<\/p>\n<p><span style=\"text-decoration: underline;\">Qualifica\u00e7\u00e3o autom\u00e1tica<\/span>:<\/p>\n<p>. <strong>Anfitri\u00e3s<\/strong>: Turquia, Azerbaij\u00e3o, Ch\u00e9quia e Su\u00e9cia.<\/p>\n<p>. <strong>Top 8 EuroVolley 2023<\/strong>: S\u00e9rvia, Pa\u00edses Baixos, It\u00e1lia, Pol\u00f3nia, Fran\u00e7a, Bulg\u00e1ria, Ucr\u00e2nia e Eslov\u00e1quia.<\/p>\n<p><span style=\"text-decoration: underline;\">Apuradas na fase de qualifica\u00e7\u00e3o<\/span>:<\/p>\n<p>. <strong>Vencedoras dos Grupos<\/strong>: Alemanha (Grupo A), B\u00e9lgica (Grupo B), Eslov\u00e9nia (Grupo C), Montenegro (Grupo D), Espanha (Grupo E), Gr\u00e9cia (Grupo F), Cro\u00e1cia (Grupo G)<\/p>\n<p>. <strong>Melhores Segundas Classificadas<\/strong>: Hungria (Grupo B), Let\u00f3nia (Grupo D), Portugal (Grupo E), \u00c1ustria (Grupo F) e Rom\u00e9nia (Grupo G).<\/p>\n<p>O apuramento da equipa feminina de seniores junta-se ao sucesso j\u00e1 alcan\u00e7ado pelas selec\u00e7\u00f5es nacionais de seniores masculinos e de Sub-22 femininos, que tamb\u00e9m garantiram a sua presen\u00e7a nos respectivos Europeus de 2026, solidificando um per\u00edodo de grande sucesso para o Voleibol portugu\u00eas.<\/p>\n<p>Ap\u00f3s a vit\u00f3ria categ\u00f3rica por 3-0 sobre a Ge\u00f3rgia, o Seleccionador Nacional, Hugo Silva, afirmou que a chave para o apuramento foi o jogo anterior. &#8220;<em>O grande momento foi em Espanha, aquele ponto que fizemos e eu diria que at\u00e9 pod\u00edamos ter ganho o jogo se tiv\u00e9ssemos conseguido manter o foco at\u00e9 o fim. Eu acho que a\u00ed foi o passo gigante para aquilo que foi este desfecho<\/em>.&#8221;<\/p>\n<p>O t\u00e9cnico destacou a evolu\u00e7\u00e3o e o potencial da equipa. &#8220;T<em>odo o trajecto que estas atletas tiveram nos \u00faltimos dois, tr\u00eas anos&#8230; talvez seja a melhor selec\u00e7\u00e3o de sempre. N\u00e3o s\u00f3 pelo que conseguiram, mas tamb\u00e9m pelo potencial que t\u00eam<\/em>.&#8221;<\/p>\n<p>Questionado sobre as expectativas para o Europeu, Hugo Silva manteve a ambi\u00e7\u00e3o, mas com os p\u00e9s na terra. &#8220;<em>N\u00e3o devemos esquecer que temos atletas de 19 anos. Querer fazer melhor do que aquilo que foi o \u00faltimo Europeu. Fic\u00e1mos em \u00faltimo e, portanto, queremos fazer melhor. Acho que isso \u00e9 sempre um objectivo inicial. Depois \u00e9 ir sentindo para o ano, vamos ver como \u00e9 que chegam as jogadoras, como \u00e9 que v\u00eam dos clubes e, em fun\u00e7\u00e3o disso, vamos ver onde \u00e9 que podemos esticar aquilo que s\u00e3o os nossos objectivos<\/em>.&#8221;<\/p>\n<p>O Seleccionador lembrou ainda a import\u00e2ncia do trabalho e dedica\u00e7\u00e3o das jogadoras, que est\u00e3o &#8220;<em>h\u00e1 tr\u00eas meses<\/em>&#8221; concentradas, o que \u00e9 algo incomum noutras modalidades. &#8220;<em>Nem sempre \u00e9 poss\u00edvel, mas ainda bem, eu acho que elas merecem este pr\u00e9mio<\/em>.&#8221;<\/p>\n<p>*O a<span style=\"text-decoration: underline;\">no de 2019 ficou marcado pela presen\u00e7a in\u00e9dita da Selec\u00e7\u00e3o Nacional de Seniores Femininos<\/span> no Campeonato da Europa.<br \/>\nNa Pool B do EuroVolley, com sede na cidade polaca de Lodz, as portuguesas defrontaram, sucessivamente, a It\u00e1lia, a Pol\u00f3nia, a Eslov\u00e9nia, a B\u00e9lgica e a Ucr\u00e2nia. Apesar de enfrentarem com ousadia esta luta desigual, as lusitanas apenas venceram um set, frente \u00e0s belgas, que passa a ser o primeiro na prova-rainha europeia.<br \/>\nA S\u00e9rvia revalidou o t\u00edtulo de campe\u00e3 ao vencer, pela diferen\u00e7a m\u00ednima (3-2: 21-25, 25-21, 25-21, 22-25 e 15-13), a Turquia na final do Campeonato da Europa, disputada em Ancara, a capital otomana.<\/p>\n<p style=\"text-align: center;\"><span style=\"background-color: #000000; color: #ffffff;\"><img loading=\"lazy\" decoding=\"async\" class=\"size-full wp-image-42132 aligncenter\" src=\"https:\/\/fpvoleibol.pt\/fpv\/wp-content\/uploads\/2025\/08\/SNSFem_fest.jpg\" alt=\"\" width=\"960\" height=\"640\" srcset=\"https:\/\/fpvoleibol.pt\/fpv\/wp-content\/uploads\/2025\/08\/SNSFem_fest.jpg 960w, https:\/\/fpvoleibol.pt\/fpv\/wp-content\/uploads\/2025\/08\/SNSFem_fest-300x200.jpg 300w, https:\/\/fpvoleibol.pt\/fpv\/wp-content\/uploads\/2025\/08\/SNSFem_fest-768x512.jpg 768w\" sizes=\"auto, (max-width: 960px) 100vw, 960px\" \/>JOGADORAS<\/span><\/p>\n<p style=\"text-align: center;\"><strong>DISTRIBUIDORAS<\/strong><br \/>\nAna Figueiras (SC Braga) e Mariana Garcez (SL Benfica)<\/p>\n<p style=\"text-align: center;\"><strong>LIBEROS<\/strong><br \/>\nRaquel Moreno (Vit\u00f3ria SC) e Matilde Calado Rodrigues (SC Braga)<\/p>\n<p style=\"text-align: center;\"><strong>OPOSTAS<\/strong><br \/>\nMaria Reis Lopes (SC Braga) e J\u00falia Kavalenka (CDA Volley Talmassons &#8211; ITA)<\/p>\n<p style=\"text-align: center;\"><strong>ZONAS 4<\/strong><br \/>\nAlice Clemente (SL Benfica), Ana Rui Monteiro (FC Porto), Margarida Maia (SC Braga) e Sofia Gouveia (Cast\u00ealo da Maia GC)<\/p>\n<p style=\"text-align: center;\"><strong>CENTRAIS<\/strong><br \/>\nAmanda Cavalcanti (Sporting CP), Joana Garcez (SL Benfica), Raissa Cassam\u00e1 (Vit\u00f3ria SC) e Marlene Pereira (Leix\u00f5es SC)<\/p>\n<p style=\"text-align: center;\"><span style=\"background-color: #000000; color: #ffffff;\">Team Manager<\/span><br \/>\nArnaldo Rocha<\/p>\n<p style=\"text-align: center;\"><span style=\"background-color: #000000; color: #ffffff;\">EQUIPA T\u00c9CNICA<\/span><\/p>\n<p style=\"text-align: center;\"><strong>Treinador Principal<\/strong>: Hugo Silva<br \/>\n<strong>Treinador Adjunto<\/strong>: Filipe Vit\u00f3<br \/>\n<strong>Scouter<\/strong>: Jo\u00e3o Campos<br \/>\n<strong>Fisioterapeuta<\/strong>: Rita Cardoso<\/p>\n<p style=\"text-align: center;\">Mais informa\u00e7\u00f5es em <a href=\"http:\/\/www.cev.eu\">www.cev.eu<\/a><\/p>\n<p style=\"text-align: center;\"><span style=\"text-decoration: underline;\"><strong>\u00c1rbitros portugueses em ac\u00e7\u00e3o no Europeu<\/strong><\/span><\/p>\n<p><strong>Nuno Teixeira<\/strong><br \/>\nEspanha x Su\u00ed\u00e7a, da Pool E da Fase de Qualifica\u00e7\u00e3o para o Campeonato da Europa de Seniores Masculinos, no dia 13 de Agosto, em Espanha.<\/p>\n<p><strong>V\u00edtor Gon\u00e7alves<\/strong><br \/>\nSu\u00ed\u00e7a x Su\u00e9cia, da Pool E da Fase de Qualifica\u00e7\u00e3o para o Campeonato da Europa de Seniores Masculinos, no dia 16 de Agosto, na Su\u00ed\u00e7a.<\/p>\n","protected":false},"excerpt":{"rendered":"<p>A Confedera\u00e7\u00e3o Europeia de Voleibol (CEV) confirmou o alinhamento das 24 equipas que ir\u00e3o competir no CEV EuroVolley 2026. Entre as selec\u00e7\u00f5es apuradas, destaca-se a presen\u00e7a de Portugal, que garantiu [&hellip;]<\/p>\n","protected":false},"author":2,"featured_media":42131,"comment_status":"open","ping_status":"open","sticky":false,"template":"","format":"standard","meta":{"_monsterinsights_skip_tracking":false,"_monsterinsights_sitenote_active":false,"_monsterinsights_sitenote_note":"","_monsterinsights_sitenote_category":0,"footnotes":""},"categories":[13,8],"tags":[130],"class_list":{"0":"post-42130","1":"post","2":"type-post","3":"status-publish","4":"format-standard","5":"has-post-thumbnail","7":"category-arbitragem","8":"category-voleibol","9":"tag-campeonato-da-europa-2026","10":"czr-hentry"},"aioseo_notices":[],"_links":{"self":[{"href":"https:\/\/fpvoleibol.pt\/fpv\/wp-json\/wp\/v2\/posts\/42130","targetHints":{"allow":["GET"]}}],"collection":[{"href":"https:\/\/fpvoleibol.pt\/fpv\/wp-json\/wp\/v2\/posts"}],"about":[{"href":"https:\/\/fpvoleibol.pt\/fpv\/wp-json\/wp\/v2\/types\/post"}],"author":[{"embeddable":true,"href":"https:\/\/fpvoleibol.pt\/fpv\/wp-json\/wp\/v2\/users\/2"}],"replies":[{"embeddable":true,"href":"https:\/\/fpvoleibol.pt\/fpv\/wp-json\/wp\/v2\/comments?post=42130"}],"version-history":[{"count":4,"href":"https:\/\/fpvoleibol.pt\/fpv\/wp-json\/wp\/v2\/posts\/42130\/revisions"}],"predecessor-version":[{"id":42226,"href":"https:\/\/fpvoleibol.pt\/fpv\/wp-json\/wp\/v2\/posts\/42130\/revisions\/42226"}],"wp:featuredmedia":[{"embeddable":true,"href":"https:\/\/fpvoleibol.pt\/fpv\/wp-json\/wp\/v2\/media\/42131"}],"wp:attachment":[{"href":"https:\/\/fpvoleibol.pt\/fpv\/wp-json\/wp\/v2\/media?parent=42130"}],"wp:term":[{"taxonomy":"category","embeddable":true,"href":"https:\/\/fpvoleibol.pt\/fpv\/wp-json\/wp\/v2\/categories?post=42130"},{"taxonomy":"post_tag","embeddable":true,"href":"https:\/\/fpvoleibol.pt\/fpv\/wp-json\/wp\/v2\/tags?post=42130"}],"curies":[{"name":"wp","href":"https:\/\/api.w.org\/{rel}","templated":true}]}}