{"id":42061,"date":"2025-08-10T20:29:31","date_gmt":"2025-08-10T19:29:31","guid":{"rendered":"https:\/\/fpvoleibol.pt\/fpv\/?p=42061"},"modified":"2025-08-12T17:36:55","modified_gmt":"2025-08-12T16:36:55","slug":"portuguesas-na-fase-final-do-europeu-pela-segunda-vez","status":"publish","type":"post","link":"https:\/\/fpvoleibol.pt\/fpv\/2025\/08\/10\/portuguesas-na-fase-final-do-europeu-pela-segunda-vez\/","title":{"rendered":"PORTUGUESAS NA FASE FINAL DO EUROPEU PELA SEGUNDA VEZ"},"content":{"rendered":"<p><img loading=\"lazy\" decoding=\"async\" class=\"size-full wp-image-42070 aligncenter\" src=\"https:\/\/fpvoleibol.pt\/fpv\/wp-content\/uploads\/2025\/08\/europeu2026_porxgeo_d1.jpg\" alt=\"\" width=\"960\" height=\"640\" srcset=\"https:\/\/fpvoleibol.pt\/fpv\/wp-content\/uploads\/2025\/08\/europeu2026_porxgeo_d1.jpg 960w, https:\/\/fpvoleibol.pt\/fpv\/wp-content\/uploads\/2025\/08\/europeu2026_porxgeo_d1-300x200.jpg 300w, https:\/\/fpvoleibol.pt\/fpv\/wp-content\/uploads\/2025\/08\/europeu2026_porxgeo_d1-768x512.jpg 768w\" sizes=\"auto, (max-width: 960px) 100vw, 960px\" \/>A <strong>Selec\u00e7\u00e3o Nacional de Seniores Femininos<\/strong>, orientada por Hugo Silva, venceu hoje, por <a href=\"https:\/\/www-old.cev.eu\/Competition-Area\/MatchStatistics.aspx?ID=72766\">3-0 (25-8, 25-16 e 25-18)<\/a>, no Pavilh\u00e3o Municipal de Santo Tirso, a sua cong\u00e9nere da Ge\u00f3rgia, no \u00faltimo jogo da Pool E da fase de qualifica\u00e7\u00e3o para o Campeonato da Europa de 2026, que foi transmitido em directo na RTP.<br \/>\nCom este resultado, Portugal apurou-se, pela segunda vez no seu historial*, para a fase final de um Campeonato da Europa, desta feita como uma das cinco selec\u00e7\u00f5es melhores segundas classificadas na fase de apuramento.<br \/>\nAs selec\u00e7\u00f5es portuguesas de seniores masculinos e de Sub-22 femininos est\u00e3o tamb\u00e9m j\u00e1 apuradas para os respectivos Europeus 2026.<\/p>\n<p>No dia 17 de Agosto de 2024, Portugal j\u00e1 tinha vencido por 3-0 (25-23, 25-18 e 25-21) a Ge\u00f3rgia em Tbilisi, no jogo inaugural da Pool E do Eeuropeu 2026, igualmente transmitido em directo na RTP.<\/p>\n<p>Portugal venceu, sempre pela margem m\u00e1xima (3-0), os \u00faltimos cinco embates com a Ge\u00f3rgia, que ocorreram em 2004 (qualifica\u00e7\u00e3o para o Europeu 2026), 2019, 2021 e 2023, sendo que os dois \u00faltimos foram relativos \u00e0 European Silver League, competi\u00e7\u00e3o que as portuguesas venceriam em 2024.<\/p>\n<p style=\"text-align: center;\"><strong><img loading=\"lazy\" decoding=\"async\" class=\"size-full wp-image-42069 aligncenter\" src=\"https:\/\/fpvoleibol.pt\/fpv\/wp-content\/uploads\/2025\/08\/europeu2026_porxgeo_d2.jpg\" alt=\"\" width=\"960\" height=\"640\" srcset=\"https:\/\/fpvoleibol.pt\/fpv\/wp-content\/uploads\/2025\/08\/europeu2026_porxgeo_d2.jpg 960w, https:\/\/fpvoleibol.pt\/fpv\/wp-content\/uploads\/2025\/08\/europeu2026_porxgeo_d2-300x200.jpg 300w, https:\/\/fpvoleibol.pt\/fpv\/wp-content\/uploads\/2025\/08\/europeu2026_porxgeo_d2-768x512.jpg 768w\" sizes=\"auto, (max-width: 960px) 100vw, 960px\" \/>Portugal x Ge\u00f3rgia, 3-0 (25-8, 25-16 e 25-18)<\/strong><\/p>\n<p><strong>1.\u00ba Set<\/strong><br \/>\nUm servi\u00e7o directo de Mariana Garcez permitiu que Portugal se afastasse da Ge\u00f3rgia (4-1). J\u00falia Kavalenka, com o seu terceiro ponto no ataque, e um servi\u00e7o de Amanda Cavalcanti adiantaram a Selec\u00e7\u00e3o Nacional, sempre forte e entusiasticamente apoiada pelo numeroso p\u00fablico (9-4).<br \/>\nUm bloco de Joana Garcez a Melania Katsitadze tornou ainda mais evidente a supremacia das portuguesas (17-6).<br \/>\nA central, que foi a portuguesa mais concretizadora no primeiro parcial, ainda haveria de dilatar mais a diferen\u00e7a, com um servi\u00e7o directo (20-7).<br \/>\nO resultado, bem desnivelado (25-8), mostrou bem a diferen\u00e7a entre a exibi\u00e7\u00e3o e o real valor das duas selec\u00e7\u00f5es.<\/p>\n<p><strong>2.\u00ba Set<\/strong><br \/>\nA equipa treinada por Yurii Melnychuk entrou no segundo parcial determinada a dificultar a vida \u00e0s portuguesas e conseguiu-o, mas apenas nos momentos iniciais (1-1, 2-3, 3-6). Depois, o poderio ofensivo das portuguesas, bem apoiado na recep\u00e7\u00e3o\/defesa\/bloco, voltou a tornar evidente a qualidade das duas selec\u00e7\u00f5es, com a orientada por Hugo Silva a brilhar na compara\u00e7\u00e3o (13-8).<br \/>\nA Ge\u00f3rgia ainda reagiu (17-13) com um bloco de Magda Kobaidze, mas Portugal respondeu prontamente com um bloco de Joana Garcez e um ataque de Alice Clemente (20-13).<br \/>\nUm servi\u00e7o directo e um ataque de segunda linha de Ana Monteiro acabaram de vez com a resist\u00eancia das georgianas (22-13). E Portugal deu mais um passo rumo ao triunfo e&#8230; \u00e0 fase final do Europeu: 25-16.<\/p>\n<p><strong>3.\u00ba Set<\/strong><br \/>\nMais uma vez, a Ge\u00f3rgia deu o tudo por tudo nos momentos iniciais (3-1), procurando desestabilizar a concentra\u00e7\u00e3o portuguesa e criar fissuras na estrat\u00e9gia urdida por Hugo Silva, que rodou praticamente toda a equipa.<br \/>\nDurou pouco a press\u00e3o georgiana. Joana Garcez igualou com um bloco e Amanda Cavalcanti colocou Portugal na lideran\u00e7a pela primeira vez com um servi\u00e7o directo (5-4).<br \/>\nDois pontos da capit\u00e3 Magda Kobaidze aproximaram as georgianas (8-7), mas um servi\u00e7o de Margarida Maia voltou a colocar a descoberto as lacunas da equipa forasteira (10-7). Mais tr\u00eas servi\u00e7os da \u00abn\u00famero 13\u00bb lusitana e Portugal afastou-se irremediavelmente (14-7)&#8230;<br \/>\nO (t\u00e3o) esperado 25-18 teve a chancela de Marlene Pereira.<\/p>\n<p><strong>Alice Clemente<\/strong>, <strong>Margarida Maia <\/strong>e <strong>Amanda Cavalcanti<\/strong>, cada uma com 10 pontos, foram as melhores pontuadoras do jogo, enquanto Magda Kobaidze, com 7, foi a jogadora mais concretizadora da Ge\u00f3rgia. Ver estat\u00edstica <a href=\"https:\/\/www-old.cev.eu\/Competition-Area\/MatchStatistics.aspx?ID=72766\">AQUI<\/a><\/p>\n<p>Na fase final do pr\u00f3ximo Campeonato da Europa &#8211; a disputar de 21 de Agosto a 6 de Setembro de 2026 -, a Turquia, actual campe\u00e3 europeia, ser\u00e1 anfitri\u00e3 desde a fase de grupos at\u00e9 aos jogos das medalhas. Brno, na Ch\u00e9quia, acolher\u00e1 um grupo e metade dos jogos dos oitavos e quartos-de-final. Baku, no Azerbaij\u00e3o, e Gotemburgo, na Su\u00e9cia, ser\u00e3o as cidades-sede dos restantes dois grupos. Esta ser\u00e1 a quarta edi\u00e7\u00e3o consecutiva do CEV EuroVolley Feminino a decorrer em quatro pa\u00edses, seguindo a reformula\u00e7\u00e3o do campeonato continental em 2019.<\/p>\n<p style=\"text-align: center;\"><span style=\"background-color: #000000; color: #ffffff;\"><img loading=\"lazy\" decoding=\"async\" class=\"size-full wp-image-42071 aligncenter\" src=\"https:\/\/fpvoleibol.pt\/fpv\/wp-content\/uploads\/2025\/08\/europeu2026_porxgeo_d3.jpg\" alt=\"\" width=\"960\" height=\"768\" srcset=\"https:\/\/fpvoleibol.pt\/fpv\/wp-content\/uploads\/2025\/08\/europeu2026_porxgeo_d3.jpg 960w, https:\/\/fpvoleibol.pt\/fpv\/wp-content\/uploads\/2025\/08\/europeu2026_porxgeo_d3-300x240.jpg 300w, https:\/\/fpvoleibol.pt\/fpv\/wp-content\/uploads\/2025\/08\/europeu2026_porxgeo_d3-768x614.jpg 768w\" sizes=\"auto, (max-width: 960px) 100vw, 960px\" \/>Hugo Silva: &#8220;Talvez seja a melhor<br \/>\nselec\u00e7\u00e3o de sempre&#8221;<\/span><\/p>\n<p><img loading=\"lazy\" decoding=\"async\" class=\" wp-image-42098 alignleft\" src=\"https:\/\/fpvoleibol.pt\/fpv\/wp-content\/uploads\/2025\/08\/Europeu2026_PORxGEO_vip.jpg\" alt=\"\" width=\"416\" height=\"247\" srcset=\"https:\/\/fpvoleibol.pt\/fpv\/wp-content\/uploads\/2025\/08\/Europeu2026_PORxGEO_vip.jpg 960w, https:\/\/fpvoleibol.pt\/fpv\/wp-content\/uploads\/2025\/08\/Europeu2026_PORxGEO_vip-300x178.jpg 300w, https:\/\/fpvoleibol.pt\/fpv\/wp-content\/uploads\/2025\/08\/Europeu2026_PORxGEO_vip-768x456.jpg 768w\" sizes=\"auto, (max-width: 416px) 100vw, 416px\" \/>Ap\u00f3s a vit\u00f3ria categ\u00f3rica por 3-0 sobre a Ge\u00f3rgia, o Seleccionador Nacional, Hugo Silva, afirmou que a chave para o apuramento foi o jogo anterior. &#8220;<em>O grande momento foi em Espanha, aquele ponto que fizemos e eu diria que at\u00e9 pod\u00edamos ter ganho o jogo se tiv\u00e9ssemos conseguido manter o foco at\u00e9 o fim. Eu acho que a\u00ed foi o passo gigante para aquilo que foi este desfecho<\/em>.&#8221;<\/p>\n<p>O t\u00e9cnico destacou a evolu\u00e7\u00e3o e o potencial da equipa. &#8220;T<em>odo o trajecto que estas atletas tiveram nos \u00faltimos dois, tr\u00eas anos&#8230; talvez seja a melhor selec\u00e7\u00e3o de sempre. N\u00e3o s\u00f3 pelo que conseguiram, mas tamb\u00e9m pelo potencial que t\u00eam<\/em>.&#8221;<\/p>\n<p>Questionado sobre as expectativas para o Europeu, Hugo Silva manteve a ambi\u00e7\u00e3o, mas com os p\u00e9s na terra. &#8220;<em>N\u00e3o devemos esquecer que temos atletas de 19 anos. Querer fazer melhor do que aquilo que foi o \u00faltimo Europeu. Fic\u00e1mos em \u00faltimo e, portanto, queremos fazer melhor. Acho que isso \u00e9 sempre um objectivo inicial. Depois \u00e9 ir sentindo para o ano, vamos ver como \u00e9 que chegam as jogadoras, como \u00e9 que v\u00eam dos clubes e, em fun\u00e7\u00e3o disso, vamos ver onde \u00e9 que podemos esticar aquilo que s\u00e3o os nossos objectivos<\/em>.&#8221;<\/p>\n<p>O Seleccionador lembrou ainda a import\u00e2ncia do trabalho e dedica\u00e7\u00e3o das jogadoras, que est\u00e3o &#8220;<em>h\u00e1 tr\u00eas meses<\/em>&#8221; concentradas, o que \u00e9 algo incomum noutras modalidades. &#8220;<em>Nem sempre \u00e9 poss\u00edvel, mas ainda bem, eu acho que elas merecem este pr\u00e9mio<\/em>.&#8221; <span style=\"font-size: 14px;\"><strong>[Foto: <a href=\"https:\/\/www.cm-stirso.pt\/\">CMST<\/a>]<\/strong><\/span><\/p>\n<p style=\"text-align: center;\"><span style=\"background-color: #000000; color: #ffffff;\">Alice Clemente: &#8220;Para mim,<br \/>\n\u00e9 uma conquista pessoal e colectiva&#8221;<\/span><\/p>\n<p><strong>Alice Clemente<\/strong>, a melhor pontuadora do jogo, a par de <span style=\"text-decoration: underline;\">Margarida Maia e Amanda Cavalcanti<\/span>, mostrou-se muito feliz com a qualifica\u00e7\u00e3o, que para ela tem um significado especial. &#8220;<em>\u00c9 muito importante, eu estou muito feliz. N\u00f3s, da \u00faltima vez que fomos apuradas para o Europeu, eu n\u00e3o tive a oportunidade de ir. Portanto, neste momento, para mim, \u00e9 uma conquista pessoal e colectiva.<\/em>&#8221;<\/p>\n<p>A atleta destacou o esp\u00edrito de grupo e o trabalho \u00e1rduo. &#8220;<em>Gosto muito do grupo e trabalh\u00e1mos imenso para este objectivo e cumpri-lo foi impec\u00e1vel<\/em>.&#8221;<\/p>\n<p>A qualifica\u00e7\u00e3o \u00e9 vista como mais uma prova do crescimento da modalidade.<br \/>\n&#8220;<em>Isto \u00e9 mais uma demonstra\u00e7\u00e3o da evolu\u00e7\u00e3o do Voleibol feminino em Portugal<\/em>\u201d, salientou.<\/p>\n<p>Sobre os objectivos futuros, Alice refor\u00e7ou a ambi\u00e7\u00e3o da equipa jovem. &#8220;<em>N\u00f3s temos uma margem muito grande de progress\u00e3o, tendo em conta que somos uma equipa muito jovem. Para o ano, conseguirmos at\u00e9 melhores resultados na Golden League e, claramente, fazer a melhor presta\u00e7\u00e3o que conseguirmos no Europeu<\/em>.&#8221;<\/p>\n<p>Por fim, a jogadora falou sobre a liga\u00e7\u00e3o com o p\u00fablico. &#8220;<em>Hoje n\u00e3o tivemos uma casa cheia, \u00e9 percept\u00edvel e compreens\u00edvel, pois estamos na altura do Ver\u00e3o, mas mesmo assim conseguimos completar muitas bancadas aqui de Santo Tirso. E \u00e9 muito importante para n\u00f3s, \u00e9 sinal que as pessoas acreditam em n\u00f3s e querem ver esta nossa evolu\u00e7\u00e3o&#8230; e n\u00f3s somos a prova disso<\/em>.&#8221;<\/p>\n<p>*O a<span style=\"text-decoration: underline;\">no de 2019 ficou marcado pela presen\u00e7a in\u00e9dita da Selec\u00e7\u00e3o Nacional de Seniores Femininos<\/span> no Campeonato da Europa.<br \/>\nNa Pool B do EuroVolley, com sede na cidade polaca de Lodz, as portuguesas defrontaram, sucessivamente, a It\u00e1lia, a Pol\u00f3nia, a Eslov\u00e9nia, a B\u00e9lgica e a Ucr\u00e2nia. Apesar de enfrentarem com ousadia esta luta desigual, as lusitanas apenas venceram um set, frente \u00e0s belgas, que passa a ser o primeiro na prova-rainha europeia.<br \/>\nA S\u00e9rvia revalidou o t\u00edtulo de campe\u00e3 ao vencer, pela diferen\u00e7a m\u00ednima (3-2: 21-25, 25-21, 25-21, 22-25 e 15-13), a Turquia na final do Campeonato da Europa, disputada em Ancara, a capital otomana.<\/p>\n<p style=\"text-align: center;\"><span style=\"background-color: #000000; color: #ffffff;\">JOGADORAS<\/span><\/p>\n<p style=\"text-align: center;\"><strong>DISTRIBUIDORAS<\/strong><br \/>\nAna Figueiras (SC Braga) e Mariana Garcez (SL Benfica)<\/p>\n<p style=\"text-align: center;\"><strong>LIBEROS<\/strong><br \/>\nRaquel Moreno (Vit\u00f3ria SC) e Matilde Calado Rodrigues (SC Braga)<\/p>\n<p style=\"text-align: center;\"><strong>OPOSTAS<\/strong><br \/>\nMaria Reis Lopes (SC Braga) e J\u00falia Kavalenka (CDA Volley Talmassons &#8211; ITA)<\/p>\n<p style=\"text-align: center;\"><strong>ZONAS 4<\/strong><br \/>\nAlice Clemente (SL Benfica), Ana Rui Monteiro (FC Porto), Margarida Maia (SC Braga) e Sofia Gouveia (Cast\u00ealo da Maia GC)<\/p>\n<p style=\"text-align: center;\"><strong>CENTRAIS<\/strong><br \/>\nAmanda Cavalcanti (Sporting CP), Joana Garcez (SL Benfica), Raissa Cassam\u00e1 (Vit\u00f3ria SC) e Marlene Pereira (Leix\u00f5es SC)<\/p>\n<p style=\"text-align: center;\"><span style=\"background-color: #000000; color: #ffffff;\">Team Manager<\/span><br \/>\nArnaldo Rocha<\/p>\n<p style=\"text-align: center;\"><span style=\"background-color: #000000; color: #ffffff;\">EQUIPA T\u00c9CNICA<\/span><\/p>\n<p style=\"text-align: center;\"><strong>Treinador Principal<\/strong>: Hugo Silva<br \/>\n<strong>Treinador Adjunto<\/strong>: Filipe Vit\u00f3<br \/>\n<strong>Scouter<\/strong>: Jo\u00e3o Campos<br \/>\n<strong>Fisioterapeuta<\/strong>: Rita Cardoso<\/p>\n<p style=\"text-align: center;\">Mais informa\u00e7\u00f5es em <a href=\"http:\/\/www.cev.eu\">www.cev.eu<\/a><\/p>\n","protected":false},"excerpt":{"rendered":"<p>A Selec\u00e7\u00e3o Nacional de Seniores Femininos, orientada por Hugo Silva, venceu hoje, por 3-0 (25-8, 25-16 e 25-18), no Pavilh\u00e3o Municipal de Santo Tirso, a sua cong\u00e9nere da Ge\u00f3rgia, no [&hellip;]<\/p>\n","protected":false},"author":2,"featured_media":42072,"comment_status":"open","ping_status":"open","sticky":false,"template":"","format":"standard","meta":{"_monsterinsights_skip_tracking":false,"_monsterinsights_sitenote_active":false,"_monsterinsights_sitenote_note":"","_monsterinsights_sitenote_category":0,"footnotes":""},"categories":[13,8],"tags":[130],"class_list":{"0":"post-42061","1":"post","2":"type-post","3":"status-publish","4":"format-standard","5":"has-post-thumbnail","7":"category-arbitragem","8":"category-voleibol","9":"tag-campeonato-da-europa-2026","10":"czr-hentry"},"aioseo_notices":[],"_links":{"self":[{"href":"https:\/\/fpvoleibol.pt\/fpv\/wp-json\/wp\/v2\/posts\/42061","targetHints":{"allow":["GET"]}}],"collection":[{"href":"https:\/\/fpvoleibol.pt\/fpv\/wp-json\/wp\/v2\/posts"}],"about":[{"href":"https:\/\/fpvoleibol.pt\/fpv\/wp-json\/wp\/v2\/types\/post"}],"author":[{"embeddable":true,"href":"https:\/\/fpvoleibol.pt\/fpv\/wp-json\/wp\/v2\/users\/2"}],"replies":[{"embeddable":true,"href":"https:\/\/fpvoleibol.pt\/fpv\/wp-json\/wp\/v2\/comments?post=42061"}],"version-history":[{"count":13,"href":"https:\/\/fpvoleibol.pt\/fpv\/wp-json\/wp\/v2\/posts\/42061\/revisions"}],"predecessor-version":[{"id":42099,"href":"https:\/\/fpvoleibol.pt\/fpv\/wp-json\/wp\/v2\/posts\/42061\/revisions\/42099"}],"wp:featuredmedia":[{"embeddable":true,"href":"https:\/\/fpvoleibol.pt\/fpv\/wp-json\/wp\/v2\/media\/42072"}],"wp:attachment":[{"href":"https:\/\/fpvoleibol.pt\/fpv\/wp-json\/wp\/v2\/media?parent=42061"}],"wp:term":[{"taxonomy":"category","embeddable":true,"href":"https:\/\/fpvoleibol.pt\/fpv\/wp-json\/wp\/v2\/categories?post=42061"},{"taxonomy":"post_tag","embeddable":true,"href":"https:\/\/fpvoleibol.pt\/fpv\/wp-json\/wp\/v2\/tags?post=42061"}],"curies":[{"name":"wp","href":"https:\/\/api.w.org\/{rel}","templated":true}]}}