{"id":41785,"date":"2025-08-01T11:16:16","date_gmt":"2025-08-01T10:16:16","guid":{"rendered":"https:\/\/fpvoleibol.pt\/fpv\/?p=41785"},"modified":"2025-08-05T18:07:17","modified_gmt":"2025-08-05T17:07:17","slug":"europeu-2026-em-busca-de-um-sonho-colectivo","status":"publish","type":"post","link":"https:\/\/fpvoleibol.pt\/fpv\/2025\/08\/01\/europeu-2026-em-busca-de-um-sonho-colectivo\/","title":{"rendered":"EUROPEU 2026: EM BUSCA DE UM SONHO COLECTIVO"},"content":{"rendered":"<p style=\"text-align: center;\"><span style=\"font-size: 14px;\"><strong><img loading=\"lazy\" decoding=\"async\" class=\"size-full wp-image-34849 aligncenter\" src=\"https:\/\/fpvoleibol.pt\/fpv\/wp-content\/uploads\/2024\/08\/SNSF_porxesp_santo.jpg\" alt=\"\" width=\"960\" height=\"640\" srcset=\"https:\/\/fpvoleibol.pt\/fpv\/wp-content\/uploads\/2024\/08\/SNSF_porxesp_santo.jpg 960w, https:\/\/fpvoleibol.pt\/fpv\/wp-content\/uploads\/2024\/08\/SNSF_porxesp_santo-300x200.jpg 300w, https:\/\/fpvoleibol.pt\/fpv\/wp-content\/uploads\/2024\/08\/SNSF_porxesp_santo-768x512.jpg 768w\" sizes=\"auto, (max-width: 960px) 100vw, 960px\" \/>A Selec\u00e7\u00e3o Nacional de Seniores Femininos de Portugal continua a sua prepara\u00e7\u00e3o intensiva para a fase de qualifica\u00e7\u00e3o do <a href=\"https:\/\/eurovolley.cev.eu\/en\/2026\/women\/\">Campeonato da Europa de Seniores Femininos 2026<\/a>. Desde 7 de Julho, no Pavilh\u00e3o Desportivo Municipal de Santo Tirso, a equipa liderada pelo selecionador Hugo Silva afina as estrat\u00e9gias para os dois encontros cruciais que se avizinham.<\/strong><\/span><\/p>\n<p>Portugal, que j\u00e1 conta com uma vit\u00f3ria por 3-0 sobre a Ge\u00f3rgia e uma derrota em casa com a Espanha no ano passado, tem agora pela frente dois desafios determinantes para alcan\u00e7ar o seu objectivo principal: a qualifica\u00e7\u00e3o para a fase final do <a href=\"https:\/\/eurovolley.cev.eu\/en\/2026\/women\/\">Campeonato da Europa<\/a>. Os jogos decisivos est\u00e3o agendados para este m\u00eas de Agosto:<\/p>\n<p><span style=\"text-decoration: underline;\">Dia 6 \u2013 Portugal defronta a Espanha em Lugo.<\/span><\/p>\n<p><span style=\"text-decoration: underline;\">Dia 10 \u2013 Portugal recebe a Ge\u00f3rgia em Santo Tirso.<\/span><\/p>\n<p>Com um calend\u00e1rio desportivo exigente, a equipa tem as suas expectativas centradas em inaugurar um novo ciclo para o Voleibol feminino portugu\u00eas. Os <span style=\"text-decoration: underline;\">pedidos de <strong>acredita\u00e7\u00e3o de jornalistas<\/strong><\/span> devem ser solicitados atrav\u00e9s do preenchimento de um <a href=\"https:\/\/fpvoleibol.pt\/fpv\/competicoes\/imprensa\/\">FORMUL\u00c1RIO<\/a>\u00a0at\u00e9 ao dia 6 de Agosto.<\/p>\n<p><strong>Hugo Silva<\/strong> sublinha a relev\u00e2ncia do desempenho da equipa na European Golden League como base para os pr\u00f3ximos desafios.<br \/>\n&#8220;<em>A boa presta\u00e7\u00e3o na European Golden League \u00e9 um alicerce importante para o segundo per\u00edodo da competi\u00e7\u00e3o, decisivo para alcan\u00e7ar o grande objectivo: disputar a fase final de um Campeonato da Europa<\/em>&#8220;, afirma o selecionador, acrescentando:<br \/>\n&#8220;<em>A equipa deve aproveitar o momento, mantendo a determina\u00e7\u00e3o e a coes\u00e3o demonstradas. O que est\u00e1 em jogo \u00e9 a concretiza\u00e7\u00e3o de um sonho colectivo. A mensagem \u00e9 clara: n\u00e3o h\u00e1 margem para perder o que j\u00e1 foi conquistado. O caminho est\u00e1 aberto e a equipa est\u00e1 determinada a percorr\u00ea-lo at\u00e9 ao fim<\/em>.&#8221;<\/p>\n<p>Portugal terminou a European Golden League no 10.\u00ba lugar entre as 12 sele\u00e7\u00f5es participantes, com duas vit\u00f3rias e quatro derrotas. Destaque para o triunfo sobre Montenegro (3-1) no Torneio 9, disputado na Hungria, e a vit\u00f3ria frente \u00e0 Eslov\u00e9nia, tamb\u00e9m por 3-1, em Vila do Conde.<\/p>\n<p>No final da campanha na Golden League, Hugo Silva fez um balan\u00e7o positivo da participa\u00e7\u00e3o da equipa:<br \/>\n&#8220;<em>Uma estreia de orgulho e aprendizagem. Esta primeira participa\u00e7\u00e3o na Golden League foi uma miss\u00e3o cumprida com m\u00e9rito. Para uma selec\u00e7\u00e3o em constru\u00e7\u00e3o, com apenas um m\u00eas e meio de trabalho conjunto, conseguir manter-se entre as melhores equipas do torneio representa um marco importante no nosso crescimento. A experi\u00eancia adquirida foi inestim\u00e1vel. Pela primeira vez, as nossas atletas enfrentaram um n\u00edvel de exig\u00eancia e press\u00e3o que n\u00e3o encontram regularmente nos seus clubes. Esta viv\u00eancia trouxe li\u00e7\u00f5es valiosas que v\u00e3o moldar o nosso futuro<\/em>.&#8221;<\/p>\n<p>Com o olhar no pr\u00f3ximo desafio, Hugo Silva conclui com uma mensagem de determina\u00e7\u00e3o: &#8220;<em>Agora, o caminho segue com trabalho e humildade. Vamos analisar os erros, consolidar o que houve de bom e preparar-nos com determina\u00e7\u00e3o para o pr\u00f3ximo grande desafio: o apuramento para o Europeu. Esta equipa j\u00e1 demonstrou que tem car\u00e1cter e potencial. O futuro pertence aos persistentes, e n\u00f3s estamos prontos para construir essa hist\u00f3ria juntos<\/em>.&#8221;<\/p>\n<p>A pr\u00f3xima edi\u00e7\u00e3o do CEV EuroVolley Feminino, em 2026, ser\u00e1 co-organizada pela Turquia, Ch\u00e9quia, Azerbaij\u00e3o e Su\u00e9cia.<\/p>\n<p>A Turquia, atual campe\u00e3 europeia, ser\u00e1 anfitri\u00e3 desde a fase de grupos at\u00e9 aos jogos das medalhas. Brno, na Ch\u00e9quia, acolher\u00e1 um grupo e metade dos jogos dos oitavos e quartos-de-final. Baku, no Azerbaij\u00e3o, e Gotemburgo, na Su\u00e9cia, ser\u00e3o as cidades-sede dos restantes dois grupos. Esta ser\u00e1 a quarta edi\u00e7\u00e3o consecutiva do CEV EuroVolley Feminino a decorrer em quatro pa\u00edses, seguindo a reformula\u00e7\u00e3o do campeonato continental em 2019.<\/p>\n<p style=\"text-align: center;\"><span style=\"background-color: #000000; color: #ffffff;\"><img loading=\"lazy\" decoding=\"async\" class=\"size-full wp-image-40746 aligncenter\" src=\"https:\/\/fpvoleibol.pt\/fpv\/wp-content\/uploads\/2025\/06\/EGL2025_SNSF_porxslo_d.jpg\" alt=\"\" width=\"960\" height=\"640\" srcset=\"https:\/\/fpvoleibol.pt\/fpv\/wp-content\/uploads\/2025\/06\/EGL2025_SNSF_porxslo_d.jpg 960w, https:\/\/fpvoleibol.pt\/fpv\/wp-content\/uploads\/2025\/06\/EGL2025_SNSF_porxslo_d-300x200.jpg 300w, https:\/\/fpvoleibol.pt\/fpv\/wp-content\/uploads\/2025\/06\/EGL2025_SNSF_porxslo_d-768x512.jpg 768w\" sizes=\"auto, (max-width: 960px) 100vw, 960px\" \/>CONVOCADAS<\/span><\/p>\n<p style=\"text-align: center;\"><strong>DISTRIBUIDORAS<\/strong><br \/>\nAna Figueiras (SC Braga) e Mariana Garcez (SL Benfica)<\/p>\n<p style=\"text-align: center;\"><strong>LIBEROS<\/strong><br \/>\nRaquel Moreno (Vit\u00f3ria SC) e Matilde Calado Rodrigues (SC Braga)<\/p>\n<p style=\"text-align: center;\"><strong>OPOSTAS<\/strong><br \/>\nMaria Reis Lopes (SC Braga) e J\u00falia Kavalenka (CDA Volley Talmassons &#8211; ITA)<\/p>\n<p style=\"text-align: center;\"><strong>ZONAS 4<\/strong><br \/>\nAlice Clemente (SL Benfica), Ana Rui Monteiro (FC Porto), Margarida Maia (SC Braga) e Sofia Gouveia (Cast\u00ealo da Maia GC)<\/p>\n<p style=\"text-align: center;\"><strong>CENTRAIS<\/strong><br \/>\nAmanda Cavalcanti (Sporting CP), Joana Garcez (SL Benfica), Raissa Cassam\u00e1 (Vit\u00f3ria SC) e Marlene Pereira (Leix\u00f5es SC)<\/p>\n<p style=\"text-align: center;\"><span style=\"background-color: #000000; color: #ffffff;\">EQUIPA T\u00c9CNICA<\/span><\/p>\n<p style=\"text-align: center;\"><strong>Treinador Principal<\/strong>: Hugo Silva<br \/>\n<strong>Treinador Adjunto<\/strong>: Filipe Vit\u00f3<br \/>\n<strong>Scouter<\/strong>: Jo\u00e3o Campos<br \/>\n<strong>Fisioterapeuta<\/strong>: Rita Cardoso<\/p>\n<p style=\"text-align: center;\">Mais informa\u00e7\u00f5es em <a href=\"http:\/\/www.cev.eu\">www.cev.eu<\/a><\/p>\n","protected":false},"excerpt":{"rendered":"<p>A Selec\u00e7\u00e3o Nacional de Seniores Femininos de Portugal continua a sua prepara\u00e7\u00e3o intensiva para a fase de qualifica\u00e7\u00e3o do Campeonato da Europa de Seniores Femininos 2026. Desde 7 de Julho, [&hellip;]<\/p>\n","protected":false},"author":2,"featured_media":40747,"comment_status":"open","ping_status":"open","sticky":false,"template":"","format":"standard","meta":{"_monsterinsights_skip_tracking":false,"_monsterinsights_sitenote_active":false,"_monsterinsights_sitenote_note":"","_monsterinsights_sitenote_category":0,"footnotes":""},"categories":[13,8],"tags":[],"class_list":{"0":"post-41785","1":"post","2":"type-post","3":"status-publish","4":"format-standard","5":"has-post-thumbnail","7":"category-arbitragem","8":"category-voleibol","9":"czr-hentry"},"aioseo_notices":[],"_links":{"self":[{"href":"https:\/\/fpvoleibol.pt\/fpv\/wp-json\/wp\/v2\/posts\/41785","targetHints":{"allow":["GET"]}}],"collection":[{"href":"https:\/\/fpvoleibol.pt\/fpv\/wp-json\/wp\/v2\/posts"}],"about":[{"href":"https:\/\/fpvoleibol.pt\/fpv\/wp-json\/wp\/v2\/types\/post"}],"author":[{"embeddable":true,"href":"https:\/\/fpvoleibol.pt\/fpv\/wp-json\/wp\/v2\/users\/2"}],"replies":[{"embeddable":true,"href":"https:\/\/fpvoleibol.pt\/fpv\/wp-json\/wp\/v2\/comments?post=41785"}],"version-history":[{"count":4,"href":"https:\/\/fpvoleibol.pt\/fpv\/wp-json\/wp\/v2\/posts\/41785\/revisions"}],"predecessor-version":[{"id":41973,"href":"https:\/\/fpvoleibol.pt\/fpv\/wp-json\/wp\/v2\/posts\/41785\/revisions\/41973"}],"wp:featuredmedia":[{"embeddable":true,"href":"https:\/\/fpvoleibol.pt\/fpv\/wp-json\/wp\/v2\/media\/40747"}],"wp:attachment":[{"href":"https:\/\/fpvoleibol.pt\/fpv\/wp-json\/wp\/v2\/media?parent=41785"}],"wp:term":[{"taxonomy":"category","embeddable":true,"href":"https:\/\/fpvoleibol.pt\/fpv\/wp-json\/wp\/v2\/categories?post=41785"},{"taxonomy":"post_tag","embeddable":true,"href":"https:\/\/fpvoleibol.pt\/fpv\/wp-json\/wp\/v2\/tags?post=41785"}],"curies":[{"name":"wp","href":"https:\/\/api.w.org\/{rel}","templated":true}]}}