{"id":41779,"date":"2025-07-30T17:10:05","date_gmt":"2025-07-30T16:10:05","guid":{"rendered":"https:\/\/fpvoleibol.pt\/fpv\/?p=41779"},"modified":"2025-07-25T10:11:08","modified_gmt":"2025-07-25T09:11:08","slug":"18-o-forum-ense","status":"publish","type":"post","link":"https:\/\/fpvoleibol.pt\/fpv\/2025\/07\/30\/18-o-forum-ense\/","title":{"rendered":"18.\u00ba F\u00d3RUM ENSE"},"content":{"rendered":"<p><img loading=\"lazy\" decoding=\"async\" class=\"size-full wp-image-41780 aligncenter\" src=\"https:\/\/fpvoleibol.pt\/fpv\/wp-content\/uploads\/2025\/07\/ENSE_FORUM_2025.jpg\" alt=\"\" width=\"960\" height=\"540\" srcset=\"https:\/\/fpvoleibol.pt\/fpv\/wp-content\/uploads\/2025\/07\/ENSE_FORUM_2025.jpg 960w, https:\/\/fpvoleibol.pt\/fpv\/wp-content\/uploads\/2025\/07\/ENSE_FORUM_2025-300x169.jpg 300w, https:\/\/fpvoleibol.pt\/fpv\/wp-content\/uploads\/2025\/07\/ENSE_FORUM_2025-768x432.jpg 768w, https:\/\/fpvoleibol.pt\/fpv\/wp-content\/uploads\/2025\/07\/ENSE_FORUM_2025-528x297.jpg 528w\" sizes=\"auto, (max-width: 960px) 100vw, 960px\" \/>A cidade de Rio Maior ser\u00e1 palco do <a href=\"https:\/\/enseforum.eu\/\">18.\u00ba F\u00f3rum da European Network of Sport Education (ENSE)<\/a>, um evento internacional de destaque na \u00e1rea da forma\u00e7\u00e3o desportiva.<br \/>\nNos dias 26 e 27 de Setembro de 2025, a Escola Superior de Desporto de Rio Maior (ESDRM) \u2013 Instituto Polit\u00e9cnico de Santar\u00e9m, em parceria com a ENSE, receber\u00e1 especialistas, profissionais, investigadores, estudantes e entusiastas do desporto para dois dias de intensa partilha de conhecimento e inova\u00e7\u00e3o.<\/p>\n<p>Sob o tema \u201c<span style=\"text-decoration: underline;\">SPORTS EDUCATION CONNECT: international collaboration, innovation &amp; technology<\/span>\u201d, este f\u00f3rum promete ser uma experi\u00eancia enriquecedora, fomentando a troca de ideias inovadoras e promovendo a colabora\u00e7\u00e3o entre os participantes. A agenda do evento abrange uma variedade de t\u00f3picos cruciais para o desenvolvimento da educa\u00e7\u00e3o no desporto, incluindo:<\/p>\n<p>. Divulga\u00e7\u00e3o de Projetos Europeus na \u00e1rea do Desporto \u2013 Partilha de Conhecimento e Boas Pr\u00e1ticas.<\/p>\n<p>. Inova\u00e7\u00e3o e Tecnologia no Desporto.<\/p>\n<p>. Actividade F\u00edsica e Promo\u00e7\u00e3o da Sa\u00fade.<\/p>\n<p>. Performance Desportiva.<\/p>\n<p>. Educa\u00e7\u00e3o F\u00edsica: Inclus\u00e3o e Impacto Social.<\/p>\n<p>O <a href=\"https:\/\/enseforum.eu\/\">18.\u00ba F\u00f3rum da ENSE<\/a> foi acreditado pelo Instituto Portugu\u00eas do Desporto e Juventude (IPDJ), concedendo 2.8 unidades de cr\u00e9dito para Treinadores, T\u00e9cnicos de Exerc\u00edcio F\u00edsico (TEF) e Directores T\u00e9cnicos (DT), valorizando a participa\u00e7\u00e3o e a actualiza\u00e7\u00e3o de conhecimentos.<\/p>\n<p>Os interessados em apresentar os seus trabalhos e pesquisas t\u00eam como prazo limite para a submiss\u00e3o de resumos o dia 15 de Agosto de 2025.<\/p>\n<p>Para mais informa\u00e7\u00f5es sobre o congresso, incluindo o programa detalhado e os procedimentos de inscri\u00e7\u00e3o, os interessados podem consultar o site oficial do evento: <a href=\"https:\/\/enseforum.eu\/\">https:\/\/enseforum.eu\/<\/a>.<\/p>\n<p>Este evento refor\u00e7a a posi\u00e7\u00e3o de Rio Maior e da ESDRM como centros de excel\u00eancia na forma\u00e7\u00e3o desportiva e promete ser um marco na promo\u00e7\u00e3o da colabora\u00e7\u00e3o internacional e da inova\u00e7\u00e3o no desporto.<\/p>\n","protected":false},"excerpt":{"rendered":"<p>A cidade de Rio Maior ser\u00e1 palco do 18.\u00ba F\u00f3rum da European Network of Sport Education (ENSE), um evento internacional de destaque na \u00e1rea da forma\u00e7\u00e3o desportiva. Nos dias 26 [&hellip;]<\/p>\n","protected":false},"author":2,"featured_media":41781,"comment_status":"open","ping_status":"open","sticky":false,"template":"","format":"standard","meta":{"_monsterinsights_skip_tracking":false,"_monsterinsights_sitenote_active":false,"_monsterinsights_sitenote_note":"","_monsterinsights_sitenote_category":0,"footnotes":""},"categories":[15,11],"tags":[],"class_list":{"0":"post-41779","1":"post","2":"type-post","3":"status-publish","4":"format-standard","5":"has-post-thumbnail","7":"category-diversos","8":"category-formacao","9":"czr-hentry"},"aioseo_notices":[],"_links":{"self":[{"href":"https:\/\/fpvoleibol.pt\/fpv\/wp-json\/wp\/v2\/posts\/41779","targetHints":{"allow":["GET"]}}],"collection":[{"href":"https:\/\/fpvoleibol.pt\/fpv\/wp-json\/wp\/v2\/posts"}],"about":[{"href":"https:\/\/fpvoleibol.pt\/fpv\/wp-json\/wp\/v2\/types\/post"}],"author":[{"embeddable":true,"href":"https:\/\/fpvoleibol.pt\/fpv\/wp-json\/wp\/v2\/users\/2"}],"replies":[{"embeddable":true,"href":"https:\/\/fpvoleibol.pt\/fpv\/wp-json\/wp\/v2\/comments?post=41779"}],"version-history":[{"count":2,"href":"https:\/\/fpvoleibol.pt\/fpv\/wp-json\/wp\/v2\/posts\/41779\/revisions"}],"predecessor-version":[{"id":41783,"href":"https:\/\/fpvoleibol.pt\/fpv\/wp-json\/wp\/v2\/posts\/41779\/revisions\/41783"}],"wp:featuredmedia":[{"embeddable":true,"href":"https:\/\/fpvoleibol.pt\/fpv\/wp-json\/wp\/v2\/media\/41781"}],"wp:attachment":[{"href":"https:\/\/fpvoleibol.pt\/fpv\/wp-json\/wp\/v2\/media?parent=41779"}],"wp:term":[{"taxonomy":"category","embeddable":true,"href":"https:\/\/fpvoleibol.pt\/fpv\/wp-json\/wp\/v2\/categories?post=41779"},{"taxonomy":"post_tag","embeddable":true,"href":"https:\/\/fpvoleibol.pt\/fpv\/wp-json\/wp\/v2\/tags?post=41779"}],"curies":[{"name":"wp","href":"https:\/\/api.w.org\/{rel}","templated":true}]}}