{"id":41634,"date":"2025-07-22T17:35:11","date_gmt":"2025-07-22T16:35:11","guid":{"rendered":"https:\/\/fpvoleibol.pt\/fpv\/?p=41634"},"modified":"2025-07-22T17:35:11","modified_gmt":"2025-07-22T16:35:11","slug":"jogos-mundiais-universitarios-4","status":"publish","type":"post","link":"https:\/\/fpvoleibol.pt\/fpv\/2025\/07\/22\/jogos-mundiais-universitarios-4\/","title":{"rendered":"JOGOS MUNDIAIS UNIVERSIT\u00c1RIOS"},"content":{"rendered":"<p><img loading=\"lazy\" decoding=\"async\" class=\"size-full wp-image-41669 aligncenter\" src=\"https:\/\/fpvoleibol.pt\/fpv\/wp-content\/uploads\/2025\/07\/UNIV_VIT_COREIA_d0.jpg\" alt=\"\" width=\"960\" height=\"640\" srcset=\"https:\/\/fpvoleibol.pt\/fpv\/wp-content\/uploads\/2025\/07\/UNIV_VIT_COREIA_d0.jpg 960w, https:\/\/fpvoleibol.pt\/fpv\/wp-content\/uploads\/2025\/07\/UNIV_VIT_COREIA_d0-300x200.jpg 300w, https:\/\/fpvoleibol.pt\/fpv\/wp-content\/uploads\/2025\/07\/UNIV_VIT_COREIA_d0-768x512.jpg 768w\" sizes=\"auto, (max-width: 960px) 100vw, 960px\" \/>A <strong>Selec\u00e7\u00e3o Portuguesa de Universit\u00e1rios<\/strong>, orientada por <span style=\"text-decoration: underline;\">Jo\u00e3o Franco<\/span>, rubricou hoje mais um triunfo categ\u00f3rico (<a href=\"https:\/\/rhineruhr2025.com\/en\/schedule#\/team-players\/VVO\/M\/TEAM6-------------\/QF9-\/000300--\">3-0: 25-19, 25-21 e 25-19)<\/a>, desta vez frente \u00e0 Coreia do Sul, nos <a href=\"https:\/\/rhineruhr2025.com\/en\">Jogos Mundiais Universit\u00e1rios de Ver\u00e3o<\/a>, que est\u00e3o a decorrer at\u00e9 27 de Julho na localidade alem\u00e3 de Rhine-Ruhr.<br \/>\nAmanh\u00e3, a Selec\u00e7\u00e3o portuguesa defronta (18h00) a Austr\u00e1lia \u2013 a quem venceu por\u00a0<a href=\"https:\/\/rhineruhr2025.com\/en\/schedule#\/team-players\/VVO\/M\/TEAM6-------------\/GPA-\/000300--\">3-2 (25-16, 21-25, 19-25, 25-23 e 20-18)<\/a> na fase preliminar \u2013 agora na disputa do 9.\u00ba lugar. Ver jogos <a href=\"https:\/\/sportdeutschland.tv\/rhine-ruhr-2025-fisu-world-university-games\/volleyball-m-portugal-vs-taiwan\">AQUI<\/a><br \/>\nNa edi\u00e7\u00e3o anterior da competi\u00e7\u00e3o, a <em>turma das quinas<\/em> atingiu o 7.\u00ba lugar final. <strong><span style=\"font-size: 12px;\">Imagens: <a href=\"https:\/\/www.facebook.com\/faduportugal\/?checkpoint_src=any\">FADU<\/a><\/span><\/strong><\/p>\n<p>O coreano <span style=\"text-decoration: underline;\">Gyeong Yun, com 15 pontos, e o portugu\u00eas Andr\u00e9 Marques, com 13<\/span>, foram os melhores pontuadores das respectivas equipas. Ver estat\u00edstica <a href=\"https:\/\/rhineruhr2025.com\/en\/schedule#\/team-players\/VVO\/M\/TEAM6-------------\/SF9-\/000200--\">AQUI<\/a><\/p>\n<p><img loading=\"lazy\" decoding=\"async\" class=\"size-full wp-image-41668 aligncenter\" src=\"https:\/\/fpvoleibol.pt\/fpv\/wp-content\/uploads\/2025\/07\/UNIV_VIT_COREIA_d.jpg\" alt=\"\" width=\"960\" height=\"640\" srcset=\"https:\/\/fpvoleibol.pt\/fpv\/wp-content\/uploads\/2025\/07\/UNIV_VIT_COREIA_d.jpg 960w, https:\/\/fpvoleibol.pt\/fpv\/wp-content\/uploads\/2025\/07\/UNIV_VIT_COREIA_d-300x200.jpg 300w, https:\/\/fpvoleibol.pt\/fpv\/wp-content\/uploads\/2025\/07\/UNIV_VIT_COREIA_d-768x512.jpg 768w\" sizes=\"auto, (max-width: 960px) 100vw, 960px\" \/>O Voleibol estar\u00e1 em ac\u00e7\u00e3o at\u00e9 ao dia 24 de Julho \u2013 os dias 23 e 24 ser\u00e3o dedicados \u00e0s finais \u2013 e Portugal participa com uma selec\u00e7\u00e3o universit\u00e1ria de masculinos [<span style=\"font-size: 12px;\"><strong>ver imagem<\/strong><\/span>], formada de acordo com os <a href=\"https:\/\/fpvoleibol.pt\/fpv\/wp-content\/uploads\/2025\/02\/Voleibol_Criterios-de-Selecao_JMU-Rhine-Ruhr-2025.pdf\">crit\u00e9rios divulgados<\/a> pela <a href=\"https:\/\/www.fadu.pt\/\">Federa\u00e7\u00e3o Acad\u00e9mica do Desporto Universit\u00e1rio<\/a> (FADU \u2013 Portugal) e pela Federa\u00e7\u00e3o Portuguesa de Voleibol.<\/p>\n<p>Bochum, Duisburg, Essen, Mulheim an der Ruhr, Hagen e Berlim s\u00e3o as cidades germ\u00e2nicas que acolhem os Jogos Mundiais Universit\u00e1rios de Ver\u00e3o da FISU, a Federa\u00e7\u00e3o Internacional do Desporto Universit\u00e1rio.<\/p>\n<p><img loading=\"lazy\" decoding=\"async\" class=\"size-full wp-image-41203 aligncenter\" src=\"https:\/\/fpvoleibol.pt\/fpv\/wp-content\/uploads\/2025\/07\/fadu_2025_convocatoria.jpg\" alt=\"\" width=\"960\" height=\"1200\" srcset=\"https:\/\/fpvoleibol.pt\/fpv\/wp-content\/uploads\/2025\/07\/fadu_2025_convocatoria.jpg 960w, https:\/\/fpvoleibol.pt\/fpv\/wp-content\/uploads\/2025\/07\/fadu_2025_convocatoria-240x300.jpg 240w, https:\/\/fpvoleibol.pt\/fpv\/wp-content\/uploads\/2025\/07\/fadu_2025_convocatoria-819x1024.jpg 819w, https:\/\/fpvoleibol.pt\/fpv\/wp-content\/uploads\/2025\/07\/fadu_2025_convocatoria-768x960.jpg 768w\" sizes=\"auto, (max-width: 960px) 100vw, 960px\" \/>At\u00e9 27 de Julho, cerca de 8.500 estudantes-atletas de 150 pa\u00edses competem por medalhas em 18 desportos, fazendo deste um dos maiores eventos multidesportivos do mundo em 2025.<\/p>\n<p style=\"text-align: center;\"><span style=\"text-decoration: underline;\">Mais informa\u00e7\u00f5es sobre o evento\u00a0Rhine-Ruhr 2025 FISU World University Games <a href=\"https:\/\/rhineruhr2025.com\/en\">AQUI<\/a><\/span><\/p>\n","protected":false},"excerpt":{"rendered":"<p>A Selec\u00e7\u00e3o Portuguesa de Universit\u00e1rios, orientada por Jo\u00e3o Franco, rubricou hoje mais um triunfo categ\u00f3rico (3-0: 25-19, 25-21 e 25-19), desta vez frente \u00e0 Coreia do Sul, nos Jogos Mundiais [&hellip;]<\/p>\n","protected":false},"author":2,"featured_media":41667,"comment_status":"open","ping_status":"open","sticky":false,"template":"","format":"standard","meta":{"_monsterinsights_skip_tracking":false,"_monsterinsights_sitenote_active":false,"_monsterinsights_sitenote_note":"","_monsterinsights_sitenote_category":0,"footnotes":""},"categories":[8],"tags":[78],"class_list":{"0":"post-41634","1":"post","2":"type-post","3":"status-publish","4":"format-standard","5":"has-post-thumbnail","7":"category-voleibol","8":"tag-mundiais-universitarios","9":"czr-hentry"},"aioseo_notices":[],"_links":{"self":[{"href":"https:\/\/fpvoleibol.pt\/fpv\/wp-json\/wp\/v2\/posts\/41634","targetHints":{"allow":["GET"]}}],"collection":[{"href":"https:\/\/fpvoleibol.pt\/fpv\/wp-json\/wp\/v2\/posts"}],"about":[{"href":"https:\/\/fpvoleibol.pt\/fpv\/wp-json\/wp\/v2\/types\/post"}],"author":[{"embeddable":true,"href":"https:\/\/fpvoleibol.pt\/fpv\/wp-json\/wp\/v2\/users\/2"}],"replies":[{"embeddable":true,"href":"https:\/\/fpvoleibol.pt\/fpv\/wp-json\/wp\/v2\/comments?post=41634"}],"version-history":[{"count":3,"href":"https:\/\/fpvoleibol.pt\/fpv\/wp-json\/wp\/v2\/posts\/41634\/revisions"}],"predecessor-version":[{"id":41670,"href":"https:\/\/fpvoleibol.pt\/fpv\/wp-json\/wp\/v2\/posts\/41634\/revisions\/41670"}],"wp:featuredmedia":[{"embeddable":true,"href":"https:\/\/fpvoleibol.pt\/fpv\/wp-json\/wp\/v2\/media\/41667"}],"wp:attachment":[{"href":"https:\/\/fpvoleibol.pt\/fpv\/wp-json\/wp\/v2\/media?parent=41634"}],"wp:term":[{"taxonomy":"category","embeddable":true,"href":"https:\/\/fpvoleibol.pt\/fpv\/wp-json\/wp\/v2\/categories?post=41634"},{"taxonomy":"post_tag","embeddable":true,"href":"https:\/\/fpvoleibol.pt\/fpv\/wp-json\/wp\/v2\/tags?post=41634"}],"curies":[{"name":"wp","href":"https:\/\/api.w.org\/{rel}","templated":true}]}}