{"id":41524,"date":"2025-07-18T14:43:25","date_gmt":"2025-07-18T13:43:25","guid":{"rendered":"https:\/\/fpvoleibol.pt\/fpv\/?p=41524"},"modified":"2025-07-18T14:43:25","modified_gmt":"2025-07-18T13:43:25","slug":"quatro-arbitros-certificados-em-espinho","status":"publish","type":"post","link":"https:\/\/fpvoleibol.pt\/fpv\/2025\/07\/18\/quatro-arbitros-certificados-em-espinho\/","title":{"rendered":"QUATRO \u00c1RBITROS CERTIFICADOS EM ESPINHO"},"content":{"rendered":"<p><img loading=\"lazy\" decoding=\"async\" class=\"size-full wp-image-41525 aligncenter\" src=\"https:\/\/fpvoleibol.pt\/fpv\/wp-content\/uploads\/2025\/07\/erc-bv-nc-rc-candidates_d.jpg\" alt=\"\" width=\"960\" height=\"929\" srcset=\"https:\/\/fpvoleibol.pt\/fpv\/wp-content\/uploads\/2025\/07\/erc-bv-nc-rc-candidates_d.jpg 960w, https:\/\/fpvoleibol.pt\/fpv\/wp-content\/uploads\/2025\/07\/erc-bv-nc-rc-candidates_d-300x290.jpg 300w, https:\/\/fpvoleibol.pt\/fpv\/wp-content\/uploads\/2025\/07\/erc-bv-nc-rc-candidates_d-768x743.jpg 768w\" sizes=\"auto, (max-width: 960px) 100vw, 960px\" \/>A Comiss\u00e3o Europeia de Arbitragem (ERC) deu um passo significativo no desenvolvimento da arbitragem de topo no Voleibol de Praia, ao formar quatro novos instrutores de arbitragem. Esta iniciativa, que surge na sequ\u00eancia de uma sess\u00e3o de actualiza\u00e7\u00e3o online realizada em Maio para todos os instrutores de arbitragem de Voleibol de Praia da CEV, reflete o compromisso cont\u00ednuo da ERC em munir os \u00e1rbitros com as compet\u00eancias e conhecimentos essenciais para acompanhar o crescimento da popularidade da modalidade na Europa, especialmente entre os mais jovens.<\/p>\n<p>O Secret\u00e1rio da ERC e Presidente do Conselho de Arbitragem da FPV, Avelino Azevedo, participou na forma\u00e7\u00e3o, que decorreu em Espinho, em paralelo com as Finais da CEV Beach Volley Nations Cup de 2025. O evento contou com o forte apoio dos organizadores locais e da Federa\u00e7\u00e3o Portuguesa de Voleibol. A forma\u00e7\u00e3o foi liderada por Marc Berard, um conceituado instrutor de arbitragem da FIVB (Fran\u00e7a), em coordena\u00e7\u00e3o com Oana Sarb (Rom\u00e9nia), instrutora de arbitragem das Finais da Nations Cup e membro da ERC.<\/p>\n<p>Quatro ex-\u00e1rbitros internacionais de Voleibol de Praia \u2013 Antonella Vidale (It\u00e1lia), Bas van der Meijden (Pa\u00edses Baixos), Christian Nogara (B\u00e9lgica) e Sergios Sergiou (Chipre) \u2013 conclu\u00edram com sucesso o exigente curso. A partir de Janeiro de 2026, estes novos instrutores certificados pela CEV ter\u00e3o um papel fundamental na identifica\u00e7\u00e3o, avalia\u00e7\u00e3o e acompanhamento de jovens \u00e1rbitros promissores, contribuindo assim para moldar o futuro da arbitragem europeia de Voleibol de Praia. Esta ac\u00e7\u00e3o sublinha a abordagem abrangente da ERC ao desenvolvimento da arbitragem em todas as disciplinas da modalidade.<\/p>\n","protected":false},"excerpt":{"rendered":"<p>A Comiss\u00e3o Europeia de Arbitragem (ERC) deu um passo significativo no desenvolvimento da arbitragem de topo no Voleibol de Praia, ao formar quatro novos instrutores de arbitragem. Esta iniciativa, que [&hellip;]<\/p>\n","protected":false},"author":2,"featured_media":41526,"comment_status":"open","ping_status":"open","sticky":false,"template":"","format":"standard","meta":{"_monsterinsights_skip_tracking":false,"_monsterinsights_sitenote_active":false,"_monsterinsights_sitenote_note":"","_monsterinsights_sitenote_category":0,"footnotes":""},"categories":[13,20,9],"tags":[],"class_list":{"0":"post-41524","1":"post","2":"type-post","3":"status-publish","4":"format-standard","5":"has-post-thumbnail","7":"category-arbitragem","8":"category-destaque","9":"category-voleibol-de-praia","10":"czr-hentry"},"aioseo_notices":[],"_links":{"self":[{"href":"https:\/\/fpvoleibol.pt\/fpv\/wp-json\/wp\/v2\/posts\/41524","targetHints":{"allow":["GET"]}}],"collection":[{"href":"https:\/\/fpvoleibol.pt\/fpv\/wp-json\/wp\/v2\/posts"}],"about":[{"href":"https:\/\/fpvoleibol.pt\/fpv\/wp-json\/wp\/v2\/types\/post"}],"author":[{"embeddable":true,"href":"https:\/\/fpvoleibol.pt\/fpv\/wp-json\/wp\/v2\/users\/2"}],"replies":[{"embeddable":true,"href":"https:\/\/fpvoleibol.pt\/fpv\/wp-json\/wp\/v2\/comments?post=41524"}],"version-history":[{"count":1,"href":"https:\/\/fpvoleibol.pt\/fpv\/wp-json\/wp\/v2\/posts\/41524\/revisions"}],"predecessor-version":[{"id":41527,"href":"https:\/\/fpvoleibol.pt\/fpv\/wp-json\/wp\/v2\/posts\/41524\/revisions\/41527"}],"wp:featuredmedia":[{"embeddable":true,"href":"https:\/\/fpvoleibol.pt\/fpv\/wp-json\/wp\/v2\/media\/41526"}],"wp:attachment":[{"href":"https:\/\/fpvoleibol.pt\/fpv\/wp-json\/wp\/v2\/media?parent=41524"}],"wp:term":[{"taxonomy":"category","embeddable":true,"href":"https:\/\/fpvoleibol.pt\/fpv\/wp-json\/wp\/v2\/categories?post=41524"},{"taxonomy":"post_tag","embeddable":true,"href":"https:\/\/fpvoleibol.pt\/fpv\/wp-json\/wp\/v2\/tags?post=41524"}],"curies":[{"name":"wp","href":"https:\/\/api.w.org\/{rel}","templated":true}]}}