{"id":41513,"date":"2025-07-18T19:46:05","date_gmt":"2025-07-18T18:46:05","guid":{"rendered":"https:\/\/fpvoleibol.pt\/fpv\/?p=41513"},"modified":"2025-07-19T18:54:30","modified_gmt":"2025-07-19T17:54:30","slug":"portugal-nos-quartos-da-taca-das-nacoes","status":"publish","type":"post","link":"https:\/\/fpvoleibol.pt\/fpv\/2025\/07\/18\/portugal-nos-quartos-da-taca-das-nacoes\/","title":{"rendered":"PORTUGAL NOS \u00abQUARTOS\u00bb DA TA\u00c7A DAS NA\u00c7\u00d5ES"},"content":{"rendered":"<p><img loading=\"lazy\" decoding=\"async\" class=\"size-full wp-image-41539 aligncenter\" src=\"https:\/\/fpvoleibol.pt\/fpv\/wp-content\/uploads\/2025\/07\/camposepedrosa_dd.jpg\" alt=\"\" width=\"960\" height=\"640\" srcset=\"https:\/\/fpvoleibol.pt\/fpv\/wp-content\/uploads\/2025\/07\/camposepedrosa_dd.jpg 960w, https:\/\/fpvoleibol.pt\/fpv\/wp-content\/uploads\/2025\/07\/camposepedrosa_dd-300x200.jpg 300w, https:\/\/fpvoleibol.pt\/fpv\/wp-content\/uploads\/2025\/07\/camposepedrosa_dd-768x512.jpg 768w\" sizes=\"auto, (max-width: 960px) 100vw, 960px\" \/>Portugal apurou-se hoje para os quartos-de-final da <a href=\"https:\/\/www.cev.eu\/beach\/nations-cup\/2025\/nations-cup-final\/\">Ta\u00e7a das Na\u00e7\u00f5es de Voleibol de Praia (CEV Beach Nations Cup)<\/a> \u2013 uma competi\u00e7\u00e3o de \u00abpa\u00eds contra pa\u00eds\u00bb \u2013 a decorrer na Praia da Ba\u00eda, em Espinho. Jo\u00e3o Pedrosa\/Hugo Campos e Gon\u00e7alo Sousa\/Tom\u00e1s Sousa bateram-se bem contra a forte Noruega e foram recompensados com o triunfo da \u00c1ustria sobre a Dinamarca, que ajudou \u00e0 sua qualifica\u00e7\u00e3o para a fase seguinte da competi\u00e7\u00e3o.<\/p>\n<p>Amanh\u00e3, h\u00e1 confronto ib\u00e9rico nos quartos-de-final masculinos. <strong>Gon\u00e7alo e Tom\u00e1s Sousa<\/strong> enfrentam (12h00) <span style=\"text-decoration: underline;\">\u00c1lvaro Viera\/Antonio Saucedo<\/span> e <strong>Pedrosa e Campos<\/strong> v\u00e3o defrontar, pelas 13h00,<span style=\"text-decoration: underline;\"> Javier e Alejandro Huerta<\/span>.<\/p>\n<p>Em femininos, a Alemanha e a (surpreendente) Espanha disputam, a partir das 14h30, um lugar na final de domingo.\u00a0 A outra meia-final coloca frente a frente os Pa\u00edses Baixos e a Ucr\u00e2nia, a partir das 17h00.<\/p>\n<p>O dia abriu com o Portugal x \u00c1ustria de masculinos. Os irm\u00e3os Sousa entraram muito bem no jogo (21-19) e estiveram perto de consolidar o triunfo frente a Julian Horl e Philipp Waller, mas acabaram por ceder no segundo (23-25) e no terceiro parciais (12-15). O set ganho era importante para as contas, mas Jo\u00e3o Pedrosa e Hugo Campos n\u00e3o quiseram arriscar e somaram a segunda vit\u00f3ria consecutiva na competi\u00e7\u00e3o, desta feita pela margem m\u00e1xima (2-0: 21-16 e 21-19) diante de Timo Hammarberg e Tim Berger, este \u00faltimo filho do antigo ol\u00edmpico Nik Berger.<\/p>\n<p>Seguidamente, a dupla Jo\u00e3o Pedrosa e Hugo Campos enfrentou um dos maiores desafios da sua carreira ao defrontar os noruegueses Anders Mol e Christian Sandlie Sorum. Os &#8220;Beachvolley Vikings&#8221;, como s\u00e3o conhecidos, s\u00e3o a dupla n\u00famero um do mundo, ostentando um impressionante curr\u00edculo que inclui duas medalhas ol\u00edmpicas (ouro em T\u00f3quio 2020 e bronze em Paris 2024), um t\u00edtulo mundial e quatro t\u00edtulos do EuroBeachVolley. Apesar da derrota por apertados 0-2 (23-25 e 16-21), o confronto em Espinho foi um verdadeiro teste-de-fogo e a an\u00e1lise dos atletas portugueses reflecte a import\u00e2ncia deste embate.<\/p>\n<p>Logo ap\u00f3s o jogo contra uma dupla com tamanha envergadura e hist\u00f3rico, a dupla tricampe\u00e3 nacional, n\u00e3o escondeu a satisfa\u00e7\u00e3o e a aus\u00eancia de press\u00e3o.<br \/>\n&#8220;<em>N\u00f3s sab\u00edamos que ia ser um jogo muito dif\u00edcil, mas n\u00e3o t\u00ednhamos press\u00e3o nenhuma e est\u00e1vamos a jogar em casa, est\u00e1vamos muito felizes de estar a jogar contra eles, ainda por cima, aqui em Portugal. Queremos dar esses espect\u00e1culos aos portugueses<\/em>&#8220;, afirmaram, real\u00e7ando o privil\u00e9gio de defrontar os campe\u00f5es ol\u00edmpicos e mundiais em solo nacional. A performance, apesar do resultado, deixou-os com a certeza de que est\u00e3o no caminho certo:<br \/>\n&#8220;<em>As coisas sa\u00edram bem, n\u00f3s sabemos que conseguimos atingir esse n\u00edvel e sentimos mesmo que faltam muito pouco para chegar ao n\u00edvel deles e conseguir elevar-nos. Apesar da derrota, que \u00e9 sempre um sabor amargo, estamos contentes com a exibi\u00e7\u00e3o<\/em>&#8220;.<\/p>\n<p>Questionados sobre o que seria esse &#8220;<em>pouco que falta<\/em>&#8221; para atingir o n\u00edvel dos melhores do mundo, a resposta foi un\u00e2nime: &#8220;<em>O que falta \u00e9 tempo. Ainda est\u00e1vamos a falar disso h\u00e1 pouco. Mas o pouco que nos falta leva muitos anos a conquistar<\/em>.&#8221;<br \/>\nA dupla reconhece que o processo \u00e9 gradual e exige paci\u00eancia e dedica\u00e7\u00e3o cont\u00ednuas. &#8220;<em>Estamos a fazer o nosso caminho, sabemos qual \u00e9 o nosso caminho e achamos que estamos no bom caminho. Portanto, n\u00e3o h\u00e1 que ter pressas, mas paci\u00eancia. Acho que vamos conseguir chegar ao n\u00edvel deles e, portanto, estamos orgulhosos do que fizemos aqui no campo. Prov\u00e1mos que conseguimos lutar contra uma das melhores duplas do mundo em campo e, quem sabe, num futuro, podemos ganhar<\/em>.&#8221;<\/p>\n<p>Relativamente ao balan\u00e7o da primeira fase da competi\u00e7\u00e3o, e apesar de (na altura das declara\u00e7\u00f5es) a incerteza sobre a passagem \u00e0 pr\u00f3xima fase, a dupla mant\u00e9m a cabe\u00e7a erguida. &#8220;<em>\u00c9 assim, apesar de n\u00e3o sabermos se passamos ou n\u00e3o, fizemos o nosso. Fizemos o nosso melhor em campo, que \u00e9 sempre esse o nosso objectivo. \u00c9 jogar bem e depois os resultados v\u00eam atr\u00e1s<\/em>.&#8221;<\/p>\n<p>Recordando os desafios dos jogos anteriores, &#8220;<em>Primeiro jogo, um 2-1, muito dif\u00edcil. O segundo jogo, um 2-0, tamb\u00e9m super-complicado, numa areia que parece que nos puxa para baixo. O terceiro jogo perdemos 0-2, mas sa\u00edmos de aqui orgulhosos com o nosso trajecto. Agora vamos esperar os resultados e vamos ver se passamos ou n\u00e3o<\/em>.&#8221;<\/p>\n<p>Mas passaram mesmo&#8230; e com todo o m\u00e9rito, com a qualifica\u00e7\u00e3o a ser confirmada pela derrota da Dinamarca frente \u00e0 \u00c1ustria.<\/p>\n<p style=\"text-align: center;\"><span style=\"background-color: #000000; color: #ffffff;\"><img loading=\"lazy\" decoding=\"async\" class=\"size-full wp-image-41540 aligncenter\" src=\"https:\/\/fpvoleibol.pt\/fpv\/wp-content\/uploads\/2025\/07\/Portugal_femininos_TNacoes.jpg\" alt=\"\" width=\"960\" height=\"640\" srcset=\"https:\/\/fpvoleibol.pt\/fpv\/wp-content\/uploads\/2025\/07\/Portugal_femininos_TNacoes.jpg 960w, https:\/\/fpvoleibol.pt\/fpv\/wp-content\/uploads\/2025\/07\/Portugal_femininos_TNacoes-300x200.jpg 300w, https:\/\/fpvoleibol.pt\/fpv\/wp-content\/uploads\/2025\/07\/Portugal_femininos_TNacoes-768x512.jpg 768w\" sizes=\"auto, (max-width: 960px) 100vw, 960px\" \/>FEMININOS<\/span><\/p>\n<p>No \u00faltimo jogo da fase de grupos, as portuguesas n\u00e3o foram felizes: Vanessa Paquete e Raquel Lacerda defrontaram Maryna Hladun\/Tetiana Lazarenko (0-2: 12-21 e 16-21), e Gabriela Coelho e Mariana Maia jogaram com Valentyna Davidova\/Anhelina Khmil (0-2: 7-21 e 13-21).<\/p>\n<p>O auge aconteceu j\u00e1 ao final da tarde, quando as portuguesas disputaram os quartos-de-final com as poderosas neerlandesas.<\/p>\n<p>A dupla\u00a0<strong>Gabriela Coelho\/Mariana Maia<\/strong> defrontou Mila Konink\/Raisa Schoon, tendo cedido apenas pela diferen\u00e7a m\u00ednima: 1-2 (10-21, 21-19 e 10-15).<\/p>\n<p>No \u00faltimo e decisivo jogo, Emi van Driel e Wies Bekhuis venceram (2-0: 21-11 e 21-8) Vanessa Paquete e Raquel Lacerda.<\/p>\n<p style=\"text-align: center;\"><span style=\"text-decoration: underline;\"><strong>Oportunidade de crescer como dupla(s)<\/strong><\/span><\/p>\n<p>Um facto ficou bem patente:\u00a0 apesar de enfrentarem um desafio a que n\u00e3o est\u00e3o habituados, os atletas portugueses aproveitaram esta primeira fase da competi\u00e7\u00e3o como uma importante curva de aprendizagem e uma oportunidade para crescer enquanto equipas.<br \/>\nApesar dos resultados n\u00e3o terem sido sempre os mais desejados, o foco principal parece ser a evolu\u00e7\u00e3o e a experi\u00eancia adquirida ao defrontar algumas das melhores equipas do mundo.<\/p>\n<p><strong>Raquel Lacerda<\/strong> destacou a resili\u00eancia da equipa, afirmando: &#8220;<em>No final desta primeira fase, percebemos que, apesar da diferen\u00e7a de n\u00edvel, conseguimos impor uma boa defesa. Falta-nos melhorar um pouco no contra-ataque. Sabemos que isso depende de n\u00f3s e temos de evoluir<\/em>.&#8221;<\/p>\n<p>Para <strong>Mariana Maia<\/strong>, a dificuldade desta fase j\u00e1 era esperada. &#8220;S<em>ab\u00edamos que esta fase seria muito complicada. O primeiro dia correu-nos melhor. Temos de ganhar um pouco mais de consist\u00eancia, mas, no geral, estamos muito satisfeitas com a presta\u00e7\u00e3o. Sentimos que evolu\u00edmos ao jogar com grandes advers\u00e1rias<\/em>&#8220;.<\/p>\n<p>Na vertente masculina, <strong>Tom\u00e1s Sousa<\/strong> fez um balan\u00e7o positivo da experi\u00eancia. &#8220;<em>Foi uma primeira fase muito dif\u00edcil e, em dois jogos \u2014 nomeadamente frente \u00e0 \u00c1ustria \u2014 sa\u00edmos com a sensa\u00e7\u00e3o de que pod\u00edamos ter feito melhor. Mas o balan\u00e7o \u00e9 sempre positivo, sobretudo pela aprendizagem de estar entre as melhores duplas do mundo. Fez-nos crescer<\/em>.&#8221;<\/p>\n<p>Por fim, <strong>Gon\u00e7alo Sousa<\/strong> admitiu alguma apreens\u00e3o inicial, mas mostrou-se optimista para o futuro. &#8220;<em>Entr\u00e1mos um pouco receosos nesta fase, mesmo estando em boa forma. Tivemos uma presta\u00e7\u00e3o algo inconstante, mas na pr\u00f3xima vamos j\u00e1 com a aprendizagem dos primeiros jogos e vamos dar tudo.<\/em>&#8221;<\/p>\n<p style=\"text-align: left;\"><span style=\"text-decoration: underline;\"><strong>Competi\u00e7\u00e3o<\/strong><\/span>: As oito na\u00e7\u00f5es qualificadas foram divididas em dois grupos de quatro. As tr\u00eas melhores duplas de cada grupo avan\u00e7am para as eliminat\u00f3rias: os vencedores dos grupos qualificam-se directamente para as meias-finais, enquanto as duplas classificadas em segundo e terceiro lugar disputam os quartos-de-final.<br \/>\nA fase de grupos feminina decorre de quinta a sexta-feira, sendo os quartos-de-final realizados na sexta-feira. As meias-finais est\u00e3o agendadas para s\u00e1bado e o t\u00e3o aguardado jogo da medalha de ouro ter\u00e1 lugar no domingo, prometendo um encerramento emocionante para este prestigiado torneio.<\/p>\n<p style=\"text-align: center;\">Mais informa\u00e7\u00f5es <a href=\"https:\/\/www.cev.eu\/beach\/nations-cup\/2025\/nations-cup-final\/men\/\">AQUI<\/a><\/p>\n<p style=\"text-align: center;\"><strong>\u00c1rbitros portugueses em ac\u00e7\u00e3o<br \/>\nno\u00a0<\/strong><strong>Voleibol de Praia<\/strong><\/p>\n<p><strong>Rui Carvalho<\/strong><br \/>\nBPT Elite16 Hamburg (Alemanha), de 27 a 31 de Agosto.<br \/>\nBeach Pro Tour Challenge do M\u00e9xico, de 1 a 5 de Outubro.<br \/>\nBeach Pro Tour Elite16 Cape Town (\u00c1frica do Sul), de 22 a 26 de Outubro.<br \/>\nCampeonato do Mundo de Seniores, em Adelaide, na Austr\u00e1lia, de 14 a 23 de Novembro.<\/p>\n","protected":false},"excerpt":{"rendered":"<p>Portugal apurou-se hoje para os quartos-de-final da Ta\u00e7a das Na\u00e7\u00f5es de Voleibol de Praia (CEV Beach Nations Cup) \u2013 uma competi\u00e7\u00e3o de \u00abpa\u00eds contra pa\u00eds\u00bb \u2013 a decorrer na Praia [&hellip;]<\/p>\n","protected":false},"author":2,"featured_media":41541,"comment_status":"open","ping_status":"open","sticky":false,"template":"","format":"standard","meta":{"_monsterinsights_skip_tracking":false,"_monsterinsights_sitenote_active":false,"_monsterinsights_sitenote_note":"","_monsterinsights_sitenote_category":0,"footnotes":""},"categories":[13,9,31],"tags":[86],"class_list":{"0":"post-41513","1":"post","2":"type-post","3":"status-publish","4":"format-standard","5":"has-post-thumbnail","7":"category-arbitragem","8":"category-voleibol-de-praia","9":"category-voleitv","10":"tag-taca-das-nacoes-v-praia","11":"czr-hentry"},"aioseo_notices":[],"_links":{"self":[{"href":"https:\/\/fpvoleibol.pt\/fpv\/wp-json\/wp\/v2\/posts\/41513","targetHints":{"allow":["GET"]}}],"collection":[{"href":"https:\/\/fpvoleibol.pt\/fpv\/wp-json\/wp\/v2\/posts"}],"about":[{"href":"https:\/\/fpvoleibol.pt\/fpv\/wp-json\/wp\/v2\/types\/post"}],"author":[{"embeddable":true,"href":"https:\/\/fpvoleibol.pt\/fpv\/wp-json\/wp\/v2\/users\/2"}],"replies":[{"embeddable":true,"href":"https:\/\/fpvoleibol.pt\/fpv\/wp-json\/wp\/v2\/comments?post=41513"}],"version-history":[{"count":13,"href":"https:\/\/fpvoleibol.pt\/fpv\/wp-json\/wp\/v2\/posts\/41513\/revisions"}],"predecessor-version":[{"id":41557,"href":"https:\/\/fpvoleibol.pt\/fpv\/wp-json\/wp\/v2\/posts\/41513\/revisions\/41557"}],"wp:featuredmedia":[{"embeddable":true,"href":"https:\/\/fpvoleibol.pt\/fpv\/wp-json\/wp\/v2\/media\/41541"}],"wp:attachment":[{"href":"https:\/\/fpvoleibol.pt\/fpv\/wp-json\/wp\/v2\/media?parent=41513"}],"wp:term":[{"taxonomy":"category","embeddable":true,"href":"https:\/\/fpvoleibol.pt\/fpv\/wp-json\/wp\/v2\/categories?post=41513"},{"taxonomy":"post_tag","embeddable":true,"href":"https:\/\/fpvoleibol.pt\/fpv\/wp-json\/wp\/v2\/tags?post=41513"}],"curies":[{"name":"wp","href":"https:\/\/api.w.org\/{rel}","templated":true}]}}