{"id":41489,"date":"2025-07-17T18:56:31","date_gmt":"2025-07-17T17:56:31","guid":{"rendered":"https:\/\/fpvoleibol.pt\/fpv\/?p=41489"},"modified":"2025-07-18T19:47:34","modified_gmt":"2025-07-18T18:47:34","slug":"triunfo-a-abrir-na-taca-das-nacoes","status":"publish","type":"post","link":"https:\/\/fpvoleibol.pt\/fpv\/2025\/07\/17\/triunfo-a-abrir-na-taca-das-nacoes\/","title":{"rendered":"TRIUNFO A ABRIR NA TA\u00c7A DAS NA\u00c7\u00d5ES"},"content":{"rendered":"<p><img loading=\"lazy\" decoding=\"async\" class=\"size-full wp-image-41494 aligncenter\" src=\"https:\/\/fpvoleibol.pt\/fpv\/wp-content\/uploads\/2025\/07\/Nations_Cup_Gabi_Mariana_d.jpg\" alt=\"\" width=\"960\" height=\"640\" srcset=\"https:\/\/fpvoleibol.pt\/fpv\/wp-content\/uploads\/2025\/07\/Nations_Cup_Gabi_Mariana_d.jpg 960w, https:\/\/fpvoleibol.pt\/fpv\/wp-content\/uploads\/2025\/07\/Nations_Cup_Gabi_Mariana_d-300x200.jpg 300w, https:\/\/fpvoleibol.pt\/fpv\/wp-content\/uploads\/2025\/07\/Nations_Cup_Gabi_Mariana_d-768x512.jpg 768w\" sizes=\"auto, (max-width: 960px) 100vw, 960px\" \/>A dupla portuguesa <strong>Gabriela Coelho\/Mariana Maia<\/strong> abriu o dia inaugural das Finais da <a href=\"https:\/\/www.cev.eu\/beach\/nations-cup\/2025\/nations-cup-final\/\">Ta\u00e7a das Na\u00e7\u00f5es de Voleibol de Praia (CEV Beach Nations Cup)<\/a> \u2013 uma competi\u00e7\u00e3o de \u00abpa\u00eds contra pa\u00eds\u00bb, a decorrer na Praia da Ba\u00eda, em Espinho, \u2013 com um resultado categ\u00f3rico (2-0: 21-15 e 21-14) frente \u00e0s est\u00f3nias Heleene Hollas e Keira Liina Lukas. Um <em>raio de sol<\/em>, num dia que come\u00e7ou muito nublado, e que acabaria por ter ainda mais valor, j\u00e1 que <em>cobriu<\/em> o resultado do segundo jogo \u2013\u00a0 Vanessa Paquete e Raquel Lacerda perderam por duplo (16-21) com as est\u00f3nias Eva Liisa Kuivonen e Liisa-Lotta Jurgenson \u2013 e deu os primeiros pontos a Portugal.<br \/>\nA diferen\u00e7a de pontos acabou por pesar a favor de Portugal no primeiro desafio destas finais, que a partir dos quartos-de-final j\u00e1 ser\u00e3o decididas, em caso de igualdade de vit\u00f3rias (1-1), pela disputa de um Golden Set.<\/p>\n<p>Ap\u00f3s a vit\u00f3ria que marcou o in\u00edcio do dia para Portugal nas Finais da Ta\u00e7a das Na\u00e7\u00f5es de Voleibol de Praia, <strong>Mariana Maia<\/strong> come\u00e7ou por salientar o significado do triunfo:<br \/>\n&#8220;<em>\u00c9 sempre importante entrar com uma vit\u00f3ria. Todas as atletas s\u00e3o muito competitivas e jogam ao mais alto n\u00edvel, o ano todo, que \u00e9 algo que n\u00f3s n\u00e3o fazemos, porque jogamos tamb\u00e9m no pavilh\u00e3o durante a maior parte do ano. Para n\u00f3s, \u00e9 sempre dif\u00edcil defrontar duplas que t\u00eam sempre muito mais areia nos p\u00e9s. Foi \u00f3ptimo termos come\u00e7ado com uma vit\u00f3ria. Vamos ver o poderemos conseguir. Vamos dar o nosso melhor embora saibamos que \u00e9 mesmo muito, mas muito dif\u00edcil<\/em>.&#8221;<\/p>\n<p>Mariana tamb\u00e9m destacou o apoio do p\u00fablico: &#8220;<em>Neste primeiro dia de competi\u00e7\u00e3o, e apesar de ser um dia de semana, j\u00e1 foi poss\u00edvel sentir o apoio que vamos ter em Espinho. Ter muitas crian\u00e7as na bancada que at\u00e9 chamam pelo nosso nome, ver que estamos a ter impacto no dia delas, e de alguma forma a incentivar e a contribuir para que elas pratiquem desporto, \u00e9 sem d\u00favida muito bom para n\u00f3s e creio que ser\u00e1 igualmente bom para elas<\/em>.&#8221;<\/p>\n<p><strong>Gabriela Coelho<\/strong> refor\u00e7ou o sentimento de jogar em casa: &#8220;<em>Estou a sentir muito o esp\u00edrito de Portugal. Jogar em casa e ter o apoio do p\u00fablico traz isso. \u00c9 muito bom estar no campo e sentir as pessoas na bancada a puxar por n\u00f3s e a lutar como n\u00f3s pelo nome de Portugal, mas fazermos isso juntamente com outras atletas e treinadores, transforma isso numa equipa maior mas ao mesmo tempo mais unida<\/em>.&#8221;<\/p>\n<p>Por fim, Gabriela real\u00e7ou o facto de serem vistas como um exemplo para os mais jovens: &#8220;<em>\u00c9 importante e acaba por tamb\u00e9m ser inspirador para n\u00f3s, motiva-nos ainda mais a passar uma boa imagem e bons valores a quem nos v\u00ea nas bancadas, e acaba por ser isso que n\u00f3s tentamos fazer dentro do campo e mesmo fora quando estamos em conv\u00edvio com os mais jovens, tentar tamb\u00e9m incutir-lhes o bichinho do Voleibol e tamb\u00e9m que, com trabalho, podem alcan\u00e7ar o que n\u00f3s alcan\u00e7\u00e1mos<\/em>.&#8221;<\/p>\n<p>Infelizmente, no embate com a armada espanhola, Mariana e Gabi, que estavam a liderar o primeiro set, viram as suas advers\u00e1rias igualarem e fecharem o parcial com o resultado de 25-23. O desgaste deste set, sobretudo emocional, fez com o segundo fosse sempre liderado por Sof\u00eda Gonz\u00e1lez Racero e Ana Vergara, que consolidaram o triunfo por 2-0 (25-23 e 21-14).<\/p>\n<p>Depois, foi a vez de Vanessa Paquete e Raquel Lacerda defrontarem as medalhas de prata do EuroBeachVolley 2023, Daniela \u00c1lvarez e Tania Moreno, que tamb\u00e9m competiram em Paris. A luta desigual terminou com o triunfo de nuestras hermanas: 2-0 (21-8 e 21-12)<\/p>\n<p>Estes resultados fazem com que os jogos de amanh\u00e3, com a Ucr\u00e2nia, sejam decisivos: Vanessa Paquete e Raquel Lacerda defrontam (12h15) Maryna Hladun\/Tetiana Lazarenko, e Gabriela Coelho e Mariana Maia jogam (11h30) com Valentyna Davidova\/Anhelina Khmil, uma for\u00e7a em ascens\u00e3o no continente.<\/p>\n<p><img loading=\"lazy\" decoding=\"async\" class=\"size-full wp-image-41501 aligncenter\" src=\"https:\/\/fpvoleibol.pt\/fpv\/wp-content\/uploads\/2025\/07\/Taca_Nacoes_Pedrosa_Campos_01_d.jpg\" alt=\"\" width=\"960\" height=\"640\" srcset=\"https:\/\/fpvoleibol.pt\/fpv\/wp-content\/uploads\/2025\/07\/Taca_Nacoes_Pedrosa_Campos_01_d.jpg 960w, https:\/\/fpvoleibol.pt\/fpv\/wp-content\/uploads\/2025\/07\/Taca_Nacoes_Pedrosa_Campos_01_d-300x200.jpg 300w, https:\/\/fpvoleibol.pt\/fpv\/wp-content\/uploads\/2025\/07\/Taca_Nacoes_Pedrosa_Campos_01_d-768x512.jpg 768w\" sizes=\"auto, (max-width: 960px) 100vw, 960px\" \/>Em masculinos, ocorreu o contr\u00e1rio do que tinha acontecido no encontro inaugural de femininos. No confronto com a Dinamarca, Jo\u00e3o Pedrosa e Hugo Campos venceram (2-1: 17-21, 21-11 e 15-9) Mads Mollgaard\/Kristoffer Abell, mas n\u00e3o conseguiram debelar o desaire (0-2: 10-21 e 16-21) de Gon\u00e7alo e Tom\u00e1s Sousa frente a Nicolai Hovmann e Christian Andersen.<\/p>\n<p>A sexta-feira traz novos desafios: os irm\u00e3os Sousa defrontam os austr\u00edacos Julian H\u00f6rl e Philipp Waller (9h45), enquanto Pedrosa e Campos ter\u00e3o pela frente (10h30) os experientes Timo Hammarberg e Tim Berger.<br \/>\nO resto do dia reserva um dos momentos mais aguardados para a dupla Pedrosa\/Campos, que ir\u00e1 defrontar (14h00) os poderosos\u00a0Anders Mol e Christian Sandlie Sorum. Esta \u00e9 a dupla mais conceituada presente em Espinho, n\u00famero um do mundo, com duas medalhas ol\u00edmpicas (ouro em T\u00f3quio 2020 e bronze em Paris 2024), um t\u00edtulo mundial e quatro t\u00edtulos do EuroBeachVolley. Os compatriotas noruegueses Hendrik Mol e Mathias Berntsen ser\u00e3o os advers\u00e1rios de Gon\u00e7alo e Tom\u00e1s Sousa (13h15), encerrando um dia que promete ser de grande intensidade para as cores nacionais.<\/p>\n<p>O confronto com os <em>Beachvolley Vikings<\/em>\u00a0ser\u00e1 um <em>teste-de-fogo<\/em> para Jo\u00e3o Pedrosa e Hugo Campos, que voltar\u00e3o a encontr\u00e1-los na Pool A do Campeonato da Europa de 2025, em Dusseldorf.<br \/>\nHoje, os alem\u00e3es desembara\u00e7aram-se dos austr\u00edacos, vencendo os dois jogos por 2-0. Ver r<a href=\"https:\/\/www.cev.eu\/beach\/nations-cup\/2025\/nations-cup-final\/men\/#matches\">esultados de masculinos<\/a><\/p>\n<p><img loading=\"lazy\" decoding=\"async\" class=\" wp-image-41500 alignleft\" src=\"https:\/\/fpvoleibol.pt\/fpv\/wp-content\/uploads\/2025\/07\/ger_natiosncup.jpg\" alt=\"\" width=\"230\" height=\"153\" srcset=\"https:\/\/fpvoleibol.pt\/fpv\/wp-content\/uploads\/2025\/07\/ger_natiosncup.jpg 960w, https:\/\/fpvoleibol.pt\/fpv\/wp-content\/uploads\/2025\/07\/ger_natiosncup-300x200.jpg 300w, https:\/\/fpvoleibol.pt\/fpv\/wp-content\/uploads\/2025\/07\/ger_natiosncup-768x512.jpg 768w\" sizes=\"auto, (max-width: 230px) 100vw, 230px\" \/>Em femininos, o destaque vai para as alem\u00e3s Svenja Muller e Cinja Tillmann, campe\u00e3s europeias em t\u00edtulo (Pa\u00edses Baixos 2024) e 9.\u00aaas classificadas nos Jogos Ol\u00edmpicos de Paris.<br \/>\nApesar do seu favoritismo, Svenja e Cinja <em>viram-se e desejaram-se<\/em> para ultrapassar (2-1: 21-12, 19-21, 15-13) as lituanas Ariana Rudkovskaja e Skalve Krizanauskaite no primeiro jogo que disputaram. Ver <a href=\"https:\/\/www.cev.eu\/beach\/nations-cup\/2025\/nations-cup-final\/women\/#matches\">resultados de femininos<\/a><\/p>\n<p>De referir que, e para al\u00e9m do contingente estrangeiro, a equipa de arbitragem contar\u00e1 com <strong>seis \u00e1rbitros portugueses<\/strong>: Rui Carvalho, Sandra Deveza, S\u00e9rgio Pereira, Maria Michelle Ferreira, Daniel Fernandes e Joana Brito.<\/p>\n<p style=\"text-align: left;\"><span style=\"text-decoration: underline;\"><strong>Calend\u00e1rio da competi\u00e7\u00e3o<\/strong><\/span>: As oito na\u00e7\u00f5es qualificadas foram divididas em dois grupos de quatro. As tr\u00eas melhores duplas de cada grupo avan\u00e7am para as eliminat\u00f3rias: os vencedores dos grupos qualificam-se directamente para as meias-finais, enquanto as duplas classificadas em segundo e terceiro lugar disputam os quartos-de-final.<br \/>\nA fase de grupos feminina decorre de quinta a sexta-feira, sendo os quartos-de-final realizados na sexta-feira. As meias-finais est\u00e3o agendadas para s\u00e1bado e o t\u00e3o aguardado jogo da medalha de ouro ter\u00e1 lugar no domingo, prometendo um encerramento emocionante para este prestigiado torneio.<\/p>\n<p style=\"text-align: center;\">Mais informa\u00e7\u00f5es <a href=\"https:\/\/www.cev.eu\/beach\/nations-cup\/2025\/nations-cup-final\/men\/\">AQUI<\/a><\/p>\n<p style=\"text-align: center;\"><strong>\u00c1rbitros portugueses em ac\u00e7\u00e3o<br \/>\nno\u00a0<\/strong><strong>Voleibol de Praia<\/strong><\/p>\n<p><strong>Rui Carvalho<\/strong><br \/>\nBPT Elite16 Hamburg (Alemanha), de 27 a 31 de Agosto.<br \/>\nBeach Pro Tour Challenge do M\u00e9xico, de 1 a 5 de Outubro.<br \/>\nBeach Pro Tour Elite16 Cape Town (\u00c1frica do Sul), de 22 a 26 de Outubro.<br \/>\nCampeonato do Mundo de Seniores, em Adelaide, na Austr\u00e1lia, de 14 a 23 de Novembro.<\/p>\n","protected":false},"excerpt":{"rendered":"<p>A dupla portuguesa Gabriela Coelho\/Mariana Maia abriu o dia inaugural das Finais da Ta\u00e7a das Na\u00e7\u00f5es de Voleibol de Praia (CEV Beach Nations Cup) \u2013 uma competi\u00e7\u00e3o de \u00abpa\u00eds contra [&hellip;]<\/p>\n","protected":false},"author":2,"featured_media":41502,"comment_status":"open","ping_status":"open","sticky":false,"template":"","format":"standard","meta":{"_monsterinsights_skip_tracking":false,"_monsterinsights_sitenote_active":false,"_monsterinsights_sitenote_note":"","_monsterinsights_sitenote_category":0,"footnotes":""},"categories":[13,9,31],"tags":[86],"class_list":{"0":"post-41489","1":"post","2":"type-post","3":"status-publish","4":"format-standard","5":"has-post-thumbnail","7":"category-arbitragem","8":"category-voleibol-de-praia","9":"category-voleitv","10":"tag-taca-das-nacoes-v-praia","11":"czr-hentry"},"aioseo_notices":[],"_links":{"self":[{"href":"https:\/\/fpvoleibol.pt\/fpv\/wp-json\/wp\/v2\/posts\/41489","targetHints":{"allow":["GET"]}}],"collection":[{"href":"https:\/\/fpvoleibol.pt\/fpv\/wp-json\/wp\/v2\/posts"}],"about":[{"href":"https:\/\/fpvoleibol.pt\/fpv\/wp-json\/wp\/v2\/types\/post"}],"author":[{"embeddable":true,"href":"https:\/\/fpvoleibol.pt\/fpv\/wp-json\/wp\/v2\/users\/2"}],"replies":[{"embeddable":true,"href":"https:\/\/fpvoleibol.pt\/fpv\/wp-json\/wp\/v2\/comments?post=41489"}],"version-history":[{"count":10,"href":"https:\/\/fpvoleibol.pt\/fpv\/wp-json\/wp\/v2\/posts\/41489\/revisions"}],"predecessor-version":[{"id":41533,"href":"https:\/\/fpvoleibol.pt\/fpv\/wp-json\/wp\/v2\/posts\/41489\/revisions\/41533"}],"wp:featuredmedia":[{"embeddable":true,"href":"https:\/\/fpvoleibol.pt\/fpv\/wp-json\/wp\/v2\/media\/41502"}],"wp:attachment":[{"href":"https:\/\/fpvoleibol.pt\/fpv\/wp-json\/wp\/v2\/media?parent=41489"}],"wp:term":[{"taxonomy":"category","embeddable":true,"href":"https:\/\/fpvoleibol.pt\/fpv\/wp-json\/wp\/v2\/categories?post=41489"},{"taxonomy":"post_tag","embeddable":true,"href":"https:\/\/fpvoleibol.pt\/fpv\/wp-json\/wp\/v2\/tags?post=41489"}],"curies":[{"name":"wp","href":"https:\/\/api.w.org\/{rel}","templated":true}]}}