{"id":41426,"date":"2025-07-15T10:05:34","date_gmt":"2025-07-15T09:05:34","guid":{"rendered":"https:\/\/fpvoleibol.pt\/fpv\/?p=41426"},"modified":"2025-08-22T15:22:37","modified_gmt":"2025-08-22T14:22:37","slug":"convocados-da-seleccao-nacional-3","status":"publish","type":"post","link":"https:\/\/fpvoleibol.pt\/fpv\/2025\/07\/15\/convocados-da-seleccao-nacional-3\/","title":{"rendered":"CONVOCADOS DA SELEC\u00c7\u00c3O NACIONAL"},"content":{"rendered":"<p style=\"text-align: center;\"><img loading=\"lazy\" decoding=\"async\" class=\"size-full wp-image-41001 aligncenter\" src=\"https:\/\/fpvoleibol.pt\/fpv\/wp-content\/uploads\/2025\/06\/egl_chequiaxpor_d1.jpg\" alt=\"\" width=\"960\" height=\"640\" srcset=\"https:\/\/fpvoleibol.pt\/fpv\/wp-content\/uploads\/2025\/06\/egl_chequiaxpor_d1.jpg 960w, https:\/\/fpvoleibol.pt\/fpv\/wp-content\/uploads\/2025\/06\/egl_chequiaxpor_d1-300x200.jpg 300w, https:\/\/fpvoleibol.pt\/fpv\/wp-content\/uploads\/2025\/06\/egl_chequiaxpor_d1-768x512.jpg 768w\" sizes=\"auto, (max-width: 960px) 100vw, 960px\" \/><strong><span style=\"font-size: 14px;\">De regresso aos <em>Grandes Palcos<\/em>, a Selec\u00e7\u00e3o Nacional de Seniores Masculinos vive um momento de viragem. Ap\u00f3s um percurso na <span style=\"text-decoration: underline;\">European Golden League<\/span> onde uma nova e promissora gera\u00e7\u00e3o de talentos se afirmou, a equipa prepara-se para dois grandes desafios internacionais que prometem solidificar o seu estatuto no panorama mundial: o<a href=\"https:\/\/en.volleyballworld.com\/volleyball\/competitions\/men-world-championship\/\"> Campeonato do Mundo de 2025<\/a> e, posteriormente, o <a href=\"https:\/\/eurovolley.cev.eu\/en\/2026\/men\/\">Campeonato da Europa de 2026<\/a>. A confian\u00e7a na juventude e a crescente consist\u00eancia do voleibol portugu\u00eas s\u00e3o a base desta nova e emocionante fase.<\/span><\/strong><\/p>\n<p>Portugal <a href=\"https:\/\/fpvoleibol.pt\/fpv\/wp-content\/uploads\/2025\/07\/SNSM_historial_curri_julho2025_v1.pdf\">est\u00e1 de regresso<\/a> ao maior palco do Voleibol mundial. Ap\u00f3s 23 anos de aus\u00eancia, a <span style=\"text-decoration: underline;\">Selec\u00e7\u00e3o Nacional, sob a orienta\u00e7\u00e3o do Selecionador Jo\u00e3o Jos\u00e9<\/span>, garantiu a sua terceira presen\u00e7a no <a href=\"https:\/\/en.volleyballworld.com\/volleyball\/competitions\/men-world-championship\/\">Campeonato do Mundo<\/a>. A competi\u00e7\u00e3o, que se realiza de 12 a 28 de Setembro em Manila, nas Filipinas, promete ser um teste de fogo para a equipa das Quinas, que se qualificou directamente gra\u00e7as \u00e0 sua posi\u00e7\u00e3o no Ranking Mundial da FIVB.<\/p>\n<p>Os trabalhos de prepara\u00e7\u00e3o para o Campeonato do Mundo ter\u00e3o in\u00edcio no dia 28 de Julho, \u00e0s 8h30 no Pavilh\u00e3o de Santa Maria Maior, em Viana do Castelo.<\/p>\n<p style=\"text-align: center;\"><span style=\"background-color: #000000; color: #ffffff;\">Equipa t\u00e9cnica<\/span><\/p>\n<p style=\"text-align: center;\"><strong>Treinador Principal<\/strong> \u2013 Jo\u00e3o Jos\u00e9<br \/>\n<strong>Treinador Adjunto<\/strong> \u2013 Manuel Silva<br \/>\n<strong>Treinador Adjunto<\/strong> \u2013 Ricardo Lemos<br \/>\n<strong>Fisioterapeuta<\/strong> \u2013 H\u00e9lder Vasco<\/p>\n<p style=\"text-align: center;\"><span style=\"background-color: #000000; color: #ffffff;\">Atletas convocados<\/span><\/p>\n<p style=\"text-align: center;\"><b>AA Espinho<\/b><br \/>\nRafael Pinto<\/p>\n<p style=\"text-align: center;\"><b>Cast\u00ealo da Maia GC<\/b><br \/>\nGuilherme Menezes<\/p>\n<p style=\"text-align: center;\"><b>Leix\u00f5es SC<\/b><br \/>\nAndr\u00e9 Pereira<br \/>\nRafael Santos<\/p>\n<p style=\"text-align: center;\"><strong>SC Espinho<\/strong><br \/>\nJos\u00e9 Pedro Andrade<\/p>\n<p style=\"text-align: center;\"><b>SL Benfica<\/b><br \/>\nTiago Violas<br \/>\nIvo Casas<\/p>\n<p style=\"text-align: center;\"><b>Sporting CP<\/b><br \/>\nGon\u00e7alo Sousa<br \/>\nKelton Tavares<\/p>\n<p style=\"text-align: center;\"><b>Vit\u00f3ria SC<\/b><br \/>\nManuel Figueiredo<\/p>\n<p style=\"text-align: center;\"><b>CV San Roque Bat\u00e1n (Espanha)<\/b><br \/>\nJos\u00e9 Pinto<\/p>\n<p style=\"text-align: center;\"><b>Nice Volley-Ball (Fran\u00e7a)<\/b><br \/>\nBruno Dias<\/p>\n<p style=\"text-align: center;\"><b>St. Nazaire VB Atlantique (Fran\u00e7a)<\/b><br \/>\nLouren\u00e7o Martins<\/p>\n<p style=\"text-align: center;\"><b>Helios Grizzlys Giesen (Alemanha)<\/b><br \/>\nMiguel Sinfr\u00f3nio<\/p>\n<p style=\"text-align: center;\"><b>Tokyo Great Bears (Jap\u00e3o)<\/b><br \/>\nAlexandre Ferreira<\/p>\n<p style=\"text-align: center;\"><b>Nova Technology Lycurgus BV (P. Baixos)<\/b><br \/>\nNuno Marques<\/p>\n<p style=\"text-align: center;\"><b>Aluron Warta Zawiercie (Pol\u00f3nia)<\/b><br \/>\nMiguel Tavares Rodrigues<\/p>\n<p style=\"text-align: center;\"><b>SC Municipal Zalau (Rom\u00e9nia)<\/b><br \/>\nFilip Cveticanin<br \/>\n<span style=\"font-size: 12px;\"><strong>*Em 2024\/2025<\/strong><\/span><\/p>\n<p><img loading=\"lazy\" decoding=\"async\" class=\" wp-image-40883 alignleft\" src=\"https:\/\/fpvoleibol.pt\/fpv\/wp-content\/uploads\/2025\/06\/SNSM_porxisrael_f1.jpg\" alt=\"\" width=\"331\" height=\"196\" srcset=\"https:\/\/fpvoleibol.pt\/fpv\/wp-content\/uploads\/2025\/06\/SNSM_porxisrael_f1.jpg 640w, https:\/\/fpvoleibol.pt\/fpv\/wp-content\/uploads\/2025\/06\/SNSM_porxisrael_f1-300x178.jpg 300w\" sizes=\"auto, (max-width: 331px) 100vw, 331px\" \/>Integrado na Pool D, Portugal defronta advers\u00e1rios de peso na fase final do Mundial 2025. A <a href=\"https:\/\/en.volleyballworld.com\/volleyball\/competitions\/men-world-championship\/schedule\/#fromDate=2025-09-12\">estreia ser\u00e1 frente a Cuba, no dia 13 de Setembro, \u00e0s 6h30 portuguesas<\/a>, reeditando confrontos hist\u00f3ricos na Liga Mundial. Segue-se, no dia 15 de Setembro, \u00e0s 14h00, o jogo com os Estados Unidos da Am\u00e9rica, uma equipa que dispensa apresenta\u00e7\u00f5es, sendo a 3.\u00aa no ranking mundial e medalha de bronze na Olimp\u00edada de Paris. O percurso na fase de grupos encerra com o jogo frente \u00e0 Col\u00f4mbia, no dia 17 de Setembro, \u00e0s 3h00.<\/p>\n<p>&#8220;<em>Sem ilus\u00f5es de jogos f\u00e1ceis, temos de ser realistas mas tamb\u00e9m ambicionar e aceitar o desafio de conseguir passar aos oitavos-de-final<\/em>&#8220;, afirmou o Selecionador Jo\u00e3o Jos\u00e9 aquando do sorteio. O objectivo \u00e9 claro: terminar entre os dois primeiros do grupo para continuar a avan\u00e7ar numa competi\u00e7\u00e3o que, este ano, se disputa num novo formato com 32 selec\u00e7\u00f5es.<\/p>\n<p>A qualifica\u00e7\u00e3o para o Campeonato do Mundo n\u00e3o seria t\u00e3o entusiasmante sem o contexto da European Golden League (EGL) de 2025. Embora a equipa n\u00e3o tenha chegado \u00e0 Final Four, a campanha foi crucial para a afirma\u00e7\u00e3o de uma nova e talentosa gera\u00e7\u00e3o de jogadores, que demonstrou o potencial do futuro do Voleibol portugu\u00eas.<\/p>\n<p>A EGL serviu como uma valiosa plataforma para a transi\u00e7\u00e3o dos jovens atletas das selec\u00e7\u00f5es de forma\u00e7\u00e3o para a equipa principal. A resili\u00eancia, a capacidade de crescimento e a maturidade demonstradas por estes jovens em contexto internacional foram not\u00e1veis. Nomes como Jos\u00e9 Pedro Pinto e Nuno Marques confirmaram a aposta, enquanto despontaram outros talentos vindos de selec\u00e7\u00f5es mais jovens, dos quais Bruno Dias, eleito MVP num dos jogos cruciais, e Andr\u00e9 Pereira s\u00e3o os casos mais flagrantes.<\/p>\n<p>Esta aposta na juventude, aliada ao trabalho de base que tem sido desenvolvido, est\u00e1 a dar frutos. O desempenho na EGL \u00e9 a prova de que o Voleibol portugu\u00eas est\u00e1 no caminho certo, construindo uma base s\u00f3lida para competir a patamares mais elevados nos pr\u00f3ximos anos.<\/p>\n<p>A crescente consist\u00eancia da Selec\u00e7\u00e3o Nacional \u00e9 confirmada pela sua qualifica\u00e7\u00e3o directa para o Campeonato da Europa de 2026. Esta ser\u00e1 a oitava presen\u00e7a de Portugal na fase final da competi\u00e7\u00e3o, e a quarta consecutiva, um feito que sublinha a sua consolida\u00e7\u00e3o entre as principais pot\u00eancias do continente.<\/p>\n<p>A qualifica\u00e7\u00e3o directa, que evita a fase preliminar, \u00e9 um reconhecimento da excelente classifica\u00e7\u00e3o de Portugal no Europeu de 2023 (10.\u00ba lugar) e da sua posi\u00e7\u00e3o no Ranking da Confedera\u00e7\u00e3o Europeia de Voleibol (CEV). O EuroVolley de 2026 ser\u00e1 disputado em quatro pa\u00edses \u2013 It\u00e1lia, Bulg\u00e1ria, Finl\u00e2ndia e Rom\u00e9nia \u2013 e contar\u00e1 com as 24 principais selec\u00e7\u00f5es do Velho Continente.<\/p>\n<p>Com a experi\u00eancia de alto n\u00edvel no Campeonato do Mundo e a base s\u00f3lida de jovens jogadores que se destacaram na European Golden League, a equipa portuguesa olha para o futuro com optimismo. O sonho de continuar a ser um protagonista nos grandes palcos internacionais est\u00e1 nas suas m\u00e3os, e a nova gera\u00e7\u00e3o tem o talento e a determina\u00e7\u00e3o para o transformar em realidade.<\/p>\n","protected":false},"excerpt":{"rendered":"<p>De regresso aos Grandes Palcos, a Selec\u00e7\u00e3o Nacional de Seniores Masculinos vive um momento de viragem. Ap\u00f3s um percurso na European Golden League onde uma nova e promissora gera\u00e7\u00e3o de [&hellip;]<\/p>\n","protected":false},"author":2,"featured_media":40974,"comment_status":"open","ping_status":"open","sticky":false,"template":"","format":"standard","meta":{"_monsterinsights_skip_tracking":false,"_monsterinsights_sitenote_active":false,"_monsterinsights_sitenote_note":"","_monsterinsights_sitenote_category":0,"footnotes":""},"categories":[8],"tags":[147,179,178],"class_list":{"0":"post-41426","1":"post","2":"type-post","3":"status-publish","4":"format-standard","5":"has-post-thumbnail","7":"category-voleibol","8":"tag-campeonato-do-mundo","9":"tag-mundial2025m","10":"tag-snsm","11":"czr-hentry"},"aioseo_notices":[],"_links":{"self":[{"href":"https:\/\/fpvoleibol.pt\/fpv\/wp-json\/wp\/v2\/posts\/41426","targetHints":{"allow":["GET"]}}],"collection":[{"href":"https:\/\/fpvoleibol.pt\/fpv\/wp-json\/wp\/v2\/posts"}],"about":[{"href":"https:\/\/fpvoleibol.pt\/fpv\/wp-json\/wp\/v2\/types\/post"}],"author":[{"embeddable":true,"href":"https:\/\/fpvoleibol.pt\/fpv\/wp-json\/wp\/v2\/users\/2"}],"replies":[{"embeddable":true,"href":"https:\/\/fpvoleibol.pt\/fpv\/wp-json\/wp\/v2\/comments?post=41426"}],"version-history":[{"count":12,"href":"https:\/\/fpvoleibol.pt\/fpv\/wp-json\/wp\/v2\/posts\/41426\/revisions"}],"predecessor-version":[{"id":42288,"href":"https:\/\/fpvoleibol.pt\/fpv\/wp-json\/wp\/v2\/posts\/41426\/revisions\/42288"}],"wp:featuredmedia":[{"embeddable":true,"href":"https:\/\/fpvoleibol.pt\/fpv\/wp-json\/wp\/v2\/media\/40974"}],"wp:attachment":[{"href":"https:\/\/fpvoleibol.pt\/fpv\/wp-json\/wp\/v2\/media?parent=41426"}],"wp:term":[{"taxonomy":"category","embeddable":true,"href":"https:\/\/fpvoleibol.pt\/fpv\/wp-json\/wp\/v2\/categories?post=41426"},{"taxonomy":"post_tag","embeddable":true,"href":"https:\/\/fpvoleibol.pt\/fpv\/wp-json\/wp\/v2\/tags?post=41426"}],"curies":[{"name":"wp","href":"https:\/\/api.w.org\/{rel}","templated":true}]}}