{"id":41422,"date":"2025-07-17T10:43:36","date_gmt":"2025-07-17T09:43:36","guid":{"rendered":"https:\/\/fpvoleibol.pt\/fpv\/?p=41422"},"modified":"2025-07-17T11:24:20","modified_gmt":"2025-07-17T10:24:20","slug":"torneio-wevza-sub-17-em-barcelos","status":"publish","type":"post","link":"https:\/\/fpvoleibol.pt\/fpv\/2025\/07\/17\/torneio-wevza-sub-17-em-barcelos\/","title":{"rendered":"TORNEIO WEVZA SUB-17 EM BARCELOS"},"content":{"rendered":"<p><img loading=\"lazy\" decoding=\"async\" class=\"size-full wp-image-41434 aligncenter\" src=\"https:\/\/fpvoleibol.pt\/fpv\/wp-content\/uploads\/2025\/07\/WEVZA_U17W_barcelos_web_d1.jpg\" alt=\"\" width=\"960\" height=\"1357\" srcset=\"https:\/\/fpvoleibol.pt\/fpv\/wp-content\/uploads\/2025\/07\/WEVZA_U17W_barcelos_web_d1.jpg 960w, https:\/\/fpvoleibol.pt\/fpv\/wp-content\/uploads\/2025\/07\/WEVZA_U17W_barcelos_web_d1-212x300.jpg 212w, https:\/\/fpvoleibol.pt\/fpv\/wp-content\/uploads\/2025\/07\/WEVZA_U17W_barcelos_web_d1-724x1024.jpg 724w, https:\/\/fpvoleibol.pt\/fpv\/wp-content\/uploads\/2025\/07\/WEVZA_U17W_barcelos_web_d1-768x1086.jpg 768w\" sizes=\"auto, (max-width: 960px) 100vw, 960px\" \/>Em finais de Julho, Barcelos torna-se a capital do Voleibol de Praia\/Voleibol, com a realiza\u00e7\u00e3o de duas etapas do Circuito Nacional de Voleibol de Praia e do Torneio Internacional da WEVZA* de Sub-17 Femininos.<\/p>\n<p>Barcelos volta a provar que \u00e9 um verdadeiro epicentro do Voleibol, preparando-se para um m\u00eas de Julho que promete colocar a cidade no centro das aten\u00e7\u00f5es, tanto a n\u00edvel nacional como internacional.<\/p>\n<p><img loading=\"lazy\" decoding=\"async\" class=\" wp-image-41432 alignleft\" src=\"https:\/\/fpvoleibol.pt\/fpv\/wp-content\/uploads\/2025\/07\/poster_cnvp_2025_barcelos_FEM_w_d.jpg\" alt=\"\" width=\"264\" height=\"373\" srcset=\"https:\/\/fpvoleibol.pt\/fpv\/wp-content\/uploads\/2025\/07\/poster_cnvp_2025_barcelos_FEM_w_d.jpg 960w, https:\/\/fpvoleibol.pt\/fpv\/wp-content\/uploads\/2025\/07\/poster_cnvp_2025_barcelos_FEM_w_d-212x300.jpg 212w, https:\/\/fpvoleibol.pt\/fpv\/wp-content\/uploads\/2025\/07\/poster_cnvp_2025_barcelos_FEM_w_d-724x1024.jpg 724w, https:\/\/fpvoleibol.pt\/fpv\/wp-content\/uploads\/2025\/07\/poster_cnvp_2025_barcelos_FEM_w_d-768x1086.jpg 768w\" sizes=\"auto, (max-width: 264px) 100vw, 264px\" \/><img loading=\"lazy\" decoding=\"async\" class=\" wp-image-41435 alignleft\" src=\"https:\/\/fpvoleibol.pt\/fpv\/wp-content\/uploads\/2025\/07\/poster_cnvp_2025_barcelos_MASC_m_d.jpg\" alt=\"\" width=\"261\" height=\"369\" srcset=\"https:\/\/fpvoleibol.pt\/fpv\/wp-content\/uploads\/2025\/07\/poster_cnvp_2025_barcelos_MASC_m_d.jpg 960w, https:\/\/fpvoleibol.pt\/fpv\/wp-content\/uploads\/2025\/07\/poster_cnvp_2025_barcelos_MASC_m_d-212x300.jpg 212w, https:\/\/fpvoleibol.pt\/fpv\/wp-content\/uploads\/2025\/07\/poster_cnvp_2025_barcelos_MASC_m_d-724x1024.jpg 724w, https:\/\/fpvoleibol.pt\/fpv\/wp-content\/uploads\/2025\/07\/poster_cnvp_2025_barcelos_MASC_m_d-768x1086.jpg 768w\" sizes=\"auto, (max-width: 261px) 100vw, 261px\" \/>A liga\u00e7\u00e3o de Barcelos \u00e0 modalidade \u00e9 ineg\u00e1vel. Depois de ter sido palco de emocionantes competi\u00e7\u00f5es de Gira-Volei e de receber a nossa Selec\u00e7\u00e3o Nacional de Sub-20 Femininos em Abril de 2024 para a Qualifica\u00e7\u00e3o do Campeonato da Europa \u2013 <span style=\"text-decoration: underline;\">reconhecido como o \u00abEvento do Ano\u00bb (Pr\u00e9mio do P\u00fablico) na IV Gala do Desporto, que celebra o m\u00e9rito desportivo no concelho<\/span> \u2013, a cidade volta a abrir as portas para o melhor do Voleibol.<\/p>\n<p>Tudo est\u00e1 pronto para ver o Largo da Feira vibrar! De 18 a 20 de Julho, Barcelos recebe a 3.\u00aa etapa do Circuito Nacional de Voleibol de Praia 2025, um espect\u00e1culo de talento com as melhores duplas femininas do Pa\u00eds. A emo\u00e7\u00e3o continua no mesmo local, de 25 a 27 de Julho, com a 4.\u00aa etapa, desta vez dedicada \u00e0s duplas masculinas.<\/p>\n<p>Mas as novidades n\u00e3o ficam por aqui! De 23 a 26 de Julho, o Pavilh\u00e3o Municipal de Ad\u00e3es ser\u00e1 o palco de um prestigiado Torneio Internacional WEVZA. Esta \u00e9 a oportunidade de ver em ac\u00e7\u00e3o o futuro do Voleibol feminino, com as selec\u00e7\u00f5es de Sub-17 de Portugal, B\u00e9lgica, Espanha e It\u00e1lia a competirem pelo t\u00edtulo. Um evento imperd\u00edvel para todos os amantes da modalidade.<\/p>\n<p style=\"text-align: center;\"><span style=\"text-decoration: underline;\">De 18 a 27 de Julho, Barcelos \u00e9 o destino obrigat\u00f3rio para quem vive e sente o Voleibol.<\/span><\/p>\n<p>Tendo em vista a prepara\u00e7\u00e3o do Torneio WEVZA, a Selec\u00e7\u00e3o Nacional de Sub-17 Femininos encontra-se a trabalhar desde Junho no pavilh\u00e3o desportivo da Escola Rodrigues de Freitas, no Porto.<\/p>\n<p style=\"text-align: left;\">*<span style=\"font-size: 8pt;\">Mais conhecida pela sigla WEVZA, a Western European Volleyball Zonal Association (<strong>Associa\u00e7\u00e3o Zonal de Voleibol do Oeste Europeu ) <\/strong>foi constitu\u00edda no dia 26 de Setembro de 2013, integra oito pa\u00edses \u2013 Portugal, Espanha, Alemanha, B\u00e9lgica, It\u00e1lia, Holanda, Fran\u00e7a e Su\u00ed\u00e7a \u2013 com o<\/span><span style=\"font-size: 8pt;\"> objectivo primordial de fortalecer e fomentar a organiza\u00e7\u00e3o de actividades desportivas, tanto de Voleibol como de Voleibol de Praia, com especial \u00eanfase nas categorias de forma\u00e7\u00e3o.<br \/>\n<\/span><span style=\"font-size: 8pt;\">A Confedera\u00e7\u00e3o Europeia de Voleibol (CEV) conta com seis associa\u00e7\u00f5es zonais: a WEVZA (Europa Ocidental), a BVA (Balc\u00e3s), a EEVZA (Europa de Leste), a MEVZA (Europa Central), a NEVZA (Europa do Norte) e ainda a SCD (Divis\u00e3o dos Pequenos Pa\u00edses), da qual fazem parte Andorra, Chipre, Ilhas Faro\u00e9, Gibraltar, Gronel\u00e2ndia, Isl\u00e2ndia, Irlanda, Liechtenstein, Luxemburgo, Malta, M\u00f3naco, Irlanda do Norte, San Marino, Esc\u00f3cia e Pa\u00eds de Gales.<\/span><\/p>\n<p style=\"text-align: center;\">Mais informa\u00e7\u00f5es:\u00a0<a href=\"http:\/\/wevza.com\/\" target=\"_blank\" rel=\"noopener noreferrer\">www.wevza.com<\/a><\/p>\n","protected":false},"excerpt":{"rendered":"<p>Em finais de Julho, Barcelos torna-se a capital do Voleibol de Praia\/Voleibol, com a realiza\u00e7\u00e3o de duas etapas do Circuito Nacional de Voleibol de Praia e do Torneio Internacional da [&hellip;]<\/p>\n","protected":false},"author":2,"featured_media":41433,"comment_status":"open","ping_status":"open","sticky":false,"template":"","format":"standard","meta":{"_monsterinsights_skip_tracking":false,"_monsterinsights_sitenote_active":false,"_monsterinsights_sitenote_note":"","_monsterinsights_sitenote_category":0,"footnotes":""},"categories":[13,8,31],"tags":[34,50],"class_list":{"0":"post-41422","1":"post","2":"type-post","3":"status-publish","4":"format-standard","5":"has-post-thumbnail","7":"category-arbitragem","8":"category-voleibol","9":"category-voleitv","10":"tag-sub-17","11":"tag-wevza","12":"czr-hentry"},"aioseo_notices":[],"_links":{"self":[{"href":"https:\/\/fpvoleibol.pt\/fpv\/wp-json\/wp\/v2\/posts\/41422","targetHints":{"allow":["GET"]}}],"collection":[{"href":"https:\/\/fpvoleibol.pt\/fpv\/wp-json\/wp\/v2\/posts"}],"about":[{"href":"https:\/\/fpvoleibol.pt\/fpv\/wp-json\/wp\/v2\/types\/post"}],"author":[{"embeddable":true,"href":"https:\/\/fpvoleibol.pt\/fpv\/wp-json\/wp\/v2\/users\/2"}],"replies":[{"embeddable":true,"href":"https:\/\/fpvoleibol.pt\/fpv\/wp-json\/wp\/v2\/comments?post=41422"}],"version-history":[{"count":8,"href":"https:\/\/fpvoleibol.pt\/fpv\/wp-json\/wp\/v2\/posts\/41422\/revisions"}],"predecessor-version":[{"id":41487,"href":"https:\/\/fpvoleibol.pt\/fpv\/wp-json\/wp\/v2\/posts\/41422\/revisions\/41487"}],"wp:featuredmedia":[{"embeddable":true,"href":"https:\/\/fpvoleibol.pt\/fpv\/wp-json\/wp\/v2\/media\/41433"}],"wp:attachment":[{"href":"https:\/\/fpvoleibol.pt\/fpv\/wp-json\/wp\/v2\/media?parent=41422"}],"wp:term":[{"taxonomy":"category","embeddable":true,"href":"https:\/\/fpvoleibol.pt\/fpv\/wp-json\/wp\/v2\/categories?post=41422"},{"taxonomy":"post_tag","embeddable":true,"href":"https:\/\/fpvoleibol.pt\/fpv\/wp-json\/wp\/v2\/tags?post=41422"}],"curies":[{"name":"wp","href":"https:\/\/api.w.org\/{rel}","templated":true}]}}