{"id":41419,"date":"2025-07-16T11:44:19","date_gmt":"2025-07-16T10:44:19","guid":{"rendered":"https:\/\/fpvoleibol.pt\/fpv\/?p=41419"},"modified":"2025-07-16T20:02:26","modified_gmt":"2025-07-16T19:02:26","slug":"taca-das-nacoes-arranca-amanha-em-espinho","status":"publish","type":"post","link":"https:\/\/fpvoleibol.pt\/fpv\/2025\/07\/16\/taca-das-nacoes-arranca-amanha-em-espinho\/","title":{"rendered":"TA\u00c7A DAS NA\u00c7\u00d5ES ARRANCA AMANH\u00c3 EM ESPINHO!"},"content":{"rendered":"<p style=\"text-align: center;\"><span style=\"text-decoration: underline; font-size: 12px;\"><strong><img loading=\"lazy\" decoding=\"async\" class=\"size-full wp-image-41350 aligncenter\" src=\"https:\/\/fpvoleibol.pt\/fpv\/wp-content\/uploads\/2025\/07\/nations_cup_poster_d.jpg\" alt=\"\" width=\"960\" height=\"1400\" srcset=\"https:\/\/fpvoleibol.pt\/fpv\/wp-content\/uploads\/2025\/07\/nations_cup_poster_d.jpg 960w, https:\/\/fpvoleibol.pt\/fpv\/wp-content\/uploads\/2025\/07\/nations_cup_poster_d-206x300.jpg 206w, https:\/\/fpvoleibol.pt\/fpv\/wp-content\/uploads\/2025\/07\/nations_cup_poster_d-702x1024.jpg 702w, https:\/\/fpvoleibol.pt\/fpv\/wp-content\/uploads\/2025\/07\/nations_cup_poster_d-768x1120.jpg 768w\" sizes=\"auto, (max-width: 960px) 100vw, 960px\" \/>A entrada \u00e9 gratuita e espera-se casa cheia na Praia da Ba\u00eda para assistir a este espect\u00e1culo de Voleibol de Praia.<\/strong><\/span><\/p>\n<p>A Praia da Ba\u00eda, em Espinho, prepara-se para receber, a partir de amanh\u00e3, as Finais da Ta\u00e7a das Na\u00e7\u00f5es de Voleibol de Praia (CEV Beach Nations Cup), um evento que promete aquecer a arena com a competi\u00e7\u00e3o \u00abpa\u00eds contra pa\u00eds\u00bb mais emocionante do Voleibol de Praia europeu. A prova, que se estende at\u00e9 domingo, contar\u00e1 com a elite da modalidade, incluindo m\u00faltiplos atletas ol\u00edmpicos, medalhados e campe\u00f5es mundiais.<\/p>\n<p>Portugal, como pa\u00eds anfitri\u00e3o, ter\u00e1 a companhia de na\u00e7\u00f5es que brilharam na Fase Preliminar: \u00c1ustria, Dinamarca, Fran\u00e7a, Litu\u00e2nia, Pa\u00edses Baixos, Noruega e Espanha.<br \/>\nAs oito na\u00e7\u00f5es qualificadas ser\u00e3o divididas em duas poules de quatro. Os tr\u00eas melhores conjuntos de cada grupo avan\u00e7am para as rondas eliminat\u00f3rias, com os vencedores das <em>pools<\/em> a garantirem acesso directo \u00e0s meias-finais. As equipas classificadas em segundo e terceiro lugar disputar\u00e3o os quartos-de-final, prometendo jogos intensos logo desde o <em>apito inicial<\/em>.<\/p>\n<p>\u00c9 fascinante observar como o esp\u00edrito de &#8220;<em>na\u00e7\u00f5es em competi\u00e7\u00e3o<\/em>&#8221; se manifesta de forma t\u00e3o proeminente tanto no Voleibol com noutras modalidades, especialmente com os recentes destaques no nosso Pa\u00eds, onde Portugal solidificou a sua posi\u00e7\u00e3o no futebol como uma for\u00e7a dominante na UEFA Nations League ao tornar-se a primeira selec\u00e7\u00e3o a vencer a competi\u00e7\u00e3o por duas vezes (2025 e 2019).<br \/>\nParalelamente, no Voleibol de Praia, a Praia da Ba\u00eda em Espinho prepara-se para ser o palco das Finais da Ta\u00e7a das Na\u00e7\u00f5es de Voleibol de Praia (CEV Beach Nations Cup). Este evento, que come\u00e7a amanh\u00e3 e se estende at\u00e9 domingo, promete trazer uma intensa competi\u00e7\u00e3o &#8220;<em>pa\u00eds contra pa\u00eds<\/em>&#8220;, reunindo a elite da modalidade. A presen\u00e7a de m\u00faltiplos atletas ol\u00edmpicos, medalhados e campe\u00f5es mundiais garante um espect\u00e1culo de alto n\u00edvel, onde a rivalidade nacional ser\u00e1 o motor da emo\u00e7\u00e3o.<\/p>\n<p>De referir que, e para al\u00e9m do contingente estrangeiro, a equipa de arbitragem contar\u00e1 com <strong>seis \u00e1rbitros portugueses<\/strong>: Rui Carvalho, Sandra Deveza, S\u00e9rgio Pereira, Maria Michelle Ferreira, Daniel Fernandes e Joana Brito.<\/p>\n<p style=\"text-align: center;\"><span style=\"text-decoration: underline;\"><img loading=\"lazy\" decoding=\"async\" class=\"size-full wp-image-41447 aligncenter\" src=\"https:\/\/fpvoleibol.pt\/fpv\/wp-content\/uploads\/2025\/07\/Mol_Sorum.jpg\" alt=\"\" width=\"960\" height=\"640\" srcset=\"https:\/\/fpvoleibol.pt\/fpv\/wp-content\/uploads\/2025\/07\/Mol_Sorum.jpg 960w, https:\/\/fpvoleibol.pt\/fpv\/wp-content\/uploads\/2025\/07\/Mol_Sorum-300x200.jpg 300w, https:\/\/fpvoleibol.pt\/fpv\/wp-content\/uploads\/2025\/07\/Mol_Sorum-768x512.jpg 768w\" sizes=\"auto, (max-width: 960px) 100vw, 960px\" \/>O torneio masculino em Espinho conta com um elenco de luxo, incluindo nove atletas ol\u00edmpicos e tr\u00eas medalhados ol\u00edmpicos e campe\u00f5es mundiais.<\/span><\/p>\n<p>Nos homens, todas as aten\u00e7\u00f5es estar\u00e3o viradas para as <em>estrelas<\/em> norueguesas Anders Mol e Christian Sorum, a dupla n\u00famero um do mundo e a mais condecorada no evento masculino. Com duas medalhas ol\u00edmpicas (ouro em T\u00f3quio 2020 e bronze em Paris 2024), um t\u00edtulo mundial e quatro t\u00edtulos do EuroBeachVolley, os <em>vikings<\/em> Mol e Sorum chegam a Espinho como os principais favoritos. Ser\u00e3o acompanhados pelos compatriotas Hendrik Mol e Mathias Berntsen.<\/p>\n<p>Os Pa\u00edses Baixos destacam-se por serem a \u00fanica na\u00e7\u00e3o a apresentar quatro atletas ol\u00edmpicos na sua equipa. Alexander Brouwer\/Steven van de Velde e Stefan Boermans\/Yorick de Groot formam a potente armada holandesa. Alexander Brouwer, com 35 anos, \u00e9 o mais experiente e condecorado, tendo conquistado o bronze no Rio 2016 e sido campe\u00e3o mundial em 2013.<\/p>\n<p>A Fran\u00e7a, detentora do t\u00edtulo, regressa com tr\u00eas dos quatro jogadores que os levaram \u00e0 gl\u00f3ria em Jurmala no ano passado. Os ol\u00edmpicos Arnaud Gauthier-Rat e T\u00e9o Rotar voltam a fazer dupla, enquanto R\u00e9mi Bassereau surge agora emparelhado com Calvin Aye.<\/p>\n<p>Outro atleta ol\u00edmpico a marcar presen\u00e7a \u00e9 o austr\u00edaco Julian Horl, que representou o seu pa\u00eds nos Jogos de Paris no ano passado. Far\u00e1 dupla com Philipp Waller, e a segunda equipa austr\u00edaca ser\u00e1 composta pelos jovens Tim Berger e Timo Hammarberg.<\/p>\n<p style=\"text-align: center;\"><span style=\"text-decoration: underline;\"><strong><img loading=\"lazy\" decoding=\"async\" class=\" wp-image-32749 alignleft\" src=\"https:\/\/fpvoleibol.pt\/fpv\/wp-content\/uploads\/2024\/05\/por_m__tacanacoes_d1.jpg\" alt=\"\" width=\"330\" height=\"251\" srcset=\"https:\/\/fpvoleibol.pt\/fpv\/wp-content\/uploads\/2024\/05\/por_m__tacanacoes_d1.jpg 960w, https:\/\/fpvoleibol.pt\/fpv\/wp-content\/uploads\/2024\/05\/por_m__tacanacoes_d1-300x228.jpg 300w, https:\/\/fpvoleibol.pt\/fpv\/wp-content\/uploads\/2024\/05\/por_m__tacanacoes_d1-768x583.jpg 768w\" sizes=\"auto, (max-width: 330px) 100vw, 330px\" \/>Portugal <em>\u00e0 espreita<\/em><\/strong><\/span><\/p>\n<p>Portugal deposita as suas maiores esperan\u00e7as na dupla n\u00famero um do Pa\u00eds e tricampe\u00e3 nacional, <strong>Jo\u00e3o Pedrosa\/<\/strong><strong>Hugo Campos<\/strong>. Os irm\u00e3os <strong>Gon\u00e7alo e Tom\u00e1s Sousa<\/strong>, actuais vice-campe\u00f5es nacionais, completam a representa\u00e7\u00e3o nacional, prontos para lutar pelo apoio do p\u00fablico em casa.<\/p>\n<p>Espanha tamb\u00e9m ter\u00e1 uma dupla de irm\u00e3os em prova, com Alejandro e Javier Huerta a unirem for\u00e7as, enquanto \u00c1lvaro Vieira e Antonio Saucedo formam a segunda dupla.<\/p>\n<p>Entre as poss\u00edveis surpresas, a Dinamarca chega representada por Nicolai Hovmann\/Christian Andersen. J\u00e1 a Litu\u00e2nia, que superou advers\u00e1rios mais bem classificados para se qualificar, procurar\u00e1 continuar a desafiar as expectativas com Robert Juchnevic\/Artur Vasiljev e Arnas Rumsevicius\/Karolis Palubinskas.<br \/>\n<span style=\"text-decoration: underline;\"><strong>Calend\u00e1rio da Competi\u00e7\u00e3o<\/strong><\/span>: Em masculinos, a fase de grupos decorre entre quinta e sexta-feira. Os quartos-de-final est\u00e3o agendados para s\u00e1bado, com as meias-finais e a grande final a encerrarem a competi\u00e7\u00e3o no domingo.<\/p>\n<p style=\"text-align: center;\"><span style=\"text-decoration: underline;\"><strong><img loading=\"lazy\" decoding=\"async\" class=\"size-full wp-image-41448 aligncenter\" src=\"https:\/\/fpvoleibol.pt\/fpv\/wp-content\/uploads\/2025\/07\/VPcampe_europeias_2024_Alemas2.jpg\" alt=\"\" width=\"960\" height=\"640\" srcset=\"https:\/\/fpvoleibol.pt\/fpv\/wp-content\/uploads\/2025\/07\/VPcampe_europeias_2024_Alemas2.jpg 960w, https:\/\/fpvoleibol.pt\/fpv\/wp-content\/uploads\/2025\/07\/VPcampe_europeias_2024_Alemas2-300x200.jpg 300w, https:\/\/fpvoleibol.pt\/fpv\/wp-content\/uploads\/2025\/07\/VPcampe_europeias_2024_Alemas2-768x512.jpg 768w\" sizes=\"auto, (max-width: 960px) 100vw, 960px\" \/>Campe\u00e3s europeias lideram favoritas no torneio feminino <\/strong><\/span><\/p>\n<p>O evento feminino conta com a presen\u00e7a das actuais campe\u00e3s do EuroBeachVolley, as alem\u00e3s Svenja Muller e Cinja Tillmann. A dupla, que representou a Alemanha nos Jogos Ol\u00edmpicos de Paris e conquistou o bronze no Campeonato Mundial de 2022, \u00e9 uma das principais atrac\u00e7\u00f5es num elenco que inclui um total de 11 atletas ol\u00edmpicas.<br \/>\nMuller e Tillmann lideram uma forte representa\u00e7\u00e3o alem\u00e3, que tamb\u00e9m conta com a experiente blocadora Sandra Ittlinger e a promissora Anna-Lena Grune.<\/p>\n<p>A Fran\u00e7a chega a Espinho com quatro ol\u00edmpicas nas suas fileiras, enviando as duas duplas que estiveram nos Jogos de Paris no ano passado: L\u00e9zana Placette\/Alexia Richard e Cl\u00e9mence Vieira\/Aline Chamereau.<\/p>\n<p>Pela Espanha, as medalhistas de prata do EuroBeachVolley 2023, Daniela \u00c1lvarez e Tania Moreno, que tamb\u00e9m competiram em Paris, juntam-se a Sof\u00eda Gonz\u00e1lez e Ana Vergara. A Litu\u00e2nia tamb\u00e9m traz a sua dupla ol\u00edmpica de Paris, Monika Paulikiene e Aine Raupelyte, acompanhadas por Ariana Rudkoviskaja e Skalve Krizanauskaite.<\/p>\n<p>As actuais campe\u00e3s da prova, representando os Pa\u00edses Baixos, contam com Raisa Schoon, a 11.\u00aa atleta ol\u00edmpica em prova, que participou nos Jogos de T\u00f3quio 2020 e Paris 2024. Forma dupla com Mila Konink e ambas competem ao lado de Emi van Driel e Wies Bekhuis, que integraram a dupla holandesa vitoriosa na Beach Nations Cup 2024.<\/p>\n<p><img loading=\"lazy\" decoding=\"async\" class=\"wp-image-26275 alignleft\" src=\"https:\/\/fpvoleibol.pt\/fpv\/wp-content\/uploads\/2023\/07\/gabi_mari_2023_chal_d1.jpg\" alt=\"\" width=\"357\" height=\"212\" srcset=\"https:\/\/fpvoleibol.pt\/fpv\/wp-content\/uploads\/2023\/07\/gabi_mari_2023_chal_d1.jpg 960w, https:\/\/fpvoleibol.pt\/fpv\/wp-content\/uploads\/2023\/07\/gabi_mari_2023_chal_d1-300x178.jpg 300w, https:\/\/fpvoleibol.pt\/fpv\/wp-content\/uploads\/2023\/07\/gabi_mari_2023_chal_d1-768x456.jpg 768w\" sizes=\"auto, (max-width: 357px) 100vw, 357px\" \/>Portugal, como pa\u00eds anfitri\u00e3o, est\u00e1 representado pelas duplas de <strong>Gabriela Coelho\/Mariana Maia <\/strong>e <strong>Vanessa Paquete\/Raquel Lacerda<\/strong>, que procurar\u00e3o dar o seu melhor e contrariar o favoritismo de germ\u00e2nicas e neerlandesas perante os adeptos espinhenses.<\/p>\n<p>A Ucr\u00e2nia, uma for\u00e7a em ascens\u00e3o no continente, estar\u00e1 presente com Anhelina Khmil\/Valentyna Davidova e Maryna Hladun\/Tetiana Lazarenko, duplas que t\u00eam vindo a alcan\u00e7ar resultados consistentes a n\u00edvel internacional esta \u00e9poca.<\/p>\n<p>Completa a lista de participantes a Est\u00f3nia, que surpreendeu na Fase Preliminar ao qualificar-se \u00e0 frente da Pol\u00f3nia. As duplas estonianas nas Finais ser\u00e3o Heleene Hollas\/Keira Lukas e Eva Kuivonen\/Liisa-Lotta J\u00fcrgenson.<\/p>\n<p style=\"text-align: left;\"><span style=\"text-decoration: underline;\"><strong>Calend\u00e1rio da competi\u00e7\u00e3o<\/strong><\/span>:\u00a0As oito na\u00e7\u00f5es qualificadas ser\u00e3o divididas em dois grupos de quatro. As tr\u00eas melhores duplas de cada grupo avan\u00e7am para as eliminat\u00f3rias: os vencedores dos grupos qualificam-se directamente para as meias-finais, enquanto as duplas classificadas em segundo e terceiro lugar disputam os quartos-de-final.<br \/>\nA fase de grupos feminina decorre de quinta a sexta-feira, sendo os quartos-de-final realizados na sexta-feira. As meias-finais est\u00e3o agendadas para s\u00e1bado e o t\u00e3o aguardado jogo da medalha de ouro ter\u00e1 lugar no domingo, prometendo um encerramento emocionante para este prestigiado torneio.<\/p>\n<p style=\"text-align: center;\"><strong>\u00c1rbitros portugueses em ac\u00e7\u00e3o<br \/>\nno\u00a0<\/strong><strong>Voleibol de Praia<\/strong><\/p>\n<p><strong>Rui Carvalho<\/strong><br \/>\nBPT Elite16 Hamburg (Alemanha), de 27 a 31 de Agosto.<br \/>\nBeach Pro Tour Challenge do M\u00e9xico, de 1 a 5 de Outubro.<br \/>\nBeach Pro Tour Elite16 Cape Town (\u00c1frica do Sul), de 22 a 26 de Outubro.<br \/>\nCampeonato do Mundo de Seniores, em Adelaide, na Austr\u00e1lia, de 14 a 23 de Novembro.<\/p>\n","protected":false},"excerpt":{"rendered":"<p>A entrada \u00e9 gratuita e espera-se casa cheia na Praia da Ba\u00eda para assistir a este espect\u00e1culo de Voleibol de Praia. A Praia da Ba\u00eda, em Espinho, prepara-se para receber, [&hellip;]<\/p>\n","protected":false},"author":2,"featured_media":41349,"comment_status":"open","ping_status":"open","sticky":false,"template":"","format":"standard","meta":{"_monsterinsights_skip_tracking":false,"_monsterinsights_sitenote_active":false,"_monsterinsights_sitenote_note":"","_monsterinsights_sitenote_category":0,"footnotes":""},"categories":[13,9],"tags":[86],"class_list":{"0":"post-41419","1":"post","2":"type-post","3":"status-publish","4":"format-standard","5":"has-post-thumbnail","7":"category-arbitragem","8":"category-voleibol-de-praia","9":"tag-taca-das-nacoes-v-praia","10":"czr-hentry"},"aioseo_notices":[],"_links":{"self":[{"href":"https:\/\/fpvoleibol.pt\/fpv\/wp-json\/wp\/v2\/posts\/41419","targetHints":{"allow":["GET"]}}],"collection":[{"href":"https:\/\/fpvoleibol.pt\/fpv\/wp-json\/wp\/v2\/posts"}],"about":[{"href":"https:\/\/fpvoleibol.pt\/fpv\/wp-json\/wp\/v2\/types\/post"}],"author":[{"embeddable":true,"href":"https:\/\/fpvoleibol.pt\/fpv\/wp-json\/wp\/v2\/users\/2"}],"replies":[{"embeddable":true,"href":"https:\/\/fpvoleibol.pt\/fpv\/wp-json\/wp\/v2\/comments?post=41419"}],"version-history":[{"count":6,"href":"https:\/\/fpvoleibol.pt\/fpv\/wp-json\/wp\/v2\/posts\/41419\/revisions"}],"predecessor-version":[{"id":41472,"href":"https:\/\/fpvoleibol.pt\/fpv\/wp-json\/wp\/v2\/posts\/41419\/revisions\/41472"}],"wp:featuredmedia":[{"embeddable":true,"href":"https:\/\/fpvoleibol.pt\/fpv\/wp-json\/wp\/v2\/media\/41349"}],"wp:attachment":[{"href":"https:\/\/fpvoleibol.pt\/fpv\/wp-json\/wp\/v2\/media?parent=41419"}],"wp:term":[{"taxonomy":"category","embeddable":true,"href":"https:\/\/fpvoleibol.pt\/fpv\/wp-json\/wp\/v2\/categories?post=41419"},{"taxonomy":"post_tag","embeddable":true,"href":"https:\/\/fpvoleibol.pt\/fpv\/wp-json\/wp\/v2\/tags?post=41419"}],"curies":[{"name":"wp","href":"https:\/\/api.w.org\/{rel}","templated":true}]}}