{"id":41411,"date":"2025-07-14T14:25:55","date_gmt":"2025-07-14T13:25:55","guid":{"rendered":"https:\/\/fpvoleibol.pt\/fpv\/?p=41411"},"modified":"2025-07-20T13:44:04","modified_gmt":"2025-07-20T12:44:04","slug":"xxii-jogos-da-cplp-2","status":"publish","type":"post","link":"https:\/\/fpvoleibol.pt\/fpv\/2025\/07\/14\/xxii-jogos-da-cplp-2\/","title":{"rendered":"XII JOGOS DA CPLP"},"content":{"rendered":"<p><img loading=\"lazy\" decoding=\"async\" class=\"size-full wp-image-41232 aligncenter\" src=\"https:\/\/fpvoleibol.pt\/fpv\/wp-content\/uploads\/2025\/07\/xiijogoscplp2025_d.jpg\" alt=\"\" width=\"960\" height=\"521\" srcset=\"https:\/\/fpvoleibol.pt\/fpv\/wp-content\/uploads\/2025\/07\/xiijogoscplp2025_d.jpg 960w, https:\/\/fpvoleibol.pt\/fpv\/wp-content\/uploads\/2025\/07\/xiijogoscplp2025_d-300x163.jpg 300w, https:\/\/fpvoleibol.pt\/fpv\/wp-content\/uploads\/2025\/07\/xiijogoscplp2025_d-768x417.jpg 768w\" sizes=\"auto, (max-width: 960px) 100vw, 960px\" \/>A <a href=\"https:\/\/jogoscplp2025.tl\/\">12.\u00aa edi\u00e7\u00e3o dos Jogos Desportivos da Comunidade dos Pa\u00edses de L\u00edngua Portuguesa (CPLP)<\/a> est\u00e1 prestes a come\u00e7ar em Timor-Leste, de 17 a 27 de julho. O pa\u00eds anfitri\u00e3o assume com orgulho a organiza\u00e7\u00e3o deste evento multidesportivo, que promete ser um sucesso memor\u00e1vel sob o lema \u00abUnidos N\u00f3s Somos Um\u00bb.<\/p>\n<p>No \u00e2mbito do Voleibol de Praia, Portugal far-se-\u00e1 representar por duas duplas, fruto do intenso trabalho de prepara\u00e7\u00e3o das Sele\u00e7\u00f5es Nacionais. A comitiva portuguesa parte j\u00e1 amanh\u00e3 rumo a Timor-Leste.<\/p>\n<p style=\"text-align: center;\"><span style=\"background-color: #000000; color: #ffffff;\"><img loading=\"lazy\" decoding=\"async\" class=\"size-full wp-image-41453 aligncenter\" src=\"https:\/\/fpvoleibol.pt\/fpv\/wp-content\/uploads\/2025\/07\/CPLP_comitiva2025.jpg\" alt=\"\" width=\"960\" height=\"570\" srcset=\"https:\/\/fpvoleibol.pt\/fpv\/wp-content\/uploads\/2025\/07\/CPLP_comitiva2025.jpg 960w, https:\/\/fpvoleibol.pt\/fpv\/wp-content\/uploads\/2025\/07\/CPLP_comitiva2025-300x178.jpg 300w, https:\/\/fpvoleibol.pt\/fpv\/wp-content\/uploads\/2025\/07\/CPLP_comitiva2025-768x456.jpg 768w\" sizes=\"auto, (max-width: 960px) 100vw, 960px\" \/>COMITIVA PORTUGUESA<\/span><\/p>\n<p style=\"text-align: center;\"><strong>Atletas<\/strong><br \/>\nMatilde Silva (AJ Moreira)\/In\u00eas Torres Silva (FC Porto).<br \/>\nLu\u00eds Neto Pinto (SC Espinho)\/Tito Mel\u00e3o (VC Viana).<\/p>\n<p style=\"text-align: center;\"><strong>Treinador<\/strong>: Nuno Santiago.<\/p>\n<p style=\"text-align: center;\"><strong>Chefe de Delega\u00e7\u00e3o<\/strong>: Arnaldo Rocha.<br \/>\n<strong>\u00c1rbitra<\/strong>: Patr\u00edcia Gomes.<\/p>\n<p style=\"text-align: center;\"><span style=\"text-decoration: underline;\"><strong>O esp\u00edrito dos Jogos da CPLP<\/strong><\/span><\/p>\n<p>Os Jogos Desportivos da CPLP s\u00e3o um evento de grande relev\u00e2ncia, que congrega os pa\u00edses membros da Comunidade dos Pa\u00edses de L\u00edngua Portuguesa. Destinados a jovens atletas com menos de 16 anos, t\u00eam como objectivo principal promover o conv\u00edvio e a coopera\u00e7\u00e3o desportiva entre as na\u00e7\u00f5es lus\u00f3fonas.<\/p>\n<p>A CPLP \u00e9 composta por nove estados membros: Angola, Brasil, Cabo Verde, Guin\u00e9-Bissau, Guin\u00e9 Equatorial, Mo\u00e7ambique, Portugal, S\u00e3o Tom\u00e9 e Pr\u00edncipe e Timor-Leste. Estes Jogos s\u00e3o uma iniciativa crucial para fortalecer os la\u00e7os entre estes pa\u00edses atrav\u00e9s do desporto, proporcionando uma plataforma para que jovens talentos mostrem as suas capacidades e compitam em diversas modalidades.<\/p>\n<p>A hist\u00f3ria dos Jogos da CPLP teve in\u00edcio em 1992, com a primeira edi\u00e7\u00e3o realizada em Portugal. Desde ent\u00e3o, o evento tem sido uma constante, com diferentes pa\u00edses da comunidade a acolherem sucessivamente este encontro desportivo.<\/p>\n<p style=\"text-align: center;\">Mais informa\u00e7\u00f5es <a href=\"https:\/\/jogoscplp2025.tl\/\">AQUI<\/a><\/p>\n","protected":false},"excerpt":{"rendered":"<p>A 12.\u00aa edi\u00e7\u00e3o dos Jogos Desportivos da Comunidade dos Pa\u00edses de L\u00edngua Portuguesa (CPLP) est\u00e1 prestes a come\u00e7ar em Timor-Leste, de 17 a 27 de julho. O pa\u00eds anfitri\u00e3o assume [&hellip;]<\/p>\n","protected":false},"author":2,"featured_media":41233,"comment_status":"open","ping_status":"open","sticky":false,"template":"","format":"standard","meta":{"_monsterinsights_skip_tracking":false,"_monsterinsights_sitenote_active":false,"_monsterinsights_sitenote_note":"","_monsterinsights_sitenote_category":0,"footnotes":""},"categories":[13,9],"tags":[171],"class_list":{"0":"post-41411","1":"post","2":"type-post","3":"status-publish","4":"format-standard","5":"has-post-thumbnail","7":"category-arbitragem","8":"category-voleibol-de-praia","9":"tag-cplp","10":"czr-hentry"},"aioseo_notices":[],"_links":{"self":[{"href":"https:\/\/fpvoleibol.pt\/fpv\/wp-json\/wp\/v2\/posts\/41411","targetHints":{"allow":["GET"]}}],"collection":[{"href":"https:\/\/fpvoleibol.pt\/fpv\/wp-json\/wp\/v2\/posts"}],"about":[{"href":"https:\/\/fpvoleibol.pt\/fpv\/wp-json\/wp\/v2\/types\/post"}],"author":[{"embeddable":true,"href":"https:\/\/fpvoleibol.pt\/fpv\/wp-json\/wp\/v2\/users\/2"}],"replies":[{"embeddable":true,"href":"https:\/\/fpvoleibol.pt\/fpv\/wp-json\/wp\/v2\/comments?post=41411"}],"version-history":[{"count":4,"href":"https:\/\/fpvoleibol.pt\/fpv\/wp-json\/wp\/v2\/posts\/41411\/revisions"}],"predecessor-version":[{"id":41583,"href":"https:\/\/fpvoleibol.pt\/fpv\/wp-json\/wp\/v2\/posts\/41411\/revisions\/41583"}],"wp:featuredmedia":[{"embeddable":true,"href":"https:\/\/fpvoleibol.pt\/fpv\/wp-json\/wp\/v2\/media\/41233"}],"wp:attachment":[{"href":"https:\/\/fpvoleibol.pt\/fpv\/wp-json\/wp\/v2\/media?parent=41411"}],"wp:term":[{"taxonomy":"category","embeddable":true,"href":"https:\/\/fpvoleibol.pt\/fpv\/wp-json\/wp\/v2\/categories?post=41411"},{"taxonomy":"post_tag","embeddable":true,"href":"https:\/\/fpvoleibol.pt\/fpv\/wp-json\/wp\/v2\/tags?post=41411"}],"curies":[{"name":"wp","href":"https:\/\/api.w.org\/{rel}","templated":true}]}}