{"id":41338,"date":"2025-07-09T12:24:05","date_gmt":"2025-07-09T11:24:05","guid":{"rendered":"https:\/\/fpvoleibol.pt\/fpv\/?p=41338"},"modified":"2025-07-09T19:42:01","modified_gmt":"2025-07-09T18:42:01","slug":"taca-das-nacoes-esta-a-chegar-a-espinho","status":"publish","type":"post","link":"https:\/\/fpvoleibol.pt\/fpv\/2025\/07\/09\/taca-das-nacoes-esta-a-chegar-a-espinho\/","title":{"rendered":"TA\u00c7A DAS NA\u00c7\u00d5ES EST\u00c1 A CHEGAR A ESPINHO!"},"content":{"rendered":"<p><img loading=\"lazy\" decoding=\"async\" class=\"size-full wp-image-41350 aligncenter\" src=\"https:\/\/fpvoleibol.pt\/fpv\/wp-content\/uploads\/2025\/07\/nations_cup_poster_d.jpg\" alt=\"\" width=\"960\" height=\"1400\" srcset=\"https:\/\/fpvoleibol.pt\/fpv\/wp-content\/uploads\/2025\/07\/nations_cup_poster_d.jpg 960w, https:\/\/fpvoleibol.pt\/fpv\/wp-content\/uploads\/2025\/07\/nations_cup_poster_d-206x300.jpg 206w, https:\/\/fpvoleibol.pt\/fpv\/wp-content\/uploads\/2025\/07\/nations_cup_poster_d-702x1024.jpg 702w, https:\/\/fpvoleibol.pt\/fpv\/wp-content\/uploads\/2025\/07\/nations_cup_poster_d-768x1120.jpg 768w\" sizes=\"auto, (max-width: 960px) 100vw, 960px\" \/>A Praia da Ba\u00eda, em Espinho, prepara-se para acolher o melhor Voleibol de Praia europeu com as Finais da <a href=\"https:\/\/www.cev.eu\/beach\/nations-cup\/2025\/nations-cup-final\/\">CEV Beach Volley Nations Cup 2025 (Ta\u00e7a das Na\u00e7\u00f5es)<\/a>.<br \/>\nA competi\u00e7\u00e3o, organizada pela Federa\u00e7\u00e3o Portuguesa de Voleibol (FPV) em colabora\u00e7\u00e3o com a C\u00e2mara Municipal de Espinho (CME) e sob a \u00e9gide da Confedera\u00e7\u00e3o Europeia de Voleibol (CEV), decorrer\u00e1 de 17 a 20 de Julho.<\/p>\n<p>Espinho promete ser o epicentro do Voleibol de Praia europeu nos pr\u00f3ximos dias, com a Nations Cup 2025 a garantir momentos de grande emo\u00e7\u00e3o e desporto de alta qualidade.<\/p>\n<p>Este prestigiado evento trar\u00e1 a Portugal duplas de ambos os g\u00e9neros, provenientes de oito pa\u00edses, que disputar\u00e3o o cobi\u00e7ado t\u00edtulo. Portugal, na qualidade de pa\u00eds anfitri\u00e3o, j\u00e1 tinha a sua participa\u00e7\u00e3o garantida.<\/p>\n<p>Os noruegueses Anders Mol e Christian Sorum s\u00e3o os principais favoritos a um lugar na final. Campe\u00f5es ol\u00edmpicos em T\u00f3quio 2020, campe\u00f5es mundiais em 2022 e vencedores de quatro t\u00edtulos europeus consecutivos (2018-2021), a dupla \u00e9 uma verdadeira m\u00e1quina de vit\u00f3rias. Chegaram \u00e0s meias-finais pela 23.\u00aa vez consecutiva num evento Elite, venceram o BPT Elite16 de Saquarema (Brasil) e as Finais do Circuito Mundial (Doha, Catar), e conquistaram a medalha de bronze em Paris 2024.<br \/>\nEnfrentar Mol e Sorum ser\u00e1 um <em>teste-de-fogo<\/em> para \u00a0<strong><a href=\"https:\/\/www.fivb.com\/players\/players-database\/player\/153921\">Jo\u00e3o Pedrosa<\/a><\/strong>\u00a0e<a href=\"https:\/\/www.fivb.com\/players\/players-database\/player\/164474\"><strong>\u00a0Hugo Campos<\/strong><\/a> antes do Campeonato da Europa de 2025 (EuroBeachVolley), que se realiza em Dusseldorf, Alemanha, entre 30 de Julho e 3 de Agosto, e onde os tricampe\u00f5es portugueses integram a Pool A juntamente com os <em>Beachvolley Vikings<\/em>.<\/p>\n<p>Em femininos, o destaque vai para as alem\u00e3s Svenja Muller e Cinja Tillmann, campe\u00e3s europeias em t\u00edtulo (Pa\u00edses Baixos 2024) e 9.\u00aaas classificadas nos Jogos Ol\u00edmpicos de Paris.<\/p>\n<p style=\"text-align: center;\"><span style=\"text-decoration: underline;\"><strong><img loading=\"lazy\" decoding=\"async\" class=\"size-full wp-image-38422 aligncenter\" src=\"https:\/\/fpvoleibol.pt\/fpv\/wp-content\/uploads\/2025\/02\/Espinho_VPraia_dd4.jpg\" alt=\"\" width=\"960\" height=\"640\" srcset=\"https:\/\/fpvoleibol.pt\/fpv\/wp-content\/uploads\/2025\/02\/Espinho_VPraia_dd4.jpg 960w, https:\/\/fpvoleibol.pt\/fpv\/wp-content\/uploads\/2025\/02\/Espinho_VPraia_dd4-300x200.jpg 300w, https:\/\/fpvoleibol.pt\/fpv\/wp-content\/uploads\/2025\/02\/Espinho_VPraia_dd4-768x512.jpg 768w\" sizes=\"auto, (max-width: 960px) 100vw, 960px\" \/>Os pa\u00edses e as duplas em competi\u00e7\u00e3o<\/strong><\/span><\/p>\n<p>A competi\u00e7\u00e3o contar\u00e1 com a participa\u00e7\u00e3o de oito na\u00e7\u00f5es em cada g\u00e9nero, representadas pelas suas melhores duplas.<\/p>\n<p><span style=\"text-decoration: underline;\">No sector masculino, estar\u00e3o em campo as seguintes duplas<\/span>:<\/p>\n<p><strong>Portugal<\/strong>: Jo\u00e3o Pedrosa\/Hugo Campos e Gon\u00e7alo Sousa\/Tom\u00e1s Sousa.<\/p>\n<p><strong>Noruega<\/strong>: Anders Berntsen Mol\/Christian Sandlie Sorum e Hendrik Nikolai Mol\/Mathias Berstsen<\/p>\n<p><strong>Dinamarca<\/strong>: Nicolai Hovmann Overgaard\/Christian Lundby Andersen e Mads Mollgaard\/Kristoffer Abell.<\/p>\n<p><strong>Espanha<\/strong>: Javier Huerta Pastor\/Alejandro Huerta Pastor e \u00c1lvaro Viera Iglesias\/Antonio Saucedo Amodeo.<\/p>\n<p><strong>Fran\u00e7a<\/strong>: R\u00e9mi Bassereau\/Calvin Aye e T\u00e9o Rotar\/Arnaud Gauthier-Rat.<\/p>\n<p><strong>Litu\u00e2nia<\/strong>: Robert Juchnevic\/Artur Vasiljev e Arnas Rumsevicius\/Karolis Palubinskas.<\/p>\n<p><strong>Pa\u00edses Baixos<\/strong>: Stefan Boermans\/Yorick de Groot e Alexander Brouwer\/Steven van de Velde.<\/p>\n<p><strong>\u00c1ustria<\/strong>: Timo Hammarberg\/Tim Berger e Julian Horl\/Philipp Waller.<\/p>\n<p><span style=\"text-decoration: underline;\">Em femininos, estar\u00e3o em ac\u00e7\u00e3o as duplas de<\/span>:<\/p>\n<p><strong>Portugal<\/strong>: Gabriela Coelho\/Mariana Maia e Vanessa Paquete\/Raquel Lacerda.<\/p>\n<p><strong>Alemanha<\/strong>: Sandra Ittlinger\/Anna-Lena Grune e Svenja Muller\/Cinja Tillmann.<\/p>\n<p><strong>Espanha<\/strong>: Daniela \u00c1lvarez Mendoza\/Tania Moreno Matveeva e Sof\u00eda Gonz\u00e1lez Racero\/Ana Vergara.<\/p>\n<p><strong>Est\u00f3nia<\/strong>: Heleene Hollas\/Keira Liina Lukas e Eva Liisa Kuivonen\/Liisa-Lotta Jurgenson.<\/p>\n<p><strong>Fran\u00e7a<\/strong>: L\u00e9zana Placette\/Alexia Richard e Cl\u00e9mence Vieira\/Aline Chamereau.<\/p>\n<p><strong>Litu\u00e2nia<\/strong>: Monika Paulikiene\/Aine Raupelyte e Ariana Rudkovskaja\/Skalve Krizanauskaite.<\/p>\n<p><strong>Pa\u00edses Baixos<\/strong>: Mila Konink\/Raisa Schoon e Emi van Driel\/Wies Bekhuis.<\/p>\n<p><strong>Ucr\u00e2nia<\/strong>: Valentyna Davidova\/Anhelina Khmil e Maryna Hladun\/Tetiana Lazarenko.<\/p>\n<p style=\"text-align: center;\"><span style=\"text-decoration: underline;\"><strong>Formato da competi\u00e7\u00e3o e hist\u00f3rico<\/strong><\/span><\/p>\n<p>A Ta\u00e7a das Na\u00e7\u00f5es apresenta um formato de competi\u00e7\u00e3o singular que promove duelos entre pa\u00edses. Cada na\u00e7\u00e3o \u00e9 representada por duas duplas, e os confrontos s\u00e3o disputados \u00e0 melhor de tr\u00eas jogos. Caso seja necess\u00e1rio um desempate, um <em>golden set<\/em>\u00a0de 15 pontos define o vencedor.<\/p>\n<p>A CEV lan\u00e7ou a Ta\u00e7a das Na\u00e7\u00f5es Europeias em 2022, em Viena, \u00c1ustria, com a primeira edi\u00e7\u00e3o a decorrer entre 2 e 7 de Agosto, envolvendo oito na\u00e7\u00f5es em cada g\u00e9nero. Em 2023, a segunda edi\u00e7\u00e3o ganhou ainda mais relev\u00e2ncia ao servir como um dos caminhos para a qualifica\u00e7\u00e3o para os Jogos Ol\u00edmpicos de Paris 2024, envolvendo duplas de 31 pa\u00edses.<\/p>\n<p>Na edi\u00e7\u00e3o inaugural, em Viena, a Noruega sagrou-se campe\u00e3 em masculinos e a Su\u00ed\u00e7a em femininos. J\u00e1 na terceira edi\u00e7\u00e3o, em 2024, realizada em Jurmala, Let\u00f3nia, a Fran\u00e7a e os Pa\u00edses Baixos conquistaram os t\u00edtulos em masculinos e femininos, respetivamente. Portugal alcan\u00e7ou um excelente 3.\u00ba lugar nos masculinos em 2024, ficando muito perto da qualifica\u00e7\u00e3o ol\u00edmpica.<\/p>\n<p style=\"text-align: center;\"><span style=\"text-decoration: underline;\"><strong><img loading=\"lazy\" decoding=\"async\" class=\" wp-image-38410 alignleft\" src=\"https:\/\/fpvoleibol.pt\/fpv\/wp-content\/uploads\/2025\/02\/Espinho_VPraia_dd2.jpg\" alt=\"\" width=\"368\" height=\"276\" srcset=\"https:\/\/fpvoleibol.pt\/fpv\/wp-content\/uploads\/2025\/02\/Espinho_VPraia_dd2.jpg 960w, https:\/\/fpvoleibol.pt\/fpv\/wp-content\/uploads\/2025\/02\/Espinho_VPraia_dd2-300x225.jpg 300w, https:\/\/fpvoleibol.pt\/fpv\/wp-content\/uploads\/2025\/02\/Espinho_VPraia_dd2-768x576.jpg 768w\" sizes=\"auto, (max-width: 368px) 100vw, 368px\" \/>Espinho: Um <em>palco hist\u00f3rico<\/em> para o Voleibol de Praia<\/strong><\/span><\/p>\n<p>A Federa\u00e7\u00e3o Portuguesa de Voleibol possui um vasto historial na organiza\u00e7\u00e3o de eventos de Voleibol de Praia em Espinho. Desde a primeira edi\u00e7\u00e3o do Espinho Open em 1995, Portugal j\u00e1 acolheu 25 provas de \u00e2mbito mundial (FIVB) e 6 de \u00e2mbito europeu (CEV) em masculinos, e 20 provas FIVB e 6 CEV em femininos.<\/p>\n<p>Al\u00e9m das competi\u00e7\u00f5es em Espinho, a FPV organizou diversos outros torneios internacionais em localidades como Cortega\u00e7a, Porto, Macedo de Cavaleiros, Porto Santo (Madeira) e Esposende. Em 2001, em Esposende, a dupla portuguesa Jos\u00e9 Pedrosa\/Jos\u00e9 Teixeira fez hist\u00f3ria ao sagrar-se campe\u00e3 europeia de Sub-23.<\/p>\n<p>Ver competi\u00e7\u00f5es internacionais de Voleibol de Praia organizadas em Portugal\u00a0<a href=\"http:\/\/www.bvbinfo.com\/tournament.asp\">AQUI<\/a><\/p>\n<p style=\"text-align: center;\"><span style=\"text-decoration: underline;\"><strong>Acredita\u00e7\u00f5es para jornalistas<\/strong><\/span><\/p>\n<p>Os profissionais da Comunica\u00e7\u00e3o Social interessados em cobrir o evento podem solicitar as suas credenciais at\u00e9 <span style=\"text-decoration: underline;\"><strong>amanh\u00e3,<\/strong><\/span> atrav\u00e9s da Confedera\u00e7\u00e3o Europeia de Voleibol (CEV), promotora da competi\u00e7\u00e3o, acedendo ao link: <a href=\"https:\/\/mediaclub.cev.eu\/mediaclublogin\/cev\">https:\/\/mediaclub.cev.eu\/mediaclublogin\/cev<\/a>.<\/p>\n<p style=\"text-align: center;\"><strong>Mais informa\u00e7\u00f5es\u00a0<a href=\"https:\/\/fpvoleibol.pt\/fpv\/features\/nations-cup-final\/\">AQUI<\/a><\/strong><\/p>\n","protected":false},"excerpt":{"rendered":"<p>A Praia da Ba\u00eda, em Espinho, prepara-se para acolher o melhor Voleibol de Praia europeu com as Finais da CEV Beach Volley Nations Cup 2025 (Ta\u00e7a das Na\u00e7\u00f5es). A competi\u00e7\u00e3o, [&hellip;]<\/p>\n","protected":false},"author":2,"featured_media":41349,"comment_status":"open","ping_status":"open","sticky":false,"template":"","format":"standard","meta":{"_monsterinsights_skip_tracking":false,"_monsterinsights_sitenote_active":false,"_monsterinsights_sitenote_note":"","_monsterinsights_sitenote_category":0,"footnotes":""},"categories":[13,9,31],"tags":[173,86],"class_list":{"0":"post-41338","1":"post","2":"type-post","3":"status-publish","4":"format-standard","5":"has-post-thumbnail","7":"category-arbitragem","8":"category-voleibol-de-praia","9":"category-voleitv","10":"tag-nations-cup-2025","11":"tag-taca-das-nacoes-v-praia","12":"czr-hentry"},"aioseo_notices":[],"_links":{"self":[{"href":"https:\/\/fpvoleibol.pt\/fpv\/wp-json\/wp\/v2\/posts\/41338","targetHints":{"allow":["GET"]}}],"collection":[{"href":"https:\/\/fpvoleibol.pt\/fpv\/wp-json\/wp\/v2\/posts"}],"about":[{"href":"https:\/\/fpvoleibol.pt\/fpv\/wp-json\/wp\/v2\/types\/post"}],"author":[{"embeddable":true,"href":"https:\/\/fpvoleibol.pt\/fpv\/wp-json\/wp\/v2\/users\/2"}],"replies":[{"embeddable":true,"href":"https:\/\/fpvoleibol.pt\/fpv\/wp-json\/wp\/v2\/comments?post=41338"}],"version-history":[{"count":7,"href":"https:\/\/fpvoleibol.pt\/fpv\/wp-json\/wp\/v2\/posts\/41338\/revisions"}],"predecessor-version":[{"id":41355,"href":"https:\/\/fpvoleibol.pt\/fpv\/wp-json\/wp\/v2\/posts\/41338\/revisions\/41355"}],"wp:featuredmedia":[{"embeddable":true,"href":"https:\/\/fpvoleibol.pt\/fpv\/wp-json\/wp\/v2\/media\/41349"}],"wp:attachment":[{"href":"https:\/\/fpvoleibol.pt\/fpv\/wp-json\/wp\/v2\/media?parent=41338"}],"wp:term":[{"taxonomy":"category","embeddable":true,"href":"https:\/\/fpvoleibol.pt\/fpv\/wp-json\/wp\/v2\/categories?post=41338"},{"taxonomy":"post_tag","embeddable":true,"href":"https:\/\/fpvoleibol.pt\/fpv\/wp-json\/wp\/v2\/tags?post=41338"}],"curies":[{"name":"wp","href":"https:\/\/api.w.org\/{rel}","templated":true}]}}