{"id":41308,"date":"2025-07-07T17:39:01","date_gmt":"2025-07-07T16:39:01","guid":{"rendered":"https:\/\/fpvoleibol.pt\/fpv\/?p=41308"},"modified":"2025-07-09T20:06:33","modified_gmt":"2025-07-09T19:06:33","slug":"tricampeoes-conhecem-adversarios-no-eurobeachvolley","status":"publish","type":"post","link":"https:\/\/fpvoleibol.pt\/fpv\/2025\/07\/07\/tricampeoes-conhecem-adversarios-no-eurobeachvolley\/","title":{"rendered":"TRICAMPE\u00d5ES CONHECEM ADVERS\u00c1RIOS NO EUROBEACHVOLLEY"},"content":{"rendered":"<p style=\"text-align: center;\"><span style=\"font-size: 14px;\"><strong><img loading=\"lazy\" decoding=\"async\" class=\"size-full wp-image-41320 aligncenter\" src=\"https:\/\/fpvoleibol.pt\/fpv\/wp-content\/uploads\/2025\/07\/EuroBeachVolley2024_Pedrosa_Campos.jpg\" alt=\"\" width=\"960\" height=\"570\" srcset=\"https:\/\/fpvoleibol.pt\/fpv\/wp-content\/uploads\/2025\/07\/EuroBeachVolley2024_Pedrosa_Campos.jpg 960w, https:\/\/fpvoleibol.pt\/fpv\/wp-content\/uploads\/2025\/07\/EuroBeachVolley2024_Pedrosa_Campos-300x178.jpg 300w, https:\/\/fpvoleibol.pt\/fpv\/wp-content\/uploads\/2025\/07\/EuroBeachVolley2024_Pedrosa_Campos-768x456.jpg 768w\" sizes=\"auto, (max-width: 960px) 100vw, 960px\" \/>A dupla portuguesa Jo\u00e3o Pedrosa e Hugo Campos participa pela segunda vez consecutiva no <a href=\"https:\/\/eurobeachvolley.cev.eu\/en\/\">EuroBeachVolley<\/a>, que este ano ser\u00e1 disputado na Alemanha.<\/strong><\/span><\/p>\n<p>A dupla portuguesa <strong>Jo\u00e3o Pedrosa\/Hugo Campos<\/strong>, tricampe\u00e3 nacional de Voleibol de Praia, n\u00e3o ter\u00e1 tarefa f\u00e1cil no <a href=\"https:\/\/eurobeachvolley.cev.eu\/en\/2025\/men\/\">Campeonato da Europa de 2025 (EuroBeachVolley)<\/a>, que se realiza em Dusseldorf, Alemanha, entre 30 de Julho e 3 de Agosto. O sorteio, realizado hoje e transmitido em directo no canal de YouTube da CEV, colocou os portugueses na Pool A, onde ter\u00e3o de defrontar os <em>Beachvolley Vikings<\/em> <span style=\"text-decoration: underline;\">Anders Mol e Christian Sorum<\/span> (Noruega), os irm\u00e3os <span style=\"text-decoration: underline;\">Jonas Sagstetter e Benedikt Sagstetter<\/span> (Alemanha) e a jovem dupla <span style=\"text-decoration: underline;\">Ardis Bedritis e Arturs Rinkevics<\/span> (Let\u00f3nia).<\/p>\n<p>Esta \u00e9 a segunda presen\u00e7a consecutiva de Jo\u00e3o Pedrosa e Hugo Campos no EuroBeachVolley, um feito que real\u00e7a o percurso ascendente da dupla no cen\u00e1rio do Voleibol de Praia internacional. Apesar de o grupo constituir um aut\u00eantico desafio \u00e0s suas capacidades, os portugueses j\u00e1 mostraram que t\u00eam potencial para brilhar e superar as expectativas.<\/p>\n<p>A Pool A apresenta advers\u00e1rios de renome mundial. Os noruegueses Anders Mol e Christian Sorum s\u00e3o os cabe\u00e7as-de-cartaz\u2026 e de s\u00e9rie da competi\u00e7\u00e3o. Campe\u00f5es ol\u00edmpicos em T\u00f3quio 2020, campe\u00f5es mundiais em 2022 e vencedores de quatro t\u00edtulos europeus consecutivos (2018-2021), a dupla \u00e9 uma verdadeira m\u00e1quina de vit\u00f3rias. Chegaram \u00e0s meias-finais pela 23.\u00aa vez consecutiva num evento Elite, venceram o BPT Elite16 de Saquarema (Brasil) e as Finais do Circuito Mundial (Doha, Catar), e conquistaram a medalha de bronze em Paris 2024. Enfrentar Mol e Sorum ser\u00e1 um <em>teste-de-fogo<\/em> para Pedrosa e Campos.<\/p>\n<p>Os irm\u00e3os Sagstetter tamb\u00e9m s\u00e3o um nome familiar para os portugueses. Em Mar\u00e7o deste ano, Pedrosa e Campos eliminaram a dupla alem\u00e3 nos oitavos-de-final do BPT Challenge de Iucat\u00e3o, no M\u00e9xico, com uma vit\u00f3ria por 2-1 (21-12 e 22-20).<\/p>\n<p>Por fim, a dupla let\u00e3 Bedritis e Rinkevics \u00e9 bem conhecida dos portugueses. Em 2023, antes do torneio Beach Pro Tour Challenge de Itapema, no Brasil, os tricampe\u00f5es nacionais realizaram um est\u00e1gio conjunto no Centro de Alto Rendimento de Voleibol de Praia da FPV, em Cortega\u00e7a, com esta mesma dupla, que foi vice-campe\u00e3 europeia de Sub-22 em 2021.<\/p>\n<p style=\"text-align: center;\"><strong>&#8220;Grupos (super)equilibrados<br \/>\ne muito competitivos&#8221;<\/strong><\/p>\n<p><strong>Jo\u00e3o Pedrosa<\/strong> foi o porta-voz da dupla tricampe\u00e3 portuguesa, na reac\u00e7\u00e3o ao sorteio.<\/p>\n<p>&#8220;<em>Neste momento, diria que todos os grupos s\u00e3o super-equilibrados. O Voleibol de Praia est\u00e1 muito, muito competitivo em geral. \u00c9 frequente vermos duplas que est\u00e3o, por exemplo, no top 70, a vencer equipas do top 20. A competitividade \u00e9 tal que todos os grupos s\u00e3o muito dif\u00edceis e exigem o nosso melhor, independentemente do nosso grupo.<\/em><br \/>\n<em>Claro que vamos ter pela frente o Mol e o Sorum, a dupla da Noruega, que s\u00e3o das melhores do mundo. Sabemos das dificuldades que vamos encontrar a jogar contra eles, mas acredito que, se conseguirmos estar no nosso melhor \u2014 e vamos estar \u2014, podemos causar muitas dificuldades, e \u00e9 isso que vamos tentar fazer ao m\u00e1ximo.<\/em><br \/>\n<em>Depois, temos a equipa da Alemanha que, para al\u00e9m de serem irm\u00e3os, o que por vezes lhes confere uma for\u00e7a adicional, jogam em casa. \u00c9 sempre muito dif\u00edcil vencer a equipa da casa no seu terreno, por isso ser\u00e1 uma batalha at\u00e9 ao \u00faltimo ponto<\/em>.&#8221;, salientou Pedrosa, concluindo:<br \/>\n&#8220;<em>Temos ainda a equipa da Let\u00f3nia que, embora talvez n\u00e3o esteja a passar pelo melhor momento que j\u00e1 os vi, conhe\u00e7o perfeitamente a sua qualidade. S\u00e3o dois jogadores que foram vice-campe\u00f5es da Europa de Sub-22 e que j\u00e1 andam no circuito h\u00e1 muitos anos. T\u00eam uma experi\u00eancia consider\u00e1vel, tal como n\u00f3s, e s\u00e3o capazes de grandes feitos.<\/em><br \/>\n<em>Assim, todos os jogos da fase de grupos v\u00e3o exigir o nosso melhor. \u00c9 para isso que treinamos e nos preparamos todos os dias. Temos tr\u00eas semanas para nos prepararmos para o Europeu e \u00e9 isso que vamos fazer. Estamos prontos, mas queremos estar ainda melhores<\/em>.&#8221;<\/p>\n<p style=\"text-align: center;\"><strong>Amadurecimento<\/strong><br \/>\n<strong>e experi\u00eancia Internacional<\/strong><\/p>\n<p>Apesar da exig\u00eancia do grupo, Jo\u00e3o Pedrosa e Hugo Campos chegam a este Europeu com maior experi\u00eancia e um percurso consolidado. Em 2024, na sua primeira participa\u00e7\u00e3o no Europeu de Seniores (disputado nos Pa\u00edses Baixos), terminaram no 25.\u00ba lugar, ap\u00f3s derrotas com as duplas da Pol\u00f3nia (Janiak\/Brozyniak) e dos Pa\u00edses Baixos (Boermans\/de Groot), vice-campe\u00f5es europeus em 2021.<\/p>\n<p>No entanto, a dupla, orientada pelo Selecionador Nacional Ricardo Rocha, tem somado resultados expressivos nos \u00faltimos anos, fruto da sua aposta na pr\u00e1tica do voleibol de praia durante todo o ano, com o apoio da Federa\u00e7\u00e3o Portuguesa de Voleibol (FPV). A medalha de bronze nos Jogos do Mediterr\u00e2neo e, notavelmente, a medalha de ouro no Beach Pro Tour Challenge de Edmonton (Canad\u00e1) em 2023 \u2013 a primeira vez que subiram ao lugar mais alto do p\u00f3dio numa etapa Challenge do Beach Pro Tour \u2013 s\u00e3o marcos importantes. Os tricampe\u00f5es nacionais s\u00e3o tamb\u00e9m campe\u00f5es mundiais universit\u00e1rios em 2023.<\/p>\n<p style=\"text-align: center;\"><strong>Um Europeu recheado de<em> estrelas<\/em><\/strong><\/p>\n<p><img loading=\"lazy\" decoding=\"async\" class=\"size-full wp-image-41317 aligncenter\" src=\"https:\/\/fpvoleibol.pt\/fpv\/wp-content\/uploads\/2025\/07\/EuroBeachVolley2025_Men.jpg\" alt=\"\" width=\"960\" height=\"540\" srcset=\"https:\/\/fpvoleibol.pt\/fpv\/wp-content\/uploads\/2025\/07\/EuroBeachVolley2025_Men.jpg 960w, https:\/\/fpvoleibol.pt\/fpv\/wp-content\/uploads\/2025\/07\/EuroBeachVolley2025_Men-300x169.jpg 300w, https:\/\/fpvoleibol.pt\/fpv\/wp-content\/uploads\/2025\/07\/EuroBeachVolley2025_Men-768x432.jpg 768w, https:\/\/fpvoleibol.pt\/fpv\/wp-content\/uploads\/2025\/07\/EuroBeachVolley2025_Men-528x297.jpg 528w\" sizes=\"auto, (max-width: 960px) 100vw, 960px\" \/>O EuroBeachVolley 2025 promete ser um espet\u00e1culo de elite, reunindo uma verdadeira constela\u00e7\u00e3o de estrelas do Voleibol de Praia. Al\u00e9m de Mol e Sorum, o torneio masculino contar\u00e1 com os campe\u00f5es ol\u00edmpicos David Ahman e Jonatan Hellvig (Su\u00e9cia), campe\u00f5es ol\u00edmpicos em t\u00edtulo, vencedores do EuroBeachVolley em 2022 e 2023, os atuais campe\u00f5es mundiais Ond\u0159ej Peru\u0161i\u010d e David Schweiner (Ch\u00e9quia), os vencedores do EuroBeachVolley do ano passado, Martins Plavins e Kristians Fokerots (Let\u00f3nia), e os vice-campe\u00f5es ol\u00edmpicos de Paris 2024 e <em>her\u00f3is da casa<\/em>, Nils Ehlers e Clemens Wickler (Alemanha). A competi\u00e7\u00e3o j\u00e1 gerou grande entusiasmo, com os bilhetes esgotados para os \u00faltimos tr\u00eas dias de competi\u00e7\u00e3o no Rochus Tennisclub.<\/p>\n<p>Com um sorteio t\u00e3o desafiador, conseguir\u00e3o os tricampe\u00f5es nacionais surpreender e deixar a sua marca na Alemanha?<\/p>\n<p><img loading=\"lazy\" decoding=\"async\" class=\"size-full wp-image-41319 aligncenter\" src=\"https:\/\/fpvoleibol.pt\/fpv\/wp-content\/uploads\/2025\/07\/EuroBeachVolley2025_Women.jpg\" alt=\"\" width=\"960\" height=\"540\" srcset=\"https:\/\/fpvoleibol.pt\/fpv\/wp-content\/uploads\/2025\/07\/EuroBeachVolley2025_Women.jpg 960w, https:\/\/fpvoleibol.pt\/fpv\/wp-content\/uploads\/2025\/07\/EuroBeachVolley2025_Women-300x169.jpg 300w, https:\/\/fpvoleibol.pt\/fpv\/wp-content\/uploads\/2025\/07\/EuroBeachVolley2025_Women-768x432.jpg 768w, https:\/\/fpvoleibol.pt\/fpv\/wp-content\/uploads\/2025\/07\/EuroBeachVolley2025_Women-528x297.jpg 528w\" sizes=\"auto, (max-width: 960px) 100vw, 960px\" \/>O torneio feminino contar\u00e1 com a participa\u00e7\u00e3o de seis antigas campe\u00e3s europeias, incluindo as actuais detentoras do t\u00edtulo, Cinja Tillmann e Svenja Muller (Alemanha). Outras duplas de destaque incluem as bicampe\u00e3s europeias Tina Graudina e Anastasija Samoilova (Let\u00f3nia) e as su\u00ed\u00e7as Tanja H\u00fcberli e Anouk Verg\u00e9-D\u00e9pr\u00e9.<br \/>\nA Alemanha tamb\u00e9m se destaca na competi\u00e7\u00e3o feminina, com sete duplas, enquanto a Litu\u00e2nia, os Pa\u00edses Baixos e a Ucr\u00e2nia contribuem com tr\u00eas duplas cada.<\/p>\n<p>As italianas Valentina Gottardi e Reka Orsi Toth lideram a listas de entrada, sendo que Gottardi conquistou a prata no ano passado com a sua anterior parceira.<\/p>\n<p>Para mais informa\u00e7\u00f5es: o website oficial do evento \u2013 <a href=\"https:\/\/eurobeachvolley.cev.eu\/en\/2025\/\">https:\/\/eurobeachvolley.cev.eu\/en\/2025\/<\/a><\/p>\n<p style=\"text-align: center;\"><span style=\"text-decoration: underline;\"><strong>Em 2024<\/strong><\/span><\/p>\n<p>Os let\u00f5es <strong>Martins Plavins <\/strong>e<strong> Kristians Fokerots<\/strong> criaram sensa\u00e7\u00e3o no Voleibol de Praia ao partirem da <em>lista de reservas<\/em> e acabarem por bater, na final do <a href=\"https:\/\/eurobeachvolley.cev.eu\/en\/2024\/men\/\">Campeonato da Europa de Seniores<\/a>, disputado nos Pa\u00edses Baixos, os favoritos \u00e0 conquista da medalha de ouro, os alem\u00e3es Nils Ehlers e Clemens Wickler, actuais vice-campe\u00f5es ol\u00edmpicos, por 2-1 (17-21, 22-20 e 15-5), sagrando-se campe\u00f5es europeus.<br \/>\nA final foi arbitrada pelo italiano Giuseppe Curto e pela portuguesa <strong>Sandra Deveza<\/strong> e Plavins e Fokerots sucederam aos suecos David Ahman e Jonatan Hellvig, actuais campe\u00f5es ol\u00edmpicos, e aos noruegueses Anders Mol e Christian Sorum, duplas n\u00f3rdicas que n\u00e3o participaram nesta edi\u00e7\u00e3o do Campeonato da Europa. A medalha de bronze foi para os neerlandeses Steven van de Velde e Matthew Immers, que tamb\u00e9m bateram (2-1: 21-17, 17-21 e 16-14) os favoritos Samuele Cottafava e Paolo Nicolai, de It\u00e1lia.<\/p>\n<p><strong>Sandra Deveza<\/strong> foi a \u00e1rbitra portuguesa presente no Campeonato da Europa de Seniores Masculinos, enquanto <strong>Avelino Azevedo<\/strong>, Presidente do Conselho de Arbitragem da FPV, foi um dos Delegados de Arbitragem.<\/p>\n<p>A dupla portuguesa <span style=\"text-decoration: underline;\">Jo\u00e3o Pedrosa\/Hugo Campos<\/span>, tricampe\u00e3 nacional, participou pela primeira vez no Campeonato da Europa, sucedendo a <span style=\"text-decoration: underline;\">N\u00e9lson Br\u00edzida\/Jos\u00e9 Pedrosa<\/span>, 9.\u00aa classificada no Europeu de 2004.<\/p>\n","protected":false},"excerpt":{"rendered":"<p>A dupla portuguesa Jo\u00e3o Pedrosa e Hugo Campos participa pela segunda vez consecutiva no EuroBeachVolley, que este ano ser\u00e1 disputado na Alemanha. A dupla portuguesa Jo\u00e3o Pedrosa\/Hugo Campos, tricampe\u00e3 nacional [&hellip;]<\/p>\n","protected":false},"author":2,"featured_media":41318,"comment_status":"open","ping_status":"open","sticky":false,"template":"","format":"standard","meta":{"_monsterinsights_skip_tracking":false,"_monsterinsights_sitenote_active":false,"_monsterinsights_sitenote_note":"","_monsterinsights_sitenote_category":0,"footnotes":""},"categories":[13,9],"tags":[74,175,139],"class_list":{"0":"post-41308","1":"post","2":"type-post","3":"status-publish","4":"format-standard","5":"has-post-thumbnail","7":"category-arbitragem","8":"category-voleibol-de-praia","9":"tag-beach-pro-tour","10":"tag-campeonato-da-europa-de-voleibol-de-praia","11":"tag-epoca-2024-2025","12":"czr-hentry"},"aioseo_notices":[],"_links":{"self":[{"href":"https:\/\/fpvoleibol.pt\/fpv\/wp-json\/wp\/v2\/posts\/41308","targetHints":{"allow":["GET"]}}],"collection":[{"href":"https:\/\/fpvoleibol.pt\/fpv\/wp-json\/wp\/v2\/posts"}],"about":[{"href":"https:\/\/fpvoleibol.pt\/fpv\/wp-json\/wp\/v2\/types\/post"}],"author":[{"embeddable":true,"href":"https:\/\/fpvoleibol.pt\/fpv\/wp-json\/wp\/v2\/users\/2"}],"replies":[{"embeddable":true,"href":"https:\/\/fpvoleibol.pt\/fpv\/wp-json\/wp\/v2\/comments?post=41308"}],"version-history":[{"count":4,"href":"https:\/\/fpvoleibol.pt\/fpv\/wp-json\/wp\/v2\/posts\/41308\/revisions"}],"predecessor-version":[{"id":41323,"href":"https:\/\/fpvoleibol.pt\/fpv\/wp-json\/wp\/v2\/posts\/41308\/revisions\/41323"}],"wp:featuredmedia":[{"embeddable":true,"href":"https:\/\/fpvoleibol.pt\/fpv\/wp-json\/wp\/v2\/media\/41318"}],"wp:attachment":[{"href":"https:\/\/fpvoleibol.pt\/fpv\/wp-json\/wp\/v2\/media?parent=41308"}],"wp:term":[{"taxonomy":"category","embeddable":true,"href":"https:\/\/fpvoleibol.pt\/fpv\/wp-json\/wp\/v2\/categories?post=41308"},{"taxonomy":"post_tag","embeddable":true,"href":"https:\/\/fpvoleibol.pt\/fpv\/wp-json\/wp\/v2\/tags?post=41308"}],"curies":[{"name":"wp","href":"https:\/\/api.w.org\/{rel}","templated":true}]}}