{"id":40985,"date":"2025-06-20T20:14:43","date_gmt":"2025-06-20T19:14:43","guid":{"rendered":"https:\/\/fpvoleibol.pt\/fpv\/?p=40985"},"modified":"2025-06-21T19:32:09","modified_gmt":"2025-06-21T18:32:09","slug":"portugal-x-chequia-amanha-16h00","status":"publish","type":"post","link":"https:\/\/fpvoleibol.pt\/fpv\/2025\/06\/20\/portugal-x-chequia-amanha-16h00\/","title":{"rendered":"PORTUGAL x CH\u00c9QUIA AMANH\u00c3 (16H00)"},"content":{"rendered":"<p><img loading=\"lazy\" decoding=\"async\" class=\"size-full wp-image-40995 aligncenter\" src=\"https:\/\/fpvoleibol.pt\/fpv\/wp-content\/uploads\/2025\/06\/eglm2025_porXrom_03_d.jpg\" alt=\"\" width=\"960\" height=\"640\" srcset=\"https:\/\/fpvoleibol.pt\/fpv\/wp-content\/uploads\/2025\/06\/eglm2025_porXrom_03_d.jpg 960w, https:\/\/fpvoleibol.pt\/fpv\/wp-content\/uploads\/2025\/06\/eglm2025_porXrom_03_d-300x200.jpg 300w, https:\/\/fpvoleibol.pt\/fpv\/wp-content\/uploads\/2025\/06\/eglm2025_porXrom_03_d-768x512.jpg 768w\" sizes=\"auto, (max-width: 960px) 100vw, 960px\" \/>A <strong>Selec\u00e7\u00e3o Nacional de Seniores Masculinos<\/strong>, liderada por <span style=\"text-decoration: underline;\">Jo\u00e3o Jos\u00e9<\/span>, perdeu hoje com a sua cong\u00e9nere romena por <a href=\"https:\/\/www-old.cev.eu\/Competition-Area\/MatchStatistics.aspx?ID=78508\">1-3 (18-25, 25-21, 22-25 e 22-25)<\/a> no Torneio 12 da <a href=\"https:\/\/www.cev.eu\/national-team\/european-leagues\/european-golden-league\/men\/2025\/\">CEV Volleyball European Golden League (EGL) 2025<\/a>, a decorrer na localidade checa de Kutn\u00e1 Hora.<\/p>\n<p>Portugal defronta amanh\u00e3 (<a href=\"https:\/\/www.sporttv.pt\/pesquisa\/voleibol\">Sport TV, 16h00<\/a>) a anfitri\u00e3 Ch\u00e9quia. Este ser\u00e1 o \u00faltimo desafio antes da Final Four da EGL, agendada para Brno, de 4 a 6 de Julho, na qual a Ch\u00e9quia j\u00e1 est\u00e1 automaticamente qualificada como anfitri\u00e3.<\/p>\n<p>Os romenos Mircea Peta, com 17 pontos, e Alexandru Rata, com 15, e o portugu\u00eas Andr\u00e9 Pereira, com 14, foram os melhores pontuadores do jogo.\u00a0Ver estat\u00edstica <a href=\"https:\/\/www-old.cev.eu\/Competition-Area\/MatchStatistics.aspx?ID=78508\">AQUI<\/a><\/p>\n<p>Actualmente, a Sele\u00e7\u00e3o Portuguesa soma uma vit\u00f3ria e quatro derrotas na EGL. A Gr\u00e9cia (5 vit\u00f3rias, 16 pontos) comanda a classifica\u00e7\u00e3o e j\u00e1 garantiu a sua qualifica\u00e7\u00e3o para a Final Four, juntando-se \u00e0 Ch\u00e9quia (organizadora). Finl\u00e2ndia, Rom\u00e9nia e Israel\u00a0 continuam na luta pelas restantes vagas.<\/p>\n<p>Todos os jogos da Sele\u00e7\u00e3o Nacional na EGL s\u00e3o transmitidos em directo pela <span style=\"text-decoration: underline;\"><a href=\"https:\/\/www.sporttv.pt\/pesquisa\/voleibol\">Sport TV<\/a><\/span>, e mais informa\u00e7\u00f5es podem ser encontradas em <strong><a href=\"http:\/\/fpvoleibol.pt\/goldenleague2025m\">fpvoleibol.pt\/goldenleague2025m<\/a><\/strong>.<\/p>\n<p><img loading=\"lazy\" decoding=\"async\" class=\" wp-image-40993 alignleft\" src=\"https:\/\/fpvoleibol.pt\/fpv\/wp-content\/uploads\/2025\/06\/eglm2025_porXrom_05_d.jpg\" alt=\"\" width=\"263\" height=\"175\" srcset=\"https:\/\/fpvoleibol.pt\/fpv\/wp-content\/uploads\/2025\/06\/eglm2025_porXrom_05_d.jpg 960w, https:\/\/fpvoleibol.pt\/fpv\/wp-content\/uploads\/2025\/06\/eglm2025_porXrom_05_d-300x200.jpg 300w, https:\/\/fpvoleibol.pt\/fpv\/wp-content\/uploads\/2025\/06\/eglm2025_porXrom_05_d-768x512.jpg 768w\" sizes=\"auto, (max-width: 263px) 100vw, 263px\" \/>Al\u00e9m da EGL, a Selec\u00e7\u00e3o Nacional tem um calend\u00e1rio internacional preenchido:<\/p>\n<p><span style=\"text-decoration: underline;\">Campeonato do Mundo de 2025 (Filipinas)<\/span> \u2013 Portugal garantiu a sua terceira presen\u00e7a na hist\u00f3ria do Mundial, 23 anos ap\u00f3s a sua \u00faltima participa\u00e7\u00e3o (8.\u00ba lugar na Argentina). Na fase de grupos, defrontar\u00e1 Cuba (13 de Setembro, 6h30 de Portugal), Estados Unidos da Am\u00e9rica (15 de Setembro, 14h00) e Col\u00f4mbia (17 de Setembro, 3h00).<\/p>\n<p style=\"text-align: center;\"><span style=\"text-decoration: underline;\">Campeonato da Europa de 2026<\/span> \u2013 Portugal j\u00e1 est\u00e1 directamente qualificado para a fase final da competi\u00e7\u00e3o, que ser\u00e1 disputada em quatro pa\u00edses (Rom\u00e9nia, Bulg\u00e1ria, Finl\u00e2ndia e It\u00e1lia). Esta ser\u00e1 a oitava presen\u00e7a de Portugal e a quarta consecutiva, demonstrando a crescente consist\u00eancia do Voleibol portugu\u00eas.<\/p>\n<p style=\"text-align: center;\"><span style=\"background-color: #000000; color: #ffffff;\"><img loading=\"lazy\" decoding=\"async\" class=\"size-full wp-image-40994 aligncenter\" src=\"https:\/\/fpvoleibol.pt\/fpv\/wp-content\/uploads\/2025\/06\/eglm2025_porXrom_04_d.jpg\" alt=\"\" width=\"960\" height=\"640\" srcset=\"https:\/\/fpvoleibol.pt\/fpv\/wp-content\/uploads\/2025\/06\/eglm2025_porXrom_04_d.jpg 960w, https:\/\/fpvoleibol.pt\/fpv\/wp-content\/uploads\/2025\/06\/eglm2025_porXrom_04_d-300x200.jpg 300w, https:\/\/fpvoleibol.pt\/fpv\/wp-content\/uploads\/2025\/06\/eglm2025_porXrom_04_d-768x512.jpg 768w\" sizes=\"auto, (max-width: 960px) 100vw, 960px\" \/>COMITIVA<\/span><\/p>\n<p style=\"text-align: center;\"><strong>Team Manager<\/strong> \u2013 M\u00e1rio Oliveira<br \/>\n<strong>Treinador Principal<\/strong> \u2013 Jo\u00e3o Jos\u00e9<br \/>\n<strong>Treinador Adjunto<\/strong> \u2013 Manuel Silva<br \/>\n<strong>Treinador Adjunto<\/strong> \u2013 Ricardo Lemos<br \/>\n<strong>M\u00e9dico<\/strong> \u2013 M\u00e1rio Silva<br \/>\n<strong>Fisioterapeuta<\/strong> \u2013 H\u00e9lder Vasco<\/p>\n<p style=\"text-align: center;\"><span style=\"background-color: #000000; color: #ffffff;\">Atletas<\/span><\/p>\n<p style=\"text-align: center;\"><b>AA Espinho<\/b><br \/>\nRafael Pinto<\/p>\n<p style=\"text-align: center;\"><b>Cast\u00ealo da Maia GC<\/b><br \/>\nGuilherme Menezes<\/p>\n<p style=\"text-align: center;\"><b>Leix\u00f5es SC<\/b><br \/>\nAndr\u00e9 Pereira<br \/>\nRafael Santos<\/p>\n<p style=\"text-align: center;\"><b>SL Benfica<\/b><br \/>\nIvo Casas<\/p>\n<p style=\"text-align: center;\"><b>Sporting CP<\/b><br \/>\nGon\u00e7alo Sousa<br \/>\nKelton Tavares<\/p>\n<p style=\"text-align: center;\"><b>Vit\u00f3ria SC<\/b><br \/>\nManuel Figueiredo<\/p>\n<p style=\"text-align: center;\"><b>CV San Roque Bat\u00e1n (Espanha)<\/b><br \/>\nJos\u00e9 Pinto<\/p>\n<p style=\"text-align: center;\"><b>Nice Volley-Ball (Fran\u00e7a)<\/b><br \/>\nBruno Dias<\/p>\n<p style=\"text-align: center;\"><b>Helios Grizzlys Giesen (Alemanha)<\/b><br \/>\nMiguel Sinfr\u00f3nio<\/p>\n<p style=\"text-align: center;\"><b>Nova Technology Lycurgus BV (P. Baixos)<\/b><br \/>\nNuno Marques<\/p>\n<p style=\"text-align: center;\"><b>SC Municipal Zalau (Rom\u00e9nia)<\/b><br \/>\nFilip Cveticanin<\/p>\n<p style=\"text-align: center;\">Mais informa\u00e7\u00f5es em\u00a0<a href=\"http:\/\/www.cev.eu\/\">cev.eu<\/a><\/p>\n","protected":false},"excerpt":{"rendered":"<p>A Selec\u00e7\u00e3o Nacional de Seniores Masculinos, liderada por Jo\u00e3o Jos\u00e9, perdeu hoje com a sua cong\u00e9nere romena por 1-3 (18-25, 25-21, 22-25 e 22-25) no Torneio 12 da CEV Volleyball [&hellip;]<\/p>\n","protected":false},"author":2,"featured_media":40991,"comment_status":"open","ping_status":"open","sticky":false,"template":"","format":"standard","meta":{"_monsterinsights_skip_tracking":false,"_monsterinsights_sitenote_active":false,"_monsterinsights_sitenote_note":"","_monsterinsights_sitenote_category":0,"footnotes":""},"categories":[8],"tags":[153,162],"class_list":{"0":"post-40985","1":"post","2":"type-post","3":"status-publish","4":"format-standard","5":"has-post-thumbnail","7":"category-voleibol","8":"tag-european-golden-league-2025","9":"tag-european-golden-league-men-2025","10":"czr-hentry"},"aioseo_notices":[],"_links":{"self":[{"href":"https:\/\/fpvoleibol.pt\/fpv\/wp-json\/wp\/v2\/posts\/40985","targetHints":{"allow":["GET"]}}],"collection":[{"href":"https:\/\/fpvoleibol.pt\/fpv\/wp-json\/wp\/v2\/posts"}],"about":[{"href":"https:\/\/fpvoleibol.pt\/fpv\/wp-json\/wp\/v2\/types\/post"}],"author":[{"embeddable":true,"href":"https:\/\/fpvoleibol.pt\/fpv\/wp-json\/wp\/v2\/users\/2"}],"replies":[{"embeddable":true,"href":"https:\/\/fpvoleibol.pt\/fpv\/wp-json\/wp\/v2\/comments?post=40985"}],"version-history":[{"count":3,"href":"https:\/\/fpvoleibol.pt\/fpv\/wp-json\/wp\/v2\/posts\/40985\/revisions"}],"predecessor-version":[{"id":40997,"href":"https:\/\/fpvoleibol.pt\/fpv\/wp-json\/wp\/v2\/posts\/40985\/revisions\/40997"}],"wp:featuredmedia":[{"embeddable":true,"href":"https:\/\/fpvoleibol.pt\/fpv\/wp-json\/wp\/v2\/media\/40991"}],"wp:attachment":[{"href":"https:\/\/fpvoleibol.pt\/fpv\/wp-json\/wp\/v2\/media?parent=40985"}],"wp:term":[{"taxonomy":"category","embeddable":true,"href":"https:\/\/fpvoleibol.pt\/fpv\/wp-json\/wp\/v2\/categories?post=40985"},{"taxonomy":"post_tag","embeddable":true,"href":"https:\/\/fpvoleibol.pt\/fpv\/wp-json\/wp\/v2\/tags?post=40985"}],"curies":[{"name":"wp","href":"https:\/\/api.w.org\/{rel}","templated":true}]}}