{"id":40967,"date":"2025-06-20T12:36:58","date_gmt":"2025-06-20T11:36:58","guid":{"rendered":"https:\/\/fpvoleibol.pt\/fpv\/?p=40967"},"modified":"2025-06-20T20:15:33","modified_gmt":"2025-06-20T19:15:33","slug":"portugal-x-romenia-hoje-16h00","status":"publish","type":"post","link":"https:\/\/fpvoleibol.pt\/fpv\/2025\/06\/20\/portugal-x-romenia-hoje-16h00\/","title":{"rendered":"PORTUGAL x ROM\u00c9NIA (HOJE, 16H00)"},"content":{"rendered":"<p style=\"text-align: center;\"><strong><span style=\"font-size: 12px;\"><img loading=\"lazy\" decoding=\"async\" class=\"size-full wp-image-40973 aligncenter\" src=\"https:\/\/fpvoleibol.pt\/fpv\/wp-content\/uploads\/2025\/06\/SNSM_EGL2025_JJ.jpg\" alt=\"\" width=\"960\" height=\"640\" srcset=\"https:\/\/fpvoleibol.pt\/fpv\/wp-content\/uploads\/2025\/06\/SNSM_EGL2025_JJ.jpg 960w, https:\/\/fpvoleibol.pt\/fpv\/wp-content\/uploads\/2025\/06\/SNSM_EGL2025_JJ-300x200.jpg 300w, https:\/\/fpvoleibol.pt\/fpv\/wp-content\/uploads\/2025\/06\/SNSM_EGL2025_JJ-768x512.jpg 768w\" sizes=\"auto, (max-width: 960px) 100vw, 960px\" \/>Portugueses defrontam hoje (16h00) a Rom\u00e9nia, selec\u00e7\u00e3o que ainda pode alcan\u00e7ar a Final 4, e amanh\u00e3 a Ch\u00e9quia, organizador da fase final da EGL 2025.<\/span><\/strong><\/p>\n<p>A <strong>Selec\u00e7\u00e3o Nacional de Seniores Masculinos<\/strong>, liderada por <span style=\"text-decoration: underline;\">Jo\u00e3o Jos\u00e9<\/span>, encontra-se na recta final da fase preliminar da <a href=\"https:\/\/www.cev.eu\/national-team\/european-leagues\/european-golden-league\/men\/2025\/\">CEV Volleyball European Golden League (EGL) 2025<\/a>. Esta competi\u00e7\u00e3o serve como um pilar essencial na prepara\u00e7\u00e3o para o Campeonato do Mundo de 2025.<\/p>\n<p>Portugal participa no Torneio 12, que se realiza na Ch\u00e9quia (Kutn\u00e1 Hora), enfrentando <strong>hoje<\/strong> (<a href=\"https:\/\/www.sporttv.pt\/pesquisa\/voleibol\">Sport TV, 16h00<\/a>) a Rom\u00e9nia e no <strong>s\u00e1bado<\/strong> a anfitri\u00e3 Ch\u00e9quia (<a href=\"https:\/\/www.sporttv.pt\/pesquisa\/voleibol\">Sport TV, 16h00<\/a>). Estes s\u00e3o os \u00faltimos desafios antes da Final Four da EGL, agendada para Brno, de 4 a 6 de Julho, na qual a Ch\u00e9quia j\u00e1 est\u00e1 automaticamente qualificada como anfitri\u00e3.<br \/>\nOntem, num jogo muito importante para as suas aspira\u00e7\u00f5es, a Rom\u00e9nia perdeu com a Ch\u00e9quia pela margem m\u00ednima: 2-3 (37-35, 17-25, 22-25, 25-18 e 11-15).<\/p>\n<p>Actualmente, a Sele\u00e7\u00e3o Portuguesa soma uma vit\u00f3ria e tr\u00eas derrotas na EGL. Ap\u00f3s uma derrota por margem m\u00ednima contra Israel (que ainda luta por um lugar na Final Four), o Selecionador Nacional, Jo\u00e3o Jos\u00e9, enfatiza a necessidade de a equipa entrar em campo &#8220;<em>mais esclarecida e menos hesitante<\/em>&#8221; para evitar reac\u00e7\u00f5es tardias. Andr\u00e9 Pereira, um dos jovens elementos da equipa, refor\u00e7a a &#8220;<em>qualidade do grupo<\/em>&#8221; e a import\u00e2ncia de &#8220;<em>ganhar experi\u00eancia a este n\u00edvel<\/em>&#8220;, vendo um &#8220;<em>futuro promissor para esta gera\u00e7\u00e3o<\/em>&#8221; do Voleibol portugu\u00eas.<\/p>\n<p>A EGL 2025 segue o formato da edi\u00e7\u00e3o anterior, com 12 sele\u00e7\u00f5es a defrontar seis advers\u00e1rios distintos em torneios de tr\u00eas equipas. As quatro melhores equipas da fase preliminar apuram-se para a Final Four.<\/p>\n<p>O confronto direto entre a Gr\u00e9cia e a Finl\u00e2ndia, duas equipas que estavam invictas, j\u00e1 teve um desfecho. A Gr\u00e9cia venceu, ontem, a Finl\u00e2ndia por 3-1. Com este resultado, a Gr\u00e9cia (5 vit\u00f3rias, 15 pontos) e a Finl\u00e2ndia (4 vit\u00f3rias, 12 pontos) garantiram a sua qualifica\u00e7\u00e3o para a Final Four, juntando-se \u00e0 Ch\u00e9quia. Rom\u00e9nia (5 jogos, 11 pontos) e Israel (4 jogos, 11 pontos) continuam na luta pelas restantes vagas.<\/p>\n<p>Todos os jogos da Sele\u00e7\u00e3o Nacional na EGL s\u00e3o transmitidos em directo pela <span style=\"text-decoration: underline;\"><a href=\"https:\/\/www.sporttv.pt\/pesquisa\/voleibol\">Sport TV<\/a><\/span>, e mais informa\u00e7\u00f5es podem ser encontradas em <strong><a href=\"http:\/\/fpvoleibol.pt\/goldenleague2025m\">fpvoleibol.pt\/goldenleague2025m<\/a><\/strong>.<\/p>\n<p>Al\u00e9m da EGL, a Selec\u00e7\u00e3o Nacional tem um calend\u00e1rio internacional preenchido:<\/p>\n<p><span style=\"text-decoration: underline;\">Campeonato do Mundo de 2025 (Filipinas)<\/span> \u2013 Portugal garantiu a sua terceira presen\u00e7a na hist\u00f3ria do Mundial, 23 anos ap\u00f3s a sua \u00faltima participa\u00e7\u00e3o (8.\u00ba lugar na Argentina). Na fase de grupos, defrontar\u00e1 Cuba (13 de Setembro, 6h30 de Portugal), Estados Unidos da Am\u00e9rica (15 de Setembro, 14h00) e Col\u00f4mbia (17 de Setembro, 3h00).<\/p>\n<p style=\"text-align: center;\"><span style=\"text-decoration: underline;\">Campeonato da Europa de 2026<\/span> \u2013 Portugal j\u00e1 est\u00e1 directamente qualificado para a fase final da competi\u00e7\u00e3o, que ser\u00e1 disputada em quatro pa\u00edses (Rom\u00e9nia, Bulg\u00e1ria, Finl\u00e2ndia e It\u00e1lia). Esta ser\u00e1 a oitava presen\u00e7a de Portugal e a quarta consecutiva, demonstrando a crescente consist\u00eancia do Voleibol portugu\u00eas.<span style=\"background-color: #000000; color: #ffffff;\"><img loading=\"lazy\" decoding=\"async\" class=\"size-full wp-image-40837 aligncenter\" src=\"https:\/\/fpvoleibol.pt\/fpv\/wp-content\/uploads\/2025\/06\/EGL_M_PorxEslovaquia_d.jpg\" alt=\"\" width=\"960\" height=\"640\" srcset=\"https:\/\/fpvoleibol.pt\/fpv\/wp-content\/uploads\/2025\/06\/EGL_M_PorxEslovaquia_d.jpg 960w, https:\/\/fpvoleibol.pt\/fpv\/wp-content\/uploads\/2025\/06\/EGL_M_PorxEslovaquia_d-300x200.jpg 300w, https:\/\/fpvoleibol.pt\/fpv\/wp-content\/uploads\/2025\/06\/EGL_M_PorxEslovaquia_d-768x512.jpg 768w\" sizes=\"auto, (max-width: 960px) 100vw, 960px\" \/>COMITIVA<\/span><\/p>\n<p style=\"text-align: center;\"><strong>Team Manager<\/strong> \u2013 M\u00e1rio Oliveira<br \/>\n<strong>Treinador Principal<\/strong> \u2013 Jo\u00e3o Jos\u00e9<br \/>\n<strong>Treinador Adjunto<\/strong> \u2013 Manuel Silva<br \/>\n<strong>Treinador Adjunto<\/strong> \u2013 Ricardo Lemos<br \/>\n<strong>M\u00e9dico<\/strong> \u2013 M\u00e1rio Silva<br \/>\n<strong>Fisioterapeuta<\/strong> \u2013 H\u00e9lder Vasco<\/p>\n<p style=\"text-align: center;\"><span style=\"background-color: #000000; color: #ffffff;\">Atletas<\/span><\/p>\n<p style=\"text-align: center;\"><b>AA Espinho<\/b><br \/>\nRafael Pinto<\/p>\n<p style=\"text-align: center;\"><b>Cast\u00ealo da Maia GC<\/b><br \/>\nGuilherme Menezes<\/p>\n<p style=\"text-align: center;\"><b>Leix\u00f5es SC<\/b><br \/>\nAndr\u00e9 Pereira<br \/>\nRafael Santos<\/p>\n<p style=\"text-align: center;\"><b>SL Benfica<\/b><br \/>\nIvo Casas<\/p>\n<p style=\"text-align: center;\"><b>Sporting CP<\/b><br \/>\nGon\u00e7alo Sousa<br \/>\nKelton Tavares<\/p>\n<p style=\"text-align: center;\"><b>Vit\u00f3ria SC<\/b><br \/>\nManuel Figueiredo<\/p>\n<p style=\"text-align: center;\"><b>CV San Roque Bat\u00e1n (Espanha)<\/b><br \/>\nJos\u00e9 Pinto<\/p>\n<p style=\"text-align: center;\"><b>Nice Volley-Ball (Fran\u00e7a)<\/b><br \/>\nBruno Dias<\/p>\n<p style=\"text-align: center;\"><b>Helios Grizzlys Giesen (Alemanha)<\/b><br \/>\nMiguel Sinfr\u00f3nio<\/p>\n<p style=\"text-align: center;\"><b>Nova Technology Lycurgus BV (P. Baixos)<\/b><br \/>\nNuno Marques<\/p>\n<p style=\"text-align: center;\"><b>SC Municipal Zalau (Rom\u00e9nia)<\/b><br \/>\nFilip Cveticanin<\/p>\n<p style=\"text-align: center;\">Mais informa\u00e7\u00f5es em\u00a0<a href=\"http:\/\/www.cev.eu\/\">cev.eu<\/a><\/p>\n","protected":false},"excerpt":{"rendered":"<p>Portugueses defrontam hoje (16h00) a Rom\u00e9nia, selec\u00e7\u00e3o que ainda pode alcan\u00e7ar a Final 4, e amanh\u00e3 a Ch\u00e9quia, organizador da fase final da EGL 2025. A Selec\u00e7\u00e3o Nacional de Seniores [&hellip;]<\/p>\n","protected":false},"author":2,"featured_media":40974,"comment_status":"open","ping_status":"open","sticky":false,"template":"","format":"standard","meta":{"_monsterinsights_skip_tracking":false,"_monsterinsights_sitenote_active":false,"_monsterinsights_sitenote_note":"","_monsterinsights_sitenote_category":0,"footnotes":""},"categories":[13,8],"tags":[139,153,162],"class_list":{"0":"post-40967","1":"post","2":"type-post","3":"status-publish","4":"format-standard","5":"has-post-thumbnail","7":"category-arbitragem","8":"category-voleibol","9":"tag-epoca-2024-2025","10":"tag-european-golden-league-2025","11":"tag-european-golden-league-men-2025","12":"czr-hentry"},"aioseo_notices":[],"_links":{"self":[{"href":"https:\/\/fpvoleibol.pt\/fpv\/wp-json\/wp\/v2\/posts\/40967","targetHints":{"allow":["GET"]}}],"collection":[{"href":"https:\/\/fpvoleibol.pt\/fpv\/wp-json\/wp\/v2\/posts"}],"about":[{"href":"https:\/\/fpvoleibol.pt\/fpv\/wp-json\/wp\/v2\/types\/post"}],"author":[{"embeddable":true,"href":"https:\/\/fpvoleibol.pt\/fpv\/wp-json\/wp\/v2\/users\/2"}],"replies":[{"embeddable":true,"href":"https:\/\/fpvoleibol.pt\/fpv\/wp-json\/wp\/v2\/comments?post=40967"}],"version-history":[{"count":3,"href":"https:\/\/fpvoleibol.pt\/fpv\/wp-json\/wp\/v2\/posts\/40967\/revisions"}],"predecessor-version":[{"id":40990,"href":"https:\/\/fpvoleibol.pt\/fpv\/wp-json\/wp\/v2\/posts\/40967\/revisions\/40990"}],"wp:featuredmedia":[{"embeddable":true,"href":"https:\/\/fpvoleibol.pt\/fpv\/wp-json\/wp\/v2\/media\/40974"}],"wp:attachment":[{"href":"https:\/\/fpvoleibol.pt\/fpv\/wp-json\/wp\/v2\/media?parent=40967"}],"wp:term":[{"taxonomy":"category","embeddable":true,"href":"https:\/\/fpvoleibol.pt\/fpv\/wp-json\/wp\/v2\/categories?post=40967"},{"taxonomy":"post_tag","embeddable":true,"href":"https:\/\/fpvoleibol.pt\/fpv\/wp-json\/wp\/v2\/tags?post=40967"}],"curies":[{"name":"wp","href":"https:\/\/api.w.org\/{rel}","templated":true}]}}