{"id":40751,"date":"2025-06-11T19:05:50","date_gmt":"2025-06-11T18:05:50","guid":{"rendered":"https:\/\/fpvoleibol.pt\/fpv\/?p=40751"},"modified":"2025-06-14T00:37:39","modified_gmt":"2025-06-13T23:37:39","slug":"seleccao-nacional-conta-com-o-apoio-de-loule","status":"publish","type":"post","link":"https:\/\/fpvoleibol.pt\/fpv\/2025\/06\/11\/seleccao-nacional-conta-com-o-apoio-de-loule\/","title":{"rendered":"SELEC\u00c7\u00c3O NACIONAL CONTA COM O APOIO DE LOUL\u00c9"},"content":{"rendered":"<p><img loading=\"lazy\" decoding=\"async\" class=\"size-full wp-image-40753 aligncenter\" src=\"https:\/\/fpvoleibol.pt\/fpv\/wp-content\/uploads\/2025\/06\/EGL2025_SNSM_Porxgecia.jpg\" alt=\"\" width=\"960\" height=\"640\" srcset=\"https:\/\/fpvoleibol.pt\/fpv\/wp-content\/uploads\/2025\/06\/EGL2025_SNSM_Porxgecia.jpg 960w, https:\/\/fpvoleibol.pt\/fpv\/wp-content\/uploads\/2025\/06\/EGL2025_SNSM_Porxgecia-300x200.jpg 300w, https:\/\/fpvoleibol.pt\/fpv\/wp-content\/uploads\/2025\/06\/EGL2025_SNSM_Porxgecia-768x512.jpg 768w\" sizes=\"auto, (max-width: 960px) 100vw, 960px\" \/>Ap\u00f3s a sua estreia no Torneio 3 da <a href=\"https:\/\/www.cev.eu\/national-team\/european-leagues\/european-golden-league\/men\/2025\/\">European Golden League (EGL) 2025<\/a>, disputado na cidade grega de Arta, a Selec\u00e7\u00e3o Nacional vai actuar em casa no pr\u00f3ximo fim-de-semana.<\/p>\n<p>No Torneio 8, que ter\u00e1 por palco o Pavilh\u00e3o Municipal Prof. Joaquim Vairinhos, em Loul\u00e9 \u2013 local onde a equipa j\u00e1 disputou jogos da EGL em 2024 \u2013, a <strong>Selec\u00e7\u00e3o Nacional de Seniores Masculinos<\/strong> ter\u00e1 de enfrentar dois advers\u00e1rios de peso: Eslov\u00e1quia (dia 13) e Israel (dia 15).<br \/>\nIsrael, vencedor da Silver League em 2024, ocupa o 3.\u00ba lugar na<a href=\"https:\/\/www.cev.eu\/national-team\/european-leagues\/european-golden-league\/men\/2025\/\"> classifica\u00e7\u00e3o geral<\/a>, com 6 pontos resultantes de duas vit\u00f3rias por 3-1 (Cro\u00e1cia e Ch\u00e9quia), atr\u00e1s apenas da Finl\u00e2ndia e da Rom\u00e9nia, que lideram com o mesmo n\u00famero de pontos mas sem sets sofridos.<br \/>\nA Eslov\u00e1quia ocupa o 7.\u00ba lugar, ap\u00f3s a vit\u00f3ria (3-0) frente \u00e0 Maced\u00f3nia do Norte e a derrota (1-3) cedida perante a Finl\u00e2ndia.<\/p>\n<p>O Seleccionador Nacional, Jo\u00e3o Jos\u00e9, salienta:<br \/>\n&#8220;<em>Antes de mais, creio que devemos estar muito orgulhosos da atitude e do empenho destas jovens promessas do Voleibol portugu\u00eas. A capacidade de jogar a este n\u00edvel constr\u00f3i-se com tempo e experi\u00eancia, e este grupo de trabalho tem demonstrado excelentes indicadores de um futuro promissor para Portugal.<\/em><br \/>\n<em>Analisando a nossa presta\u00e7\u00e3o no primeiro torneio: frente \u00e0 Gr\u00e9cia, e ao contr\u00e1rio do que se passou contra a Espanha, conseguimos impor o nosso ritmo de jogo desde o in\u00edcio. Isso permitiu-nos abordar as dificuldades do encontro da forma como as prepar\u00e1mos nos treinos, o que \u00e9 um aspecto muito positivo. Fomos competitivos contra uma equipa j\u00e1 com bastante experi\u00eancia neste tipo de competi\u00e7\u00f5es. <\/em><br \/>\n<em>Reconhe\u00e7o que nos momentos de decis\u00e3o faltou-nos a capacidade de segurar o \u00edmpeto do jogo e fech\u00e1-lo a nosso favor. \u00c9 algo em que vamos trabalhar intensamente durante a competi\u00e7\u00e3o, pois \u00e9 crucial para o nosso crescimento<\/em>&#8220;.<\/p>\n<p>Agora, o foco total est\u00e1 nos pr\u00f3ximos desafios, que a Selec\u00e7\u00e3o Nacional ter\u00e1 em casa na sexta-feira e no domingo. Eslov\u00e1quia e Israel medem for\u00e7as no s\u00e1bado.<br \/>\nNo Algarve, Portugal vai defrontar a Eslov\u00e1quia e Israel com ambi\u00e7\u00e3o e com o objectivo de continuar a demonstrar a sua qualidade, aplicar o que tem vindo a trabalhar e lutar pelas vit\u00f3rias, no que poder\u00e1 contar com a colabora\u00e7\u00e3o e \u201c<em>apoio do p\u00fablico<\/em>\u201d, algo &#8220;<em>muito importante<\/em>&#8221; nestes jogos que vai disputar em casa.<\/p>\n<p><img loading=\"lazy\" decoding=\"async\" class=\" wp-image-40392 alignleft\" src=\"https:\/\/fpvoleibol.pt\/fpv\/wp-content\/uploads\/2025\/05\/egl_calendar_m_d_vero.jpg\" alt=\"\" width=\"268\" height=\"402\" srcset=\"https:\/\/fpvoleibol.pt\/fpv\/wp-content\/uploads\/2025\/05\/egl_calendar_m_d_vero.jpg 960w, https:\/\/fpvoleibol.pt\/fpv\/wp-content\/uploads\/2025\/05\/egl_calendar_m_d_vero-200x300.jpg 200w, https:\/\/fpvoleibol.pt\/fpv\/wp-content\/uploads\/2025\/05\/egl_calendar_m_d_vero-683x1024.jpg 683w, https:\/\/fpvoleibol.pt\/fpv\/wp-content\/uploads\/2025\/05\/egl_calendar_m_d_vero-768x1152.jpg 768w\" sizes=\"auto, (max-width: 268px) 100vw, 268px\" \/>A fase preliminar da European Golden League 2025, de 6 a 22 de Junho, mant\u00e9m o <a href=\"https:\/\/www.cev.eu\/media\/m2zbrknh\/egl-25-official-communication-no_web-golden-4.pdf\">formato da edi\u00e7\u00e3o anterior<\/a>, com 12 selec\u00e7\u00f5es a defrontarem seis advers\u00e1rios distintos em torneios de tr\u00eas equipas.\u00a0As quatro melhores equipas da fase preliminar apuram-se para a Final Four, agendada para 4 a 6 de Julho, em Ostrava, na Ch\u00e9quia, que j\u00e1 se encontra automaticamente qualificada como anfitri\u00e3.<\/p>\n<p>Todos os jogos disputados da Selec\u00e7\u00e3o Nacional t\u00eam <span style=\"text-decoration: underline;\">transmiss\u00e3o em directo na <a href=\"https:\/\/www.sporttv.pt\/pesquisa\/voleibol\">Sport TV<\/a><\/span> e os <a href=\"https:\/\/smartfan.tickets\/cevgoldenleaguemen\"><span style=\"text-decoration: underline;\">bilhetes<\/span><\/a> estar\u00e3o dispon\u00edveis a um custo unit\u00e1rio de cinco euros.<\/p>\n<p style=\"text-align: center;\"><strong>Todas as informa\u00e7\u00f5es em <a href=\"http:\/\/fpvoleibol.pt\/goldenleague2025m\">fpvoleibol.pt\/goldenleague2025m<\/a><\/strong><\/p>\n<p>A EGL \u00e9 vista como um pilar essencial na prepara\u00e7\u00e3o para o Campeonato do Mundo de 2025, que ter\u00e1 lugar em Setembro nas Filipinas e onde Portugal ir\u00e1 defrontar Cuba, Estados Unidos da Am\u00e9rica e Col\u00f4mbia na fase de grupos.<\/p>\n<p>Portugal garantiu a sua <a href=\"https:\/\/fpvoleibol.pt\/fpv\/wp-content\/uploads\/2024\/09\/SNSM_historial_curri_set2024_v.pdf\">terceira presen\u00e7a no Campeonato do Mundo<\/a>, 23 anos ap\u00f3s a hist\u00f3rica participa\u00e7\u00e3o no Mundial da Argentina (8.\u00ba lugar), e defrontar\u00e1 Cuba (13 de Setembro, 6h30 de Portugal), Estados Unidos da Am\u00e9rica (15 de Setembro, 14h00) e Col\u00f4mbia (17 de Setembro, 3h00) na fase de grupos.<\/p>\n<p>Al\u00e9m disso, a Selec\u00e7\u00e3o Nacional j\u00e1 est\u00e1 qualificada directamente para a fase final do Campeonato da Europa de 2026, que ser\u00e1 disputado em quatro pa\u00edses: Rom\u00e9nia, Bulg\u00e1ria, Finl\u00e2ndia e It\u00e1lia. Esta ser\u00e1 a oitava presen\u00e7a de Portugal na fase final da competi\u00e7\u00e3o, e a quarta consecutiva, sublinhando a consist\u00eancia do Voleibol portugu\u00eas no panorama internacional.<\/p>\n<p style=\"text-align: center;\"><span style=\"text-decoration: underline;\">O pedido de ACREDITA\u00c7\u00c3O dos jornalistas para os jogos a disputar em Loul\u00e9 (13 a 15 de Junho 2025) dever\u00e1 ser efectuado <a href=\"https:\/\/fpvoleibol.pt\/fpv\/competicoes\/imprensa\/\">AQUI<\/a><\/span><\/p>\n<p style=\"text-align: center;\"><span style=\"background-color: #000000; color: #ffffff;\">COMITIVA<\/span><\/p>\n<p style=\"text-align: center;\"><strong>Team Manager<\/strong> \u2013 M\u00e1rio Oliveira<br \/>\n<strong>Treinador Principal<\/strong> \u2013 Jo\u00e3o Jos\u00e9<br \/>\n<strong>Treinador Adjunto<\/strong> \u2013 Manuel Silva<br \/>\n<strong>Treinador Adjunto<\/strong> \u2013 Ricardo Lemos<br \/>\n<strong>Fisioterapeuta<\/strong> \u2013 H\u00e9lder Vasco<\/p>\n<p style=\"text-align: center;\"><span style=\"background-color: #000000; color: #ffffff;\">Atletas<\/span><\/p>\n<p style=\"text-align: center;\"><b>AA Espinho<\/b><br \/>\nRafael Pinto<\/p>\n<p style=\"text-align: center;\"><b>Cast\u00ealo da Maia GC<\/b><br \/>\nGuilherme Menezes<\/p>\n<p style=\"text-align: center;\"><b>Leix\u00f5es SC<\/b><br \/>\nAndr\u00e9 Pereira<br \/>\nRafael Santos<\/p>\n<p style=\"text-align: center;\"><b>SL Benfica<\/b><br \/>\nTiago Violas<br \/>\nIvo Casas<\/p>\n<p style=\"text-align: center;\"><b>Sporting CP<\/b><br \/>\nGon\u00e7alo Sousa<br \/>\nKelton Tavares<\/p>\n<p style=\"text-align: center;\"><b>Vit\u00f3ria SC<\/b><br \/>\nManuel Figueiredo<\/p>\n<p style=\"text-align: center;\"><b>CV San Roque Bat\u00e1n (Espanha)<\/b><br \/>\nJos\u00e9 Pinto<\/p>\n<p style=\"text-align: center;\"><b>Nice Volley-Ball (Fran\u00e7a)<\/b><br \/>\nBruno Dias<\/p>\n<p style=\"text-align: center;\"><b>Helios Grizzlys Giesen (Alemanha)<\/b><br \/>\nMiguel Sinfr\u00f3nio<\/p>\n<p style=\"text-align: center;\"><b>Nova Technology Lycurgus BV (P. Baixos)<\/b><br \/>\nNuno Marques<\/p>\n<p style=\"text-align: center;\"><b>SC Municipal Zalau (Rom\u00e9nia)<\/b><br \/>\nFilip Cveticanin<\/p>\n<p style=\"text-align: center;\"><span style=\"background-color: #000000; color: #ffffff;\"><strong>\u00c1rbitros portugueses em ac\u00e7\u00e3o<br \/>\nna Golden League\u00a0<\/strong><\/span><\/p>\n<p><strong>V\u00edtor Gon\u00e7alves<\/strong><br \/>\nIsrael x Eslov\u00e1quia, da European Golden League \u2013 Masculinos, no dia 14 de Junho, em Loul\u00e9.<br \/>\nPortugal x Israel, da European Golden League \u2013 Masculinos, no dia 15 de Junho, em Loul\u00e9.<\/p>\n<p style=\"text-align: center;\">Mais informa\u00e7\u00f5es em\u00a0<a href=\"http:\/\/www.cev.eu\/\">cev.eu<\/a><\/p>\n","protected":false},"excerpt":{"rendered":"<p>Ap\u00f3s a sua estreia no Torneio 3 da European Golden League (EGL) 2025, disputado na cidade grega de Arta, a Selec\u00e7\u00e3o Nacional vai actuar em casa no pr\u00f3ximo fim-de-semana. No [&hellip;]<\/p>\n","protected":false},"author":2,"featured_media":40754,"comment_status":"open","ping_status":"open","sticky":false,"template":"","format":"standard","meta":{"_monsterinsights_skip_tracking":false,"_monsterinsights_sitenote_active":false,"_monsterinsights_sitenote_note":"","_monsterinsights_sitenote_category":0,"footnotes":""},"categories":[13,8],"tags":[153,162],"class_list":{"0":"post-40751","1":"post","2":"type-post","3":"status-publish","4":"format-standard","5":"has-post-thumbnail","7":"category-arbitragem","8":"category-voleibol","9":"tag-european-golden-league-2025","10":"tag-european-golden-league-men-2025","11":"czr-hentry"},"aioseo_notices":[],"_links":{"self":[{"href":"https:\/\/fpvoleibol.pt\/fpv\/wp-json\/wp\/v2\/posts\/40751","targetHints":{"allow":["GET"]}}],"collection":[{"href":"https:\/\/fpvoleibol.pt\/fpv\/wp-json\/wp\/v2\/posts"}],"about":[{"href":"https:\/\/fpvoleibol.pt\/fpv\/wp-json\/wp\/v2\/types\/post"}],"author":[{"embeddable":true,"href":"https:\/\/fpvoleibol.pt\/fpv\/wp-json\/wp\/v2\/users\/2"}],"replies":[{"embeddable":true,"href":"https:\/\/fpvoleibol.pt\/fpv\/wp-json\/wp\/v2\/comments?post=40751"}],"version-history":[{"count":6,"href":"https:\/\/fpvoleibol.pt\/fpv\/wp-json\/wp\/v2\/posts\/40751\/revisions"}],"predecessor-version":[{"id":40776,"href":"https:\/\/fpvoleibol.pt\/fpv\/wp-json\/wp\/v2\/posts\/40751\/revisions\/40776"}],"wp:featuredmedia":[{"embeddable":true,"href":"https:\/\/fpvoleibol.pt\/fpv\/wp-json\/wp\/v2\/media\/40754"}],"wp:attachment":[{"href":"https:\/\/fpvoleibol.pt\/fpv\/wp-json\/wp\/v2\/media?parent=40751"}],"wp:term":[{"taxonomy":"category","embeddable":true,"href":"https:\/\/fpvoleibol.pt\/fpv\/wp-json\/wp\/v2\/categories?post=40751"},{"taxonomy":"post_tag","embeddable":true,"href":"https:\/\/fpvoleibol.pt\/fpv\/wp-json\/wp\/v2\/tags?post=40751"}],"curies":[{"name":"wp","href":"https:\/\/api.w.org\/{rel}","templated":true}]}}