{"id":40661,"date":"2025-06-07T20:02:02","date_gmt":"2025-06-07T19:02:02","guid":{"rendered":"https:\/\/fpvoleibol.pt\/fpv\/?p=40661"},"modified":"2025-06-08T21:09:24","modified_gmt":"2025-06-08T20:09:24","slug":"ucrania-com-a-final-4-da-egl-a-vista","status":"publish","type":"post","link":"https:\/\/fpvoleibol.pt\/fpv\/2025\/06\/07\/ucrania-com-a-final-4-da-egl-a-vista\/","title":{"rendered":"UCR\u00c2NIA COM A FINAL 4 DA EGL \u00c0 VISTA"},"content":{"rendered":"<p><img loading=\"lazy\" decoding=\"async\" class=\"size-full wp-image-40668 aligncenter\" src=\"https:\/\/fpvoleibol.pt\/fpv\/wp-content\/uploads\/2025\/06\/esloveniaxucrania_d_vc.jpg\" alt=\"\" width=\"960\" height=\"640\" srcset=\"https:\/\/fpvoleibol.pt\/fpv\/wp-content\/uploads\/2025\/06\/esloveniaxucrania_d_vc.jpg 960w, https:\/\/fpvoleibol.pt\/fpv\/wp-content\/uploads\/2025\/06\/esloveniaxucrania_d_vc-300x200.jpg 300w, https:\/\/fpvoleibol.pt\/fpv\/wp-content\/uploads\/2025\/06\/esloveniaxucrania_d_vc-768x512.jpg 768w\" sizes=\"auto, (max-width: 960px) 100vw, 960px\" \/>A <a href=\"https:\/\/fpvoleibol.pt\/fpv\/wp-content\/uploads\/2025\/06\/team_UKR_1.pdf\">Ucr\u00e2nia<\/a> refor\u00e7ou a lideran\u00e7a na <a href=\"https:\/\/www.cev.eu\/national-team\/european-leagues\/european-golden-league\/women\/2025\/#league-round-matches\">European Golden League 2025<\/a> ao vencer hoje a <a href=\"https:\/\/fpvoleibol.pt\/fpv\/wp-content\/uploads\/2025\/06\/T5_team_SLO.pdf\">Eslov\u00e9nia<\/a> pela margem m\u00e1xima (<a href=\"https:\/\/www-old.cev.eu\/Competition-Area\/MatchStatistics.aspx?ID=78523\">3-0:25-23, 25-16 e 25-22<\/a>) no Torneio 5, que termina amanh\u00e3 com o jogo entre Portugal e Eslov\u00e9nia (15h00). Todos os jogos t\u00eam por palco o Pavilh\u00e3o Municipal dos Desportos de Vila do Conde e s\u00e3o transmitidos em directo na <strong><a href=\"https:\/\/www.sporttv.pt\/pesquisa\/voleibol\">Sport TV<\/a><\/strong>.<\/p>\n<p style=\"text-align: center;\"><span style=\"background-color: #000000; color: #ffffff;\">Eslov\u00e9nia x Ucr\u00e2nia, 0-3 (23-25, 16-25 e 22-25)<\/span><\/p>\n<p style=\"text-align: center;\"><strong>1.\u00ba Set<\/strong><\/p>\n<p>Um bloco da oposta Anna Artyshuk (2-1) cedo mostrou que as ucranianas estavam bem preparadas para resistir ao poderio atacante das eslovenas.<br \/>\nO bra\u00e7o-de-ferro entre os dois ataques foi evidente desde os momentos iniciais (6-6). Anna Artyshuk adiantou as ucranianas, mas dois ataques de Lorena Fijok igualaram novamente a contenda (8-8).<br \/>\nCom a capit\u00e3 Sasa Planinsec no servi\u00e7o, a Eslov\u00e9nia passou para a lideran\u00e7a (12-10).\u00a0 Dois ataques da central Diana Meliushkyna e as ucranianas recuperaram a dianteira do marcador (16-15).<br \/>\nCom um ataque de insist\u00eancia, Oleksandra Milenko aumentou a dist\u00e2ncia (19-16) e, com um bloco, dilatou ainda mais a vantagem (21-17).<br \/>\nO final do set ainda criou algum suspense, mas a Ucr\u00e2nia n\u00e3o abriu m\u00e3o da pequena vantagem e selou a vit\u00f3ria com um ataque da\u00a0zona 4 Yuliia Dymar: 25-23.<\/p>\n<p style=\"text-align: center;\"><strong>2.\u00ba Set<\/strong><\/p>\n<p>No segundo parcial, as pupilas de Jakub Gluszak, Seleccionador da Ucr\u00e2nia, de nacionalidade polaca, adiantaram-se no marcador (3-1) e conseguiram manter a curta vantagem ao longo do tempo (5-3, 7-5, 11-9), com a efic\u00e1cia do seu bloco e com os ataques de Anna Artyshuk e de Yuliia Dymar.<br \/>\nA Eslov\u00e9nia <em>estacionou<\/em> nos 9 pontos e viu fugir a sua advers\u00e1ria (9-14). Novo ataque de Anna Artyshuk e a Ucr\u00e2nia a consolidar a sua supremacia (16-10).<br \/>\nCom Daria Sharhorodska no servi\u00e7o, a Ucr\u00e2nia chegou a uma vantagem decisiva de oito pontos (21-13).<br \/>\nUm bloco de Ulyana Kotar e um servi\u00e7o (quase directo) de Anna Artyshuk fixaram o resultado em 25-16.<\/p>\n<p style=\"text-align: center;\"><strong>3.\u00ba Set<\/strong><\/p>\n<p>A selec\u00e7\u00e3o orientada pelo italiano Alessandro Orefice come\u00e7ou melhor este set decisivo para as suas aspira\u00e7\u00f5es (7-4).<br \/>\nContudo, a Ucr\u00e2nia recomp\u00f4s-se rapidamente e, novamente com a efic\u00e1cia do seu bloco e com o maior poderio ofensivo, passou para a frente (12-9), obrigando o Seleccionador da Eslov\u00e9nia a reformular a forma de jogar das suas pupilas.<br \/>\nA estrat\u00e9gia surtir efeito e a Eslov\u00e9nia aproximou-se perigosamente (14-15), mas a Ucr\u00e2nia n\u00e3o abriu m\u00e3o da lideran\u00e7a e voltou a adiantar-se (19-15)&#8230; mas n\u00e3o de forma decisiva, j\u00e1 que as eslovenas n\u00e3o desistiram de acreditar na recupera\u00e7\u00e3o e igualaram aos 22 pontos.<br \/>\nDois pontos no ataque de Yuliia Dymar e um erro no ataque das eslovenas selaram o triunfo pela margem m\u00e1xima da Ucr\u00e2nia: 25-22.<\/p>\n<p>A ucraniana Anna Artyshuk, com 18 pontos, foi a melhor pontuadora do jogo, seguida da eslovena Eva Zatkovic, com 16. Ver estat\u00edstica <a href=\"https:\/\/www-old.cev.eu\/Competition-Area\/MatchStatistics.aspx?ID=78523\">AQUI<\/a><\/p>\n<p><strong>Jakub Gluszak<\/strong>, Seleccionador da Ucr\u00e2nia:<br \/>\n&#8220;<em>\u00c9 verdade que estamos cada vez mais perto da Final 4, mas ainda precisamos de disputar dois jogos com oponentes poderosos, a Su\u00e9cia e a Eslov\u00e1quia. Somos n\u00f3s que organizamos o \u00faltimo torneio e estamos muito contentes por podermos discutir um lugar na final perante os nossos adeptos<\/em>.&#8221;<\/p>\n<p><strong>Alessandro Orefice<\/strong>, Seleccionador da Eslov\u00e9nia:<br \/>\n&#8220;<em>Este resultado n\u00e3o estava nas nossas previs\u00f5es porque viemos a Portugal com grandes ambi\u00e7\u00f5es&#8230;<br \/>\nTemos de ser realistas e considerar que jog\u00e1mos contra um advers\u00e1rio muito forte. <\/em><em>Temos uma equipa muito jovem e ainda estamos a crescer e evoluir. Conseguimos fazer um jogo muito bom e este jogo poderia ter terminado com uma vit\u00f3ria delas ou nossa. Lut\u00e1mos sempre at\u00e9 ao fim e este jogo vai-nos servir de li\u00e7\u00e3o para evoluirmos como equipa. <\/em><br \/>\n<em>Amanh\u00e3, estaremos completamente focados em Portugal e teremos de ter uma postura lutadora para podermos regressar \u00e0 Eslov\u00e9nia com mais uma vit\u00f3ria<\/em>&#8220;.<\/p>\n<p style=\"text-align: center;\"><strong>Todos os jogos de Portugal s\u00e3o transmitidos em directo na <a href=\"https:\/\/www.sporttv.pt\/pesquisa\/voleibol\">Sport TV<\/a>.<\/strong><\/p>\n<p>No Torneio 5, em Vila do Conde, a equipa de arbitragem \u00e9 composta por Pedro Pinto (Portugal), Helena Geldof (Pa\u00edses Baixos) e David Fernandez (Espanha). Todas as informa\u00e7\u00f5es em <a href=\"https:\/\/fpvoleibol.pt\/goldenleague2025w\/\">fpvoleibol.pt\/goldenleague2025w<\/a><\/p>\n<p><span style=\"text-decoration: underline;\">Os jornalistas interessados em cobrir o Torneio 5 em Vila do Conde devem efectuar o pedido de acredita\u00e7\u00e3o atrav\u00e9s do portal da Federa\u00e7\u00e3o Portuguesa de Voleibol<\/span> <span style=\"text-decoration: underline;\"><a href=\"https:\/\/fpvoleibol.pt\/fpv\/competicoes\/imprensa\/\">AQUI<\/a><\/span><\/p>\n<p>A fase de grupos culminar\u00e1 entre 13 e 15 de Junho, no Torneio 9, na Hungria, com Portugal a defrontar Montenegro e a sele\u00e7\u00e3o anfitri\u00e3.<br \/>\nAs quatro melhores classificadas da fase de grupos garantir\u00e3o um lugar na Final Four, agendada para 28 e 29 de Junho em Angelholm, na Su\u00e9cia. Todos os jogos <a href=\"https:\/\/www.cev.eu\/national-team\/european-leagues\/european-golden-league\/women\/2025\/#league-round-matches\">AQUI<\/a><\/p>\n<p style=\"text-align: center;\"><span style=\"text-decoration: underline;\"><strong>\u00c1rbitros portugueses em ac\u00e7\u00e3o<br \/>\nna Golden League &#8211; femininos<\/strong><\/span><\/p>\n<p><strong>Pedro Pinto<\/strong><br \/>\nEslov\u00e9nia x Ucr\u00e2nia, da European Golden League &#8211; Femininos, no dia 7 de Junho, em Vila do Conde.<br \/>\nPortugal x Eslov\u00e9nia, da European Golden League &#8211; Femininos, no dia 8 de Junho, em Vila do Conde.<\/p>\n<p><strong>Ricardo Ferreira<\/strong><br \/>\nCro\u00e1cia x Espanha, da European Golden League &#8211; Femininos, no dia 6 de Junho, em Espanha.<br \/>\nSu\u00e9cia x Cro\u00e1cia, da European Golden League &#8211; Femininos, no dia 7 de Junho, em Espanha.<\/p>\n<p style=\"text-align: center;\">Mais informa\u00e7\u00f5es em <a href=\"http:\/\/www.cev.eu\">www.cev.eu<\/a><\/p>\n","protected":false},"excerpt":{"rendered":"<p>A Ucr\u00e2nia refor\u00e7ou a lideran\u00e7a na European Golden League 2025 ao vencer hoje a Eslov\u00e9nia pela margem m\u00e1xima (3-0:25-23, 25-16 e 25-22) no Torneio 5, que termina amanh\u00e3 com o [&hellip;]<\/p>\n","protected":false},"author":2,"featured_media":40669,"comment_status":"open","ping_status":"open","sticky":false,"template":"","format":"standard","meta":{"_monsterinsights_skip_tracking":false,"_monsterinsights_sitenote_active":false,"_monsterinsights_sitenote_note":"","_monsterinsights_sitenote_category":0,"footnotes":""},"categories":[13,8],"tags":[153,163],"class_list":{"0":"post-40661","1":"post","2":"type-post","3":"status-publish","4":"format-standard","5":"has-post-thumbnail","7":"category-arbitragem","8":"category-voleibol","9":"tag-european-golden-league-2025","10":"tag-european-golden-league-women-2025","11":"czr-hentry"},"aioseo_notices":[],"_links":{"self":[{"href":"https:\/\/fpvoleibol.pt\/fpv\/wp-json\/wp\/v2\/posts\/40661","targetHints":{"allow":["GET"]}}],"collection":[{"href":"https:\/\/fpvoleibol.pt\/fpv\/wp-json\/wp\/v2\/posts"}],"about":[{"href":"https:\/\/fpvoleibol.pt\/fpv\/wp-json\/wp\/v2\/types\/post"}],"author":[{"embeddable":true,"href":"https:\/\/fpvoleibol.pt\/fpv\/wp-json\/wp\/v2\/users\/2"}],"replies":[{"embeddable":true,"href":"https:\/\/fpvoleibol.pt\/fpv\/wp-json\/wp\/v2\/comments?post=40661"}],"version-history":[{"count":6,"href":"https:\/\/fpvoleibol.pt\/fpv\/wp-json\/wp\/v2\/posts\/40661\/revisions"}],"predecessor-version":[{"id":40671,"href":"https:\/\/fpvoleibol.pt\/fpv\/wp-json\/wp\/v2\/posts\/40661\/revisions\/40671"}],"wp:featuredmedia":[{"embeddable":true,"href":"https:\/\/fpvoleibol.pt\/fpv\/wp-json\/wp\/v2\/media\/40669"}],"wp:attachment":[{"href":"https:\/\/fpvoleibol.pt\/fpv\/wp-json\/wp\/v2\/media?parent=40661"}],"wp:term":[{"taxonomy":"category","embeddable":true,"href":"https:\/\/fpvoleibol.pt\/fpv\/wp-json\/wp\/v2\/categories?post=40661"},{"taxonomy":"post_tag","embeddable":true,"href":"https:\/\/fpvoleibol.pt\/fpv\/wp-json\/wp\/v2\/tags?post=40661"}],"curies":[{"name":"wp","href":"https:\/\/api.w.org\/{rel}","templated":true}]}}