{"id":40608,"date":"2025-06-05T10:22:25","date_gmt":"2025-06-05T09:22:25","guid":{"rendered":"https:\/\/fpvoleibol.pt\/fpv\/?p=40608"},"modified":"2025-06-05T10:22:25","modified_gmt":"2025-06-05T09:22:25","slug":"trofeu-federacao-de-veteranos-35","status":"publish","type":"post","link":"https:\/\/fpvoleibol.pt\/fpv\/2025\/06\/05\/trofeu-federacao-de-veteranos-35\/","title":{"rendered":"TROF\u00c9U FEDERA\u00c7\u00c3O DE VETERANOS +35"},"content":{"rendered":"<p><img loading=\"lazy\" decoding=\"async\" class=\"size-full wp-image-40609 aligncenter\" src=\"https:\/\/fpvoleibol.pt\/fpv\/wp-content\/uploads\/2025\/06\/MTBA_veter_14jun2025.jpg\" alt=\"\" width=\"960\" height=\"1200\" srcset=\"https:\/\/fpvoleibol.pt\/fpv\/wp-content\/uploads\/2025\/06\/MTBA_veter_14jun2025.jpg 960w, https:\/\/fpvoleibol.pt\/fpv\/wp-content\/uploads\/2025\/06\/MTBA_veter_14jun2025-240x300.jpg 240w, https:\/\/fpvoleibol.pt\/fpv\/wp-content\/uploads\/2025\/06\/MTBA_veter_14jun2025-819x1024.jpg 819w, https:\/\/fpvoleibol.pt\/fpv\/wp-content\/uploads\/2025\/06\/MTBA_veter_14jun2025-768x960.jpg 768w\" sizes=\"auto, (max-width: 960px) 100vw, 960px\" \/> As finais do <span style=\"text-decoration: underline;\">Trof\u00e9u Federa\u00e7\u00e3o de Veteranos do escal\u00e3o A (+35 anos)<\/span>\u00a0disputam-se no dia 14 de Junho no <a href=\"https:\/\/mtba.pt\/pt\/\">pavilh\u00e3o do MTBA<\/a>, no Magoito (Sintra), sendo organizadas pela Federa\u00e7\u00e3o Portuguesa de Voleibol e Associa\u00e7\u00e3o de Voleibol de Lisboa com o apoio da C\u00e2mara Municipal de Sintra e do Grupo Uni\u00e3o Recreativo e Desportivo MTBA (Magoito Tojeira Bolembre Arneiro dos Marinheiros).<\/p>\n<p>As finais dos Veteranos +35 anos colocam frente a frente o CV Oeiras e o Col\u00e9gio de Lamego, em masculinos, e o MTBA e o GC Vilacondense, em femininos.<\/p>\n<p>Recorde-se que o\u00a0<strong>AC Albufeira<\/strong> (Veteranos B), o <strong>ADC Perre<\/strong> (Veteranas B) e o <strong>CV Oeiras<\/strong> (Veteranos C) venceram, pela segunda vez consecutiva, o <span style=\"text-decoration: underline;\">Trof\u00e9u Federa\u00e7\u00e3o de Veteranos<\/span>, que se realizou no fim-de-semana no Pavilh\u00e3o de S\u00e3o Juli\u00e3o da Barra, numa organiza\u00e7\u00e3o da Federa\u00e7\u00e3o Portuguesa de Voleibol (FPV), Associa\u00e7\u00e3o de Voleibol de Lisboa (AVL) e Clube de Voleibol de Oeiras (CVO).<\/p>\n<p>Na final de Veteranos B, o AC Albufeira alcan\u00e7ou o seu segundo t\u00edtulo ao derrotar o SC Espinho por 3-0 (25-7, 25-11 e 25-11).<br \/>\nTamb\u00e9m as Veteranas B da ADC Perre se tornaram \u00abbicampe\u00e3s\u00bb, ap\u00f3s derrotarem o CV Oeiras por 3-1 (14-25, 25-14, 26-24 e 25-21).<br \/>\nPara n\u00e3o destoar, no jogo mais equilibrado da tarde, os Veteranos C do CV Oeiras renovaram o t\u00edtulo conquistado na \u00e9poca passada ao voltarem a vencer a AA S. Mamede, recuperando de uma desvantagem de 0-2 para o 3-2 (15-25, 17-25, 25-18, 25-10 e 15-10).<\/p>\n<p>Esta \u00e9 a segunda edi\u00e7\u00e3o do Trof\u00e9u Federa\u00e7\u00e3o de Veteranos, que teve o seu arranque na \u00e9poca passada, com jogos realizados no Pavilh\u00e3o Eduardo Soares, em S. Mamede de Infesta, com os seguintes vencedores:<br \/>\nVeteranos A: AC Albufeira.<br \/>\nVeteranas A: GC Vilacondense.<br \/>\nVeteranos B: AC Albufeira.<br \/>\nVeteranas B: ADC Perre.<br \/>\nA final de Veteranos C foi disputada no Pavilh\u00e3o S\u00e3o Juli\u00e3o da Barra, com o trof\u00e9u a ser entregue ao CV Oeiras.<\/p>\n<p style=\"text-align: center;\"><span style=\"text-decoration: underline;\"><strong>Os resultados est\u00e3o dispon\u00edveis em <a href=\"http:\/\/www.portugalvoleibol.com\">www.portugalvoleibol.com<\/a><\/strong><\/span><\/p>\n","protected":false},"excerpt":{"rendered":"<p>As finais do Trof\u00e9u Federa\u00e7\u00e3o de Veteranos do escal\u00e3o A (+35 anos)\u00a0disputam-se no dia 14 de Junho no pavilh\u00e3o do MTBA, no Magoito (Sintra), sendo organizadas pela Federa\u00e7\u00e3o Portuguesa de [&hellip;]<\/p>\n","protected":false},"author":2,"featured_media":40610,"comment_status":"open","ping_status":"open","sticky":false,"template":"","format":"standard","meta":{"_monsterinsights_skip_tracking":false,"_monsterinsights_sitenote_active":false,"_monsterinsights_sitenote_note":"","_monsterinsights_sitenote_category":0,"footnotes":""},"categories":[8],"tags":[139,70],"class_list":{"0":"post-40608","1":"post","2":"type-post","3":"status-publish","4":"format-standard","5":"has-post-thumbnail","7":"category-voleibol","8":"tag-epoca-2024-2025","9":"tag-veteranos","10":"czr-hentry"},"aioseo_notices":[],"_links":{"self":[{"href":"https:\/\/fpvoleibol.pt\/fpv\/wp-json\/wp\/v2\/posts\/40608","targetHints":{"allow":["GET"]}}],"collection":[{"href":"https:\/\/fpvoleibol.pt\/fpv\/wp-json\/wp\/v2\/posts"}],"about":[{"href":"https:\/\/fpvoleibol.pt\/fpv\/wp-json\/wp\/v2\/types\/post"}],"author":[{"embeddable":true,"href":"https:\/\/fpvoleibol.pt\/fpv\/wp-json\/wp\/v2\/users\/2"}],"replies":[{"embeddable":true,"href":"https:\/\/fpvoleibol.pt\/fpv\/wp-json\/wp\/v2\/comments?post=40608"}],"version-history":[{"count":4,"href":"https:\/\/fpvoleibol.pt\/fpv\/wp-json\/wp\/v2\/posts\/40608\/revisions"}],"predecessor-version":[{"id":40614,"href":"https:\/\/fpvoleibol.pt\/fpv\/wp-json\/wp\/v2\/posts\/40608\/revisions\/40614"}],"wp:featuredmedia":[{"embeddable":true,"href":"https:\/\/fpvoleibol.pt\/fpv\/wp-json\/wp\/v2\/media\/40610"}],"wp:attachment":[{"href":"https:\/\/fpvoleibol.pt\/fpv\/wp-json\/wp\/v2\/media?parent=40608"}],"wp:term":[{"taxonomy":"category","embeddable":true,"href":"https:\/\/fpvoleibol.pt\/fpv\/wp-json\/wp\/v2\/categories?post=40608"},{"taxonomy":"post_tag","embeddable":true,"href":"https:\/\/fpvoleibol.pt\/fpv\/wp-json\/wp\/v2\/tags?post=40608"}],"curies":[{"name":"wp","href":"https:\/\/api.w.org\/{rel}","templated":true}]}}