{"id":40540,"date":"2025-06-03T16:59:42","date_gmt":"2025-06-03T15:59:42","guid":{"rendered":"https:\/\/fpvoleibol.pt\/fpv\/?p=40540"},"modified":"2025-06-07T00:41:03","modified_gmt":"2025-06-06T23:41:03","slug":"portugal-recebe-vice-lideres-da-golden-league","status":"publish","type":"post","link":"https:\/\/fpvoleibol.pt\/fpv\/2025\/06\/03\/portugal-recebe-vice-lideres-da-golden-league\/","title":{"rendered":"PORTUGAL RECEBE VICE-L\u00cdDERES DA GOLDEN LEAGUE"},"content":{"rendered":"<p><img loading=\"lazy\" decoding=\"async\" class=\"size-full wp-image-40393 aligncenter\" src=\"https:\/\/fpvoleibol.pt\/fpv\/wp-content\/uploads\/2025\/05\/egl_calendar_w_d_vero.jpg\" alt=\"\" width=\"960\" height=\"1440\" srcset=\"https:\/\/fpvoleibol.pt\/fpv\/wp-content\/uploads\/2025\/05\/egl_calendar_w_d_vero.jpg 960w, https:\/\/fpvoleibol.pt\/fpv\/wp-content\/uploads\/2025\/05\/egl_calendar_w_d_vero-200x300.jpg 200w, https:\/\/fpvoleibol.pt\/fpv\/wp-content\/uploads\/2025\/05\/egl_calendar_w_d_vero-683x1024.jpg 683w, https:\/\/fpvoleibol.pt\/fpv\/wp-content\/uploads\/2025\/05\/egl_calendar_w_d_vero-768x1152.jpg 768w\" sizes=\"auto, (max-width: 960px) 100vw, 960px\" \/>No Torneio 5 da <a href=\"https:\/\/www.cev.eu\/national-team\/european-leagues\/european-golden-league\/women\/2025\/#league-round-matches\">European Golden League 2025<\/a>, a <strong>Selec\u00e7\u00e3o Nacional de Seniores Femininos<\/strong>, liderada por <span style=\"text-decoration: underline;\">Hugo Silva<\/span>, recebe em Vila do Conde as selec\u00e7\u00f5es ainda invictas da Ucr\u00e2nia e da Eslov\u00e9nia, respectivamente 3.\u00aa e 2.\u00aa classificadas na fase preliminar da competi\u00e7\u00e3o. Mais informa\u00e7\u00f5es <a href=\"https:\/\/www.cev.eu\/national-team\/european-leagues\/european-golden-league\/women\/2025\/\">AQUI<\/a><\/p>\n<p>O jogo com as ucranianas est\u00e1 agendado para as 21h00 de sexta-feira e o embate com as eslovenas para as 15h00 de domingo. Ucr\u00e2nia e Eslov\u00e9nia defrontam-se no s\u00e1bado \u00e0s 17h00. Todos os jogos ter\u00e3o por palco o Pavilh\u00e3o Municipal dos Desportos de Vila do Conde e ser\u00e3o transmitidos em directo na <strong><a href=\"https:\/\/www.sporttv.pt\/pesquisa\/voleibol\">Sport TV<\/a><\/strong>.<\/p>\n<p>No Torneio 4 da <a href=\"https:\/\/www.cev.eu\/national-team\/european-leagues\/european-golden-league\/women\/2025\/#league-round-matches\">EGL 2025<\/a>, disputado na localidade sueca de Orebro, Portugal perdeu com a Su\u00e9cia (1-3) e a Rom\u00e9nia (0-3), respectivamente vencedora e finalista da edi\u00e7\u00e3o de 2024,\u00a0n\u00e3o tendo conseguido somar qualquer ponto.<br \/>\nAgora, a jogarem em casa, as portuguesas podem recuperar terreno na tabela classificativa. Para isso, a Selec\u00e7\u00e3o Nacional conta com o apoio do seu p\u00fablico&#8230;<\/p>\n<p>&#8220;<em>Vamos receber dois advers\u00e1rios dif\u00edceis e motivados, ambos com duas vit\u00f3rias no bolso. Para n\u00f3s, o mais importante \u00e9 ter a consci\u00eancia de que faremos tudo pela busca das vit\u00f3rias, especialmente em casa, com o apoio incondicional do p\u00fablico de Vila do Conde, que tanto ama esta modalidade.<\/em><br \/>\n<em>Estar entre os melhores e querer permanecer nesse patamar exige foco absoluto em cada advers\u00e1rio e um compromisso inabal\u00e1vel com o jogo e a competi\u00e7\u00e3o. <\/em><br \/>\n<em>N\u00e3o faremos nada pela metade: lutaremos ponto a ponto, bola a bola, com toda a determina\u00e7\u00e3o. Mas sabemos que, para esta jovem selec\u00e7\u00e3o encontrar o caminho das vit\u00f3rias, precisamos de uma for\u00e7a extra: o apoio vibrante e ruidoso dos nossos adeptos. Ser\u00e1 essa energia que nos impulsionar\u00e1. \u00c9 isso que espero. E \u00e9 com essa confian\u00e7a que entramos em campo!<\/em>&#8220;, salienta o <strong>Seleccionador Nacional<\/strong>.<\/p>\n<p>Com o triunfo sobre a Su\u00e9cia pela margem m\u00e1xima (3-0: 25-18, 25-17 e 25-18), a Rom\u00e9nia, que n\u00e3o sofreu qualquer set na primeira jornada da competi\u00e7\u00e3o, lidera a tabela classificativa, seguida da Eslov\u00e9nia e da Ucr\u00e2nia. A Eslov\u00e9nia derrotou a Hungria (3-0) e o anfitri\u00e3o do Torneio 2, Azerbaij\u00e3o (3-0), enquanto a Ucr\u00e2nia venceu a Espanha (3-1) e o anfitri\u00e3o do Torneio 1, Montenegro (3-1).<\/p>\n<p style=\"text-align: center;\"><strong>Todos os jogos de Portugal s\u00e3o transmitidos em directo na <a href=\"https:\/\/www.sporttv.pt\/pesquisa\/voleibol\">Sport TV<\/a>.<\/strong><\/p>\n<p>No Torneio 5, em Vila do Conde, a equipa de arbitragem ser\u00e1 composta por Pedro Pinto (Portugal), Helena Geldof (Pa\u00edses Baixos) e David Fernandez (Espanha). Todas as informa\u00e7\u00f5es em <a href=\"https:\/\/fpvoleibol.pt\/goldenleague2025w\/\">fpvoleibol.pt\/goldenleague2025w<\/a><\/p>\n<p><span style=\"text-decoration: underline;\">Os jornalistas interessados em cobrir o Torneio 5 em Vila do Conde devem efectuar o pedido de acredita\u00e7\u00e3o atrav\u00e9s do portal da Federa\u00e7\u00e3o Portuguesa de Voleibol<\/span> <span style=\"text-decoration: underline;\"><a href=\"https:\/\/fpvoleibol.pt\/fpv\/competicoes\/imprensa\/\">AQUI<\/a><\/span><\/p>\n<p>A fase de grupos culminar\u00e1 entre 13 e 15 de Junho, no Torneio 9, na Hungria, com Portugal a defrontar Montenegro e a sele\u00e7\u00e3o anfitri\u00e3.<br \/>\nAs quatro melhores classificadas da fase de grupos garantir\u00e3o um lugar na Final Four, agendada para 28 e 29 de Junho em Angelholm, na Su\u00e9cia. Todos os jogos <a href=\"https:\/\/www.cev.eu\/national-team\/european-leagues\/european-golden-league\/women\/2025\/#league-round-matches\">AQUI<\/a><\/p>\n<p>Para al\u00e9m da European Golden League, a Sele\u00e7\u00e3o Nacional mant\u00e9m o foco na Fase de Apuramento para o Campeonato da Europa 2026. Ap\u00f3s uma vit\u00f3ria por 3-0 na Ge\u00f3rgia e uma derrota em casa frente \u00e0 Espanha no ano passado, Portugal tem dois jogos decisivos agendados para 2025: frente \u00e0 Espanha, em Lugo, a 6 de Agosto, e com a Ge\u00f3rgia, em Santo Tirso, a 10 de Agosto.<\/p>\n<p>Com um calend\u00e1rio recheado de desafios e a motiva\u00e7\u00e3o em alta, a expectativa \u00e9 que esta temporada marque um novo cap\u00edtulo de sucesso para o Voleibol feminino portugu\u00eas.<\/p>\n<p style=\"text-align: center;\"><span style=\"background-color: #000000; color: #ffffff;\"><img loading=\"lazy\" decoding=\"async\" class=\"size-full wp-image-40587 aligncenter\" src=\"https:\/\/fpvoleibol.pt\/fpv\/wp-content\/uploads\/2025\/06\/portugal_egl2025_w.jpg\" alt=\"\" width=\"960\" height=\"576\" srcset=\"https:\/\/fpvoleibol.pt\/fpv\/wp-content\/uploads\/2025\/06\/portugal_egl2025_w.jpg 960w, https:\/\/fpvoleibol.pt\/fpv\/wp-content\/uploads\/2025\/06\/portugal_egl2025_w-300x180.jpg 300w, https:\/\/fpvoleibol.pt\/fpv\/wp-content\/uploads\/2025\/06\/portugal_egl2025_w-768x461.jpg 768w\" sizes=\"auto, (max-width: 960px) 100vw, 960px\" \/>COMITIVA<\/span><\/p>\n<p style=\"text-align: center;\"><strong>Team Manager<\/strong>: Arnaldo Rocha<br \/>\n<strong>Treinador Principal<\/strong>: Hugo Silva<br \/>\n<strong>Treinador Adjunto<\/strong>: Filipe Vit\u00f3<br \/>\n<strong>Scouter<\/strong>: Jo\u00e3o Campos<br \/>\n<strong>Fisioterapeuta<\/strong>: Rita Cardoso<\/p>\n<p style=\"text-align: center;\"><span style=\"background-color: #000000; color: #ffffff;\">ATLETAS<\/span><\/p>\n<p style=\"text-align: center;\"><strong>DISTRIBUIDORAS<\/strong><br \/>\nAna Figueiras (SC Braga) e Mariana Garcez (SL Benfica)<\/p>\n<p style=\"text-align: center;\"><strong>LIBEROS<\/strong><br \/>\nRaquel Moreno (Vit\u00f3ria SC) e Matilde Calado Rodrigues (SC Braga)<\/p>\n<p style=\"text-align: center;\"><strong>OPOSTAS<\/strong><br \/>\nMaria Reis Lopes (SC Braga) e J\u00falia Kavalenka (CDA Volley Talmassons &#8211; ITA)<\/p>\n<p style=\"text-align: center;\"><strong>ZONAS 4<\/strong><br \/>\nAlice Clemente (SL Benfica), Ana Rui Monteiro (FC Porto), Margarida Maia (SC Braga) e Sofia Gouveia (Cast\u00ealo da Maia GC)<\/p>\n<p style=\"text-align: center;\"><strong>CENTRAIS<\/strong><br \/>\nAmanda Cavalcanti (Sporting CP), Joana Garcez (SL Benfica), Raissa Cassam\u00e1 (Vit\u00f3ria SC) e Marlene Pereira (Leix\u00f5es SC)<\/p>\n<p style=\"text-align: center;\"><span style=\"text-decoration: underline;\"><strong>\u00c1rbitros portugueses em ac\u00e7\u00e3o<br \/>\nna Golden League &#8211; femininos<\/strong><\/span><\/p>\n<p><strong>Pedro Pinto<\/strong><br \/>\nEslov\u00e9nia x Ucr\u00e2nia, da European Golden League &#8211; Femininos, no dia 7 de Junho, em Vila do Conde.<br \/>\nPortugal x Eslov\u00e9nia, da European Golden League &#8211; Femininos, no dia 8 de Junho, em Vila do Conde.<\/p>\n<p><strong>Ricardo Ferreira<\/strong><br \/>\nCro\u00e1cia x Espanha, da European Golden League &#8211; Femininos, no dia 6 de Junho, em Espanha.<br \/>\nSu\u00e9cia x Cro\u00e1cia, da European Golden League &#8211; Femininos, no dia 7 de Junho, em Espanha.<\/p>\n<p style=\"text-align: center;\">Mais informa\u00e7\u00f5es em <a href=\"http:\/\/www.cev.eu\">www.cev.eu<\/a><\/p>\n","protected":false},"excerpt":{"rendered":"<p>No Torneio 5 da European Golden League 2025, a Selec\u00e7\u00e3o Nacional de Seniores Femininos, liderada por Hugo Silva, recebe em Vila do Conde as selec\u00e7\u00f5es ainda invictas da Ucr\u00e2nia e [&hellip;]<\/p>\n","protected":false},"author":2,"featured_media":40110,"comment_status":"open","ping_status":"open","sticky":false,"template":"","format":"standard","meta":{"_monsterinsights_skip_tracking":false,"_monsterinsights_sitenote_active":false,"_monsterinsights_sitenote_note":"","_monsterinsights_sitenote_category":0,"footnotes":""},"categories":[13,8],"tags":[139,153,163],"class_list":{"0":"post-40540","1":"post","2":"type-post","3":"status-publish","4":"format-standard","5":"has-post-thumbnail","7":"category-arbitragem","8":"category-voleibol","9":"tag-epoca-2024-2025","10":"tag-european-golden-league-2025","11":"tag-european-golden-league-women-2025","12":"czr-hentry"},"aioseo_notices":[],"_links":{"self":[{"href":"https:\/\/fpvoleibol.pt\/fpv\/wp-json\/wp\/v2\/posts\/40540","targetHints":{"allow":["GET"]}}],"collection":[{"href":"https:\/\/fpvoleibol.pt\/fpv\/wp-json\/wp\/v2\/posts"}],"about":[{"href":"https:\/\/fpvoleibol.pt\/fpv\/wp-json\/wp\/v2\/types\/post"}],"author":[{"embeddable":true,"href":"https:\/\/fpvoleibol.pt\/fpv\/wp-json\/wp\/v2\/users\/2"}],"replies":[{"embeddable":true,"href":"https:\/\/fpvoleibol.pt\/fpv\/wp-json\/wp\/v2\/comments?post=40540"}],"version-history":[{"count":11,"href":"https:\/\/fpvoleibol.pt\/fpv\/wp-json\/wp\/v2\/posts\/40540\/revisions"}],"predecessor-version":[{"id":40589,"href":"https:\/\/fpvoleibol.pt\/fpv\/wp-json\/wp\/v2\/posts\/40540\/revisions\/40589"}],"wp:featuredmedia":[{"embeddable":true,"href":"https:\/\/fpvoleibol.pt\/fpv\/wp-json\/wp\/v2\/media\/40110"}],"wp:attachment":[{"href":"https:\/\/fpvoleibol.pt\/fpv\/wp-json\/wp\/v2\/media?parent=40540"}],"wp:term":[{"taxonomy":"category","embeddable":true,"href":"https:\/\/fpvoleibol.pt\/fpv\/wp-json\/wp\/v2\/categories?post=40540"},{"taxonomy":"post_tag","embeddable":true,"href":"https:\/\/fpvoleibol.pt\/fpv\/wp-json\/wp\/v2\/tags?post=40540"}],"curies":[{"name":"wp","href":"https:\/\/api.w.org\/{rel}","templated":true}]}}