{"id":40484,"date":"2025-05-30T18:15:36","date_gmt":"2025-05-30T17:15:36","guid":{"rendered":"https:\/\/fpvoleibol.pt\/fpv\/?p=40484"},"modified":"2025-05-30T10:02:51","modified_gmt":"2025-05-30T09:02:51","slug":"ix-taca-desporto-escolar","status":"publish","type":"post","link":"https:\/\/fpvoleibol.pt\/fpv\/2025\/05\/30\/ix-taca-desporto-escolar\/","title":{"rendered":"IX TA\u00c7A DESPORTO ESCOLAR"},"content":{"rendered":"<p><img loading=\"lazy\" decoding=\"async\" class=\"size-full wp-image-40486 aligncenter\" src=\"https:\/\/fpvoleibol.pt\/fpv\/wp-content\/uploads\/2025\/05\/desporto_escolar2025_d.jpg\" alt=\"\" width=\"960\" height=\"963\" srcset=\"https:\/\/fpvoleibol.pt\/fpv\/wp-content\/uploads\/2025\/05\/desporto_escolar2025_d.jpg 960w, https:\/\/fpvoleibol.pt\/fpv\/wp-content\/uploads\/2025\/05\/desporto_escolar2025_d-300x300.jpg 300w, https:\/\/fpvoleibol.pt\/fpv\/wp-content\/uploads\/2025\/05\/desporto_escolar2025_d-150x150.jpg 150w, https:\/\/fpvoleibol.pt\/fpv\/wp-content\/uploads\/2025\/05\/desporto_escolar2025_d-768x770.jpg 768w\" sizes=\"auto, (max-width: 960px) 100vw, 960px\" \/>A IX edi\u00e7\u00e3o da Ta\u00e7a Desporto Escolar vai decorrer em Oliveira de Azem\u00e9is nos dias 6 e 7 de Junho, sob o lema \u00abGanha a turma, ganha a escola\u00bb.<\/p>\n<p>Durante o evento centenas de alunos do 7\u00ba ano v\u00e3o entrar em a\u00e7\u00e3o, no s\u00e1bado, em quatro modalidades: Badminton, Futebol, Gin\u00e1stica e Voleibol. Trata-se de um formato combinado, no qual a pontua\u00e7\u00e3o final resulta do desempenho das equipas em todas as provas.<br \/>\nO projecto, que teve in\u00edcio em 2015, \u00e9 uma iniciativa do <a href=\"https:\/\/desportoescolar.dge.medu.pt\/node\/94\">Desporto Escolar<\/a>, desenvolvida com o apoio do Instituto Portugu\u00eas da Juventude e Desporto (IPDJ), das Federa\u00e7\u00f5es das respectivas modalidades e da Associa\u00e7\u00e3o dos Jornalistas de Desporto (CNID).<br \/>\nA Ta\u00e7a Desporto Escolar tem como objectivo promover a pr\u00e1tica desportiva entre os jovens, no sentido de promover estilos de vida mais saud\u00e1veis, uma forma\u00e7\u00e3o integral e refor\u00e7ar o esp\u00edrito de perten\u00e7a \u00e0 turma e \u00e0 escola. Este ano, o Munic\u00edpio de Oliveira de Azem\u00e9is aceitou o desafio de acolher os participantes da fase nacional deste evento, tornando poss\u00edvel o conv\u00edvio entre os jovens de todo o Pa\u00eds, segundo os princ\u00edpios e os valores desportivos e de cidadania.<\/p>\n<p>Esta competi\u00e7\u00e3o \u00e9 organizada pela Dire\u00e7\u00e3o-Geral da Educa\u00e7\u00e3o \u2013 Divis\u00e3o do Desporto Escolar, em articula\u00e7\u00e3o com a Dire\u00e7\u00e3o-Geral dos Estabelecimentos Escolares &#8211; Dire\u00e7\u00e3o de Servi\u00e7os Norte e com o importante apoio e parceria da <a href=\"https:\/\/www.cm-oaz.pt\/noticias.6\/educacao.32\/.a12625.html\">C\u00e2mara Municipal de Oliveira de Azem\u00e9is<\/a>. Mais informa\u00e7\u00f5es <a href=\"https:\/\/desportoescolar.dge.medu.pt\/node\/94\">AQUI<\/a><\/p>\n<p>O <a href=\"https:\/\/www.cm-oaz.pt\/noticias.6\/educacao.32\/.a12625.html\">evento conta com<\/a> a participa\u00e7\u00e3o de 528 alunos, 96 professores, 70 volunt\u00e1rios e 100 recursos humanos afetos \u00e0 organiza\u00e7\u00e3o. Toda a estrutura est\u00e1 montada para decorrer na Escola B\u00e1sica e Secund\u00e1ria Soares Basto (ESSB), no Pavilh\u00e3o Municipal Prof. Ant\u00f3nio Costeira, no Pavilh\u00e3o Dr. Salvador Machado (UDO) ou Pavilh\u00e3o da ESSB, no Centro de Forma\u00e7\u00e3o \u00c1pio Assun\u00e7\u00e3o e na Pra\u00e7a da Cidade.<\/p>\n","protected":false},"excerpt":{"rendered":"<p>A IX edi\u00e7\u00e3o da Ta\u00e7a Desporto Escolar vai decorrer em Oliveira de Azem\u00e9is nos dias 6 e 7 de Junho, sob o lema \u00abGanha a turma, ganha a escola\u00bb. Durante [&hellip;]<\/p>\n","protected":false},"author":2,"featured_media":40487,"comment_status":"open","ping_status":"open","sticky":false,"template":"","format":"standard","meta":{"_monsterinsights_skip_tracking":false,"_monsterinsights_sitenote_active":false,"_monsterinsights_sitenote_note":"","_monsterinsights_sitenote_category":0,"footnotes":""},"categories":[15],"tags":[164,139],"class_list":{"0":"post-40484","1":"post","2":"type-post","3":"status-publish","4":"format-standard","5":"has-post-thumbnail","7":"category-diversos","8":"tag-desporto-escolar","9":"tag-epoca-2024-2025","10":"czr-hentry"},"aioseo_notices":[],"_links":{"self":[{"href":"https:\/\/fpvoleibol.pt\/fpv\/wp-json\/wp\/v2\/posts\/40484","targetHints":{"allow":["GET"]}}],"collection":[{"href":"https:\/\/fpvoleibol.pt\/fpv\/wp-json\/wp\/v2\/posts"}],"about":[{"href":"https:\/\/fpvoleibol.pt\/fpv\/wp-json\/wp\/v2\/types\/post"}],"author":[{"embeddable":true,"href":"https:\/\/fpvoleibol.pt\/fpv\/wp-json\/wp\/v2\/users\/2"}],"replies":[{"embeddable":true,"href":"https:\/\/fpvoleibol.pt\/fpv\/wp-json\/wp\/v2\/comments?post=40484"}],"version-history":[{"count":3,"href":"https:\/\/fpvoleibol.pt\/fpv\/wp-json\/wp\/v2\/posts\/40484\/revisions"}],"predecessor-version":[{"id":40489,"href":"https:\/\/fpvoleibol.pt\/fpv\/wp-json\/wp\/v2\/posts\/40484\/revisions\/40489"}],"wp:featuredmedia":[{"embeddable":true,"href":"https:\/\/fpvoleibol.pt\/fpv\/wp-json\/wp\/v2\/media\/40487"}],"wp:attachment":[{"href":"https:\/\/fpvoleibol.pt\/fpv\/wp-json\/wp\/v2\/media?parent=40484"}],"wp:term":[{"taxonomy":"category","embeddable":true,"href":"https:\/\/fpvoleibol.pt\/fpv\/wp-json\/wp\/v2\/categories?post=40484"},{"taxonomy":"post_tag","embeddable":true,"href":"https:\/\/fpvoleibol.pt\/fpv\/wp-json\/wp\/v2\/tags?post=40484"}],"curies":[{"name":"wp","href":"https:\/\/api.w.org\/{rel}","templated":true}]}}